{"id":12008,"date":"2018-10-10T08:06:07","date_gmt":"2018-10-10T08:06:07","guid":{"rendered":"http:\/\/citycenterone.hr\/split\/?p=12008"},"modified":"2018-11-18T17:24:32","modified_gmt":"2018-11-18T17:24:32","slug":"black-g-guliver-kolekcija-za-jesen-zimu","status":"publish","type":"post","link":"https:\/\/citycenterone.hr\/split\/arhiva\/black-g-guliver-kolekcija-za-jesen-zimu\/","title":{"rendered":"Black G \u2013 Guliver kolekcija za jesen\/zimu"},"content":{"rendered":"<p>Mad Max, Nirvana, Pearl Jam, Discman, VHS i videoteke, MTV&#8230; Poga\u0111ate, rije\u010d je simbolima 90-ih koje su ove sezone poslu\u017eili kao klju\u010dna inspiracija za ve\u0107inu odjevnih i kolekcija modnih dodataka brojnih high street brandova. Crna kao IT modni detalj sezone, neizbje\u017ene odjevne kombinacije koje podsje\u0107aju na eru alternativaca, metalaca, punkera, darkera i brojnih drugih supkultura, robusni \u0111onovi, samo su neki od elemenata koji su se ove sezone vratili na modnu scenu u velikom stilu.<\/p>\n<p>Ko\u017ea, neizostavan materijal svih Guliver modela, bez obzira o kojoj je kolekciji rije\u010d, ove sezone, zahvaljuju\u0107i dodatnoj obradi, ima potpuno novu ulogu. Kod gle\u017enja\u010da, zbog \u201e<em>destroyed<\/em>\u201c tretiranja ona izgleda kori\u0161teno te podsje\u0107a na radni\u010dke \u010dizme, dok kod visokih \u010dizama, zahvaljuju\u0107i premazu od laka, ima beskrajno \u017eenstvenu i seksi ulogu.<\/p>\n<p>Reljefni velur, kojeg po prvi puta pronalazimo u Guliver kolekcijama, u zagasitim tonovima crvene i zelene te crne i tamno-plave, na mokasinama donosi kontrast \u201ete\u0161kim\u201c modelima kojima je kolekcija pro\u017eeta, a opet se uklapa u inspiraciju cjelokupnog razdoblja. Metalne kop\u010de, zakovice, patent zatvara\u010di, ko\u017enati remen\u010di\u0107i i vezice, paneli od kontrastne ko\u017ee u crnoj boji i robusni \u0111onovi zasigurno \u0107e ove sezone biti dio \u201enajlajkanijih\u201c modnih kombinacija.<\/p>\n<p>Pogledajte vi\u0161e modela u galeriji ili potra\u017eite u City Centeru one.<\/p>\n\t<div id=\"news-gallery\" class=\"news-gallery clearfix\">\n\t\t<a href=\"https:\/\/citycenterone.hr\/split\/wp-content\/uploads\/sites\/4\/2018\/10\/Guliver-mokasine_tamno-plave_590-kn-732x732.jpg\" class=\"news-gallery__large\" style=\"background-image: url('https:\/\/citycenterone.hr\/split\/wp-content\/uploads\/sites\/4\/2018\/10\/Guliver-mokasine_tamno-plave_590-kn-1180x585.jpg'); background-position: 50% 50%\">\n\t\t\t<img decoding=\"async\" class=\"news-gallery__icon\" src=\"https:\/\/citycenterone.hr\/split\/wp-content\/themes\/am2\/assets\/images\/gallery.png\"\/>\n\t\t<\/a>\n\t\t\t\t\t<a href=\"https:\/\/citycenterone.hr\/split\/wp-content\/uploads\/sites\/4\/2018\/10\/Guliver-gle\u017enja\u010de_1.090-kn-732x732.jpg\" class=\"news-gallery__items\"><\/a>\n\t\t\t\t\t<a href=\"https:\/\/citycenterone.hr\/split\/wp-content\/uploads\/sites\/4\/2018\/10\/Guliver-cipele-na-blok-petu_990-kn-732x732.jpg\" class=\"news-gallery__items\"><\/a>\n\t\t\t\t\t<a href=\"https:\/\/citycenterone.hr\/split\/wp-content\/uploads\/sites\/4\/2018\/10\/Guliver-\u010dizme_1.490-kn-732x732.jpg\" class=\"news-gallery__items\"><\/a>\n\t\t\t\t\t<a href=\"https:\/\/citycenterone.hr\/split\/wp-content\/uploads\/sites\/4\/2018\/10\/Guliver-\u010dizme_2.480-kn-732x732.jpg\" class=\"news-gallery__items\"><\/a>\n\t\t\t\t\t<a href=\"https:\/\/citycenterone.hr\/split\/wp-content\/uploads\/sites\/4\/2018\/10\/Guliver-gle\u017enja\u010de-1.190-kn-732x732.jpg\" class=\"news-gallery__items\"><\/a>\n\t\t\t\t\t<a href=\"https:\/\/citycenterone.hr\/split\/wp-content\/uploads\/sites\/4\/2018\/10\/Guliver-gle\u017enja\u010de-690-kn-732x732.jpg\" class=\"news-gallery__items\"><\/a>\n\t\t\t\t\t<a href=\"https:\/\/citycenterone.hr\/split\/wp-content\/uploads\/sites\/4\/2018\/10\/Guliver-gle\u017enja\u010de_1.080-kn-732x732.jpg\" class=\"news-gallery__items\"><\/a>\n\t\t\t\t\t<a href=\"https:\/\/citycenterone.hr\/split\/wp-content\/uploads\/sites\/4\/2018\/10\/Guliver-gle\u017enja\u010de_1.190-kn-732x732.jpg\" class=\"news-gallery__items\"><\/a>\n\t\t\t\t\t<a href=\"https:\/\/citycenterone.hr\/split\/wp-content\/uploads\/sites\/4\/2018\/10\/Guliver-gle\u017enja\u010de_1.290-kn-732x732.jpg\" class=\"news-gallery__items\"><\/a>\n\t\t\t\t\t<a href=\"https:\/\/citycenterone.hr\/split\/wp-content\/uploads\/sites\/4\/2018\/10\/Guliver-gle\u017enja\u010de_1.360-kn-732x732.jpg\" class=\"news-gallery__items\"><\/a>\n\t\t\t\t\t<a href=\"https:\/\/citycenterone.hr\/split\/wp-content\/uploads\/sites\/4\/2018\/10\/Guliver-gle\u017enja\u010de_980-kn-732x732.jpg\" class=\"news-gallery__items\"><\/a>\n\t\t\t\t\t<a href=\"https:\/\/citycenterone.hr\/split\/wp-content\/uploads\/sites\/4\/2018\/10\/Guliver-mokasine_770-kn-732x732.jpg\" class=\"news-gallery__items\"><\/a>\n\t\t\t<\/div>\n\n\n\t<script>\n\t\t$(document).ready(function() {\n\t\t\t\/\/background\n\t\t\tvar args_lightbox = {\n\t\t\t\t\"blockId\": \"news-gallery\",\n\t\t\t\t\"options\": {\n\t\t\t\t\tbackground: 'rgba(255, 255, 255, 0.87)'\n\t\t\t\t}\n\t\t\t};\n\t\t\tam2.main.loadScript('slick-lightbox', am2.templateDirectory + '\/assets\/js\/slick-lightbox.min.js', function() {\n\t\t\t\treturn am2.main.slickLight(args_lightbox);\n\t\t\t});\n\t\t});\n\t<\/script>\n\n\n","protected":false},"excerpt":{"rendered":"<p>Robusne gle\u017enja\u010de, mokasine od velura, lakirane \u010dizme i metalnim detalji na modelima za kojima \u0107emo se okretati ove sezone&#8230;<\/p>\n","protected":false},"author":11,"featured_media":12022,"comment_status":"open","ping_status":"open","sticky":false,"template":"","format":"standard","meta":{"_acf_changed":false,"footnotes":""},"categories":[10],"tags":[],"class_list":["post-12008","post","type-post","status-publish","format-standard","has-post-thumbnail","hentry","category-arhiva"],"acf":[],"yoast_head":"<!-- This site is optimized with the Yoast SEO plugin v27.4 - https:\/\/yoast.com\/product\/yoast-seo-wordpress\/ -->\n<title>Black G \u2013 Guliver kolekcija za jesen\/zimu - Split<\/title>\n<meta name=\"robots\" content=\"index, follow, max-snippet:-1, max-image-preview:large, max-video-preview:-1\" \/>\n<link rel=\"canonical\" href=\"https:\/\/citycenterone.hr\/split\/arhiva\/black-g-guliver-kolekcija-za-jesen-zimu\/\" \/>\n<meta property=\"og:locale\" content=\"hr_HR\" \/>\n<meta property=\"og:type\" content=\"article\" \/>\n<meta property=\"og:title\" content=\"Black G \u2013 Guliver kolekcija za jesen\/zimu - Split\" \/>\n<meta property=\"og:description\" content=\"Robusne gle\u017enja\u010de, mokasine od velura, lakirane \u010dizme i metalnim detalji na modelima za kojima \u0107emo se okretati ove sezone...\" \/>\n<meta property=\"og:url\" content=\"https:\/\/citycenterone.hr\/split\/arhiva\/black-g-guliver-kolekcija-za-jesen-zimu\/\" \/>\n<meta property=\"og:site_name\" content=\"Split\" \/>\n<meta property=\"article:published_time\" content=\"2018-10-10T08:06:07+00:00\" \/>\n<meta property=\"article:modified_time\" content=\"2018-11-18T17:24:32+00:00\" \/>\n<meta property=\"og:image\" content=\"https:\/\/citycenterone.hr\/split\/wp-content\/uploads\/sites\/4\/2018\/10\/Guliver-FW18-kolekcija_look-book-XI.jpg\" \/>\n\t<meta property=\"og:image:width\" content=\"936\" \/>\n\t<meta property=\"og:image:height\" content=\"1403\" \/>\n\t<meta property=\"og:image:type\" content=\"image\/jpeg\" \/>\n<meta name=\"author\" content=\"kgarac\" \/>\n<meta name=\"twitter:card\" content=\"summary_large_image\" \/>\n<meta name=\"twitter:label1\" content=\"Written by\" \/>\n\t<meta name=\"twitter:data1\" content=\"kgarac\" \/>\n\t<meta name=\"twitter:label2\" content=\"Est. reading time\" \/>\n\t<meta name=\"twitter:data2\" content=\"1 minute\" \/>\n<script type=\"application\/ld+json\" class=\"yoast-schema-graph\">{\"@context\":\"https:\\\/\\\/schema.org\",\"@graph\":[{\"@type\":\"Article\",\"@id\":\"https:\\\/\\\/citycenterone.hr\\\/split\\\/arhiva\\\/black-g-guliver-kolekcija-za-jesen-zimu\\\/#article\",\"isPartOf\":{\"@id\":\"https:\\\/\\\/citycenterone.hr\\\/split\\\/arhiva\\\/black-g-guliver-kolekcija-za-jesen-zimu\\\/\"},\"author\":{\"name\":\"kgarac\",\"@id\":\"https:\\\/\\\/citycenterone.hr\\\/split\\\/#\\\/schema\\\/person\\\/db0bbb1b5aeb4ea836df236ae8379ba4\"},\"headline\":\"Black G \u2013 Guliver kolekcija za jesen\\\/zimu\",\"datePublished\":\"2018-10-10T08:06:07+00:00\",\"dateModified\":\"2018-11-18T17:24:32+00:00\",\"mainEntityOfPage\":{\"@id\":\"https:\\\/\\\/citycenterone.hr\\\/split\\\/arhiva\\\/black-g-guliver-kolekcija-za-jesen-zimu\\\/\"},\"wordCount\":233,\"commentCount\":0,\"image\":{\"@id\":\"https:\\\/\\\/citycenterone.hr\\\/split\\\/arhiva\\\/black-g-guliver-kolekcija-za-jesen-zimu\\\/#primaryimage\"},\"thumbnailUrl\":\"https:\\\/\\\/citycenterone.hr\\\/split\\\/wp-content\\\/uploads\\\/sites\\\/4\\\/2018\\\/10\\\/Guliver-FW18-kolekcija_look-book-XI.jpg\",\"articleSection\":[\"Arhiva\"],\"inLanguage\":\"hr-HR\",\"potentialAction\":[{\"@type\":\"CommentAction\",\"name\":\"Comment\",\"target\":[\"https:\\\/\\\/citycenterone.hr\\\/split\\\/arhiva\\\/black-g-guliver-kolekcija-za-jesen-zimu\\\/#respond\"]}]},{\"@type\":\"WebPage\",\"@id\":\"https:\\\/\\\/citycenterone.hr\\\/split\\\/arhiva\\\/black-g-guliver-kolekcija-za-jesen-zimu\\\/\",\"url\":\"https:\\\/\\\/citycenterone.hr\\\/split\\\/arhiva\\\/black-g-guliver-kolekcija-za-jesen-zimu\\\/\",\"name\":\"Black G \u2013 Guliver kolekcija za jesen\\\/zimu - Split\",\"isPartOf\":{\"@id\":\"https:\\\/\\\/citycenterone.hr\\\/split\\\/#website\"},\"primaryImageOfPage\":{\"@id\":\"https:\\\/\\\/citycenterone.hr\\\/split\\\/arhiva\\\/black-g-guliver-kolekcija-za-jesen-zimu\\\/#primaryimage\"},\"image\":{\"@id\":\"https:\\\/\\\/citycenterone.hr\\\/split\\\/arhiva\\\/black-g-guliver-kolekcija-za-jesen-zimu\\\/#primaryimage\"},\"thumbnailUrl\":\"https:\\\/\\\/citycenterone.hr\\\/split\\\/wp-content\\\/uploads\\\/sites\\\/4\\\/2018\\\/10\\\/Guliver-FW18-kolekcija_look-book-XI.jpg\",\"datePublished\":\"2018-10-10T08:06:07+00:00\",\"dateModified\":\"2018-11-18T17:24:32+00:00\",\"author\":{\"@id\":\"https:\\\/\\\/citycenterone.hr\\\/split\\\/#\\\/schema\\\/person\\\/db0bbb1b5aeb4ea836df236ae8379ba4\"},\"breadcrumb\":{\"@id\":\"https:\\\/\\\/citycenterone.hr\\\/split\\\/arhiva\\\/black-g-guliver-kolekcija-za-jesen-zimu\\\/#breadcrumb\"},\"inLanguage\":\"hr-HR\",\"potentialAction\":[{\"@type\":\"ReadAction\",\"target\":[\"https:\\\/\\\/citycenterone.hr\\\/split\\\/arhiva\\\/black-g-guliver-kolekcija-za-jesen-zimu\\\/\"]}]},{\"@type\":\"ImageObject\",\"inLanguage\":\"hr-HR\",\"@id\":\"https:\\\/\\\/citycenterone.hr\\\/split\\\/arhiva\\\/black-g-guliver-kolekcija-za-jesen-zimu\\\/#primaryimage\",\"url\":\"https:\\\/\\\/citycenterone.hr\\\/split\\\/wp-content\\\/uploads\\\/sites\\\/4\\\/2018\\\/10\\\/Guliver-FW18-kolekcija_look-book-XI.jpg\",\"contentUrl\":\"https:\\\/\\\/citycenterone.hr\\\/split\\\/wp-content\\\/uploads\\\/sites\\\/4\\\/2018\\\/10\\\/Guliver-FW18-kolekcija_look-book-XI.jpg\",\"width\":936,\"height\":1403},{\"@type\":\"BreadcrumbList\",\"@id\":\"https:\\\/\\\/citycenterone.hr\\\/split\\\/arhiva\\\/black-g-guliver-kolekcija-za-jesen-zimu\\\/#breadcrumb\",\"itemListElement\":[{\"@type\":\"ListItem\",\"position\":1,\"name\":\"Home\",\"item\":\"https:\\\/\\\/citycenterone.hr\\\/split\\\/\"},{\"@type\":\"ListItem\",\"position\":2,\"name\":\"Black G \u2013 Guliver kolekcija za jesen\\\/zimu\"}]},{\"@type\":\"WebSite\",\"@id\":\"https:\\\/\\\/citycenterone.hr\\\/split\\\/#website\",\"url\":\"https:\\\/\\\/citycenterone.hr\\\/split\\\/\",\"name\":\"Split\",\"description\":\"Just another City Center One site\",\"potentialAction\":[{\"@type\":\"SearchAction\",\"target\":{\"@type\":\"EntryPoint\",\"urlTemplate\":\"https:\\\/\\\/citycenterone.hr\\\/split\\\/?s={search_term_string}\"},\"query-input\":{\"@type\":\"PropertyValueSpecification\",\"valueRequired\":true,\"valueName\":\"search_term_string\"}}],\"inLanguage\":\"hr-HR\"},{\"@type\":\"Person\",\"@id\":\"https:\\\/\\\/citycenterone.hr\\\/split\\\/#\\\/schema\\\/person\\\/db0bbb1b5aeb4ea836df236ae8379ba4\",\"name\":\"kgarac\",\"image\":{\"@type\":\"ImageObject\",\"inLanguage\":\"hr-HR\",\"@id\":\"https:\\\/\\\/secure.gravatar.com\\\/avatar\\\/b599fc997ac3b0f33bbe96aa22995f1b7ded459dddf3ec218cc420eec942bbf9?s=96&d=mm&r=g\",\"url\":\"https:\\\/\\\/secure.gravatar.com\\\/avatar\\\/b599fc997ac3b0f33bbe96aa22995f1b7ded459dddf3ec218cc420eec942bbf9?s=96&d=mm&r=g\",\"contentUrl\":\"https:\\\/\\\/secure.gravatar.com\\\/avatar\\\/b599fc997ac3b0f33bbe96aa22995f1b7ded459dddf3ec218cc420eec942bbf9?s=96&d=mm&r=g\",\"caption\":\"kgarac\"},\"url\":\"https:\\\/\\\/citycenterone.hr\\\/split\\\/author\\\/kgarac\\\/\"}]}<\/script>\n<!-- \/ Yoast SEO plugin. -->","yoast_head_json":{"title":"Black G \u2013 Guliver kolekcija za jesen\/zimu - Split","robots":{"index":"index","follow":"follow","max-snippet":"max-snippet:-1","max-image-preview":"max-image-preview:large","max-video-preview":"max-video-preview:-1"},"canonical":"https:\/\/citycenterone.hr\/split\/arhiva\/black-g-guliver-kolekcija-za-jesen-zimu\/","og_locale":"hr_HR","og_type":"article","og_title":"Black G \u2013 Guliver kolekcija za jesen\/zimu - Split","og_description":"Robusne gle\u017enja\u010de, mokasine od velura, lakirane \u010dizme i metalnim detalji na modelima za kojima \u0107emo se okretati ove sezone...","og_url":"https:\/\/citycenterone.hr\/split\/arhiva\/black-g-guliver-kolekcija-za-jesen-zimu\/","og_site_name":"Split","article_published_time":"2018-10-10T08:06:07+00:00","article_modified_time":"2018-11-18T17:24:32+00:00","og_image":[{"width":936,"height":1403,"url":"https:\/\/citycenterone.hr\/split\/wp-content\/uploads\/sites\/4\/2018\/10\/Guliver-FW18-kolekcija_look-book-XI.jpg","type":"image\/jpeg"}],"author":"kgarac","twitter_card":"summary_large_image","twitter_misc":{"Written by":"kgarac","Est. reading time":"1 minute"},"schema":{"@context":"https:\/\/schema.org","@graph":[{"@type":"Article","@id":"https:\/\/citycenterone.hr\/split\/arhiva\/black-g-guliver-kolekcija-za-jesen-zimu\/#article","isPartOf":{"@id":"https:\/\/citycenterone.hr\/split\/arhiva\/black-g-guliver-kolekcija-za-jesen-zimu\/"},"author":{"name":"kgarac","@id":"https:\/\/citycenterone.hr\/split\/#\/schema\/person\/db0bbb1b5aeb4ea836df236ae8379ba4"},"headline":"Black G \u2013 Guliver kolekcija za jesen\/zimu","datePublished":"2018-10-10T08:06:07+00:00","dateModified":"2018-11-18T17:24:32+00:00","mainEntityOfPage":{"@id":"https:\/\/citycenterone.hr\/split\/arhiva\/black-g-guliver-kolekcija-za-jesen-zimu\/"},"wordCount":233,"commentCount":0,"image":{"@id":"https:\/\/citycenterone.hr\/split\/arhiva\/black-g-guliver-kolekcija-za-jesen-zimu\/#primaryimage"},"thumbnailUrl":"https:\/\/citycenterone.hr\/split\/wp-content\/uploads\/sites\/4\/2018\/10\/Guliver-FW18-kolekcija_look-book-XI.jpg","articleSection":["Arhiva"],"inLanguage":"hr-HR","potentialAction":[{"@type":"CommentAction","name":"Comment","target":["https:\/\/citycenterone.hr\/split\/arhiva\/black-g-guliver-kolekcija-za-jesen-zimu\/#respond"]}]},{"@type":"WebPage","@id":"https:\/\/citycenterone.hr\/split\/arhiva\/black-g-guliver-kolekcija-za-jesen-zimu\/","url":"https:\/\/citycenterone.hr\/split\/arhiva\/black-g-guliver-kolekcija-za-jesen-zimu\/","name":"Black G \u2013 Guliver kolekcija za jesen\/zimu - Split","isPartOf":{"@id":"https:\/\/citycenterone.hr\/split\/#website"},"primaryImageOfPage":{"@id":"https:\/\/citycenterone.hr\/split\/arhiva\/black-g-guliver-kolekcija-za-jesen-zimu\/#primaryimage"},"image":{"@id":"https:\/\/citycenterone.hr\/split\/arhiva\/black-g-guliver-kolekcija-za-jesen-zimu\/#primaryimage"},"thumbnailUrl":"https:\/\/citycenterone.hr\/split\/wp-content\/uploads\/sites\/4\/2018\/10\/Guliver-FW18-kolekcija_look-book-XI.jpg","datePublished":"2018-10-10T08:06:07+00:00","dateModified":"2018-11-18T17:24:32+00:00","author":{"@id":"https:\/\/citycenterone.hr\/split\/#\/schema\/person\/db0bbb1b5aeb4ea836df236ae8379ba4"},"breadcrumb":{"@id":"https:\/\/citycenterone.hr\/split\/arhiva\/black-g-guliver-kolekcija-za-jesen-zimu\/#breadcrumb"},"inLanguage":"hr-HR","potentialAction":[{"@type":"ReadAction","target":["https:\/\/citycenterone.hr\/split\/arhiva\/black-g-guliver-kolekcija-za-jesen-zimu\/"]}]},{"@type":"ImageObject","inLanguage":"hr-HR","@id":"https:\/\/citycenterone.hr\/split\/arhiva\/black-g-guliver-kolekcija-za-jesen-zimu\/#primaryimage","url":"https:\/\/citycenterone.hr\/split\/wp-content\/uploads\/sites\/4\/2018\/10\/Guliver-FW18-kolekcija_look-book-XI.jpg","contentUrl":"https:\/\/citycenterone.hr\/split\/wp-content\/uploads\/sites\/4\/2018\/10\/Guliver-FW18-kolekcija_look-book-XI.jpg","width":936,"height":1403},{"@type":"BreadcrumbList","@id":"https:\/\/citycenterone.hr\/split\/arhiva\/black-g-guliver-kolekcija-za-jesen-zimu\/#breadcrumb","itemListElement":[{"@type":"ListItem","position":1,"name":"Home","item":"https:\/\/citycenterone.hr\/split\/"},{"@type":"ListItem","position":2,"name":"Black G \u2013 Guliver kolekcija za jesen\/zimu"}]},{"@type":"WebSite","@id":"https:\/\/citycenterone.hr\/split\/#website","url":"https:\/\/citycenterone.hr\/split\/","name":"Split","description":"Just another City Center One site","potentialAction":[{"@type":"SearchAction","target":{"@type":"EntryPoint","urlTemplate":"https:\/\/citycenterone.hr\/split\/?s={search_term_string}"},"query-input":{"@type":"PropertyValueSpecification","valueRequired":true,"valueName":"search_term_string"}}],"inLanguage":"hr-HR"},{"@type":"Person","@id":"https:\/\/citycenterone.hr\/split\/#\/schema\/person\/db0bbb1b5aeb4ea836df236ae8379ba4","name":"kgarac","image":{"@type":"ImageObject","inLanguage":"hr-HR","@id":"https:\/\/secure.gravatar.com\/avatar\/b599fc997ac3b0f33bbe96aa22995f1b7ded459dddf3ec218cc420eec942bbf9?s=96&d=mm&r=g","url":"https:\/\/secure.gravatar.com\/avatar\/b599fc997ac3b0f33bbe96aa22995f1b7ded459dddf3ec218cc420eec942bbf9?s=96&d=mm&r=g","contentUrl":"https:\/\/secure.gravatar.com\/avatar\/b599fc997ac3b0f33bbe96aa22995f1b7ded459dddf3ec218cc420eec942bbf9?s=96&d=mm&r=g","caption":"kgarac"},"url":"https:\/\/citycenterone.hr\/split\/author\/kgarac\/"}]}},"_links":{"self":[{"href":"https:\/\/citycenterone.hr\/split\/wp-json\/wp\/v2\/posts\/12008","targetHints":{"allow":["GET"]}}],"collection":[{"href":"https:\/\/citycenterone.hr\/split\/wp-json\/wp\/v2\/posts"}],"about":[{"href":"https:\/\/citycenterone.hr\/split\/wp-json\/wp\/v2\/types\/post"}],"author":[{"embeddable":true,"href":"https:\/\/citycenterone.hr\/split\/wp-json\/wp\/v2\/users\/11"}],"replies":[{"embeddable":true,"href":"https:\/\/citycenterone.hr\/split\/wp-json\/wp\/v2\/comments?post=12008"}],"version-history":[{"count":1,"href":"https:\/\/citycenterone.hr\/split\/wp-json\/wp\/v2\/posts\/12008\/revisions"}],"predecessor-version":[{"id":12023,"href":"https:\/\/citycenterone.hr\/split\/wp-json\/wp\/v2\/posts\/12008\/revisions\/12023"}],"wp:featuredmedia":[{"embeddable":true,"href":"https:\/\/citycenterone.hr\/split\/wp-json\/wp\/v2\/media\/12022"}],"wp:attachment":[{"href":"https:\/\/citycenterone.hr\/split\/wp-json\/wp\/v2\/media?parent=12008"}],"wp:term":[{"taxonomy":"category","embeddable":true,"href":"https:\/\/citycenterone.hr\/split\/wp-json\/wp\/v2\/categories?post=12008"},{"taxonomy":"post_tag","embeddable":true,"href":"https:\/\/citycenterone.hr\/split\/wp-json\/wp\/v2\/tags?post=12008"}],"curies":[{"name":"wp","href":"https:\/\/api.w.org\/{rel}","templated":true}]}}