{"id":14998,"date":"2019-03-06T14:51:21","date_gmt":"2019-03-06T14:51:21","guid":{"rendered":"http:\/\/citycenterone.hr\/split\/?p=14998"},"modified":"2019-03-09T08:19:17","modified_gmt":"2019-03-09T08:19:17","slug":"dan-zena-u-cineplexxu","status":"publish","type":"post","link":"https:\/\/citycenterone.hr\/split\/arhiva\/dan-zena-u-cineplexxu\/","title":{"rendered":"DAN \u017dENA U CINEPLEXXU"},"content":{"rendered":"<p>Naime, sve dame \u0107e za kupljenu ulaznicu u petak, <strong>8. o\u017eujka<\/strong> dobiti poseban poklon kojega \u0107e mo\u0107i preuzeti kod hostese na blagajni kina. Bez obzira odlu\u010dite li se u\u017eivati u novom filmskom hitu u dru\u0161tvu najboljih prijateljica ili pak ja\u010de polovice \u2013 ovaj Dan \u017eena ostat \u0107e vam u najboljem sje\u0107anju.<\/p>\n<p>Po\u017eurite 8. o\u017eujka po svoju ulaznicu jer <a href=\"https:\/\/www.cineplexx.hr\/Content.Node\/hr\/dogadanja\/_items\/posebni-dogadaji\/DAN__ENA_U_CINEPLEXXU.hr.php\">akcija traje do isteka zaliha<\/a>. Vidimo se!<\/p>\n","protected":false},"excerpt":{"rendered":"<p>Me\u0111unarodni dan \u017eena prava je prilika za odati po\u010dast pripadnicama ljep\u0161eg spola. A upravo to u\u010dinit \u0107e i Cineplexx!<\/p>\n","protected":false},"author":11,"featured_media":14999,"comment_status":"open","ping_status":"open","sticky":false,"template":"","format":"standard","meta":{"_acf_changed":false,"footnotes":""},"categories":[10],"tags":[],"class_list":["post-14998","post","type-post","status-publish","format-standard","has-post-thumbnail","hentry","category-arhiva"],"acf":[],"yoast_head":"<!-- This site is optimized with the Yoast SEO plugin v27.4 - https:\/\/yoast.com\/product\/yoast-seo-wordpress\/ -->\n<title>DAN \u017dENA U CINEPLEXXU - Split<\/title>\n<meta name=\"robots\" content=\"index, follow, max-snippet:-1, max-image-preview:large, max-video-preview:-1\" \/>\n<link rel=\"canonical\" href=\"https:\/\/citycenterone.hr\/split\/arhiva\/dan-zena-u-cineplexxu\/\" \/>\n<meta property=\"og:locale\" content=\"hr_HR\" \/>\n<meta property=\"og:type\" content=\"article\" \/>\n<meta property=\"og:title\" content=\"DAN \u017dENA U CINEPLEXXU - Split\" \/>\n<meta property=\"og:description\" content=\"Me\u0111unarodni dan \u017eena prava je prilika za odati po\u010dast pripadnicama ljep\u0161eg spola. A upravo to u\u010dinit \u0107e i Cineplexx!\" \/>\n<meta property=\"og:url\" content=\"https:\/\/citycenterone.hr\/split\/arhiva\/dan-zena-u-cineplexxu\/\" \/>\n<meta property=\"og:site_name\" content=\"Split\" \/>\n<meta property=\"article:published_time\" content=\"2019-03-06T14:51:21+00:00\" \/>\n<meta property=\"article:modified_time\" content=\"2019-03-09T08:19:17+00:00\" \/>\n<meta property=\"og:image\" content=\"https:\/\/citycenterone.hr\/split\/wp-content\/uploads\/sites\/4\/2019\/03\/shutterstock_275831846-1024x683.jpg\" \/>\n\t<meta property=\"og:image:width\" content=\"1024\" \/>\n\t<meta property=\"og:image:height\" content=\"683\" \/>\n\t<meta property=\"og:image:type\" content=\"image\/jpeg\" \/>\n<meta name=\"author\" content=\"kgarac\" \/>\n<meta name=\"twitter:card\" content=\"summary_large_image\" \/>\n<meta name=\"twitter:label1\" content=\"Written by\" \/>\n\t<meta name=\"twitter:data1\" content=\"kgarac\" \/>\n<script type=\"application\/ld+json\" class=\"yoast-schema-graph\">{\"@context\":\"https:\\\/\\\/schema.org\",\"@graph\":[{\"@type\":\"Article\",\"@id\":\"https:\\\/\\\/citycenterone.hr\\\/split\\\/arhiva\\\/dan-zena-u-cineplexxu\\\/#article\",\"isPartOf\":{\"@id\":\"https:\\\/\\\/citycenterone.hr\\\/split\\\/arhiva\\\/dan-zena-u-cineplexxu\\\/\"},\"author\":{\"name\":\"kgarac\",\"@id\":\"https:\\\/\\\/citycenterone.hr\\\/split\\\/#\\\/schema\\\/person\\\/db0bbb1b5aeb4ea836df236ae8379ba4\"},\"headline\":\"DAN \u017dENA U CINEPLEXXU\",\"datePublished\":\"2019-03-06T14:51:21+00:00\",\"dateModified\":\"2019-03-09T08:19:17+00:00\",\"mainEntityOfPage\":{\"@id\":\"https:\\\/\\\/citycenterone.hr\\\/split\\\/arhiva\\\/dan-zena-u-cineplexxu\\\/\"},\"wordCount\":75,\"commentCount\":0,\"image\":{\"@id\":\"https:\\\/\\\/citycenterone.hr\\\/split\\\/arhiva\\\/dan-zena-u-cineplexxu\\\/#primaryimage\"},\"thumbnailUrl\":\"https:\\\/\\\/citycenterone.hr\\\/split\\\/wp-content\\\/uploads\\\/sites\\\/4\\\/2019\\\/03\\\/shutterstock_275831846-1024x683.jpg\",\"articleSection\":[\"Arhiva\"],\"inLanguage\":\"hr-HR\",\"potentialAction\":[{\"@type\":\"CommentAction\",\"name\":\"Comment\",\"target\":[\"https:\\\/\\\/citycenterone.hr\\\/split\\\/arhiva\\\/dan-zena-u-cineplexxu\\\/#respond\"]}]},{\"@type\":\"WebPage\",\"@id\":\"https:\\\/\\\/citycenterone.hr\\\/split\\\/arhiva\\\/dan-zena-u-cineplexxu\\\/\",\"url\":\"https:\\\/\\\/citycenterone.hr\\\/split\\\/arhiva\\\/dan-zena-u-cineplexxu\\\/\",\"name\":\"DAN \u017dENA U CINEPLEXXU - Split\",\"isPartOf\":{\"@id\":\"https:\\\/\\\/citycenterone.hr\\\/split\\\/#website\"},\"primaryImageOfPage\":{\"@id\":\"https:\\\/\\\/citycenterone.hr\\\/split\\\/arhiva\\\/dan-zena-u-cineplexxu\\\/#primaryimage\"},\"image\":{\"@id\":\"https:\\\/\\\/citycenterone.hr\\\/split\\\/arhiva\\\/dan-zena-u-cineplexxu\\\/#primaryimage\"},\"thumbnailUrl\":\"https:\\\/\\\/citycenterone.hr\\\/split\\\/wp-content\\\/uploads\\\/sites\\\/4\\\/2019\\\/03\\\/shutterstock_275831846-1024x683.jpg\",\"datePublished\":\"2019-03-06T14:51:21+00:00\",\"dateModified\":\"2019-03-09T08:19:17+00:00\",\"author\":{\"@id\":\"https:\\\/\\\/citycenterone.hr\\\/split\\\/#\\\/schema\\\/person\\\/db0bbb1b5aeb4ea836df236ae8379ba4\"},\"breadcrumb\":{\"@id\":\"https:\\\/\\\/citycenterone.hr\\\/split\\\/arhiva\\\/dan-zena-u-cineplexxu\\\/#breadcrumb\"},\"inLanguage\":\"hr-HR\",\"potentialAction\":[{\"@type\":\"ReadAction\",\"target\":[\"https:\\\/\\\/citycenterone.hr\\\/split\\\/arhiva\\\/dan-zena-u-cineplexxu\\\/\"]}]},{\"@type\":\"ImageObject\",\"inLanguage\":\"hr-HR\",\"@id\":\"https:\\\/\\\/citycenterone.hr\\\/split\\\/arhiva\\\/dan-zena-u-cineplexxu\\\/#primaryimage\",\"url\":\"https:\\\/\\\/citycenterone.hr\\\/split\\\/wp-content\\\/uploads\\\/sites\\\/4\\\/2019\\\/03\\\/shutterstock_275831846-1024x683.jpg\",\"contentUrl\":\"https:\\\/\\\/citycenterone.hr\\\/split\\\/wp-content\\\/uploads\\\/sites\\\/4\\\/2019\\\/03\\\/shutterstock_275831846-1024x683.jpg\",\"width\":1024,\"height\":683},{\"@type\":\"BreadcrumbList\",\"@id\":\"https:\\\/\\\/citycenterone.hr\\\/split\\\/arhiva\\\/dan-zena-u-cineplexxu\\\/#breadcrumb\",\"itemListElement\":[{\"@type\":\"ListItem\",\"position\":1,\"name\":\"Home\",\"item\":\"https:\\\/\\\/citycenterone.hr\\\/split\\\/\"},{\"@type\":\"ListItem\",\"position\":2,\"name\":\"DAN \u017dENA U CINEPLEXXU\"}]},{\"@type\":\"WebSite\",\"@id\":\"https:\\\/\\\/citycenterone.hr\\\/split\\\/#website\",\"url\":\"https:\\\/\\\/citycenterone.hr\\\/split\\\/\",\"name\":\"Split\",\"description\":\"Just another City Center One site\",\"potentialAction\":[{\"@type\":\"SearchAction\",\"target\":{\"@type\":\"EntryPoint\",\"urlTemplate\":\"https:\\\/\\\/citycenterone.hr\\\/split\\\/?s={search_term_string}\"},\"query-input\":{\"@type\":\"PropertyValueSpecification\",\"valueRequired\":true,\"valueName\":\"search_term_string\"}}],\"inLanguage\":\"hr-HR\"},{\"@type\":\"Person\",\"@id\":\"https:\\\/\\\/citycenterone.hr\\\/split\\\/#\\\/schema\\\/person\\\/db0bbb1b5aeb4ea836df236ae8379ba4\",\"name\":\"kgarac\",\"image\":{\"@type\":\"ImageObject\",\"inLanguage\":\"hr-HR\",\"@id\":\"https:\\\/\\\/secure.gravatar.com\\\/avatar\\\/b599fc997ac3b0f33bbe96aa22995f1b7ded459dddf3ec218cc420eec942bbf9?s=96&d=mm&r=g\",\"url\":\"https:\\\/\\\/secure.gravatar.com\\\/avatar\\\/b599fc997ac3b0f33bbe96aa22995f1b7ded459dddf3ec218cc420eec942bbf9?s=96&d=mm&r=g\",\"contentUrl\":\"https:\\\/\\\/secure.gravatar.com\\\/avatar\\\/b599fc997ac3b0f33bbe96aa22995f1b7ded459dddf3ec218cc420eec942bbf9?s=96&d=mm&r=g\",\"caption\":\"kgarac\"},\"url\":\"https:\\\/\\\/citycenterone.hr\\\/split\\\/author\\\/kgarac\\\/\"}]}<\/script>\n<!-- \/ Yoast SEO plugin. -->","yoast_head_json":{"title":"DAN \u017dENA U CINEPLEXXU - Split","robots":{"index":"index","follow":"follow","max-snippet":"max-snippet:-1","max-image-preview":"max-image-preview:large","max-video-preview":"max-video-preview:-1"},"canonical":"https:\/\/citycenterone.hr\/split\/arhiva\/dan-zena-u-cineplexxu\/","og_locale":"hr_HR","og_type":"article","og_title":"DAN \u017dENA U CINEPLEXXU - Split","og_description":"Me\u0111unarodni dan \u017eena prava je prilika za odati po\u010dast pripadnicama ljep\u0161eg spola. A upravo to u\u010dinit \u0107e i Cineplexx!","og_url":"https:\/\/citycenterone.hr\/split\/arhiva\/dan-zena-u-cineplexxu\/","og_site_name":"Split","article_published_time":"2019-03-06T14:51:21+00:00","article_modified_time":"2019-03-09T08:19:17+00:00","og_image":[{"width":1024,"height":683,"url":"https:\/\/citycenterone.hr\/split\/wp-content\/uploads\/sites\/4\/2019\/03\/shutterstock_275831846-1024x683.jpg","type":"image\/jpeg"}],"author":"kgarac","twitter_card":"summary_large_image","twitter_misc":{"Written by":"kgarac"},"schema":{"@context":"https:\/\/schema.org","@graph":[{"@type":"Article","@id":"https:\/\/citycenterone.hr\/split\/arhiva\/dan-zena-u-cineplexxu\/#article","isPartOf":{"@id":"https:\/\/citycenterone.hr\/split\/arhiva\/dan-zena-u-cineplexxu\/"},"author":{"name":"kgarac","@id":"https:\/\/citycenterone.hr\/split\/#\/schema\/person\/db0bbb1b5aeb4ea836df236ae8379ba4"},"headline":"DAN \u017dENA U CINEPLEXXU","datePublished":"2019-03-06T14:51:21+00:00","dateModified":"2019-03-09T08:19:17+00:00","mainEntityOfPage":{"@id":"https:\/\/citycenterone.hr\/split\/arhiva\/dan-zena-u-cineplexxu\/"},"wordCount":75,"commentCount":0,"image":{"@id":"https:\/\/citycenterone.hr\/split\/arhiva\/dan-zena-u-cineplexxu\/#primaryimage"},"thumbnailUrl":"https:\/\/citycenterone.hr\/split\/wp-content\/uploads\/sites\/4\/2019\/03\/shutterstock_275831846-1024x683.jpg","articleSection":["Arhiva"],"inLanguage":"hr-HR","potentialAction":[{"@type":"CommentAction","name":"Comment","target":["https:\/\/citycenterone.hr\/split\/arhiva\/dan-zena-u-cineplexxu\/#respond"]}]},{"@type":"WebPage","@id":"https:\/\/citycenterone.hr\/split\/arhiva\/dan-zena-u-cineplexxu\/","url":"https:\/\/citycenterone.hr\/split\/arhiva\/dan-zena-u-cineplexxu\/","name":"DAN \u017dENA U CINEPLEXXU - Split","isPartOf":{"@id":"https:\/\/citycenterone.hr\/split\/#website"},"primaryImageOfPage":{"@id":"https:\/\/citycenterone.hr\/split\/arhiva\/dan-zena-u-cineplexxu\/#primaryimage"},"image":{"@id":"https:\/\/citycenterone.hr\/split\/arhiva\/dan-zena-u-cineplexxu\/#primaryimage"},"thumbnailUrl":"https:\/\/citycenterone.hr\/split\/wp-content\/uploads\/sites\/4\/2019\/03\/shutterstock_275831846-1024x683.jpg","datePublished":"2019-03-06T14:51:21+00:00","dateModified":"2019-03-09T08:19:17+00:00","author":{"@id":"https:\/\/citycenterone.hr\/split\/#\/schema\/person\/db0bbb1b5aeb4ea836df236ae8379ba4"},"breadcrumb":{"@id":"https:\/\/citycenterone.hr\/split\/arhiva\/dan-zena-u-cineplexxu\/#breadcrumb"},"inLanguage":"hr-HR","potentialAction":[{"@type":"ReadAction","target":["https:\/\/citycenterone.hr\/split\/arhiva\/dan-zena-u-cineplexxu\/"]}]},{"@type":"ImageObject","inLanguage":"hr-HR","@id":"https:\/\/citycenterone.hr\/split\/arhiva\/dan-zena-u-cineplexxu\/#primaryimage","url":"https:\/\/citycenterone.hr\/split\/wp-content\/uploads\/sites\/4\/2019\/03\/shutterstock_275831846-1024x683.jpg","contentUrl":"https:\/\/citycenterone.hr\/split\/wp-content\/uploads\/sites\/4\/2019\/03\/shutterstock_275831846-1024x683.jpg","width":1024,"height":683},{"@type":"BreadcrumbList","@id":"https:\/\/citycenterone.hr\/split\/arhiva\/dan-zena-u-cineplexxu\/#breadcrumb","itemListElement":[{"@type":"ListItem","position":1,"name":"Home","item":"https:\/\/citycenterone.hr\/split\/"},{"@type":"ListItem","position":2,"name":"DAN \u017dENA U CINEPLEXXU"}]},{"@type":"WebSite","@id":"https:\/\/citycenterone.hr\/split\/#website","url":"https:\/\/citycenterone.hr\/split\/","name":"Split","description":"Just another City Center One site","potentialAction":[{"@type":"SearchAction","target":{"@type":"EntryPoint","urlTemplate":"https:\/\/citycenterone.hr\/split\/?s={search_term_string}"},"query-input":{"@type":"PropertyValueSpecification","valueRequired":true,"valueName":"search_term_string"}}],"inLanguage":"hr-HR"},{"@type":"Person","@id":"https:\/\/citycenterone.hr\/split\/#\/schema\/person\/db0bbb1b5aeb4ea836df236ae8379ba4","name":"kgarac","image":{"@type":"ImageObject","inLanguage":"hr-HR","@id":"https:\/\/secure.gravatar.com\/avatar\/b599fc997ac3b0f33bbe96aa22995f1b7ded459dddf3ec218cc420eec942bbf9?s=96&d=mm&r=g","url":"https:\/\/secure.gravatar.com\/avatar\/b599fc997ac3b0f33bbe96aa22995f1b7ded459dddf3ec218cc420eec942bbf9?s=96&d=mm&r=g","contentUrl":"https:\/\/secure.gravatar.com\/avatar\/b599fc997ac3b0f33bbe96aa22995f1b7ded459dddf3ec218cc420eec942bbf9?s=96&d=mm&r=g","caption":"kgarac"},"url":"https:\/\/citycenterone.hr\/split\/author\/kgarac\/"}]}},"_links":{"self":[{"href":"https:\/\/citycenterone.hr\/split\/wp-json\/wp\/v2\/posts\/14998","targetHints":{"allow":["GET"]}}],"collection":[{"href":"https:\/\/citycenterone.hr\/split\/wp-json\/wp\/v2\/posts"}],"about":[{"href":"https:\/\/citycenterone.hr\/split\/wp-json\/wp\/v2\/types\/post"}],"author":[{"embeddable":true,"href":"https:\/\/citycenterone.hr\/split\/wp-json\/wp\/v2\/users\/11"}],"replies":[{"embeddable":true,"href":"https:\/\/citycenterone.hr\/split\/wp-json\/wp\/v2\/comments?post=14998"}],"version-history":[{"count":1,"href":"https:\/\/citycenterone.hr\/split\/wp-json\/wp\/v2\/posts\/14998\/revisions"}],"predecessor-version":[{"id":15001,"href":"https:\/\/citycenterone.hr\/split\/wp-json\/wp\/v2\/posts\/14998\/revisions\/15001"}],"wp:featuredmedia":[{"embeddable":true,"href":"https:\/\/citycenterone.hr\/split\/wp-json\/wp\/v2\/media\/14999"}],"wp:attachment":[{"href":"https:\/\/citycenterone.hr\/split\/wp-json\/wp\/v2\/media?parent=14998"}],"wp:term":[{"taxonomy":"category","embeddable":true,"href":"https:\/\/citycenterone.hr\/split\/wp-json\/wp\/v2\/categories?post=14998"},{"taxonomy":"post_tag","embeddable":true,"href":"https:\/\/citycenterone.hr\/split\/wp-json\/wp\/v2\/tags?post=14998"}],"curies":[{"name":"wp","href":"https:\/\/api.w.org\/{rel}","templated":true}]}}