{"id":15289,"date":"2019-03-12T13:59:46","date_gmt":"2019-03-12T13:59:46","guid":{"rendered":"http:\/\/citycenterone.hr\/split\/news\/nova-proljetna-kolekcija-ulle-popken\/"},"modified":"2019-05-13T06:36:21","modified_gmt":"2019-05-13T06:36:21","slug":"nova-proljetna-kolekcija-ulle-popken","status":"publish","type":"post","link":"https:\/\/citycenterone.hr\/split\/en\/archive\/nova-proljetna-kolekcija-ulle-popken\/","title":{"rendered":"Nova proljetna kolekcija Ulle Popken"},"content":{"rendered":"<p>Plus Size kolekcijama Ulle Popken u o\u017eujku dominirat \u0107e razigrane boje, nje\u017ene kombinacije plave i be\u017e te bezvremenske crna i bijela, vje\u0161to ukomponirane s floralnim printom ili ultrapopularnim to\u010dkicama. Sve ljubiteljice boja razveselit \u0107e kombinacije zelene, roze i plave i printevi koji \u0107e uljep\u0161ati ba\u0161 svaki proljetni dan.<\/p>\n<p>Za \u017eene s oblinama koje preferiraju casual, dizajneri Ulle Popken kroz liniju Women\u2019s Wear donose atraktivan mix cool urbanog stila i country izri\u010daja.<\/p>\n<p>Selection linija Ulle Popken proljetni poslovni stil vidi u nje\u017enim kombinacijama be\u017e, plave i sive boje te A krojevima i vrhunskim materijalima poput balon svile i viskoze.<\/p>\n<p><img loading=\"lazy\" decoding=\"async\" class=\"alignnone wp-image-15211 \" src=\"http:\/\/citycenterone.hr\/split\/wp-content\/uploads\/sites\/4\/2019\/03\/UPHK_Mar_19_SE_AS15_F01_132nn-683x1024.jpg\" alt=\"\" width=\"400\" height=\"599\" \/> <img loading=\"lazy\" decoding=\"async\" class=\"alignnone wp-image-15213 \" src=\"http:\/\/citycenterone.hr\/split\/wp-content\/uploads\/sites\/4\/2019\/03\/UPHK_MAR19_MOWO_AS19_F01_730-683x1024.jpg\" alt=\"\" width=\"400\" height=\"597\" \/><\/p>\n<p>Najljep\u0161u verziju sebe probudite uz novu proljetnu kolekciju Ulla Popken mode za punije!<\/p>\n","protected":false},"excerpt":{"rendered":"<p>Ulla Popken svim \u017eenama s oblinama donosi prolje\u0107e \u017eivih boja i prozra\u010dne be\u017e klasike.<\/p>\n","protected":false},"author":11,"featured_media":15216,"comment_status":"open","ping_status":"open","sticky":false,"template":"","format":"standard","meta":{"_acf_changed":false,"footnotes":""},"categories":[13],"tags":[],"class_list":["post-15289","post","type-post","status-publish","format-standard","has-post-thumbnail","hentry","category-archive"],"acf":[],"yoast_head":"<!-- This site is optimized with the Yoast SEO plugin v27.4 - https:\/\/yoast.com\/product\/yoast-seo-wordpress\/ -->\n<title>Nova proljetna kolekcija Ulle Popken - Split<\/title>\n<meta name=\"robots\" content=\"index, follow, max-snippet:-1, max-image-preview:large, max-video-preview:-1\" \/>\n<link rel=\"canonical\" href=\"https:\/\/citycenterone.hr\/split\/archive\/nova-proljetna-kolekcija-ulle-popken\/\" \/>\n<meta property=\"og:locale\" content=\"hr_HR\" \/>\n<meta property=\"og:type\" content=\"article\" \/>\n<meta property=\"og:title\" content=\"Nova proljetna kolekcija Ulle Popken - Split\" \/>\n<meta property=\"og:description\" content=\"Ulla Popken svim \u017eenama s oblinama donosi prolje\u0107e \u017eivih boja i prozra\u010dne be\u017e klasike.\" \/>\n<meta property=\"og:url\" content=\"https:\/\/citycenterone.hr\/split\/en\/archive\/nova-proljetna-kolekcija-ulle-popken\/\" \/>\n<meta property=\"og:site_name\" content=\"Split\" \/>\n<meta property=\"article:published_time\" content=\"2019-03-12T13:59:46+00:00\" \/>\n<meta property=\"article:modified_time\" content=\"2019-05-13T06:36:21+00:00\" \/>\n<meta property=\"og:image\" content=\"https:\/\/citycenterone.hr\/split\/wp-content\/uploads\/sites\/4\/2019\/03\/1200x1200px-za-CCO-07-03-19_v2.jpg\" \/>\n\t<meta property=\"og:image:width\" content=\"1200\" \/>\n\t<meta property=\"og:image:height\" content=\"1200\" \/>\n\t<meta property=\"og:image:type\" content=\"image\/jpeg\" \/>\n<meta name=\"author\" content=\"kgarac\" \/>\n<meta name=\"twitter:card\" content=\"summary_large_image\" \/>\n<meta name=\"twitter:label1\" content=\"Written by\" \/>\n\t<meta name=\"twitter:data1\" content=\"kgarac\" \/>\n\t<meta name=\"twitter:label2\" content=\"Est. reading time\" \/>\n\t<meta name=\"twitter:data2\" content=\"1 minute\" \/>\n<script type=\"application\/ld+json\" class=\"yoast-schema-graph\">{\"@context\":\"https:\\\/\\\/schema.org\",\"@graph\":[{\"@type\":\"Article\",\"@id\":\"https:\\\/\\\/citycenterone.hr\\\/split\\\/en\\\/archive\\\/nova-proljetna-kolekcija-ulle-popken\\\/#article\",\"isPartOf\":{\"@id\":\"https:\\\/\\\/citycenterone.hr\\\/split\\\/en\\\/archive\\\/nova-proljetna-kolekcija-ulle-popken\\\/\"},\"author\":{\"name\":\"kgarac\",\"@id\":\"https:\\\/\\\/citycenterone.hr\\\/split\\\/#\\\/schema\\\/person\\\/db0bbb1b5aeb4ea836df236ae8379ba4\"},\"headline\":\"Nova proljetna kolekcija Ulle Popken\",\"datePublished\":\"2019-03-12T13:59:46+00:00\",\"dateModified\":\"2019-05-13T06:36:21+00:00\",\"mainEntityOfPage\":{\"@id\":\"https:\\\/\\\/citycenterone.hr\\\/split\\\/en\\\/archive\\\/nova-proljetna-kolekcija-ulle-popken\\\/\"},\"wordCount\":125,\"commentCount\":0,\"image\":{\"@id\":\"https:\\\/\\\/citycenterone.hr\\\/split\\\/en\\\/archive\\\/nova-proljetna-kolekcija-ulle-popken\\\/#primaryimage\"},\"thumbnailUrl\":\"https:\\\/\\\/citycenterone.hr\\\/split\\\/wp-content\\\/uploads\\\/sites\\\/4\\\/2019\\\/03\\\/1200x1200px-za-CCO-07-03-19_v2.jpg\",\"articleSection\":[\"Archive\"],\"inLanguage\":\"hr-HR\",\"potentialAction\":[{\"@type\":\"CommentAction\",\"name\":\"Comment\",\"target\":[\"https:\\\/\\\/citycenterone.hr\\\/split\\\/en\\\/archive\\\/nova-proljetna-kolekcija-ulle-popken\\\/#respond\"]}]},{\"@type\":\"WebPage\",\"@id\":\"https:\\\/\\\/citycenterone.hr\\\/split\\\/en\\\/archive\\\/nova-proljetna-kolekcija-ulle-popken\\\/\",\"url\":\"https:\\\/\\\/citycenterone.hr\\\/split\\\/en\\\/archive\\\/nova-proljetna-kolekcija-ulle-popken\\\/\",\"name\":\"Nova proljetna kolekcija Ulle Popken - Split\",\"isPartOf\":{\"@id\":\"https:\\\/\\\/citycenterone.hr\\\/split\\\/#website\"},\"primaryImageOfPage\":{\"@id\":\"https:\\\/\\\/citycenterone.hr\\\/split\\\/en\\\/archive\\\/nova-proljetna-kolekcija-ulle-popken\\\/#primaryimage\"},\"image\":{\"@id\":\"https:\\\/\\\/citycenterone.hr\\\/split\\\/en\\\/archive\\\/nova-proljetna-kolekcija-ulle-popken\\\/#primaryimage\"},\"thumbnailUrl\":\"https:\\\/\\\/citycenterone.hr\\\/split\\\/wp-content\\\/uploads\\\/sites\\\/4\\\/2019\\\/03\\\/1200x1200px-za-CCO-07-03-19_v2.jpg\",\"datePublished\":\"2019-03-12T13:59:46+00:00\",\"dateModified\":\"2019-05-13T06:36:21+00:00\",\"author\":{\"@id\":\"https:\\\/\\\/citycenterone.hr\\\/split\\\/#\\\/schema\\\/person\\\/db0bbb1b5aeb4ea836df236ae8379ba4\"},\"breadcrumb\":{\"@id\":\"https:\\\/\\\/citycenterone.hr\\\/split\\\/en\\\/archive\\\/nova-proljetna-kolekcija-ulle-popken\\\/#breadcrumb\"},\"inLanguage\":\"hr-HR\",\"potentialAction\":[{\"@type\":\"ReadAction\",\"target\":[\"https:\\\/\\\/citycenterone.hr\\\/split\\\/en\\\/archive\\\/nova-proljetna-kolekcija-ulle-popken\\\/\"]}]},{\"@type\":\"ImageObject\",\"inLanguage\":\"hr-HR\",\"@id\":\"https:\\\/\\\/citycenterone.hr\\\/split\\\/en\\\/archive\\\/nova-proljetna-kolekcija-ulle-popken\\\/#primaryimage\",\"url\":\"https:\\\/\\\/citycenterone.hr\\\/split\\\/wp-content\\\/uploads\\\/sites\\\/4\\\/2019\\\/03\\\/1200x1200px-za-CCO-07-03-19_v2.jpg\",\"contentUrl\":\"https:\\\/\\\/citycenterone.hr\\\/split\\\/wp-content\\\/uploads\\\/sites\\\/4\\\/2019\\\/03\\\/1200x1200px-za-CCO-07-03-19_v2.jpg\",\"width\":1200,\"height\":1200},{\"@type\":\"BreadcrumbList\",\"@id\":\"https:\\\/\\\/citycenterone.hr\\\/split\\\/en\\\/archive\\\/nova-proljetna-kolekcija-ulle-popken\\\/#breadcrumb\",\"itemListElement\":[{\"@type\":\"ListItem\",\"position\":1,\"name\":\"Home\",\"item\":\"https:\\\/\\\/citycenterone.hr\\\/split\\\/\"},{\"@type\":\"ListItem\",\"position\":2,\"name\":\"Nova proljetna kolekcija Ulle Popken\"}]},{\"@type\":\"WebSite\",\"@id\":\"https:\\\/\\\/citycenterone.hr\\\/split\\\/#website\",\"url\":\"https:\\\/\\\/citycenterone.hr\\\/split\\\/\",\"name\":\"Split\",\"description\":\"Just another City Center One site\",\"potentialAction\":[{\"@type\":\"SearchAction\",\"target\":{\"@type\":\"EntryPoint\",\"urlTemplate\":\"https:\\\/\\\/citycenterone.hr\\\/split\\\/?s={search_term_string}\"},\"query-input\":{\"@type\":\"PropertyValueSpecification\",\"valueRequired\":true,\"valueName\":\"search_term_string\"}}],\"inLanguage\":\"hr-HR\"},{\"@type\":\"Person\",\"@id\":\"https:\\\/\\\/citycenterone.hr\\\/split\\\/#\\\/schema\\\/person\\\/db0bbb1b5aeb4ea836df236ae8379ba4\",\"name\":\"kgarac\",\"image\":{\"@type\":\"ImageObject\",\"inLanguage\":\"hr-HR\",\"@id\":\"https:\\\/\\\/secure.gravatar.com\\\/avatar\\\/b599fc997ac3b0f33bbe96aa22995f1b7ded459dddf3ec218cc420eec942bbf9?s=96&d=mm&r=g\",\"url\":\"https:\\\/\\\/secure.gravatar.com\\\/avatar\\\/b599fc997ac3b0f33bbe96aa22995f1b7ded459dddf3ec218cc420eec942bbf9?s=96&d=mm&r=g\",\"contentUrl\":\"https:\\\/\\\/secure.gravatar.com\\\/avatar\\\/b599fc997ac3b0f33bbe96aa22995f1b7ded459dddf3ec218cc420eec942bbf9?s=96&d=mm&r=g\",\"caption\":\"kgarac\"},\"url\":\"https:\\\/\\\/citycenterone.hr\\\/split\\\/author\\\/kgarac\\\/\"}]}<\/script>\n<!-- \/ Yoast SEO plugin. -->","yoast_head_json":{"title":"Nova proljetna kolekcija Ulle Popken - Split","robots":{"index":"index","follow":"follow","max-snippet":"max-snippet:-1","max-image-preview":"max-image-preview:large","max-video-preview":"max-video-preview:-1"},"canonical":"https:\/\/citycenterone.hr\/split\/archive\/nova-proljetna-kolekcija-ulle-popken\/","og_locale":"hr_HR","og_type":"article","og_title":"Nova proljetna kolekcija Ulle Popken - Split","og_description":"Ulla Popken svim \u017eenama s oblinama donosi prolje\u0107e \u017eivih boja i prozra\u010dne be\u017e klasike.","og_url":"https:\/\/citycenterone.hr\/split\/en\/archive\/nova-proljetna-kolekcija-ulle-popken\/","og_site_name":"Split","article_published_time":"2019-03-12T13:59:46+00:00","article_modified_time":"2019-05-13T06:36:21+00:00","og_image":[{"width":1200,"height":1200,"url":"https:\/\/citycenterone.hr\/split\/wp-content\/uploads\/sites\/4\/2019\/03\/1200x1200px-za-CCO-07-03-19_v2.jpg","type":"image\/jpeg"}],"author":"kgarac","twitter_card":"summary_large_image","twitter_misc":{"Written by":"kgarac","Est. reading time":"1 minute"},"schema":{"@context":"https:\/\/schema.org","@graph":[{"@type":"Article","@id":"https:\/\/citycenterone.hr\/split\/en\/archive\/nova-proljetna-kolekcija-ulle-popken\/#article","isPartOf":{"@id":"https:\/\/citycenterone.hr\/split\/en\/archive\/nova-proljetna-kolekcija-ulle-popken\/"},"author":{"name":"kgarac","@id":"https:\/\/citycenterone.hr\/split\/#\/schema\/person\/db0bbb1b5aeb4ea836df236ae8379ba4"},"headline":"Nova proljetna kolekcija Ulle Popken","datePublished":"2019-03-12T13:59:46+00:00","dateModified":"2019-05-13T06:36:21+00:00","mainEntityOfPage":{"@id":"https:\/\/citycenterone.hr\/split\/en\/archive\/nova-proljetna-kolekcija-ulle-popken\/"},"wordCount":125,"commentCount":0,"image":{"@id":"https:\/\/citycenterone.hr\/split\/en\/archive\/nova-proljetna-kolekcija-ulle-popken\/#primaryimage"},"thumbnailUrl":"https:\/\/citycenterone.hr\/split\/wp-content\/uploads\/sites\/4\/2019\/03\/1200x1200px-za-CCO-07-03-19_v2.jpg","articleSection":["Archive"],"inLanguage":"hr-HR","potentialAction":[{"@type":"CommentAction","name":"Comment","target":["https:\/\/citycenterone.hr\/split\/en\/archive\/nova-proljetna-kolekcija-ulle-popken\/#respond"]}]},{"@type":"WebPage","@id":"https:\/\/citycenterone.hr\/split\/en\/archive\/nova-proljetna-kolekcija-ulle-popken\/","url":"https:\/\/citycenterone.hr\/split\/en\/archive\/nova-proljetna-kolekcija-ulle-popken\/","name":"Nova proljetna kolekcija Ulle Popken - Split","isPartOf":{"@id":"https:\/\/citycenterone.hr\/split\/#website"},"primaryImageOfPage":{"@id":"https:\/\/citycenterone.hr\/split\/en\/archive\/nova-proljetna-kolekcija-ulle-popken\/#primaryimage"},"image":{"@id":"https:\/\/citycenterone.hr\/split\/en\/archive\/nova-proljetna-kolekcija-ulle-popken\/#primaryimage"},"thumbnailUrl":"https:\/\/citycenterone.hr\/split\/wp-content\/uploads\/sites\/4\/2019\/03\/1200x1200px-za-CCO-07-03-19_v2.jpg","datePublished":"2019-03-12T13:59:46+00:00","dateModified":"2019-05-13T06:36:21+00:00","author":{"@id":"https:\/\/citycenterone.hr\/split\/#\/schema\/person\/db0bbb1b5aeb4ea836df236ae8379ba4"},"breadcrumb":{"@id":"https:\/\/citycenterone.hr\/split\/en\/archive\/nova-proljetna-kolekcija-ulle-popken\/#breadcrumb"},"inLanguage":"hr-HR","potentialAction":[{"@type":"ReadAction","target":["https:\/\/citycenterone.hr\/split\/en\/archive\/nova-proljetna-kolekcija-ulle-popken\/"]}]},{"@type":"ImageObject","inLanguage":"hr-HR","@id":"https:\/\/citycenterone.hr\/split\/en\/archive\/nova-proljetna-kolekcija-ulle-popken\/#primaryimage","url":"https:\/\/citycenterone.hr\/split\/wp-content\/uploads\/sites\/4\/2019\/03\/1200x1200px-za-CCO-07-03-19_v2.jpg","contentUrl":"https:\/\/citycenterone.hr\/split\/wp-content\/uploads\/sites\/4\/2019\/03\/1200x1200px-za-CCO-07-03-19_v2.jpg","width":1200,"height":1200},{"@type":"BreadcrumbList","@id":"https:\/\/citycenterone.hr\/split\/en\/archive\/nova-proljetna-kolekcija-ulle-popken\/#breadcrumb","itemListElement":[{"@type":"ListItem","position":1,"name":"Home","item":"https:\/\/citycenterone.hr\/split\/"},{"@type":"ListItem","position":2,"name":"Nova proljetna kolekcija Ulle Popken"}]},{"@type":"WebSite","@id":"https:\/\/citycenterone.hr\/split\/#website","url":"https:\/\/citycenterone.hr\/split\/","name":"Split","description":"Just another City Center One site","potentialAction":[{"@type":"SearchAction","target":{"@type":"EntryPoint","urlTemplate":"https:\/\/citycenterone.hr\/split\/?s={search_term_string}"},"query-input":{"@type":"PropertyValueSpecification","valueRequired":true,"valueName":"search_term_string"}}],"inLanguage":"hr-HR"},{"@type":"Person","@id":"https:\/\/citycenterone.hr\/split\/#\/schema\/person\/db0bbb1b5aeb4ea836df236ae8379ba4","name":"kgarac","image":{"@type":"ImageObject","inLanguage":"hr-HR","@id":"https:\/\/secure.gravatar.com\/avatar\/b599fc997ac3b0f33bbe96aa22995f1b7ded459dddf3ec218cc420eec942bbf9?s=96&d=mm&r=g","url":"https:\/\/secure.gravatar.com\/avatar\/b599fc997ac3b0f33bbe96aa22995f1b7ded459dddf3ec218cc420eec942bbf9?s=96&d=mm&r=g","contentUrl":"https:\/\/secure.gravatar.com\/avatar\/b599fc997ac3b0f33bbe96aa22995f1b7ded459dddf3ec218cc420eec942bbf9?s=96&d=mm&r=g","caption":"kgarac"},"url":"https:\/\/citycenterone.hr\/split\/author\/kgarac\/"}]}},"_links":{"self":[{"href":"https:\/\/citycenterone.hr\/split\/wp-json\/wp\/v2\/posts\/15289","targetHints":{"allow":["GET"]}}],"collection":[{"href":"https:\/\/citycenterone.hr\/split\/wp-json\/wp\/v2\/posts"}],"about":[{"href":"https:\/\/citycenterone.hr\/split\/wp-json\/wp\/v2\/types\/post"}],"author":[{"embeddable":true,"href":"https:\/\/citycenterone.hr\/split\/wp-json\/wp\/v2\/users\/11"}],"replies":[{"embeddable":true,"href":"https:\/\/citycenterone.hr\/split\/wp-json\/wp\/v2\/comments?post=15289"}],"version-history":[{"count":1,"href":"https:\/\/citycenterone.hr\/split\/wp-json\/wp\/v2\/posts\/15289\/revisions"}],"predecessor-version":[{"id":15365,"href":"https:\/\/citycenterone.hr\/split\/wp-json\/wp\/v2\/posts\/15289\/revisions\/15365"}],"wp:featuredmedia":[{"embeddable":true,"href":"https:\/\/citycenterone.hr\/split\/wp-json\/wp\/v2\/media\/15216"}],"wp:attachment":[{"href":"https:\/\/citycenterone.hr\/split\/wp-json\/wp\/v2\/media?parent=15289"}],"wp:term":[{"taxonomy":"category","embeddable":true,"href":"https:\/\/citycenterone.hr\/split\/wp-json\/wp\/v2\/categories?post=15289"},{"taxonomy":"post_tag","embeddable":true,"href":"https:\/\/citycenterone.hr\/split\/wp-json\/wp\/v2\/tags?post=15289"}],"curies":[{"name":"wp","href":"https:\/\/api.w.org\/{rel}","templated":true}]}}