{"id":16467,"date":"2019-04-15T14:13:51","date_gmt":"2019-04-15T14:13:51","guid":{"rendered":"http:\/\/citycenterone.hr\/split\/?p=16467"},"modified":"2019-04-19T08:50:35","modified_gmt":"2019-04-19T08:50:35","slug":"vecer-rezervirana-za-najhrabrije-2","status":"publish","type":"post","link":"https:\/\/citycenterone.hr\/split\/arhiva\/vecer-rezervirana-za-najhrabrije-2\/","title":{"rendered":"VE\u010cER REZERVIRANA ZA NAJHRABRIJE"},"content":{"rendered":"<p>U petak, <strong>19. travnja<\/strong> od <strong>20 sati<\/strong> u\u017eivajte na <strong>Horror Nightu<\/strong> uz film Prokletstvo tuguju\u0107e \u017eene.<\/p>\n<p>Za vrijeme svoga \u017eivota, La Llorona je utopila vlastitu djecu u ljubomornom bijesu. Sada, nakon smrti, ona lovi djecu kojom bi zamijenila svoju \u2013 a svi koji su \u010duli njezin smrtonosni poziv u no\u0107i ukleti su. U bezizlaznoj situaciji, strepe\u0107i pred Lloroninim bijesom, uskoro se na\u0111e i socijalna radnica sa svojom djecom. Tra\u010dak nade u ovoj borbi pru\u017ea im sve\u0107enik, no ho\u0107e li im njegovo misteriozno tjeranje zla pomo\u0107i saznat \u0107e svi koji pogledaju Prokletstvo tuguju\u0107e \u017eene.<\/p>\n<p>Korisnike <strong>Cineplexx Bonus Carda<\/strong> na ovoj \u0107e projekciji posebno razveseliti <strong>dodatnih 100 bodova<\/strong> uz koje \u0107e stra\u0161no dobra ve\u010der postati jo\u0161 bolja!<\/p>\n<p>Vi\u0161e informacija potra\u017eite na <a href=\"https:\/\/www.cineplexx.hr\/Content.Node\/hr\/dogadanja\/_items\/posebni-dogadaji\/HORROR_NIGHT_PROKLETSTVO_TUGUJU_E__ENE.hr.php\">Horror Night<\/a>.<\/p>\n","protected":false},"excerpt":{"rendered":"<p>Vrijeme je za stra\u0161no dobar petak uz Horror night u Cineplexxu. <\/p>\n","protected":false},"author":11,"featured_media":16468,"comment_status":"open","ping_status":"open","sticky":false,"template":"","format":"standard","meta":{"_acf_changed":false,"footnotes":""},"categories":[10],"tags":[],"class_list":["post-16467","post","type-post","status-publish","format-standard","has-post-thumbnail","hentry","category-arhiva"],"acf":[],"yoast_head":"<!-- This site is optimized with the Yoast SEO plugin v27.4 - https:\/\/yoast.com\/product\/yoast-seo-wordpress\/ -->\n<title>VE\u010cER REZERVIRANA ZA NAJHRABRIJE - Split<\/title>\n<meta name=\"robots\" content=\"index, follow, max-snippet:-1, max-image-preview:large, max-video-preview:-1\" \/>\n<link rel=\"canonical\" href=\"https:\/\/citycenterone.hr\/split\/arhiva\/vecer-rezervirana-za-najhrabrije-2\/\" \/>\n<meta property=\"og:locale\" content=\"hr_HR\" \/>\n<meta property=\"og:type\" content=\"article\" \/>\n<meta property=\"og:title\" content=\"VE\u010cER REZERVIRANA ZA NAJHRABRIJE - Split\" \/>\n<meta property=\"og:description\" content=\"Vrijeme je za stra\u0161no dobar petak uz Horror night u Cineplexxu.\" \/>\n<meta property=\"og:url\" content=\"https:\/\/citycenterone.hr\/split\/arhiva\/vecer-rezervirana-za-najhrabrije-2\/\" \/>\n<meta property=\"og:site_name\" content=\"Split\" \/>\n<meta property=\"article:published_time\" content=\"2019-04-15T14:13:51+00:00\" \/>\n<meta property=\"article:modified_time\" content=\"2019-04-19T08:50:35+00:00\" \/>\n<meta property=\"og:image\" content=\"https:\/\/citycenterone.hr\/split\/wp-content\/uploads\/sites\/4\/2019\/04\/Cnpx.jpg\" \/>\n\t<meta property=\"og:image:width\" content=\"952\" \/>\n\t<meta property=\"og:image:height\" content=\"536\" \/>\n\t<meta property=\"og:image:type\" content=\"image\/jpeg\" \/>\n<meta name=\"author\" content=\"kgarac\" \/>\n<meta name=\"twitter:card\" content=\"summary_large_image\" \/>\n<meta name=\"twitter:label1\" content=\"Written by\" \/>\n\t<meta name=\"twitter:data1\" content=\"kgarac\" \/>\n\t<meta name=\"twitter:label2\" content=\"Est. reading time\" \/>\n\t<meta name=\"twitter:data2\" content=\"1 minute\" \/>\n<script type=\"application\/ld+json\" class=\"yoast-schema-graph\">{\"@context\":\"https:\\\/\\\/schema.org\",\"@graph\":[{\"@type\":\"Article\",\"@id\":\"https:\\\/\\\/citycenterone.hr\\\/split\\\/arhiva\\\/vecer-rezervirana-za-najhrabrije-2\\\/#article\",\"isPartOf\":{\"@id\":\"https:\\\/\\\/citycenterone.hr\\\/split\\\/arhiva\\\/vecer-rezervirana-za-najhrabrije-2\\\/\"},\"author\":{\"name\":\"kgarac\",\"@id\":\"https:\\\/\\\/citycenterone.hr\\\/split\\\/#\\\/schema\\\/person\\\/db0bbb1b5aeb4ea836df236ae8379ba4\"},\"headline\":\"VE\u010cER REZERVIRANA ZA NAJHRABRIJE\",\"datePublished\":\"2019-04-15T14:13:51+00:00\",\"dateModified\":\"2019-04-19T08:50:35+00:00\",\"mainEntityOfPage\":{\"@id\":\"https:\\\/\\\/citycenterone.hr\\\/split\\\/arhiva\\\/vecer-rezervirana-za-najhrabrije-2\\\/\"},\"wordCount\":137,\"commentCount\":0,\"image\":{\"@id\":\"https:\\\/\\\/citycenterone.hr\\\/split\\\/arhiva\\\/vecer-rezervirana-za-najhrabrije-2\\\/#primaryimage\"},\"thumbnailUrl\":\"https:\\\/\\\/citycenterone.hr\\\/split\\\/wp-content\\\/uploads\\\/sites\\\/4\\\/2019\\\/04\\\/Cnpx.jpg\",\"articleSection\":[\"Arhiva\"],\"inLanguage\":\"hr-HR\",\"potentialAction\":[{\"@type\":\"CommentAction\",\"name\":\"Comment\",\"target\":[\"https:\\\/\\\/citycenterone.hr\\\/split\\\/arhiva\\\/vecer-rezervirana-za-najhrabrije-2\\\/#respond\"]}]},{\"@type\":\"WebPage\",\"@id\":\"https:\\\/\\\/citycenterone.hr\\\/split\\\/arhiva\\\/vecer-rezervirana-za-najhrabrije-2\\\/\",\"url\":\"https:\\\/\\\/citycenterone.hr\\\/split\\\/arhiva\\\/vecer-rezervirana-za-najhrabrije-2\\\/\",\"name\":\"VE\u010cER REZERVIRANA ZA NAJHRABRIJE - Split\",\"isPartOf\":{\"@id\":\"https:\\\/\\\/citycenterone.hr\\\/split\\\/#website\"},\"primaryImageOfPage\":{\"@id\":\"https:\\\/\\\/citycenterone.hr\\\/split\\\/arhiva\\\/vecer-rezervirana-za-najhrabrije-2\\\/#primaryimage\"},\"image\":{\"@id\":\"https:\\\/\\\/citycenterone.hr\\\/split\\\/arhiva\\\/vecer-rezervirana-za-najhrabrije-2\\\/#primaryimage\"},\"thumbnailUrl\":\"https:\\\/\\\/citycenterone.hr\\\/split\\\/wp-content\\\/uploads\\\/sites\\\/4\\\/2019\\\/04\\\/Cnpx.jpg\",\"datePublished\":\"2019-04-15T14:13:51+00:00\",\"dateModified\":\"2019-04-19T08:50:35+00:00\",\"author\":{\"@id\":\"https:\\\/\\\/citycenterone.hr\\\/split\\\/#\\\/schema\\\/person\\\/db0bbb1b5aeb4ea836df236ae8379ba4\"},\"breadcrumb\":{\"@id\":\"https:\\\/\\\/citycenterone.hr\\\/split\\\/arhiva\\\/vecer-rezervirana-za-najhrabrije-2\\\/#breadcrumb\"},\"inLanguage\":\"hr-HR\",\"potentialAction\":[{\"@type\":\"ReadAction\",\"target\":[\"https:\\\/\\\/citycenterone.hr\\\/split\\\/arhiva\\\/vecer-rezervirana-za-najhrabrije-2\\\/\"]}]},{\"@type\":\"ImageObject\",\"inLanguage\":\"hr-HR\",\"@id\":\"https:\\\/\\\/citycenterone.hr\\\/split\\\/arhiva\\\/vecer-rezervirana-za-najhrabrije-2\\\/#primaryimage\",\"url\":\"https:\\\/\\\/citycenterone.hr\\\/split\\\/wp-content\\\/uploads\\\/sites\\\/4\\\/2019\\\/04\\\/Cnpx.jpg\",\"contentUrl\":\"https:\\\/\\\/citycenterone.hr\\\/split\\\/wp-content\\\/uploads\\\/sites\\\/4\\\/2019\\\/04\\\/Cnpx.jpg\",\"width\":952,\"height\":536},{\"@type\":\"BreadcrumbList\",\"@id\":\"https:\\\/\\\/citycenterone.hr\\\/split\\\/arhiva\\\/vecer-rezervirana-za-najhrabrije-2\\\/#breadcrumb\",\"itemListElement\":[{\"@type\":\"ListItem\",\"position\":1,\"name\":\"Home\",\"item\":\"https:\\\/\\\/citycenterone.hr\\\/split\\\/\"},{\"@type\":\"ListItem\",\"position\":2,\"name\":\"VE\u010cER REZERVIRANA ZA NAJHRABRIJE\"}]},{\"@type\":\"WebSite\",\"@id\":\"https:\\\/\\\/citycenterone.hr\\\/split\\\/#website\",\"url\":\"https:\\\/\\\/citycenterone.hr\\\/split\\\/\",\"name\":\"Split\",\"description\":\"Just another City Center One site\",\"potentialAction\":[{\"@type\":\"SearchAction\",\"target\":{\"@type\":\"EntryPoint\",\"urlTemplate\":\"https:\\\/\\\/citycenterone.hr\\\/split\\\/?s={search_term_string}\"},\"query-input\":{\"@type\":\"PropertyValueSpecification\",\"valueRequired\":true,\"valueName\":\"search_term_string\"}}],\"inLanguage\":\"hr-HR\"},{\"@type\":\"Person\",\"@id\":\"https:\\\/\\\/citycenterone.hr\\\/split\\\/#\\\/schema\\\/person\\\/db0bbb1b5aeb4ea836df236ae8379ba4\",\"name\":\"kgarac\",\"image\":{\"@type\":\"ImageObject\",\"inLanguage\":\"hr-HR\",\"@id\":\"https:\\\/\\\/secure.gravatar.com\\\/avatar\\\/b599fc997ac3b0f33bbe96aa22995f1b7ded459dddf3ec218cc420eec942bbf9?s=96&d=mm&r=g\",\"url\":\"https:\\\/\\\/secure.gravatar.com\\\/avatar\\\/b599fc997ac3b0f33bbe96aa22995f1b7ded459dddf3ec218cc420eec942bbf9?s=96&d=mm&r=g\",\"contentUrl\":\"https:\\\/\\\/secure.gravatar.com\\\/avatar\\\/b599fc997ac3b0f33bbe96aa22995f1b7ded459dddf3ec218cc420eec942bbf9?s=96&d=mm&r=g\",\"caption\":\"kgarac\"},\"url\":\"https:\\\/\\\/citycenterone.hr\\\/split\\\/author\\\/kgarac\\\/\"}]}<\/script>\n<!-- \/ Yoast SEO plugin. -->","yoast_head_json":{"title":"VE\u010cER REZERVIRANA ZA NAJHRABRIJE - Split","robots":{"index":"index","follow":"follow","max-snippet":"max-snippet:-1","max-image-preview":"max-image-preview:large","max-video-preview":"max-video-preview:-1"},"canonical":"https:\/\/citycenterone.hr\/split\/arhiva\/vecer-rezervirana-za-najhrabrije-2\/","og_locale":"hr_HR","og_type":"article","og_title":"VE\u010cER REZERVIRANA ZA NAJHRABRIJE - Split","og_description":"Vrijeme je za stra\u0161no dobar petak uz Horror night u Cineplexxu.","og_url":"https:\/\/citycenterone.hr\/split\/arhiva\/vecer-rezervirana-za-najhrabrije-2\/","og_site_name":"Split","article_published_time":"2019-04-15T14:13:51+00:00","article_modified_time":"2019-04-19T08:50:35+00:00","og_image":[{"width":952,"height":536,"url":"https:\/\/citycenterone.hr\/split\/wp-content\/uploads\/sites\/4\/2019\/04\/Cnpx.jpg","type":"image\/jpeg"}],"author":"kgarac","twitter_card":"summary_large_image","twitter_misc":{"Written by":"kgarac","Est. reading time":"1 minute"},"schema":{"@context":"https:\/\/schema.org","@graph":[{"@type":"Article","@id":"https:\/\/citycenterone.hr\/split\/arhiva\/vecer-rezervirana-za-najhrabrije-2\/#article","isPartOf":{"@id":"https:\/\/citycenterone.hr\/split\/arhiva\/vecer-rezervirana-za-najhrabrije-2\/"},"author":{"name":"kgarac","@id":"https:\/\/citycenterone.hr\/split\/#\/schema\/person\/db0bbb1b5aeb4ea836df236ae8379ba4"},"headline":"VE\u010cER REZERVIRANA ZA NAJHRABRIJE","datePublished":"2019-04-15T14:13:51+00:00","dateModified":"2019-04-19T08:50:35+00:00","mainEntityOfPage":{"@id":"https:\/\/citycenterone.hr\/split\/arhiva\/vecer-rezervirana-za-najhrabrije-2\/"},"wordCount":137,"commentCount":0,"image":{"@id":"https:\/\/citycenterone.hr\/split\/arhiva\/vecer-rezervirana-za-najhrabrije-2\/#primaryimage"},"thumbnailUrl":"https:\/\/citycenterone.hr\/split\/wp-content\/uploads\/sites\/4\/2019\/04\/Cnpx.jpg","articleSection":["Arhiva"],"inLanguage":"hr-HR","potentialAction":[{"@type":"CommentAction","name":"Comment","target":["https:\/\/citycenterone.hr\/split\/arhiva\/vecer-rezervirana-za-najhrabrije-2\/#respond"]}]},{"@type":"WebPage","@id":"https:\/\/citycenterone.hr\/split\/arhiva\/vecer-rezervirana-za-najhrabrije-2\/","url":"https:\/\/citycenterone.hr\/split\/arhiva\/vecer-rezervirana-za-najhrabrije-2\/","name":"VE\u010cER REZERVIRANA ZA NAJHRABRIJE - Split","isPartOf":{"@id":"https:\/\/citycenterone.hr\/split\/#website"},"primaryImageOfPage":{"@id":"https:\/\/citycenterone.hr\/split\/arhiva\/vecer-rezervirana-za-najhrabrije-2\/#primaryimage"},"image":{"@id":"https:\/\/citycenterone.hr\/split\/arhiva\/vecer-rezervirana-za-najhrabrije-2\/#primaryimage"},"thumbnailUrl":"https:\/\/citycenterone.hr\/split\/wp-content\/uploads\/sites\/4\/2019\/04\/Cnpx.jpg","datePublished":"2019-04-15T14:13:51+00:00","dateModified":"2019-04-19T08:50:35+00:00","author":{"@id":"https:\/\/citycenterone.hr\/split\/#\/schema\/person\/db0bbb1b5aeb4ea836df236ae8379ba4"},"breadcrumb":{"@id":"https:\/\/citycenterone.hr\/split\/arhiva\/vecer-rezervirana-za-najhrabrije-2\/#breadcrumb"},"inLanguage":"hr-HR","potentialAction":[{"@type":"ReadAction","target":["https:\/\/citycenterone.hr\/split\/arhiva\/vecer-rezervirana-za-najhrabrije-2\/"]}]},{"@type":"ImageObject","inLanguage":"hr-HR","@id":"https:\/\/citycenterone.hr\/split\/arhiva\/vecer-rezervirana-za-najhrabrije-2\/#primaryimage","url":"https:\/\/citycenterone.hr\/split\/wp-content\/uploads\/sites\/4\/2019\/04\/Cnpx.jpg","contentUrl":"https:\/\/citycenterone.hr\/split\/wp-content\/uploads\/sites\/4\/2019\/04\/Cnpx.jpg","width":952,"height":536},{"@type":"BreadcrumbList","@id":"https:\/\/citycenterone.hr\/split\/arhiva\/vecer-rezervirana-za-najhrabrije-2\/#breadcrumb","itemListElement":[{"@type":"ListItem","position":1,"name":"Home","item":"https:\/\/citycenterone.hr\/split\/"},{"@type":"ListItem","position":2,"name":"VE\u010cER REZERVIRANA ZA NAJHRABRIJE"}]},{"@type":"WebSite","@id":"https:\/\/citycenterone.hr\/split\/#website","url":"https:\/\/citycenterone.hr\/split\/","name":"Split","description":"Just another City Center One site","potentialAction":[{"@type":"SearchAction","target":{"@type":"EntryPoint","urlTemplate":"https:\/\/citycenterone.hr\/split\/?s={search_term_string}"},"query-input":{"@type":"PropertyValueSpecification","valueRequired":true,"valueName":"search_term_string"}}],"inLanguage":"hr-HR"},{"@type":"Person","@id":"https:\/\/citycenterone.hr\/split\/#\/schema\/person\/db0bbb1b5aeb4ea836df236ae8379ba4","name":"kgarac","image":{"@type":"ImageObject","inLanguage":"hr-HR","@id":"https:\/\/secure.gravatar.com\/avatar\/b599fc997ac3b0f33bbe96aa22995f1b7ded459dddf3ec218cc420eec942bbf9?s=96&d=mm&r=g","url":"https:\/\/secure.gravatar.com\/avatar\/b599fc997ac3b0f33bbe96aa22995f1b7ded459dddf3ec218cc420eec942bbf9?s=96&d=mm&r=g","contentUrl":"https:\/\/secure.gravatar.com\/avatar\/b599fc997ac3b0f33bbe96aa22995f1b7ded459dddf3ec218cc420eec942bbf9?s=96&d=mm&r=g","caption":"kgarac"},"url":"https:\/\/citycenterone.hr\/split\/author\/kgarac\/"}]}},"_links":{"self":[{"href":"https:\/\/citycenterone.hr\/split\/wp-json\/wp\/v2\/posts\/16467","targetHints":{"allow":["GET"]}}],"collection":[{"href":"https:\/\/citycenterone.hr\/split\/wp-json\/wp\/v2\/posts"}],"about":[{"href":"https:\/\/citycenterone.hr\/split\/wp-json\/wp\/v2\/types\/post"}],"author":[{"embeddable":true,"href":"https:\/\/citycenterone.hr\/split\/wp-json\/wp\/v2\/users\/11"}],"replies":[{"embeddable":true,"href":"https:\/\/citycenterone.hr\/split\/wp-json\/wp\/v2\/comments?post=16467"}],"version-history":[{"count":2,"href":"https:\/\/citycenterone.hr\/split\/wp-json\/wp\/v2\/posts\/16467\/revisions"}],"predecessor-version":[{"id":16539,"href":"https:\/\/citycenterone.hr\/split\/wp-json\/wp\/v2\/posts\/16467\/revisions\/16539"}],"wp:featuredmedia":[{"embeddable":true,"href":"https:\/\/citycenterone.hr\/split\/wp-json\/wp\/v2\/media\/16468"}],"wp:attachment":[{"href":"https:\/\/citycenterone.hr\/split\/wp-json\/wp\/v2\/media?parent=16467"}],"wp:term":[{"taxonomy":"category","embeddable":true,"href":"https:\/\/citycenterone.hr\/split\/wp-json\/wp\/v2\/categories?post=16467"},{"taxonomy":"post_tag","embeddable":true,"href":"https:\/\/citycenterone.hr\/split\/wp-json\/wp\/v2\/tags?post=16467"}],"curies":[{"name":"wp","href":"https:\/\/api.w.org\/{rel}","templated":true}]}}