{"id":16870,"date":"2019-04-28T18:56:35","date_gmt":"2019-04-28T18:56:35","guid":{"rendered":"http:\/\/citycenterone.hr\/split\/?p=16870"},"modified":"2019-05-27T06:16:01","modified_gmt":"2019-05-27T06:16:01","slug":"proslavimo-zajedno-blagdan-sv-duje","status":"publish","type":"post","link":"https:\/\/citycenterone.hr\/split\/arhiva\/proslavimo-zajedno-blagdan-sv-duje\/","title":{"rendered":"Proslavimo zajedno blagdan sv. Duje"},"content":{"rendered":"<p>Fe\u0161ta Sv. Duje, jedan je od najva\u017enijih dana u godini, je iza nas! Na svakom se uglu se moglo osjeti uzbu\u0111enje povodom Dana grada u kojemu su u\u017eivali ne samo gra\u0111ani Splita, ve\u0107 i brojni turisti. Uzbu\u0111enje nije zaobi\u0161lo ni City Center one koji je odlu\u010dio nagraditi svoje posjetitelje!<\/p>\n<p>Naime, od 29. travnja na\u0161im Centrom kru\u017eile su simpati\u010dne hostese i sve sretne posjetitelje\u00a0nagradile besplatnom kartelom za tradicionalnu tombolu, jednu od najomiljenijih to\u010daka proslave.<\/p>\n<p>No, \u010dak i ako vam je nagrada na tomboli izostala, svi posjetitelji s kartelama City Centera one dobivaju! Nakon proslave, odnosno <strong>od 8. pa do 26. svibnja 2019.\u00a0<\/strong> sve donosioce spomenute kartele na info pultu City Centera one \u010dekaju <strong>nagrade iznena\u0111enja<\/strong> \u2013 sve \u0161to trebate u\u010diniti je preuzeti ih.<\/p>\n<p>Na dobro vam do\u0161la Sudamja!<\/p>\n<p><em>* Broj poklona je ograni\u010den. Maksimalan broj poklona koji mo\u017ee jedna osoba preuzeti je 5 komada.\u00a0<\/em><\/p>\n","protected":false},"excerpt":{"rendered":"<p>City Center one je proslavio najve\u0107u fe\u0161tu u Splitu, blagdan sv. Duje!<\/p>\n","protected":false},"author":11,"featured_media":8621,"comment_status":"open","ping_status":"open","sticky":false,"template":"","format":"standard","meta":{"_acf_changed":false,"footnotes":""},"categories":[10],"tags":[],"class_list":["post-16870","post","type-post","status-publish","format-standard","has-post-thumbnail","hentry","category-arhiva"],"acf":[],"yoast_head":"<!-- This site is optimized with the Yoast SEO plugin v27.4 - https:\/\/yoast.com\/product\/yoast-seo-wordpress\/ -->\n<title>Proslavimo zajedno blagdan sv. Duje - Split<\/title>\n<meta name=\"robots\" content=\"index, follow, max-snippet:-1, max-image-preview:large, max-video-preview:-1\" \/>\n<link rel=\"canonical\" href=\"https:\/\/citycenterone.hr\/split\/arhiva\/proslavimo-zajedno-blagdan-sv-duje\/\" \/>\n<meta property=\"og:locale\" content=\"hr_HR\" \/>\n<meta property=\"og:type\" content=\"article\" \/>\n<meta property=\"og:title\" content=\"Proslavimo zajedno blagdan sv. Duje - Split\" \/>\n<meta property=\"og:description\" content=\"City Center one je proslavio najve\u0107u fe\u0161tu u Splitu, blagdan sv. Duje!\" \/>\n<meta property=\"og:url\" content=\"https:\/\/citycenterone.hr\/split\/arhiva\/proslavimo-zajedno-blagdan-sv-duje\/\" \/>\n<meta property=\"og:site_name\" content=\"Split\" \/>\n<meta property=\"article:published_time\" content=\"2019-04-28T18:56:35+00:00\" \/>\n<meta property=\"article:modified_time\" content=\"2019-05-27T06:16:01+00:00\" \/>\n<meta property=\"og:image\" content=\"https:\/\/citycenterone.hr\/split\/wp-content\/uploads\/sites\/4\/2018\/04\/Sv.-Duje-1200x720.jpg\" \/>\n\t<meta property=\"og:image:width\" content=\"1200\" \/>\n\t<meta property=\"og:image:height\" content=\"720\" \/>\n\t<meta property=\"og:image:type\" content=\"image\/jpeg\" \/>\n<meta name=\"author\" content=\"kgarac\" \/>\n<meta name=\"twitter:card\" content=\"summary_large_image\" \/>\n<meta name=\"twitter:label1\" content=\"Written by\" \/>\n\t<meta name=\"twitter:data1\" content=\"kgarac\" \/>\n\t<meta name=\"twitter:label2\" content=\"Est. reading time\" \/>\n\t<meta name=\"twitter:data2\" content=\"1 minute\" \/>\n<script type=\"application\/ld+json\" class=\"yoast-schema-graph\">{\"@context\":\"https:\\\/\\\/schema.org\",\"@graph\":[{\"@type\":\"Article\",\"@id\":\"https:\\\/\\\/citycenterone.hr\\\/split\\\/arhiva\\\/proslavimo-zajedno-blagdan-sv-duje\\\/#article\",\"isPartOf\":{\"@id\":\"https:\\\/\\\/citycenterone.hr\\\/split\\\/arhiva\\\/proslavimo-zajedno-blagdan-sv-duje\\\/\"},\"author\":{\"name\":\"kgarac\",\"@id\":\"https:\\\/\\\/citycenterone.hr\\\/split\\\/#\\\/schema\\\/person\\\/db0bbb1b5aeb4ea836df236ae8379ba4\"},\"headline\":\"Proslavimo zajedno blagdan sv. Duje\",\"datePublished\":\"2019-04-28T18:56:35+00:00\",\"dateModified\":\"2019-05-27T06:16:01+00:00\",\"mainEntityOfPage\":{\"@id\":\"https:\\\/\\\/citycenterone.hr\\\/split\\\/arhiva\\\/proslavimo-zajedno-blagdan-sv-duje\\\/\"},\"wordCount\":159,\"commentCount\":0,\"image\":{\"@id\":\"https:\\\/\\\/citycenterone.hr\\\/split\\\/arhiva\\\/proslavimo-zajedno-blagdan-sv-duje\\\/#primaryimage\"},\"thumbnailUrl\":\"https:\\\/\\\/citycenterone.hr\\\/split\\\/wp-content\\\/uploads\\\/sites\\\/4\\\/2018\\\/04\\\/Sv.-Duje-1200x720.jpg\",\"articleSection\":[\"Arhiva\"],\"inLanguage\":\"hr-HR\",\"potentialAction\":[{\"@type\":\"CommentAction\",\"name\":\"Comment\",\"target\":[\"https:\\\/\\\/citycenterone.hr\\\/split\\\/arhiva\\\/proslavimo-zajedno-blagdan-sv-duje\\\/#respond\"]}]},{\"@type\":\"WebPage\",\"@id\":\"https:\\\/\\\/citycenterone.hr\\\/split\\\/arhiva\\\/proslavimo-zajedno-blagdan-sv-duje\\\/\",\"url\":\"https:\\\/\\\/citycenterone.hr\\\/split\\\/arhiva\\\/proslavimo-zajedno-blagdan-sv-duje\\\/\",\"name\":\"Proslavimo zajedno blagdan sv. Duje - Split\",\"isPartOf\":{\"@id\":\"https:\\\/\\\/citycenterone.hr\\\/split\\\/#website\"},\"primaryImageOfPage\":{\"@id\":\"https:\\\/\\\/citycenterone.hr\\\/split\\\/arhiva\\\/proslavimo-zajedno-blagdan-sv-duje\\\/#primaryimage\"},\"image\":{\"@id\":\"https:\\\/\\\/citycenterone.hr\\\/split\\\/arhiva\\\/proslavimo-zajedno-blagdan-sv-duje\\\/#primaryimage\"},\"thumbnailUrl\":\"https:\\\/\\\/citycenterone.hr\\\/split\\\/wp-content\\\/uploads\\\/sites\\\/4\\\/2018\\\/04\\\/Sv.-Duje-1200x720.jpg\",\"datePublished\":\"2019-04-28T18:56:35+00:00\",\"dateModified\":\"2019-05-27T06:16:01+00:00\",\"author\":{\"@id\":\"https:\\\/\\\/citycenterone.hr\\\/split\\\/#\\\/schema\\\/person\\\/db0bbb1b5aeb4ea836df236ae8379ba4\"},\"breadcrumb\":{\"@id\":\"https:\\\/\\\/citycenterone.hr\\\/split\\\/arhiva\\\/proslavimo-zajedno-blagdan-sv-duje\\\/#breadcrumb\"},\"inLanguage\":\"hr-HR\",\"potentialAction\":[{\"@type\":\"ReadAction\",\"target\":[\"https:\\\/\\\/citycenterone.hr\\\/split\\\/arhiva\\\/proslavimo-zajedno-blagdan-sv-duje\\\/\"]}]},{\"@type\":\"ImageObject\",\"inLanguage\":\"hr-HR\",\"@id\":\"https:\\\/\\\/citycenterone.hr\\\/split\\\/arhiva\\\/proslavimo-zajedno-blagdan-sv-duje\\\/#primaryimage\",\"url\":\"https:\\\/\\\/citycenterone.hr\\\/split\\\/wp-content\\\/uploads\\\/sites\\\/4\\\/2018\\\/04\\\/Sv.-Duje-1200x720.jpg\",\"contentUrl\":\"https:\\\/\\\/citycenterone.hr\\\/split\\\/wp-content\\\/uploads\\\/sites\\\/4\\\/2018\\\/04\\\/Sv.-Duje-1200x720.jpg\",\"width\":1200,\"height\":720},{\"@type\":\"BreadcrumbList\",\"@id\":\"https:\\\/\\\/citycenterone.hr\\\/split\\\/arhiva\\\/proslavimo-zajedno-blagdan-sv-duje\\\/#breadcrumb\",\"itemListElement\":[{\"@type\":\"ListItem\",\"position\":1,\"name\":\"Home\",\"item\":\"https:\\\/\\\/citycenterone.hr\\\/split\\\/\"},{\"@type\":\"ListItem\",\"position\":2,\"name\":\"Proslavimo zajedno blagdan sv. Duje\"}]},{\"@type\":\"WebSite\",\"@id\":\"https:\\\/\\\/citycenterone.hr\\\/split\\\/#website\",\"url\":\"https:\\\/\\\/citycenterone.hr\\\/split\\\/\",\"name\":\"Split\",\"description\":\"Just another City Center One site\",\"potentialAction\":[{\"@type\":\"SearchAction\",\"target\":{\"@type\":\"EntryPoint\",\"urlTemplate\":\"https:\\\/\\\/citycenterone.hr\\\/split\\\/?s={search_term_string}\"},\"query-input\":{\"@type\":\"PropertyValueSpecification\",\"valueRequired\":true,\"valueName\":\"search_term_string\"}}],\"inLanguage\":\"hr-HR\"},{\"@type\":\"Person\",\"@id\":\"https:\\\/\\\/citycenterone.hr\\\/split\\\/#\\\/schema\\\/person\\\/db0bbb1b5aeb4ea836df236ae8379ba4\",\"name\":\"kgarac\",\"image\":{\"@type\":\"ImageObject\",\"inLanguage\":\"hr-HR\",\"@id\":\"https:\\\/\\\/secure.gravatar.com\\\/avatar\\\/b599fc997ac3b0f33bbe96aa22995f1b7ded459dddf3ec218cc420eec942bbf9?s=96&d=mm&r=g\",\"url\":\"https:\\\/\\\/secure.gravatar.com\\\/avatar\\\/b599fc997ac3b0f33bbe96aa22995f1b7ded459dddf3ec218cc420eec942bbf9?s=96&d=mm&r=g\",\"contentUrl\":\"https:\\\/\\\/secure.gravatar.com\\\/avatar\\\/b599fc997ac3b0f33bbe96aa22995f1b7ded459dddf3ec218cc420eec942bbf9?s=96&d=mm&r=g\",\"caption\":\"kgarac\"},\"url\":\"https:\\\/\\\/citycenterone.hr\\\/split\\\/author\\\/kgarac\\\/\"}]}<\/script>\n<!-- \/ Yoast SEO plugin. -->","yoast_head_json":{"title":"Proslavimo zajedno blagdan sv. Duje - Split","robots":{"index":"index","follow":"follow","max-snippet":"max-snippet:-1","max-image-preview":"max-image-preview:large","max-video-preview":"max-video-preview:-1"},"canonical":"https:\/\/citycenterone.hr\/split\/arhiva\/proslavimo-zajedno-blagdan-sv-duje\/","og_locale":"hr_HR","og_type":"article","og_title":"Proslavimo zajedno blagdan sv. Duje - Split","og_description":"City Center one je proslavio najve\u0107u fe\u0161tu u Splitu, blagdan sv. Duje!","og_url":"https:\/\/citycenterone.hr\/split\/arhiva\/proslavimo-zajedno-blagdan-sv-duje\/","og_site_name":"Split","article_published_time":"2019-04-28T18:56:35+00:00","article_modified_time":"2019-05-27T06:16:01+00:00","og_image":[{"width":1200,"height":720,"url":"https:\/\/citycenterone.hr\/split\/wp-content\/uploads\/sites\/4\/2018\/04\/Sv.-Duje-1200x720.jpg","type":"image\/jpeg"}],"author":"kgarac","twitter_card":"summary_large_image","twitter_misc":{"Written by":"kgarac","Est. reading time":"1 minute"},"schema":{"@context":"https:\/\/schema.org","@graph":[{"@type":"Article","@id":"https:\/\/citycenterone.hr\/split\/arhiva\/proslavimo-zajedno-blagdan-sv-duje\/#article","isPartOf":{"@id":"https:\/\/citycenterone.hr\/split\/arhiva\/proslavimo-zajedno-blagdan-sv-duje\/"},"author":{"name":"kgarac","@id":"https:\/\/citycenterone.hr\/split\/#\/schema\/person\/db0bbb1b5aeb4ea836df236ae8379ba4"},"headline":"Proslavimo zajedno blagdan sv. Duje","datePublished":"2019-04-28T18:56:35+00:00","dateModified":"2019-05-27T06:16:01+00:00","mainEntityOfPage":{"@id":"https:\/\/citycenterone.hr\/split\/arhiva\/proslavimo-zajedno-blagdan-sv-duje\/"},"wordCount":159,"commentCount":0,"image":{"@id":"https:\/\/citycenterone.hr\/split\/arhiva\/proslavimo-zajedno-blagdan-sv-duje\/#primaryimage"},"thumbnailUrl":"https:\/\/citycenterone.hr\/split\/wp-content\/uploads\/sites\/4\/2018\/04\/Sv.-Duje-1200x720.jpg","articleSection":["Arhiva"],"inLanguage":"hr-HR","potentialAction":[{"@type":"CommentAction","name":"Comment","target":["https:\/\/citycenterone.hr\/split\/arhiva\/proslavimo-zajedno-blagdan-sv-duje\/#respond"]}]},{"@type":"WebPage","@id":"https:\/\/citycenterone.hr\/split\/arhiva\/proslavimo-zajedno-blagdan-sv-duje\/","url":"https:\/\/citycenterone.hr\/split\/arhiva\/proslavimo-zajedno-blagdan-sv-duje\/","name":"Proslavimo zajedno blagdan sv. Duje - Split","isPartOf":{"@id":"https:\/\/citycenterone.hr\/split\/#website"},"primaryImageOfPage":{"@id":"https:\/\/citycenterone.hr\/split\/arhiva\/proslavimo-zajedno-blagdan-sv-duje\/#primaryimage"},"image":{"@id":"https:\/\/citycenterone.hr\/split\/arhiva\/proslavimo-zajedno-blagdan-sv-duje\/#primaryimage"},"thumbnailUrl":"https:\/\/citycenterone.hr\/split\/wp-content\/uploads\/sites\/4\/2018\/04\/Sv.-Duje-1200x720.jpg","datePublished":"2019-04-28T18:56:35+00:00","dateModified":"2019-05-27T06:16:01+00:00","author":{"@id":"https:\/\/citycenterone.hr\/split\/#\/schema\/person\/db0bbb1b5aeb4ea836df236ae8379ba4"},"breadcrumb":{"@id":"https:\/\/citycenterone.hr\/split\/arhiva\/proslavimo-zajedno-blagdan-sv-duje\/#breadcrumb"},"inLanguage":"hr-HR","potentialAction":[{"@type":"ReadAction","target":["https:\/\/citycenterone.hr\/split\/arhiva\/proslavimo-zajedno-blagdan-sv-duje\/"]}]},{"@type":"ImageObject","inLanguage":"hr-HR","@id":"https:\/\/citycenterone.hr\/split\/arhiva\/proslavimo-zajedno-blagdan-sv-duje\/#primaryimage","url":"https:\/\/citycenterone.hr\/split\/wp-content\/uploads\/sites\/4\/2018\/04\/Sv.-Duje-1200x720.jpg","contentUrl":"https:\/\/citycenterone.hr\/split\/wp-content\/uploads\/sites\/4\/2018\/04\/Sv.-Duje-1200x720.jpg","width":1200,"height":720},{"@type":"BreadcrumbList","@id":"https:\/\/citycenterone.hr\/split\/arhiva\/proslavimo-zajedno-blagdan-sv-duje\/#breadcrumb","itemListElement":[{"@type":"ListItem","position":1,"name":"Home","item":"https:\/\/citycenterone.hr\/split\/"},{"@type":"ListItem","position":2,"name":"Proslavimo zajedno blagdan sv. Duje"}]},{"@type":"WebSite","@id":"https:\/\/citycenterone.hr\/split\/#website","url":"https:\/\/citycenterone.hr\/split\/","name":"Split","description":"Just another City Center One site","potentialAction":[{"@type":"SearchAction","target":{"@type":"EntryPoint","urlTemplate":"https:\/\/citycenterone.hr\/split\/?s={search_term_string}"},"query-input":{"@type":"PropertyValueSpecification","valueRequired":true,"valueName":"search_term_string"}}],"inLanguage":"hr-HR"},{"@type":"Person","@id":"https:\/\/citycenterone.hr\/split\/#\/schema\/person\/db0bbb1b5aeb4ea836df236ae8379ba4","name":"kgarac","image":{"@type":"ImageObject","inLanguage":"hr-HR","@id":"https:\/\/secure.gravatar.com\/avatar\/b599fc997ac3b0f33bbe96aa22995f1b7ded459dddf3ec218cc420eec942bbf9?s=96&d=mm&r=g","url":"https:\/\/secure.gravatar.com\/avatar\/b599fc997ac3b0f33bbe96aa22995f1b7ded459dddf3ec218cc420eec942bbf9?s=96&d=mm&r=g","contentUrl":"https:\/\/secure.gravatar.com\/avatar\/b599fc997ac3b0f33bbe96aa22995f1b7ded459dddf3ec218cc420eec942bbf9?s=96&d=mm&r=g","caption":"kgarac"},"url":"https:\/\/citycenterone.hr\/split\/author\/kgarac\/"}]}},"_links":{"self":[{"href":"https:\/\/citycenterone.hr\/split\/wp-json\/wp\/v2\/posts\/16870","targetHints":{"allow":["GET"]}}],"collection":[{"href":"https:\/\/citycenterone.hr\/split\/wp-json\/wp\/v2\/posts"}],"about":[{"href":"https:\/\/citycenterone.hr\/split\/wp-json\/wp\/v2\/types\/post"}],"author":[{"embeddable":true,"href":"https:\/\/citycenterone.hr\/split\/wp-json\/wp\/v2\/users\/11"}],"replies":[{"embeddable":true,"href":"https:\/\/citycenterone.hr\/split\/wp-json\/wp\/v2\/comments?post=16870"}],"version-history":[{"count":3,"href":"https:\/\/citycenterone.hr\/split\/wp-json\/wp\/v2\/posts\/16870\/revisions"}],"predecessor-version":[{"id":18119,"href":"https:\/\/citycenterone.hr\/split\/wp-json\/wp\/v2\/posts\/16870\/revisions\/18119"}],"wp:featuredmedia":[{"embeddable":true,"href":"https:\/\/citycenterone.hr\/split\/wp-json\/wp\/v2\/media\/8621"}],"wp:attachment":[{"href":"https:\/\/citycenterone.hr\/split\/wp-json\/wp\/v2\/media?parent=16870"}],"wp:term":[{"taxonomy":"category","embeddable":true,"href":"https:\/\/citycenterone.hr\/split\/wp-json\/wp\/v2\/categories?post=16870"},{"taxonomy":"post_tag","embeddable":true,"href":"https:\/\/citycenterone.hr\/split\/wp-json\/wp\/v2\/tags?post=16870"}],"curies":[{"name":"wp","href":"https:\/\/api.w.org\/{rel}","templated":true}]}}