{"id":17403,"date":"2019-05-10T10:11:04","date_gmt":"2019-05-10T10:11:04","guid":{"rendered":"http:\/\/citycenterone.hr\/split\/?p=17403"},"modified":"2019-07-05T09:53:09","modified_gmt":"2019-07-05T09:53:09","slug":"prekid-prica-o-muskarcima-i-madracima","status":"publish","type":"post","link":"https:\/\/citycenterone.hr\/split\/arhiva\/prekid-prica-o-muskarcima-i-madracima\/","title":{"rendered":"PREKID. PRI\u010cA O MU\u0160KARCIMA I MADRACIMA."},"content":{"rendered":"<p>Upravo na tu crticu nas podsje\u0107a najnovija Perfectina reklama o dosadnom starom madracu koji ne pu\u0161ta\u2026 Ne da joj da ga se rije\u0161i\u2026<\/p>\n<p><strong>A kako znamo da je kraj?<\/strong><\/p>\n<p>Uf nekad je to\u00a0te\u0161ko priznati. Kad ne osje\u0107amo vi\u0161e leptiri\u0107e u trbuhu, kad ne osje\u0107amo ljubav, kad je jednom puno vi\u0161e stalo nego onom drugom, kad ovom drugom uop\u0107e nije stalo\u2026 kad jedan drugog iscrljujemo, umaramo, mu\u010dimo\u2026 i kad duboko u sebi slutimo da treba napraviti rez i jednostavno zavr\u0161iti tu besmislenu pri\u010du<img loading=\"lazy\" decoding=\"async\" class=\"aligncenter\" src=\"https:\/\/perfecta.hr\/upload\/2019\/05\/perfecta_kampanja_rijesi_ga_se_slika_03_5cc8cb80eebc8.jpg\" alt=\"\" width=\"930\" height=\"620\" \/><\/p>\n<p><strong>Btw. jeste li znali da bi madrac trebalo promijeniti svakih 6 do 7 godina?<\/strong><\/p>\n<p>Naime, stru\u010dnjaci ka\u017eu da madraci imaju vijek trajanja, a to je oko 15.000 sati spavanja. To je prvenstveno jer\u00a0<strong>svake no\u0107i znojenjem gubimo oko pola litre vode<\/strong>, a\u00a0<strong>svake godine gubimo pola kilograma odumrlih stanica ko\u017ee<\/strong>. A gdje one zavr\u0161e? Ve\u0107inom u na\u0161im madracima.<\/p>\n<p>Da,\u00a0madraci ne dolaze s timerom u sebi koji nas alarmira da je\u00a0madrac dao svoje\u00a0i da je pun odumrlih stanica i da se pjena po\u010dela mrviti. Oni se ne raspadaju se nao\u010digled poput tenisica, ne tro\u0161e\u00a0se baterije, niti se ne\u0107e pokvariti kao elektroni\u010dki ure\u0111aji. Zato valjda i prekasno saznamo da je madrac dao svoje, iako se \u010desto budimo umorni, bezvoljni s bolom u le\u0111ima.<\/p>\n<ul>\n<li>\u201cMu\u010dimo se, moramo prekinuti.\u201d<\/li>\n<li>\u201cTi prekida\u0161 sa mnom?\u201d<\/li>\n<li>\u201cDa\u2026 i problem nije u meni, ve\u0107 u tebi. Godinama me ve\u0107 ne pu\u0161ta\u0161 na miru, nao\u010digled vi\u0161e nisi za mene i ve\u0107 me du\u017ee vrijeme umara\u0161.\u201d<\/li>\n<li>\u201cRije\u0161i ga se! Iskoristi besplatan odvoz svog starog madraca i prona\u0111i novi madrac svojih snova!\u201d<\/li>\n<\/ul>\n<p>Ba\u0161 kao u Perfectinoj najnovijoj reklami.<\/p>\n<p>Madrac je najlak\u0161e prekriti plahtom i zaboraviti da smo s njim u najintimnijoj vezi tre\u0107inu svog \u017eivota. Upravo iz razloga \u0161to ponekad ne znate kako biste se rije\u0161ili starog madraca, Perfecta Dreams vas u 5.-om mjesecu daruje posebnom mogu\u0107no\u0161\u0107u \u2013\u00a0<span class=\"orange\"><strong>besplatnim odvozom starog madraca<\/strong><\/span>. O njemu vi\u0161e ne morate brinuti, a mi \u0107emo ga odvesti na deponij. Jedina stvar koju morate je \u2013 odabrati madrac svojih snova i zapo\u010deti novu vezu u kojoj \u0107ete biti zadovoljni.<\/p>\n<p>Nedavno je Perfecta Dreams uvela i opciju\u00a0<strong>100 no\u0107i probnog perioda<\/strong>\u00a0na najbolje madrace. Zvu\u010di odli\u010dno, pogotovo ako niste ba\u0161 sigurni s kim biste tu vezu zapo\u010deli.<\/p>\n<div class=\"embeddedContent oembed-provider- oembed-provider-youtube\" data-resizetype=\"responsive\" data-oembed_provider=\"youtube\" data-oembed=\"https:\/\/www.youtube.com\/watch?v=ZiSY2q9F2pI\" data-maxwidth=\"560\" data-maxheight=\"315\" data-align=\"left\"><iframe loading=\"lazy\" src=\"https:\/\/www.youtube.com\/embed\/ZiSY2q9F2pI?wmode=transparent&amp;jqoemcache=MmdSD\" width=\"383.5959885386819\" height=\"315\" frameborder=\"0\" scrolling=\"no\" allowfullscreen=\"allowfullscreen\" data-mce-fragment=\"1\"><\/iframe><\/div>\n<p>p.s. Iskoristite\u00a0<strong>odli\u010dne popuste<\/strong>\u00a0na madrace, krevete i jastuke. Vi\u0161e o akcijskim ponudama saznajte na\u00a0<a href=\"https:\/\/perfecta.hr\/proizvodi\/madraci\/\" target=\"_blank\" rel=\"noopener\">ovom linku\u00a0<\/a><\/p>\n","protected":false},"excerpt":{"rendered":"<p>Vjerujemo da svatko od nas ima neku vezu u kojoj je prekid bio najbolja opcija, a i nekog dosadnog tipa koji nije nikako popu\u0161tao. Najgore su te veze iz sa\u017ealjenja. Kako to prekinuti, kako kad se on tako trudi i u\u017easno je uporan?<\/p>\n","protected":false},"author":11,"featured_media":17404,"comment_status":"open","ping_status":"open","sticky":false,"template":"","format":"standard","meta":{"_acf_changed":false,"footnotes":""},"categories":[10],"tags":[],"class_list":["post-17403","post","type-post","status-publish","format-standard","has-post-thumbnail","hentry","category-arhiva"],"acf":[],"yoast_head":"<!-- This site is optimized with the Yoast SEO plugin v27.4 - https:\/\/yoast.com\/product\/yoast-seo-wordpress\/ -->\n<title>PREKID. PRI\u010cA O MU\u0160KARCIMA I MADRACIMA. - Split<\/title>\n<meta name=\"robots\" content=\"index, follow, max-snippet:-1, max-image-preview:large, max-video-preview:-1\" \/>\n<link rel=\"canonical\" href=\"https:\/\/citycenterone.hr\/split\/arhiva\/prekid-prica-o-muskarcima-i-madracima\/\" \/>\n<meta property=\"og:locale\" content=\"hr_HR\" \/>\n<meta property=\"og:type\" content=\"article\" \/>\n<meta property=\"og:title\" content=\"PREKID. PRI\u010cA O MU\u0160KARCIMA I MADRACIMA. - Split\" \/>\n<meta property=\"og:description\" content=\"Vjerujemo da svatko od nas ima neku vezu u kojoj je prekid bio najbolja opcija, a i nekog dosadnog tipa koji nije nikako popu\u0161tao. Najgore su te veze iz sa\u017ealjenja. Kako to prekinuti, kako kad se on tako trudi i u\u017easno je uporan?\" \/>\n<meta property=\"og:url\" content=\"https:\/\/citycenterone.hr\/split\/arhiva\/prekid-prica-o-muskarcima-i-madracima\/\" \/>\n<meta property=\"og:site_name\" content=\"Split\" \/>\n<meta property=\"article:published_time\" content=\"2019-05-10T10:11:04+00:00\" \/>\n<meta property=\"article:modified_time\" content=\"2019-07-05T09:53:09+00:00\" \/>\n<meta property=\"og:image\" content=\"https:\/\/citycenterone.hr\/split\/wp-content\/uploads\/sites\/4\/2019\/05\/perfecta-kampanja-rijesi-ga-se-slika-01_5cc94d33ca41e-1024x683.jpg\" \/>\n\t<meta property=\"og:image:width\" content=\"1024\" \/>\n\t<meta property=\"og:image:height\" content=\"683\" \/>\n\t<meta property=\"og:image:type\" content=\"image\/jpeg\" \/>\n<meta name=\"author\" content=\"kgarac\" \/>\n<meta name=\"twitter:card\" content=\"summary_large_image\" \/>\n<meta name=\"twitter:label1\" content=\"Written by\" \/>\n\t<meta name=\"twitter:data1\" content=\"kgarac\" \/>\n\t<meta name=\"twitter:label2\" content=\"Est. reading time\" \/>\n\t<meta name=\"twitter:data2\" content=\"2 minutes\" \/>\n<script type=\"application\/ld+json\" class=\"yoast-schema-graph\">{\"@context\":\"https:\\\/\\\/schema.org\",\"@graph\":[{\"@type\":\"Article\",\"@id\":\"https:\\\/\\\/citycenterone.hr\\\/split\\\/arhiva\\\/prekid-prica-o-muskarcima-i-madracima\\\/#article\",\"isPartOf\":{\"@id\":\"https:\\\/\\\/citycenterone.hr\\\/split\\\/arhiva\\\/prekid-prica-o-muskarcima-i-madracima\\\/\"},\"author\":{\"name\":\"kgarac\",\"@id\":\"https:\\\/\\\/citycenterone.hr\\\/split\\\/#\\\/schema\\\/person\\\/db0bbb1b5aeb4ea836df236ae8379ba4\"},\"headline\":\"PREKID. PRI\u010cA O MU\u0160KARCIMA I MADRACIMA.\",\"datePublished\":\"2019-05-10T10:11:04+00:00\",\"dateModified\":\"2019-07-05T09:53:09+00:00\",\"mainEntityOfPage\":{\"@id\":\"https:\\\/\\\/citycenterone.hr\\\/split\\\/arhiva\\\/prekid-prica-o-muskarcima-i-madracima\\\/\"},\"wordCount\":434,\"commentCount\":0,\"image\":{\"@id\":\"https:\\\/\\\/citycenterone.hr\\\/split\\\/arhiva\\\/prekid-prica-o-muskarcima-i-madracima\\\/#primaryimage\"},\"thumbnailUrl\":\"https:\\\/\\\/citycenterone.hr\\\/split\\\/wp-content\\\/uploads\\\/sites\\\/4\\\/2019\\\/05\\\/perfecta-kampanja-rijesi-ga-se-slika-01_5cc94d33ca41e-1024x683.jpg\",\"articleSection\":[\"Arhiva\"],\"inLanguage\":\"hr-HR\",\"potentialAction\":[{\"@type\":\"CommentAction\",\"name\":\"Comment\",\"target\":[\"https:\\\/\\\/citycenterone.hr\\\/split\\\/arhiva\\\/prekid-prica-o-muskarcima-i-madracima\\\/#respond\"]}]},{\"@type\":\"WebPage\",\"@id\":\"https:\\\/\\\/citycenterone.hr\\\/split\\\/arhiva\\\/prekid-prica-o-muskarcima-i-madracima\\\/\",\"url\":\"https:\\\/\\\/citycenterone.hr\\\/split\\\/arhiva\\\/prekid-prica-o-muskarcima-i-madracima\\\/\",\"name\":\"PREKID. PRI\u010cA O MU\u0160KARCIMA I MADRACIMA. - Split\",\"isPartOf\":{\"@id\":\"https:\\\/\\\/citycenterone.hr\\\/split\\\/#website\"},\"primaryImageOfPage\":{\"@id\":\"https:\\\/\\\/citycenterone.hr\\\/split\\\/arhiva\\\/prekid-prica-o-muskarcima-i-madracima\\\/#primaryimage\"},\"image\":{\"@id\":\"https:\\\/\\\/citycenterone.hr\\\/split\\\/arhiva\\\/prekid-prica-o-muskarcima-i-madracima\\\/#primaryimage\"},\"thumbnailUrl\":\"https:\\\/\\\/citycenterone.hr\\\/split\\\/wp-content\\\/uploads\\\/sites\\\/4\\\/2019\\\/05\\\/perfecta-kampanja-rijesi-ga-se-slika-01_5cc94d33ca41e-1024x683.jpg\",\"datePublished\":\"2019-05-10T10:11:04+00:00\",\"dateModified\":\"2019-07-05T09:53:09+00:00\",\"author\":{\"@id\":\"https:\\\/\\\/citycenterone.hr\\\/split\\\/#\\\/schema\\\/person\\\/db0bbb1b5aeb4ea836df236ae8379ba4\"},\"breadcrumb\":{\"@id\":\"https:\\\/\\\/citycenterone.hr\\\/split\\\/arhiva\\\/prekid-prica-o-muskarcima-i-madracima\\\/#breadcrumb\"},\"inLanguage\":\"hr-HR\",\"potentialAction\":[{\"@type\":\"ReadAction\",\"target\":[\"https:\\\/\\\/citycenterone.hr\\\/split\\\/arhiva\\\/prekid-prica-o-muskarcima-i-madracima\\\/\"]}]},{\"@type\":\"ImageObject\",\"inLanguage\":\"hr-HR\",\"@id\":\"https:\\\/\\\/citycenterone.hr\\\/split\\\/arhiva\\\/prekid-prica-o-muskarcima-i-madracima\\\/#primaryimage\",\"url\":\"https:\\\/\\\/citycenterone.hr\\\/split\\\/wp-content\\\/uploads\\\/sites\\\/4\\\/2019\\\/05\\\/perfecta-kampanja-rijesi-ga-se-slika-01_5cc94d33ca41e-1024x683.jpg\",\"contentUrl\":\"https:\\\/\\\/citycenterone.hr\\\/split\\\/wp-content\\\/uploads\\\/sites\\\/4\\\/2019\\\/05\\\/perfecta-kampanja-rijesi-ga-se-slika-01_5cc94d33ca41e-1024x683.jpg\",\"width\":1024,\"height\":683},{\"@type\":\"BreadcrumbList\",\"@id\":\"https:\\\/\\\/citycenterone.hr\\\/split\\\/arhiva\\\/prekid-prica-o-muskarcima-i-madracima\\\/#breadcrumb\",\"itemListElement\":[{\"@type\":\"ListItem\",\"position\":1,\"name\":\"Home\",\"item\":\"https:\\\/\\\/citycenterone.hr\\\/split\\\/\"},{\"@type\":\"ListItem\",\"position\":2,\"name\":\"PREKID. PRI\u010cA O MU\u0160KARCIMA I MADRACIMA.\"}]},{\"@type\":\"WebSite\",\"@id\":\"https:\\\/\\\/citycenterone.hr\\\/split\\\/#website\",\"url\":\"https:\\\/\\\/citycenterone.hr\\\/split\\\/\",\"name\":\"Split\",\"description\":\"Just another City Center One site\",\"potentialAction\":[{\"@type\":\"SearchAction\",\"target\":{\"@type\":\"EntryPoint\",\"urlTemplate\":\"https:\\\/\\\/citycenterone.hr\\\/split\\\/?s={search_term_string}\"},\"query-input\":{\"@type\":\"PropertyValueSpecification\",\"valueRequired\":true,\"valueName\":\"search_term_string\"}}],\"inLanguage\":\"hr-HR\"},{\"@type\":\"Person\",\"@id\":\"https:\\\/\\\/citycenterone.hr\\\/split\\\/#\\\/schema\\\/person\\\/db0bbb1b5aeb4ea836df236ae8379ba4\",\"name\":\"kgarac\",\"image\":{\"@type\":\"ImageObject\",\"inLanguage\":\"hr-HR\",\"@id\":\"https:\\\/\\\/secure.gravatar.com\\\/avatar\\\/b599fc997ac3b0f33bbe96aa22995f1b7ded459dddf3ec218cc420eec942bbf9?s=96&d=mm&r=g\",\"url\":\"https:\\\/\\\/secure.gravatar.com\\\/avatar\\\/b599fc997ac3b0f33bbe96aa22995f1b7ded459dddf3ec218cc420eec942bbf9?s=96&d=mm&r=g\",\"contentUrl\":\"https:\\\/\\\/secure.gravatar.com\\\/avatar\\\/b599fc997ac3b0f33bbe96aa22995f1b7ded459dddf3ec218cc420eec942bbf9?s=96&d=mm&r=g\",\"caption\":\"kgarac\"},\"url\":\"https:\\\/\\\/citycenterone.hr\\\/split\\\/author\\\/kgarac\\\/\"}]}<\/script>\n<!-- \/ Yoast SEO plugin. -->","yoast_head_json":{"title":"PREKID. PRI\u010cA O MU\u0160KARCIMA I MADRACIMA. - Split","robots":{"index":"index","follow":"follow","max-snippet":"max-snippet:-1","max-image-preview":"max-image-preview:large","max-video-preview":"max-video-preview:-1"},"canonical":"https:\/\/citycenterone.hr\/split\/arhiva\/prekid-prica-o-muskarcima-i-madracima\/","og_locale":"hr_HR","og_type":"article","og_title":"PREKID. PRI\u010cA O MU\u0160KARCIMA I MADRACIMA. - Split","og_description":"Vjerujemo da svatko od nas ima neku vezu u kojoj je prekid bio najbolja opcija, a i nekog dosadnog tipa koji nije nikako popu\u0161tao. Najgore su te veze iz sa\u017ealjenja. Kako to prekinuti, kako kad se on tako trudi i u\u017easno je uporan?","og_url":"https:\/\/citycenterone.hr\/split\/arhiva\/prekid-prica-o-muskarcima-i-madracima\/","og_site_name":"Split","article_published_time":"2019-05-10T10:11:04+00:00","article_modified_time":"2019-07-05T09:53:09+00:00","og_image":[{"width":1024,"height":683,"url":"https:\/\/citycenterone.hr\/split\/wp-content\/uploads\/sites\/4\/2019\/05\/perfecta-kampanja-rijesi-ga-se-slika-01_5cc94d33ca41e-1024x683.jpg","type":"image\/jpeg"}],"author":"kgarac","twitter_card":"summary_large_image","twitter_misc":{"Written by":"kgarac","Est. reading time":"2 minutes"},"schema":{"@context":"https:\/\/schema.org","@graph":[{"@type":"Article","@id":"https:\/\/citycenterone.hr\/split\/arhiva\/prekid-prica-o-muskarcima-i-madracima\/#article","isPartOf":{"@id":"https:\/\/citycenterone.hr\/split\/arhiva\/prekid-prica-o-muskarcima-i-madracima\/"},"author":{"name":"kgarac","@id":"https:\/\/citycenterone.hr\/split\/#\/schema\/person\/db0bbb1b5aeb4ea836df236ae8379ba4"},"headline":"PREKID. PRI\u010cA O MU\u0160KARCIMA I MADRACIMA.","datePublished":"2019-05-10T10:11:04+00:00","dateModified":"2019-07-05T09:53:09+00:00","mainEntityOfPage":{"@id":"https:\/\/citycenterone.hr\/split\/arhiva\/prekid-prica-o-muskarcima-i-madracima\/"},"wordCount":434,"commentCount":0,"image":{"@id":"https:\/\/citycenterone.hr\/split\/arhiva\/prekid-prica-o-muskarcima-i-madracima\/#primaryimage"},"thumbnailUrl":"https:\/\/citycenterone.hr\/split\/wp-content\/uploads\/sites\/4\/2019\/05\/perfecta-kampanja-rijesi-ga-se-slika-01_5cc94d33ca41e-1024x683.jpg","articleSection":["Arhiva"],"inLanguage":"hr-HR","potentialAction":[{"@type":"CommentAction","name":"Comment","target":["https:\/\/citycenterone.hr\/split\/arhiva\/prekid-prica-o-muskarcima-i-madracima\/#respond"]}]},{"@type":"WebPage","@id":"https:\/\/citycenterone.hr\/split\/arhiva\/prekid-prica-o-muskarcima-i-madracima\/","url":"https:\/\/citycenterone.hr\/split\/arhiva\/prekid-prica-o-muskarcima-i-madracima\/","name":"PREKID. PRI\u010cA O MU\u0160KARCIMA I MADRACIMA. - Split","isPartOf":{"@id":"https:\/\/citycenterone.hr\/split\/#website"},"primaryImageOfPage":{"@id":"https:\/\/citycenterone.hr\/split\/arhiva\/prekid-prica-o-muskarcima-i-madracima\/#primaryimage"},"image":{"@id":"https:\/\/citycenterone.hr\/split\/arhiva\/prekid-prica-o-muskarcima-i-madracima\/#primaryimage"},"thumbnailUrl":"https:\/\/citycenterone.hr\/split\/wp-content\/uploads\/sites\/4\/2019\/05\/perfecta-kampanja-rijesi-ga-se-slika-01_5cc94d33ca41e-1024x683.jpg","datePublished":"2019-05-10T10:11:04+00:00","dateModified":"2019-07-05T09:53:09+00:00","author":{"@id":"https:\/\/citycenterone.hr\/split\/#\/schema\/person\/db0bbb1b5aeb4ea836df236ae8379ba4"},"breadcrumb":{"@id":"https:\/\/citycenterone.hr\/split\/arhiva\/prekid-prica-o-muskarcima-i-madracima\/#breadcrumb"},"inLanguage":"hr-HR","potentialAction":[{"@type":"ReadAction","target":["https:\/\/citycenterone.hr\/split\/arhiva\/prekid-prica-o-muskarcima-i-madracima\/"]}]},{"@type":"ImageObject","inLanguage":"hr-HR","@id":"https:\/\/citycenterone.hr\/split\/arhiva\/prekid-prica-o-muskarcima-i-madracima\/#primaryimage","url":"https:\/\/citycenterone.hr\/split\/wp-content\/uploads\/sites\/4\/2019\/05\/perfecta-kampanja-rijesi-ga-se-slika-01_5cc94d33ca41e-1024x683.jpg","contentUrl":"https:\/\/citycenterone.hr\/split\/wp-content\/uploads\/sites\/4\/2019\/05\/perfecta-kampanja-rijesi-ga-se-slika-01_5cc94d33ca41e-1024x683.jpg","width":1024,"height":683},{"@type":"BreadcrumbList","@id":"https:\/\/citycenterone.hr\/split\/arhiva\/prekid-prica-o-muskarcima-i-madracima\/#breadcrumb","itemListElement":[{"@type":"ListItem","position":1,"name":"Home","item":"https:\/\/citycenterone.hr\/split\/"},{"@type":"ListItem","position":2,"name":"PREKID. PRI\u010cA O MU\u0160KARCIMA I MADRACIMA."}]},{"@type":"WebSite","@id":"https:\/\/citycenterone.hr\/split\/#website","url":"https:\/\/citycenterone.hr\/split\/","name":"Split","description":"Just another City Center One site","potentialAction":[{"@type":"SearchAction","target":{"@type":"EntryPoint","urlTemplate":"https:\/\/citycenterone.hr\/split\/?s={search_term_string}"},"query-input":{"@type":"PropertyValueSpecification","valueRequired":true,"valueName":"search_term_string"}}],"inLanguage":"hr-HR"},{"@type":"Person","@id":"https:\/\/citycenterone.hr\/split\/#\/schema\/person\/db0bbb1b5aeb4ea836df236ae8379ba4","name":"kgarac","image":{"@type":"ImageObject","inLanguage":"hr-HR","@id":"https:\/\/secure.gravatar.com\/avatar\/b599fc997ac3b0f33bbe96aa22995f1b7ded459dddf3ec218cc420eec942bbf9?s=96&d=mm&r=g","url":"https:\/\/secure.gravatar.com\/avatar\/b599fc997ac3b0f33bbe96aa22995f1b7ded459dddf3ec218cc420eec942bbf9?s=96&d=mm&r=g","contentUrl":"https:\/\/secure.gravatar.com\/avatar\/b599fc997ac3b0f33bbe96aa22995f1b7ded459dddf3ec218cc420eec942bbf9?s=96&d=mm&r=g","caption":"kgarac"},"url":"https:\/\/citycenterone.hr\/split\/author\/kgarac\/"}]}},"_links":{"self":[{"href":"https:\/\/citycenterone.hr\/split\/wp-json\/wp\/v2\/posts\/17403","targetHints":{"allow":["GET"]}}],"collection":[{"href":"https:\/\/citycenterone.hr\/split\/wp-json\/wp\/v2\/posts"}],"about":[{"href":"https:\/\/citycenterone.hr\/split\/wp-json\/wp\/v2\/types\/post"}],"author":[{"embeddable":true,"href":"https:\/\/citycenterone.hr\/split\/wp-json\/wp\/v2\/users\/11"}],"replies":[{"embeddable":true,"href":"https:\/\/citycenterone.hr\/split\/wp-json\/wp\/v2\/comments?post=17403"}],"version-history":[{"count":1,"href":"https:\/\/citycenterone.hr\/split\/wp-json\/wp\/v2\/posts\/17403\/revisions"}],"predecessor-version":[{"id":17406,"href":"https:\/\/citycenterone.hr\/split\/wp-json\/wp\/v2\/posts\/17403\/revisions\/17406"}],"wp:featuredmedia":[{"embeddable":true,"href":"https:\/\/citycenterone.hr\/split\/wp-json\/wp\/v2\/media\/17404"}],"wp:attachment":[{"href":"https:\/\/citycenterone.hr\/split\/wp-json\/wp\/v2\/media?parent=17403"}],"wp:term":[{"taxonomy":"category","embeddable":true,"href":"https:\/\/citycenterone.hr\/split\/wp-json\/wp\/v2\/categories?post=17403"},{"taxonomy":"post_tag","embeddable":true,"href":"https:\/\/citycenterone.hr\/split\/wp-json\/wp\/v2\/tags?post=17403"}],"curies":[{"name":"wp","href":"https:\/\/api.w.org\/{rel}","templated":true}]}}