{"id":17447,"date":"2019-05-12T18:26:19","date_gmt":"2019-05-12T18:26:19","guid":{"rendered":"http:\/\/citycenterone.hr\/split\/?p=17447"},"modified":"2019-07-05T09:52:46","modified_gmt":"2019-07-05T09:52:46","slug":"nova-proljetna-kolekcija-je-stigla-u-ciciban","status":"publish","type":"post","link":"https:\/\/citycenterone.hr\/split\/arhiva\/nova-proljetna-kolekcija-je-stigla-u-ciciban\/","title":{"rendered":"Nova proljetna kolekcija je stigla u Ciciban"},"content":{"rendered":"<p>Ciciban je za ovo ljeto pripremio mno\u0161tvo \u0161arenih modela koji \u0107e pratiti svaki korak va\u0161ih malih istra\u017eiva\u010da i istra\u017eiva\u010dica.<\/p>\n<p>Ovogodi\u0161nja ljetna kolekcija cipelica obilje\u017eena je svje\u017eim i ljetnim bojama, ukra\u0161enim morskim motivima i detaljima, te cvjetnim uzorcima i perlicama na modelima za djevoj\u010dice. Ciciban cipele svojim anatomskim oblikom i na\u010dinom izrade omogu\u0107avaju pravilan i zdrav rast dje\u010djih stopala i pru\u017eaju stabilnost pri svakom koraku, a visokokvalitetni prirodni materijali omogu\u0107avaju udobnost i ugodan osje\u0107aj i tokom toplih ljetnih dana.<\/p>\n<p><img loading=\"lazy\" decoding=\"async\" class=\"alignnone wp-image-17452\" src=\"http:\/\/citycenterone.hr\/split\/wp-content\/uploads\/sites\/4\/2019\/05\/Ciciban_ljeto2.png\" alt=\"\" width=\"400\" height=\"400\" srcset=\"https:\/\/citycenterone.hr\/split\/wp-content\/uploads\/sites\/4\/2019\/05\/Ciciban_ljeto2.png 1000w, https:\/\/citycenterone.hr\/split\/wp-content\/uploads\/sites\/4\/2019\/05\/Ciciban_ljeto2-150x150.png 150w, https:\/\/citycenterone.hr\/split\/wp-content\/uploads\/sites\/4\/2019\/05\/Ciciban_ljeto2-300x300.png 300w, https:\/\/citycenterone.hr\/split\/wp-content\/uploads\/sites\/4\/2019\/05\/Ciciban_ljeto2-768x768.png 768w, https:\/\/citycenterone.hr\/split\/wp-content\/uploads\/sites\/4\/2019\/05\/Ciciban_ljeto2-732x732.png 732w, https:\/\/citycenterone.hr\/split\/wp-content\/uploads\/sites\/4\/2019\/05\/Ciciban_ljeto2-412x412.png 412w\" sizes=\"auto, (max-width: 400px) 100vw, 400px\" \/>\u00a0<img loading=\"lazy\" decoding=\"async\" class=\"alignnone wp-image-17450\" src=\"http:\/\/citycenterone.hr\/split\/wp-content\/uploads\/sites\/4\/2019\/05\/Ciciban_ljeto1.png\" alt=\"\" width=\"400\" height=\"400\" srcset=\"https:\/\/citycenterone.hr\/split\/wp-content\/uploads\/sites\/4\/2019\/05\/Ciciban_ljeto1.png 1000w, https:\/\/citycenterone.hr\/split\/wp-content\/uploads\/sites\/4\/2019\/05\/Ciciban_ljeto1-150x150.png 150w, https:\/\/citycenterone.hr\/split\/wp-content\/uploads\/sites\/4\/2019\/05\/Ciciban_ljeto1-300x300.png 300w, https:\/\/citycenterone.hr\/split\/wp-content\/uploads\/sites\/4\/2019\/05\/Ciciban_ljeto1-768x768.png 768w, https:\/\/citycenterone.hr\/split\/wp-content\/uploads\/sites\/4\/2019\/05\/Ciciban_ljeto1-732x732.png 732w, https:\/\/citycenterone.hr\/split\/wp-content\/uploads\/sites\/4\/2019\/05\/Ciciban_ljeto1-412x412.png 412w\" sizes=\"auto, (max-width: 400px) 100vw, 400px\" \/><\/p>\n<p>Potra\u017eite novu Ciciban kolekciju u va\u0161em City Centeru one!<\/p>\n","protected":false},"excerpt":{"rendered":"<p>Pribli\u017eavaju se ljetni \u0161kolski praznici, \u0161to za va\u0161e najmanje zna\u010di u\u017eivanje u suncu, moru i neograni\u010denom vremenu za igru u novim sandalama! <\/p>\n","protected":false},"author":11,"featured_media":17462,"comment_status":"open","ping_status":"open","sticky":false,"template":"","format":"standard","meta":{"_acf_changed":false,"footnotes":""},"categories":[10],"tags":[],"class_list":["post-17447","post","type-post","status-publish","format-standard","has-post-thumbnail","hentry","category-arhiva"],"acf":[],"yoast_head":"<!-- This site is optimized with the Yoast SEO plugin v27.4 - https:\/\/yoast.com\/product\/yoast-seo-wordpress\/ -->\n<title>Nova proljetna kolekcija je stigla u Ciciban - Split<\/title>\n<meta name=\"robots\" content=\"index, follow, max-snippet:-1, max-image-preview:large, max-video-preview:-1\" \/>\n<link rel=\"canonical\" href=\"https:\/\/citycenterone.hr\/split\/arhiva\/nova-proljetna-kolekcija-je-stigla-u-ciciban\/\" \/>\n<meta property=\"og:locale\" content=\"hr_HR\" \/>\n<meta property=\"og:type\" content=\"article\" \/>\n<meta property=\"og:title\" content=\"Nova proljetna kolekcija je stigla u Ciciban - Split\" \/>\n<meta property=\"og:description\" content=\"Pribli\u017eavaju se ljetni \u0161kolski praznici, \u0161to za va\u0161e najmanje zna\u010di u\u017eivanje u suncu, moru i neograni\u010denom vremenu za igru u novim sandalama!\" \/>\n<meta property=\"og:url\" content=\"https:\/\/citycenterone.hr\/split\/arhiva\/nova-proljetna-kolekcija-je-stigla-u-ciciban\/\" \/>\n<meta property=\"og:site_name\" content=\"Split\" \/>\n<meta property=\"article:published_time\" content=\"2019-05-12T18:26:19+00:00\" \/>\n<meta property=\"article:modified_time\" content=\"2019-07-05T09:52:46+00:00\" \/>\n<meta property=\"og:image\" content=\"https:\/\/citycenterone.hr\/split\/wp-content\/uploads\/sites\/4\/2019\/05\/60340118_1575084179291276_3766845872332079104_o.jpg\" \/>\n\t<meta property=\"og:image:width\" content=\"712\" \/>\n\t<meta property=\"og:image:height\" content=\"626\" \/>\n\t<meta property=\"og:image:type\" content=\"image\/jpeg\" \/>\n<meta name=\"author\" content=\"kgarac\" \/>\n<meta name=\"twitter:card\" content=\"summary_large_image\" \/>\n<meta name=\"twitter:label1\" content=\"Written by\" \/>\n\t<meta name=\"twitter:data1\" content=\"kgarac\" \/>\n\t<meta name=\"twitter:label2\" content=\"Est. reading time\" \/>\n\t<meta name=\"twitter:data2\" content=\"1 minute\" \/>\n<script type=\"application\/ld+json\" class=\"yoast-schema-graph\">{\"@context\":\"https:\\\/\\\/schema.org\",\"@graph\":[{\"@type\":\"Article\",\"@id\":\"https:\\\/\\\/citycenterone.hr\\\/split\\\/arhiva\\\/nova-proljetna-kolekcija-je-stigla-u-ciciban\\\/#article\",\"isPartOf\":{\"@id\":\"https:\\\/\\\/citycenterone.hr\\\/split\\\/arhiva\\\/nova-proljetna-kolekcija-je-stigla-u-ciciban\\\/\"},\"author\":{\"name\":\"kgarac\",\"@id\":\"https:\\\/\\\/citycenterone.hr\\\/split\\\/#\\\/schema\\\/person\\\/db0bbb1b5aeb4ea836df236ae8379ba4\"},\"headline\":\"Nova proljetna kolekcija je stigla u Ciciban\",\"datePublished\":\"2019-05-12T18:26:19+00:00\",\"dateModified\":\"2019-07-05T09:52:46+00:00\",\"mainEntityOfPage\":{\"@id\":\"https:\\\/\\\/citycenterone.hr\\\/split\\\/arhiva\\\/nova-proljetna-kolekcija-je-stigla-u-ciciban\\\/\"},\"wordCount\":113,\"commentCount\":0,\"image\":{\"@id\":\"https:\\\/\\\/citycenterone.hr\\\/split\\\/arhiva\\\/nova-proljetna-kolekcija-je-stigla-u-ciciban\\\/#primaryimage\"},\"thumbnailUrl\":\"https:\\\/\\\/citycenterone.hr\\\/split\\\/wp-content\\\/uploads\\\/sites\\\/4\\\/2019\\\/05\\\/60340118_1575084179291276_3766845872332079104_o.jpg\",\"articleSection\":[\"Arhiva\"],\"inLanguage\":\"hr-HR\",\"potentialAction\":[{\"@type\":\"CommentAction\",\"name\":\"Comment\",\"target\":[\"https:\\\/\\\/citycenterone.hr\\\/split\\\/arhiva\\\/nova-proljetna-kolekcija-je-stigla-u-ciciban\\\/#respond\"]}]},{\"@type\":\"WebPage\",\"@id\":\"https:\\\/\\\/citycenterone.hr\\\/split\\\/arhiva\\\/nova-proljetna-kolekcija-je-stigla-u-ciciban\\\/\",\"url\":\"https:\\\/\\\/citycenterone.hr\\\/split\\\/arhiva\\\/nova-proljetna-kolekcija-je-stigla-u-ciciban\\\/\",\"name\":\"Nova proljetna kolekcija je stigla u Ciciban - Split\",\"isPartOf\":{\"@id\":\"https:\\\/\\\/citycenterone.hr\\\/split\\\/#website\"},\"primaryImageOfPage\":{\"@id\":\"https:\\\/\\\/citycenterone.hr\\\/split\\\/arhiva\\\/nova-proljetna-kolekcija-je-stigla-u-ciciban\\\/#primaryimage\"},\"image\":{\"@id\":\"https:\\\/\\\/citycenterone.hr\\\/split\\\/arhiva\\\/nova-proljetna-kolekcija-je-stigla-u-ciciban\\\/#primaryimage\"},\"thumbnailUrl\":\"https:\\\/\\\/citycenterone.hr\\\/split\\\/wp-content\\\/uploads\\\/sites\\\/4\\\/2019\\\/05\\\/60340118_1575084179291276_3766845872332079104_o.jpg\",\"datePublished\":\"2019-05-12T18:26:19+00:00\",\"dateModified\":\"2019-07-05T09:52:46+00:00\",\"author\":{\"@id\":\"https:\\\/\\\/citycenterone.hr\\\/split\\\/#\\\/schema\\\/person\\\/db0bbb1b5aeb4ea836df236ae8379ba4\"},\"breadcrumb\":{\"@id\":\"https:\\\/\\\/citycenterone.hr\\\/split\\\/arhiva\\\/nova-proljetna-kolekcija-je-stigla-u-ciciban\\\/#breadcrumb\"},\"inLanguage\":\"hr-HR\",\"potentialAction\":[{\"@type\":\"ReadAction\",\"target\":[\"https:\\\/\\\/citycenterone.hr\\\/split\\\/arhiva\\\/nova-proljetna-kolekcija-je-stigla-u-ciciban\\\/\"]}]},{\"@type\":\"ImageObject\",\"inLanguage\":\"hr-HR\",\"@id\":\"https:\\\/\\\/citycenterone.hr\\\/split\\\/arhiva\\\/nova-proljetna-kolekcija-je-stigla-u-ciciban\\\/#primaryimage\",\"url\":\"https:\\\/\\\/citycenterone.hr\\\/split\\\/wp-content\\\/uploads\\\/sites\\\/4\\\/2019\\\/05\\\/60340118_1575084179291276_3766845872332079104_o.jpg\",\"contentUrl\":\"https:\\\/\\\/citycenterone.hr\\\/split\\\/wp-content\\\/uploads\\\/sites\\\/4\\\/2019\\\/05\\\/60340118_1575084179291276_3766845872332079104_o.jpg\",\"width\":712,\"height\":626},{\"@type\":\"BreadcrumbList\",\"@id\":\"https:\\\/\\\/citycenterone.hr\\\/split\\\/arhiva\\\/nova-proljetna-kolekcija-je-stigla-u-ciciban\\\/#breadcrumb\",\"itemListElement\":[{\"@type\":\"ListItem\",\"position\":1,\"name\":\"Home\",\"item\":\"https:\\\/\\\/citycenterone.hr\\\/split\\\/\"},{\"@type\":\"ListItem\",\"position\":2,\"name\":\"Nova proljetna kolekcija je stigla u Ciciban\"}]},{\"@type\":\"WebSite\",\"@id\":\"https:\\\/\\\/citycenterone.hr\\\/split\\\/#website\",\"url\":\"https:\\\/\\\/citycenterone.hr\\\/split\\\/\",\"name\":\"Split\",\"description\":\"Just another City Center One site\",\"potentialAction\":[{\"@type\":\"SearchAction\",\"target\":{\"@type\":\"EntryPoint\",\"urlTemplate\":\"https:\\\/\\\/citycenterone.hr\\\/split\\\/?s={search_term_string}\"},\"query-input\":{\"@type\":\"PropertyValueSpecification\",\"valueRequired\":true,\"valueName\":\"search_term_string\"}}],\"inLanguage\":\"hr-HR\"},{\"@type\":\"Person\",\"@id\":\"https:\\\/\\\/citycenterone.hr\\\/split\\\/#\\\/schema\\\/person\\\/db0bbb1b5aeb4ea836df236ae8379ba4\",\"name\":\"kgarac\",\"image\":{\"@type\":\"ImageObject\",\"inLanguage\":\"hr-HR\",\"@id\":\"https:\\\/\\\/secure.gravatar.com\\\/avatar\\\/b599fc997ac3b0f33bbe96aa22995f1b7ded459dddf3ec218cc420eec942bbf9?s=96&d=mm&r=g\",\"url\":\"https:\\\/\\\/secure.gravatar.com\\\/avatar\\\/b599fc997ac3b0f33bbe96aa22995f1b7ded459dddf3ec218cc420eec942bbf9?s=96&d=mm&r=g\",\"contentUrl\":\"https:\\\/\\\/secure.gravatar.com\\\/avatar\\\/b599fc997ac3b0f33bbe96aa22995f1b7ded459dddf3ec218cc420eec942bbf9?s=96&d=mm&r=g\",\"caption\":\"kgarac\"},\"url\":\"https:\\\/\\\/citycenterone.hr\\\/split\\\/author\\\/kgarac\\\/\"}]}<\/script>\n<!-- \/ Yoast SEO plugin. -->","yoast_head_json":{"title":"Nova proljetna kolekcija je stigla u Ciciban - Split","robots":{"index":"index","follow":"follow","max-snippet":"max-snippet:-1","max-image-preview":"max-image-preview:large","max-video-preview":"max-video-preview:-1"},"canonical":"https:\/\/citycenterone.hr\/split\/arhiva\/nova-proljetna-kolekcija-je-stigla-u-ciciban\/","og_locale":"hr_HR","og_type":"article","og_title":"Nova proljetna kolekcija je stigla u Ciciban - Split","og_description":"Pribli\u017eavaju se ljetni \u0161kolski praznici, \u0161to za va\u0161e najmanje zna\u010di u\u017eivanje u suncu, moru i neograni\u010denom vremenu za igru u novim sandalama!","og_url":"https:\/\/citycenterone.hr\/split\/arhiva\/nova-proljetna-kolekcija-je-stigla-u-ciciban\/","og_site_name":"Split","article_published_time":"2019-05-12T18:26:19+00:00","article_modified_time":"2019-07-05T09:52:46+00:00","og_image":[{"width":712,"height":626,"url":"https:\/\/citycenterone.hr\/split\/wp-content\/uploads\/sites\/4\/2019\/05\/60340118_1575084179291276_3766845872332079104_o.jpg","type":"image\/jpeg"}],"author":"kgarac","twitter_card":"summary_large_image","twitter_misc":{"Written by":"kgarac","Est. reading time":"1 minute"},"schema":{"@context":"https:\/\/schema.org","@graph":[{"@type":"Article","@id":"https:\/\/citycenterone.hr\/split\/arhiva\/nova-proljetna-kolekcija-je-stigla-u-ciciban\/#article","isPartOf":{"@id":"https:\/\/citycenterone.hr\/split\/arhiva\/nova-proljetna-kolekcija-je-stigla-u-ciciban\/"},"author":{"name":"kgarac","@id":"https:\/\/citycenterone.hr\/split\/#\/schema\/person\/db0bbb1b5aeb4ea836df236ae8379ba4"},"headline":"Nova proljetna kolekcija je stigla u Ciciban","datePublished":"2019-05-12T18:26:19+00:00","dateModified":"2019-07-05T09:52:46+00:00","mainEntityOfPage":{"@id":"https:\/\/citycenterone.hr\/split\/arhiva\/nova-proljetna-kolekcija-je-stigla-u-ciciban\/"},"wordCount":113,"commentCount":0,"image":{"@id":"https:\/\/citycenterone.hr\/split\/arhiva\/nova-proljetna-kolekcija-je-stigla-u-ciciban\/#primaryimage"},"thumbnailUrl":"https:\/\/citycenterone.hr\/split\/wp-content\/uploads\/sites\/4\/2019\/05\/60340118_1575084179291276_3766845872332079104_o.jpg","articleSection":["Arhiva"],"inLanguage":"hr-HR","potentialAction":[{"@type":"CommentAction","name":"Comment","target":["https:\/\/citycenterone.hr\/split\/arhiva\/nova-proljetna-kolekcija-je-stigla-u-ciciban\/#respond"]}]},{"@type":"WebPage","@id":"https:\/\/citycenterone.hr\/split\/arhiva\/nova-proljetna-kolekcija-je-stigla-u-ciciban\/","url":"https:\/\/citycenterone.hr\/split\/arhiva\/nova-proljetna-kolekcija-je-stigla-u-ciciban\/","name":"Nova proljetna kolekcija je stigla u Ciciban - Split","isPartOf":{"@id":"https:\/\/citycenterone.hr\/split\/#website"},"primaryImageOfPage":{"@id":"https:\/\/citycenterone.hr\/split\/arhiva\/nova-proljetna-kolekcija-je-stigla-u-ciciban\/#primaryimage"},"image":{"@id":"https:\/\/citycenterone.hr\/split\/arhiva\/nova-proljetna-kolekcija-je-stigla-u-ciciban\/#primaryimage"},"thumbnailUrl":"https:\/\/citycenterone.hr\/split\/wp-content\/uploads\/sites\/4\/2019\/05\/60340118_1575084179291276_3766845872332079104_o.jpg","datePublished":"2019-05-12T18:26:19+00:00","dateModified":"2019-07-05T09:52:46+00:00","author":{"@id":"https:\/\/citycenterone.hr\/split\/#\/schema\/person\/db0bbb1b5aeb4ea836df236ae8379ba4"},"breadcrumb":{"@id":"https:\/\/citycenterone.hr\/split\/arhiva\/nova-proljetna-kolekcija-je-stigla-u-ciciban\/#breadcrumb"},"inLanguage":"hr-HR","potentialAction":[{"@type":"ReadAction","target":["https:\/\/citycenterone.hr\/split\/arhiva\/nova-proljetna-kolekcija-je-stigla-u-ciciban\/"]}]},{"@type":"ImageObject","inLanguage":"hr-HR","@id":"https:\/\/citycenterone.hr\/split\/arhiva\/nova-proljetna-kolekcija-je-stigla-u-ciciban\/#primaryimage","url":"https:\/\/citycenterone.hr\/split\/wp-content\/uploads\/sites\/4\/2019\/05\/60340118_1575084179291276_3766845872332079104_o.jpg","contentUrl":"https:\/\/citycenterone.hr\/split\/wp-content\/uploads\/sites\/4\/2019\/05\/60340118_1575084179291276_3766845872332079104_o.jpg","width":712,"height":626},{"@type":"BreadcrumbList","@id":"https:\/\/citycenterone.hr\/split\/arhiva\/nova-proljetna-kolekcija-je-stigla-u-ciciban\/#breadcrumb","itemListElement":[{"@type":"ListItem","position":1,"name":"Home","item":"https:\/\/citycenterone.hr\/split\/"},{"@type":"ListItem","position":2,"name":"Nova proljetna kolekcija je stigla u Ciciban"}]},{"@type":"WebSite","@id":"https:\/\/citycenterone.hr\/split\/#website","url":"https:\/\/citycenterone.hr\/split\/","name":"Split","description":"Just another City Center One site","potentialAction":[{"@type":"SearchAction","target":{"@type":"EntryPoint","urlTemplate":"https:\/\/citycenterone.hr\/split\/?s={search_term_string}"},"query-input":{"@type":"PropertyValueSpecification","valueRequired":true,"valueName":"search_term_string"}}],"inLanguage":"hr-HR"},{"@type":"Person","@id":"https:\/\/citycenterone.hr\/split\/#\/schema\/person\/db0bbb1b5aeb4ea836df236ae8379ba4","name":"kgarac","image":{"@type":"ImageObject","inLanguage":"hr-HR","@id":"https:\/\/secure.gravatar.com\/avatar\/b599fc997ac3b0f33bbe96aa22995f1b7ded459dddf3ec218cc420eec942bbf9?s=96&d=mm&r=g","url":"https:\/\/secure.gravatar.com\/avatar\/b599fc997ac3b0f33bbe96aa22995f1b7ded459dddf3ec218cc420eec942bbf9?s=96&d=mm&r=g","contentUrl":"https:\/\/secure.gravatar.com\/avatar\/b599fc997ac3b0f33bbe96aa22995f1b7ded459dddf3ec218cc420eec942bbf9?s=96&d=mm&r=g","caption":"kgarac"},"url":"https:\/\/citycenterone.hr\/split\/author\/kgarac\/"}]}},"_links":{"self":[{"href":"https:\/\/citycenterone.hr\/split\/wp-json\/wp\/v2\/posts\/17447","targetHints":{"allow":["GET"]}}],"collection":[{"href":"https:\/\/citycenterone.hr\/split\/wp-json\/wp\/v2\/posts"}],"about":[{"href":"https:\/\/citycenterone.hr\/split\/wp-json\/wp\/v2\/types\/post"}],"author":[{"embeddable":true,"href":"https:\/\/citycenterone.hr\/split\/wp-json\/wp\/v2\/users\/11"}],"replies":[{"embeddable":true,"href":"https:\/\/citycenterone.hr\/split\/wp-json\/wp\/v2\/comments?post=17447"}],"version-history":[{"count":3,"href":"https:\/\/citycenterone.hr\/split\/wp-json\/wp\/v2\/posts\/17447\/revisions"}],"predecessor-version":[{"id":17466,"href":"https:\/\/citycenterone.hr\/split\/wp-json\/wp\/v2\/posts\/17447\/revisions\/17466"}],"wp:featuredmedia":[{"embeddable":true,"href":"https:\/\/citycenterone.hr\/split\/wp-json\/wp\/v2\/media\/17462"}],"wp:attachment":[{"href":"https:\/\/citycenterone.hr\/split\/wp-json\/wp\/v2\/media?parent=17447"}],"wp:term":[{"taxonomy":"category","embeddable":true,"href":"https:\/\/citycenterone.hr\/split\/wp-json\/wp\/v2\/categories?post=17447"},{"taxonomy":"post_tag","embeddable":true,"href":"https:\/\/citycenterone.hr\/split\/wp-json\/wp\/v2\/tags?post=17447"}],"curies":[{"name":"wp","href":"https:\/\/api.w.org\/{rel}","templated":true}]}}