{"id":18597,"date":"2019-06-10T08:19:45","date_gmt":"2019-06-10T08:19:45","guid":{"rendered":"http:\/\/citycenterone.hr\/split\/?p=18597"},"modified":"2019-09-11T14:47:29","modified_gmt":"2019-09-11T14:47:29","slug":"ana-bacinger-u-sandalama-iz-guliver-ljetne-kolekcije","status":"publish","type":"post","link":"https:\/\/citycenterone.hr\/split\/arhiva\/ana-bacinger-u-sandalama-iz-guliver-ljetne-kolekcije\/","title":{"rendered":"Ana Bacinger u sandalama iz Guliver ljetne kolekcije"},"content":{"rendered":"<p>Ljeto se kona\u010dno vratilo u grad, a s njim i najpo\u017eeljnija ljetna obu\u0107a \u2013 Guliver sandale u vibrantnim bojama, poput zelene, plave, \u017eute, ultra ljubi\u010daste te crvene. U dru\u0161tvu jedne od najpoznatijih hrvatskih modnih urednica i bloggerica, Ane Bacinger, pro\u0161etali smo ulicama baroknog Vara\u017edina kako bi predstavili uli\u010dne stylinge za ljetnu sezonu u kojoj je sve dopu\u0161teno \u2013 od minimalizma do koloritnih odjevnih kombinacija.<\/p>\n<p>Talijanska ko\u017ea, potpetice do 7 cm visine i panel detalji u komplementarnim bojama dominiraju kolekcijom sandala s hrvatskim potpisom. Boje su u prvom planu. Traperice i rezani topovi s puf rukavima u neutralnim bojama; ljetne haljinice s razigranim printom motivima; bijela kao kontrast jarkim bojama obu\u0107e, nezaobilazni pleteni cekeri u svim oblicima, sun\u010dane nao\u010dale i nakit kao detalji ljeta savr\u0161eno komplimentiraju stylinzima s potpisom ove poznate doma\u0107e modne bloggerice.<\/p>\n<p><img loading=\"lazy\" decoding=\"async\" class=\"alignnone wp-image-18598\" src=\"http:\/\/citycenterone.hr\/split\/wp-content\/uploads\/sites\/4\/2019\/06\/Guliver-x-Ana-Bacinger-3-683x1024.jpg\" alt=\"\" width=\"350\" height=\"525\" srcset=\"https:\/\/citycenterone.hr\/split\/wp-content\/uploads\/sites\/4\/2019\/06\/Guliver-x-Ana-Bacinger-3-683x1024.jpg 683w, https:\/\/citycenterone.hr\/split\/wp-content\/uploads\/sites\/4\/2019\/06\/Guliver-x-Ana-Bacinger-3-768x1151.jpg 768w, https:\/\/citycenterone.hr\/split\/wp-content\/uploads\/sites\/4\/2019\/06\/Guliver-x-Ana-Bacinger-3.jpg 936w\" sizes=\"auto, (max-width: 350px) 100vw, 350px\" \/> <img loading=\"lazy\" decoding=\"async\" class=\"alignnone wp-image-18600\" src=\"http:\/\/citycenterone.hr\/split\/wp-content\/uploads\/sites\/4\/2019\/06\/Guliver-x-Ana-Bacinger-8-682x1024.jpg\" alt=\"\" width=\"350\" height=\"525\" srcset=\"https:\/\/citycenterone.hr\/split\/wp-content\/uploads\/sites\/4\/2019\/06\/Guliver-x-Ana-Bacinger-8-682x1024.jpg 682w, https:\/\/citycenterone.hr\/split\/wp-content\/uploads\/sites\/4\/2019\/06\/Guliver-x-Ana-Bacinger-8-768x1152.jpg 768w, https:\/\/citycenterone.hr\/split\/wp-content\/uploads\/sites\/4\/2019\/06\/Guliver-x-Ana-Bacinger-8.jpg 935w\" sizes=\"auto, (max-width: 350px) 100vw, 350px\" \/><\/p>\n<p><img loading=\"lazy\" decoding=\"async\" class=\"alignnone wp-image-18602\" src=\"http:\/\/citycenterone.hr\/split\/wp-content\/uploads\/sites\/4\/2019\/06\/Guliver-x-Ana-Bacinger-20-682x1024.jpg\" alt=\"\" width=\"350\" height=\"525\" srcset=\"https:\/\/citycenterone.hr\/split\/wp-content\/uploads\/sites\/4\/2019\/06\/Guliver-x-Ana-Bacinger-20-682x1024.jpg 682w, https:\/\/citycenterone.hr\/split\/wp-content\/uploads\/sites\/4\/2019\/06\/Guliver-x-Ana-Bacinger-20-768x1152.jpg 768w, https:\/\/citycenterone.hr\/split\/wp-content\/uploads\/sites\/4\/2019\/06\/Guliver-x-Ana-Bacinger-20.jpg 935w\" sizes=\"auto, (max-width: 350px) 100vw, 350px\" \/> <img loading=\"lazy\" decoding=\"async\" class=\"alignnone wp-image-18604\" src=\"http:\/\/citycenterone.hr\/split\/wp-content\/uploads\/sites\/4\/2019\/06\/Guliver-x-Ana-Bacinger-1-682x1024.jpg\" alt=\"\" width=\"350\" height=\"525\" srcset=\"https:\/\/citycenterone.hr\/split\/wp-content\/uploads\/sites\/4\/2019\/06\/Guliver-x-Ana-Bacinger-1-682x1024.jpg 682w, https:\/\/citycenterone.hr\/split\/wp-content\/uploads\/sites\/4\/2019\/06\/Guliver-x-Ana-Bacinger-1-768x1152.jpg 768w, https:\/\/citycenterone.hr\/split\/wp-content\/uploads\/sites\/4\/2019\/06\/Guliver-x-Ana-Bacinger-1.jpg 935w\" sizes=\"auto, (max-width: 350px) 100vw, 350px\" \/><\/p>\n<p>Nepretenciozni stylinzi, koji besprijekorno funkcioniraju i kao street style kombinacije, ali i za ve\u010dernje odjevne varijante, zaokru\u017eeni su statement sandalama koje potvr\u0111uju kako je manje zapravo vi\u0161e. Jednostavni modeli koji neodoljivo podsje\u0107aju na slingback salonke, evergreen modeli na petu otvorenih prstiju i sandale s cool ravnim ili isprepletenim remen\u010di\u0107ima uklopit \u0107e se u svaki ljetni modni outfit.<\/p>\n<p>Od ove sezone, Guliver u ponudi ima i basic liniju sandala u sklopu koje su modeli dostupni po cijenama od 329 do 449 kuna. Modeli iz basic linije, izra\u0111eni od kvalitetne ko\u017ee kao i ostatak kolekcije, dostupni su tijekom cijele sezone po uvijek istoj atraktivnoj cijeni u va\u0161em omiljenom City Centeru one!<\/p>\n","protected":false},"excerpt":{"rendered":"<p>Ovog ljeta nosimo jarke boje sandala, pletene cekere, cvije\u0107e i osmijeh.<\/p>\n","protected":false},"author":11,"featured_media":18606,"comment_status":"open","ping_status":"open","sticky":false,"template":"","format":"standard","meta":{"_acf_changed":false,"footnotes":""},"categories":[10],"tags":[],"class_list":["post-18597","post","type-post","status-publish","format-standard","has-post-thumbnail","hentry","category-arhiva"],"acf":[],"yoast_head":"<!-- This site is optimized with the Yoast SEO plugin v27.4 - https:\/\/yoast.com\/product\/yoast-seo-wordpress\/ -->\n<title>Ana Bacinger u sandalama iz Guliver ljetne kolekcije - Split<\/title>\n<meta name=\"robots\" content=\"index, follow, max-snippet:-1, max-image-preview:large, max-video-preview:-1\" \/>\n<link rel=\"canonical\" href=\"https:\/\/citycenterone.hr\/split\/arhiva\/ana-bacinger-u-sandalama-iz-guliver-ljetne-kolekcije\/\" \/>\n<meta property=\"og:locale\" content=\"hr_HR\" \/>\n<meta property=\"og:type\" content=\"article\" \/>\n<meta property=\"og:title\" content=\"Ana Bacinger u sandalama iz Guliver ljetne kolekcije - Split\" \/>\n<meta property=\"og:description\" content=\"Ovog ljeta nosimo jarke boje sandala, pletene cekere, cvije\u0107e i osmijeh.\" \/>\n<meta property=\"og:url\" content=\"https:\/\/citycenterone.hr\/split\/arhiva\/ana-bacinger-u-sandalama-iz-guliver-ljetne-kolekcije\/\" \/>\n<meta property=\"og:site_name\" content=\"Split\" \/>\n<meta property=\"article:published_time\" content=\"2019-06-10T08:19:45+00:00\" \/>\n<meta property=\"article:modified_time\" content=\"2019-09-11T14:47:29+00:00\" \/>\n<meta property=\"og:image\" content=\"https:\/\/citycenterone.hr\/split\/wp-content\/uploads\/sites\/4\/2019\/06\/Guliver-x-Ana-Bacinger-14.jpg\" \/>\n\t<meta property=\"og:image:width\" content=\"935\" \/>\n\t<meta property=\"og:image:height\" content=\"1403\" \/>\n\t<meta property=\"og:image:type\" content=\"image\/jpeg\" \/>\n<meta name=\"author\" content=\"kgarac\" \/>\n<meta name=\"twitter:card\" content=\"summary_large_image\" \/>\n<meta name=\"twitter:label1\" content=\"Written by\" \/>\n\t<meta name=\"twitter:data1\" content=\"kgarac\" \/>\n\t<meta name=\"twitter:label2\" content=\"Est. reading time\" \/>\n\t<meta name=\"twitter:data2\" content=\"1 minute\" \/>\n<script type=\"application\/ld+json\" class=\"yoast-schema-graph\">{\"@context\":\"https:\\\/\\\/schema.org\",\"@graph\":[{\"@type\":\"Article\",\"@id\":\"https:\\\/\\\/citycenterone.hr\\\/split\\\/arhiva\\\/ana-bacinger-u-sandalama-iz-guliver-ljetne-kolekcije\\\/#article\",\"isPartOf\":{\"@id\":\"https:\\\/\\\/citycenterone.hr\\\/split\\\/arhiva\\\/ana-bacinger-u-sandalama-iz-guliver-ljetne-kolekcije\\\/\"},\"author\":{\"name\":\"kgarac\",\"@id\":\"https:\\\/\\\/citycenterone.hr\\\/split\\\/#\\\/schema\\\/person\\\/db0bbb1b5aeb4ea836df236ae8379ba4\"},\"headline\":\"Ana Bacinger u sandalama iz Guliver ljetne kolekcije\",\"datePublished\":\"2019-06-10T08:19:45+00:00\",\"dateModified\":\"2019-09-11T14:47:29+00:00\",\"mainEntityOfPage\":{\"@id\":\"https:\\\/\\\/citycenterone.hr\\\/split\\\/arhiva\\\/ana-bacinger-u-sandalama-iz-guliver-ljetne-kolekcije\\\/\"},\"wordCount\":270,\"commentCount\":0,\"image\":{\"@id\":\"https:\\\/\\\/citycenterone.hr\\\/split\\\/arhiva\\\/ana-bacinger-u-sandalama-iz-guliver-ljetne-kolekcije\\\/#primaryimage\"},\"thumbnailUrl\":\"https:\\\/\\\/citycenterone.hr\\\/split\\\/wp-content\\\/uploads\\\/sites\\\/4\\\/2019\\\/06\\\/Guliver-x-Ana-Bacinger-14.jpg\",\"articleSection\":[\"Arhiva\"],\"inLanguage\":\"hr-HR\",\"potentialAction\":[{\"@type\":\"CommentAction\",\"name\":\"Comment\",\"target\":[\"https:\\\/\\\/citycenterone.hr\\\/split\\\/arhiva\\\/ana-bacinger-u-sandalama-iz-guliver-ljetne-kolekcije\\\/#respond\"]}]},{\"@type\":\"WebPage\",\"@id\":\"https:\\\/\\\/citycenterone.hr\\\/split\\\/arhiva\\\/ana-bacinger-u-sandalama-iz-guliver-ljetne-kolekcije\\\/\",\"url\":\"https:\\\/\\\/citycenterone.hr\\\/split\\\/arhiva\\\/ana-bacinger-u-sandalama-iz-guliver-ljetne-kolekcije\\\/\",\"name\":\"Ana Bacinger u sandalama iz Guliver ljetne kolekcije - Split\",\"isPartOf\":{\"@id\":\"https:\\\/\\\/citycenterone.hr\\\/split\\\/#website\"},\"primaryImageOfPage\":{\"@id\":\"https:\\\/\\\/citycenterone.hr\\\/split\\\/arhiva\\\/ana-bacinger-u-sandalama-iz-guliver-ljetne-kolekcije\\\/#primaryimage\"},\"image\":{\"@id\":\"https:\\\/\\\/citycenterone.hr\\\/split\\\/arhiva\\\/ana-bacinger-u-sandalama-iz-guliver-ljetne-kolekcije\\\/#primaryimage\"},\"thumbnailUrl\":\"https:\\\/\\\/citycenterone.hr\\\/split\\\/wp-content\\\/uploads\\\/sites\\\/4\\\/2019\\\/06\\\/Guliver-x-Ana-Bacinger-14.jpg\",\"datePublished\":\"2019-06-10T08:19:45+00:00\",\"dateModified\":\"2019-09-11T14:47:29+00:00\",\"author\":{\"@id\":\"https:\\\/\\\/citycenterone.hr\\\/split\\\/#\\\/schema\\\/person\\\/db0bbb1b5aeb4ea836df236ae8379ba4\"},\"breadcrumb\":{\"@id\":\"https:\\\/\\\/citycenterone.hr\\\/split\\\/arhiva\\\/ana-bacinger-u-sandalama-iz-guliver-ljetne-kolekcije\\\/#breadcrumb\"},\"inLanguage\":\"hr-HR\",\"potentialAction\":[{\"@type\":\"ReadAction\",\"target\":[\"https:\\\/\\\/citycenterone.hr\\\/split\\\/arhiva\\\/ana-bacinger-u-sandalama-iz-guliver-ljetne-kolekcije\\\/\"]}]},{\"@type\":\"ImageObject\",\"inLanguage\":\"hr-HR\",\"@id\":\"https:\\\/\\\/citycenterone.hr\\\/split\\\/arhiva\\\/ana-bacinger-u-sandalama-iz-guliver-ljetne-kolekcije\\\/#primaryimage\",\"url\":\"https:\\\/\\\/citycenterone.hr\\\/split\\\/wp-content\\\/uploads\\\/sites\\\/4\\\/2019\\\/06\\\/Guliver-x-Ana-Bacinger-14.jpg\",\"contentUrl\":\"https:\\\/\\\/citycenterone.hr\\\/split\\\/wp-content\\\/uploads\\\/sites\\\/4\\\/2019\\\/06\\\/Guliver-x-Ana-Bacinger-14.jpg\",\"width\":935,\"height\":1403},{\"@type\":\"BreadcrumbList\",\"@id\":\"https:\\\/\\\/citycenterone.hr\\\/split\\\/arhiva\\\/ana-bacinger-u-sandalama-iz-guliver-ljetne-kolekcije\\\/#breadcrumb\",\"itemListElement\":[{\"@type\":\"ListItem\",\"position\":1,\"name\":\"Home\",\"item\":\"https:\\\/\\\/citycenterone.hr\\\/split\\\/\"},{\"@type\":\"ListItem\",\"position\":2,\"name\":\"Ana Bacinger u sandalama iz Guliver ljetne kolekcije\"}]},{\"@type\":\"WebSite\",\"@id\":\"https:\\\/\\\/citycenterone.hr\\\/split\\\/#website\",\"url\":\"https:\\\/\\\/citycenterone.hr\\\/split\\\/\",\"name\":\"Split\",\"description\":\"Just another City Center One site\",\"potentialAction\":[{\"@type\":\"SearchAction\",\"target\":{\"@type\":\"EntryPoint\",\"urlTemplate\":\"https:\\\/\\\/citycenterone.hr\\\/split\\\/?s={search_term_string}\"},\"query-input\":{\"@type\":\"PropertyValueSpecification\",\"valueRequired\":true,\"valueName\":\"search_term_string\"}}],\"inLanguage\":\"hr-HR\"},{\"@type\":\"Person\",\"@id\":\"https:\\\/\\\/citycenterone.hr\\\/split\\\/#\\\/schema\\\/person\\\/db0bbb1b5aeb4ea836df236ae8379ba4\",\"name\":\"kgarac\",\"image\":{\"@type\":\"ImageObject\",\"inLanguage\":\"hr-HR\",\"@id\":\"https:\\\/\\\/secure.gravatar.com\\\/avatar\\\/b599fc997ac3b0f33bbe96aa22995f1b7ded459dddf3ec218cc420eec942bbf9?s=96&d=mm&r=g\",\"url\":\"https:\\\/\\\/secure.gravatar.com\\\/avatar\\\/b599fc997ac3b0f33bbe96aa22995f1b7ded459dddf3ec218cc420eec942bbf9?s=96&d=mm&r=g\",\"contentUrl\":\"https:\\\/\\\/secure.gravatar.com\\\/avatar\\\/b599fc997ac3b0f33bbe96aa22995f1b7ded459dddf3ec218cc420eec942bbf9?s=96&d=mm&r=g\",\"caption\":\"kgarac\"},\"url\":\"https:\\\/\\\/citycenterone.hr\\\/split\\\/author\\\/kgarac\\\/\"}]}<\/script>\n<!-- \/ Yoast SEO plugin. -->","yoast_head_json":{"title":"Ana Bacinger u sandalama iz Guliver ljetne kolekcije - Split","robots":{"index":"index","follow":"follow","max-snippet":"max-snippet:-1","max-image-preview":"max-image-preview:large","max-video-preview":"max-video-preview:-1"},"canonical":"https:\/\/citycenterone.hr\/split\/arhiva\/ana-bacinger-u-sandalama-iz-guliver-ljetne-kolekcije\/","og_locale":"hr_HR","og_type":"article","og_title":"Ana Bacinger u sandalama iz Guliver ljetne kolekcije - Split","og_description":"Ovog ljeta nosimo jarke boje sandala, pletene cekere, cvije\u0107e i osmijeh.","og_url":"https:\/\/citycenterone.hr\/split\/arhiva\/ana-bacinger-u-sandalama-iz-guliver-ljetne-kolekcije\/","og_site_name":"Split","article_published_time":"2019-06-10T08:19:45+00:00","article_modified_time":"2019-09-11T14:47:29+00:00","og_image":[{"width":935,"height":1403,"url":"https:\/\/citycenterone.hr\/split\/wp-content\/uploads\/sites\/4\/2019\/06\/Guliver-x-Ana-Bacinger-14.jpg","type":"image\/jpeg"}],"author":"kgarac","twitter_card":"summary_large_image","twitter_misc":{"Written by":"kgarac","Est. reading time":"1 minute"},"schema":{"@context":"https:\/\/schema.org","@graph":[{"@type":"Article","@id":"https:\/\/citycenterone.hr\/split\/arhiva\/ana-bacinger-u-sandalama-iz-guliver-ljetne-kolekcije\/#article","isPartOf":{"@id":"https:\/\/citycenterone.hr\/split\/arhiva\/ana-bacinger-u-sandalama-iz-guliver-ljetne-kolekcije\/"},"author":{"name":"kgarac","@id":"https:\/\/citycenterone.hr\/split\/#\/schema\/person\/db0bbb1b5aeb4ea836df236ae8379ba4"},"headline":"Ana Bacinger u sandalama iz Guliver ljetne kolekcije","datePublished":"2019-06-10T08:19:45+00:00","dateModified":"2019-09-11T14:47:29+00:00","mainEntityOfPage":{"@id":"https:\/\/citycenterone.hr\/split\/arhiva\/ana-bacinger-u-sandalama-iz-guliver-ljetne-kolekcije\/"},"wordCount":270,"commentCount":0,"image":{"@id":"https:\/\/citycenterone.hr\/split\/arhiva\/ana-bacinger-u-sandalama-iz-guliver-ljetne-kolekcije\/#primaryimage"},"thumbnailUrl":"https:\/\/citycenterone.hr\/split\/wp-content\/uploads\/sites\/4\/2019\/06\/Guliver-x-Ana-Bacinger-14.jpg","articleSection":["Arhiva"],"inLanguage":"hr-HR","potentialAction":[{"@type":"CommentAction","name":"Comment","target":["https:\/\/citycenterone.hr\/split\/arhiva\/ana-bacinger-u-sandalama-iz-guliver-ljetne-kolekcije\/#respond"]}]},{"@type":"WebPage","@id":"https:\/\/citycenterone.hr\/split\/arhiva\/ana-bacinger-u-sandalama-iz-guliver-ljetne-kolekcije\/","url":"https:\/\/citycenterone.hr\/split\/arhiva\/ana-bacinger-u-sandalama-iz-guliver-ljetne-kolekcije\/","name":"Ana Bacinger u sandalama iz Guliver ljetne kolekcije - Split","isPartOf":{"@id":"https:\/\/citycenterone.hr\/split\/#website"},"primaryImageOfPage":{"@id":"https:\/\/citycenterone.hr\/split\/arhiva\/ana-bacinger-u-sandalama-iz-guliver-ljetne-kolekcije\/#primaryimage"},"image":{"@id":"https:\/\/citycenterone.hr\/split\/arhiva\/ana-bacinger-u-sandalama-iz-guliver-ljetne-kolekcije\/#primaryimage"},"thumbnailUrl":"https:\/\/citycenterone.hr\/split\/wp-content\/uploads\/sites\/4\/2019\/06\/Guliver-x-Ana-Bacinger-14.jpg","datePublished":"2019-06-10T08:19:45+00:00","dateModified":"2019-09-11T14:47:29+00:00","author":{"@id":"https:\/\/citycenterone.hr\/split\/#\/schema\/person\/db0bbb1b5aeb4ea836df236ae8379ba4"},"breadcrumb":{"@id":"https:\/\/citycenterone.hr\/split\/arhiva\/ana-bacinger-u-sandalama-iz-guliver-ljetne-kolekcije\/#breadcrumb"},"inLanguage":"hr-HR","potentialAction":[{"@type":"ReadAction","target":["https:\/\/citycenterone.hr\/split\/arhiva\/ana-bacinger-u-sandalama-iz-guliver-ljetne-kolekcije\/"]}]},{"@type":"ImageObject","inLanguage":"hr-HR","@id":"https:\/\/citycenterone.hr\/split\/arhiva\/ana-bacinger-u-sandalama-iz-guliver-ljetne-kolekcije\/#primaryimage","url":"https:\/\/citycenterone.hr\/split\/wp-content\/uploads\/sites\/4\/2019\/06\/Guliver-x-Ana-Bacinger-14.jpg","contentUrl":"https:\/\/citycenterone.hr\/split\/wp-content\/uploads\/sites\/4\/2019\/06\/Guliver-x-Ana-Bacinger-14.jpg","width":935,"height":1403},{"@type":"BreadcrumbList","@id":"https:\/\/citycenterone.hr\/split\/arhiva\/ana-bacinger-u-sandalama-iz-guliver-ljetne-kolekcije\/#breadcrumb","itemListElement":[{"@type":"ListItem","position":1,"name":"Home","item":"https:\/\/citycenterone.hr\/split\/"},{"@type":"ListItem","position":2,"name":"Ana Bacinger u sandalama iz Guliver ljetne kolekcije"}]},{"@type":"WebSite","@id":"https:\/\/citycenterone.hr\/split\/#website","url":"https:\/\/citycenterone.hr\/split\/","name":"Split","description":"Just another City Center One site","potentialAction":[{"@type":"SearchAction","target":{"@type":"EntryPoint","urlTemplate":"https:\/\/citycenterone.hr\/split\/?s={search_term_string}"},"query-input":{"@type":"PropertyValueSpecification","valueRequired":true,"valueName":"search_term_string"}}],"inLanguage":"hr-HR"},{"@type":"Person","@id":"https:\/\/citycenterone.hr\/split\/#\/schema\/person\/db0bbb1b5aeb4ea836df236ae8379ba4","name":"kgarac","image":{"@type":"ImageObject","inLanguage":"hr-HR","@id":"https:\/\/secure.gravatar.com\/avatar\/b599fc997ac3b0f33bbe96aa22995f1b7ded459dddf3ec218cc420eec942bbf9?s=96&d=mm&r=g","url":"https:\/\/secure.gravatar.com\/avatar\/b599fc997ac3b0f33bbe96aa22995f1b7ded459dddf3ec218cc420eec942bbf9?s=96&d=mm&r=g","contentUrl":"https:\/\/secure.gravatar.com\/avatar\/b599fc997ac3b0f33bbe96aa22995f1b7ded459dddf3ec218cc420eec942bbf9?s=96&d=mm&r=g","caption":"kgarac"},"url":"https:\/\/citycenterone.hr\/split\/author\/kgarac\/"}]}},"_links":{"self":[{"href":"https:\/\/citycenterone.hr\/split\/wp-json\/wp\/v2\/posts\/18597","targetHints":{"allow":["GET"]}}],"collection":[{"href":"https:\/\/citycenterone.hr\/split\/wp-json\/wp\/v2\/posts"}],"about":[{"href":"https:\/\/citycenterone.hr\/split\/wp-json\/wp\/v2\/types\/post"}],"author":[{"embeddable":true,"href":"https:\/\/citycenterone.hr\/split\/wp-json\/wp\/v2\/users\/11"}],"replies":[{"embeddable":true,"href":"https:\/\/citycenterone.hr\/split\/wp-json\/wp\/v2\/comments?post=18597"}],"version-history":[{"count":3,"href":"https:\/\/citycenterone.hr\/split\/wp-json\/wp\/v2\/posts\/18597\/revisions"}],"predecessor-version":[{"id":18610,"href":"https:\/\/citycenterone.hr\/split\/wp-json\/wp\/v2\/posts\/18597\/revisions\/18610"}],"wp:featuredmedia":[{"embeddable":true,"href":"https:\/\/citycenterone.hr\/split\/wp-json\/wp\/v2\/media\/18606"}],"wp:attachment":[{"href":"https:\/\/citycenterone.hr\/split\/wp-json\/wp\/v2\/media?parent=18597"}],"wp:term":[{"taxonomy":"category","embeddable":true,"href":"https:\/\/citycenterone.hr\/split\/wp-json\/wp\/v2\/categories?post=18597"},{"taxonomy":"post_tag","embeddable":true,"href":"https:\/\/citycenterone.hr\/split\/wp-json\/wp\/v2\/tags?post=18597"}],"curies":[{"name":"wp","href":"https:\/\/api.w.org\/{rel}","templated":true}]}}