{"id":23474,"date":"2019-07-19T14:47:52","date_gmt":"2019-07-19T14:47:52","guid":{"rendered":"http:\/\/citycenterone.hr\/split\/?p=23474"},"modified":"2019-09-11T14:49:17","modified_gmt":"2019-09-11T14:49:17","slug":"budi-fashion-na-plazi-uz-carpisu","status":"publish","type":"post","link":"https:\/\/citycenterone.hr\/split\/arhiva\/budi-fashion-na-plazi-uz-carpisu\/","title":{"rendered":"BUDI FASHION NA PLA\u017dI UZ CARPISU"},"content":{"rendered":"<p>Carpisa ima odgovor na svaki ljetni modni izazov, bilo da se radi o ljetnoj avanturi na pla\u017ei, ispijanju koktela u romanti\u010dnom\u00a0beach baru ili ludim provodima na ljetnim\u00a0festivalima. Intenzivni i vedri ljetni tonovi prevladavaju na modelima od rafije, pletiva i tkanine,\u00a0dok efektne prozirne torbe od pvc materijala i gume osim \u0161to izgledaju cool, prakti\u010dne su ako se zaputite na brod ili party gdje su va\u0161e stvari izlo\u017eene vodi.<\/p>\n<p><img loading=\"lazy\" decoding=\"async\" class=\"alignnone wp-image-26912 \" src=\"http:\/\/citycenterone.hr\/zagreb-east\/wp-content\/uploads\/sites\/3\/2019\/07\/Carpisa-2.jpg\" sizes=\"auto, (max-width: 389px) 100vw, 389px\" alt=\"\" width=\"389\" height=\"389\" \/> \u00a0<img loading=\"lazy\" decoding=\"async\" class=\"alignnone wp-image-26918 \" src=\"http:\/\/citycenterone.hr\/zagreb-east\/wp-content\/uploads\/sites\/3\/2019\/07\/Carpisa_summer_bag.jpg\" sizes=\"auto, (max-width: 390px) 100vw, 390px\" alt=\"\" width=\"390\" height=\"390\" \/><\/p>\n<p>Atraktivne torbe od rafije u Carpisa kolekciji prona\u0107i \u0107ete u raznim izvedbama, od torbica preko ramena s detaljima poput pompona ili resica, pa sve do klasi\u010dnih cekera s veselim aplikacijama. Kolekcija bogata raznim modelima, oblicima i veli\u010dinama, zadovoljit \u0107e sva\u010diji ukus, ne samo da upotpuni va\u0161 \u00a0look na pla\u017ei \u00a0ve\u0107 i u ne\u0161to ozbiljnijim odjevnim kombinacijama.<\/p>\n<p><img loading=\"lazy\" decoding=\"async\" class=\"alignnone wp-image-26916 \" src=\"http:\/\/citycenterone.hr\/zagreb-east\/wp-content\/uploads\/sites\/3\/2019\/07\/66192964_1353424904804670_1193047824980246528_n.jpg\" sizes=\"auto, (max-width: 389px) 100vw, 389px\" alt=\"\" width=\"389\" height=\"389\" \/>\u00a0<img loading=\"lazy\" decoding=\"async\" class=\"alignnone wp-image-26914 \" src=\"http:\/\/citycenterone.hr\/zagreb-east\/wp-content\/uploads\/sites\/3\/2019\/07\/Carpisa_cijena_11450kn14.jpg\" sizes=\"auto, (max-width: 388px) 100vw, 388px\" alt=\"\" width=\"388\" height=\"388\" \/><\/p>\n<p>Ljetna sni\u017eenja su u tijeku, a Carpisa \u00a0kolekcija je trenutno dostupna na sni\u017eenju\u00a0 od 30 \u2013 50 %. Potra\u017eite svoju omiljenu torbu s Carpisa potpisom i sa stilom u\u017eivajte u ljetu.<\/p>\n\t<div id=\"news-gallery\" class=\"news-gallery clearfix\">\n\t\t<a href=\"https:\/\/citycenterone.hr\/split\/wp-content\/uploads\/sites\/4\/2019\/07\/Carpisa_torba_41-3.jpg\" class=\"news-gallery__large\" style=\"background-image: url('https:\/\/citycenterone.hr\/split\/wp-content\/uploads\/sites\/4\/2019\/07\/Carpisa_torba_41-3.jpg'); background-position: 50.68% 92.75%\">\n\t\t\t<img decoding=\"async\" class=\"news-gallery__icon\" src=\"https:\/\/citycenterone.hr\/split\/wp-content\/themes\/am2\/assets\/images\/gallery.png\"\/>\n\t\t<\/a>\n\t\t\t\t\t<a href=\"https:\/\/citycenterone.hr\/split\/wp-content\/uploads\/sites\/4\/2019\/07\/Carpisa_torba_41-4.jpg\" class=\"news-gallery__items\"><\/a>\n\t\t\t\t\t<a href=\"https:\/\/citycenterone.hr\/split\/wp-content\/uploads\/sites\/4\/2019\/07\/Carpisa_torba_86.80kn.jpg\" class=\"news-gallery__items\"><\/a>\n\t\t\t\t\t<a href=\"https:\/\/citycenterone.hr\/split\/wp-content\/uploads\/sites\/4\/2019\/07\/Carpisa_torba_cijena_16030kn-1.jpg\" class=\"news-gallery__items\"><\/a>\n\t\t\t\t\t<a href=\"https:\/\/citycenterone.hr\/split\/wp-content\/uploads\/sites\/4\/2019\/07\/Carpisa_torba_cijena_16030kn-2.jpg\" class=\"news-gallery__items\"><\/a>\n\t\t\t\t\t<a href=\"https:\/\/citycenterone.hr\/split\/wp-content\/uploads\/sites\/4\/2019\/07\/Carpisa_torba_cijena_16030kn-3.jpg\" class=\"news-gallery__items\"><\/a>\n\t\t\t\t\t<a href=\"https:\/\/citycenterone.hr\/split\/wp-content\/uploads\/sites\/4\/2019\/07\/Carpisa-cijena-86.60kn.jpg\" class=\"news-gallery__items\"><\/a>\n\t\t\t\t\t<a href=\"https:\/\/citycenterone.hr\/split\/wp-content\/uploads\/sites\/4\/2019\/07\/Carpisa-cijena-114.50kn.jpg\" class=\"news-gallery__items\"><\/a>\n\t\t\t\t\t<a href=\"https:\/\/citycenterone.hr\/split\/wp-content\/uploads\/sites\/4\/2019\/07\/Carpisa-cijena_114.50kn.jpg\" class=\"news-gallery__items\"><\/a>\n\t\t\t\t\t<a href=\"https:\/\/citycenterone.hr\/split\/wp-content\/uploads\/sites\/4\/2019\/07\/Carpisa-pletena-torba_160.30kn.jpg\" class=\"news-gallery__items\"><\/a>\n\t\t\t\t\t<a href=\"https:\/\/citycenterone.hr\/split\/wp-content\/uploads\/sites\/4\/2019\/07\/Carpisa-torba_cijena_104.30kn.jpg\" class=\"news-gallery__items\"><\/a>\n\t\t\t\t\t<a href=\"https:\/\/citycenterone.hr\/split\/wp-content\/uploads\/sites\/4\/2019\/07\/Carpisa_cijena_11450kn9.jpg\" class=\"news-gallery__items\"><\/a>\n\t\t\t\t\t<a href=\"https:\/\/citycenterone.hr\/split\/wp-content\/uploads\/sites\/4\/2019\/07\/Carpisa_cijena_11450kn10.jpg\" class=\"news-gallery__items\"><\/a>\n\t\t\t\t\t<a href=\"https:\/\/citycenterone.hr\/split\/wp-content\/uploads\/sites\/4\/2019\/07\/Carpisa_cijena_11450kn12.jpg\" class=\"news-gallery__items\"><\/a>\n\t\t\t\t\t<a href=\"https:\/\/citycenterone.hr\/split\/wp-content\/uploads\/sites\/4\/2019\/07\/Carpisa_cijena_11450kn13.jpg\" class=\"news-gallery__items\"><\/a>\n\t\t\t\t\t<a href=\"https:\/\/citycenterone.hr\/split\/wp-content\/uploads\/sites\/4\/2019\/07\/Carpisa_cijena_16030kn-4.jpg\" class=\"news-gallery__items\"><\/a>\n\t\t\t\t\t<a href=\"https:\/\/citycenterone.hr\/split\/wp-content\/uploads\/sites\/4\/2019\/07\/Carpisa_cijena_16030kn_-1.jpg\" class=\"news-gallery__items\"><\/a>\n\t\t\t\t\t<a href=\"https:\/\/citycenterone.hr\/split\/wp-content\/uploads\/sites\/4\/2019\/07\/Carpisa_cijena_160.30kn-1.jpg\" class=\"news-gallery__items\"><\/a>\n\t\t\t\t\t<a href=\"https:\/\/citycenterone.hr\/split\/wp-content\/uploads\/sites\/4\/2019\/07\/Carpisa_neseser_86.80kn.jpg\" class=\"news-gallery__items\"><\/a>\n\t\t\t\t\t<a href=\"https:\/\/citycenterone.hr\/split\/wp-content\/uploads\/sites\/4\/2019\/07\/Carpisa_neseser_cijena_86.80kn.jpg\" class=\"news-gallery__items\"><\/a>\n\t\t\t\t\t<a href=\"https:\/\/citycenterone.hr\/split\/wp-content\/uploads\/sites\/4\/2019\/07\/Carpisa_pletena_torba_160.30kn.jpg\" class=\"news-gallery__items\"><\/a>\n\t\t\t\t\t<a href=\"https:\/\/citycenterone.hr\/split\/wp-content\/uploads\/sites\/4\/2019\/07\/Carpisa_sada-snizeno-30cijena-6930kn.jpg\" class=\"news-gallery__items\"><\/a>\n\t\t\t\t\t<a href=\"https:\/\/citycenterone.hr\/split\/wp-content\/uploads\/sites\/4\/2019\/07\/Carpisa_torba_41-1.jpg\" class=\"news-gallery__items\"><\/a>\n\t\t\t<\/div>\n\n\n\t<script>\n\t\t$(document).ready(function() {\n\t\t\t\/\/background\n\t\t\tvar args_lightbox = {\n\t\t\t\t\"blockId\": \"news-gallery\",\n\t\t\t\t\"options\": {\n\t\t\t\t\tbackground: 'rgba(255, 255, 255, 0.87)'\n\t\t\t\t}\n\t\t\t};\n\t\t\tam2.main.loadScript('slick-lightbox', am2.templateDirectory + '\/assets\/js\/slick-lightbox.min.js', function() {\n\t\t\t\treturn am2.main.slickLight(args_lightbox);\n\t\t\t});\n\t\t});\n\t<\/script>\n\n\n","protected":false},"excerpt":{"rendered":"<p>U\u017eivanje na pla\u017ei ne mo\u017eemo zamisliti bez kupa\u0107eg kostima i torbe kao  mast have modnog dodatka, bilo da se radi o velikoj torbi za pla\u017eu ili onoj malenoj koja je samo to\u010dka na i va\u0161eg savr\u0161enog ljetnog look-a.<\/p>\n","protected":false},"author":11,"featured_media":23521,"comment_status":"open","ping_status":"open","sticky":false,"template":"","format":"standard","meta":{"_acf_changed":false,"footnotes":""},"categories":[10],"tags":[],"class_list":["post-23474","post","type-post","status-publish","format-standard","has-post-thumbnail","hentry","category-arhiva"],"acf":[],"yoast_head":"<!-- This site is optimized with the Yoast SEO plugin v27.4 - https:\/\/yoast.com\/product\/yoast-seo-wordpress\/ -->\n<title>BUDI FASHION NA PLA\u017dI UZ CARPISU - Split<\/title>\n<meta name=\"robots\" content=\"index, follow, max-snippet:-1, max-image-preview:large, max-video-preview:-1\" \/>\n<link rel=\"canonical\" href=\"https:\/\/citycenterone.hr\/split\/arhiva\/budi-fashion-na-plazi-uz-carpisu\/\" \/>\n<meta property=\"og:locale\" content=\"hr_HR\" \/>\n<meta property=\"og:type\" content=\"article\" \/>\n<meta property=\"og:title\" content=\"BUDI FASHION NA PLA\u017dI UZ CARPISU - Split\" \/>\n<meta property=\"og:description\" content=\"U\u017eivanje na pla\u017ei ne mo\u017eemo zamisliti bez kupa\u0107eg kostima i torbe kao mast have modnog dodatka, bilo da se radi o velikoj torbi za pla\u017eu ili onoj malenoj koja je samo to\u010dka na i va\u0161eg savr\u0161enog ljetnog look-a.\" \/>\n<meta property=\"og:url\" content=\"https:\/\/citycenterone.hr\/split\/arhiva\/budi-fashion-na-plazi-uz-carpisu\/\" \/>\n<meta property=\"og:site_name\" content=\"Split\" \/>\n<meta property=\"article:published_time\" content=\"2019-07-19T14:47:52+00:00\" \/>\n<meta property=\"article:modified_time\" content=\"2019-09-11T14:49:17+00:00\" \/>\n<meta property=\"og:image\" content=\"https:\/\/citycenterone.hr\/split\/wp-content\/uploads\/sites\/4\/2019\/07\/Carpisa_summer.jpg\" \/>\n\t<meta property=\"og:image:width\" content=\"720\" \/>\n\t<meta property=\"og:image:height\" content=\"480\" \/>\n\t<meta property=\"og:image:type\" content=\"image\/jpeg\" \/>\n<meta name=\"author\" content=\"kgarac\" \/>\n<meta name=\"twitter:card\" content=\"summary_large_image\" \/>\n<meta name=\"twitter:label1\" content=\"Written by\" \/>\n\t<meta name=\"twitter:data1\" content=\"kgarac\" \/>\n\t<meta name=\"twitter:label2\" content=\"Est. reading time\" \/>\n\t<meta name=\"twitter:data2\" content=\"1 minute\" \/>\n<script type=\"application\/ld+json\" class=\"yoast-schema-graph\">{\"@context\":\"https:\\\/\\\/schema.org\",\"@graph\":[{\"@type\":\"Article\",\"@id\":\"https:\\\/\\\/citycenterone.hr\\\/split\\\/arhiva\\\/budi-fashion-na-plazi-uz-carpisu\\\/#article\",\"isPartOf\":{\"@id\":\"https:\\\/\\\/citycenterone.hr\\\/split\\\/arhiva\\\/budi-fashion-na-plazi-uz-carpisu\\\/\"},\"author\":{\"name\":\"kgarac\",\"@id\":\"https:\\\/\\\/citycenterone.hr\\\/split\\\/#\\\/schema\\\/person\\\/db0bbb1b5aeb4ea836df236ae8379ba4\"},\"headline\":\"BUDI FASHION NA PLA\u017dI UZ CARPISU\",\"datePublished\":\"2019-07-19T14:47:52+00:00\",\"dateModified\":\"2019-09-11T14:49:17+00:00\",\"mainEntityOfPage\":{\"@id\":\"https:\\\/\\\/citycenterone.hr\\\/split\\\/arhiva\\\/budi-fashion-na-plazi-uz-carpisu\\\/\"},\"wordCount\":177,\"commentCount\":0,\"image\":{\"@id\":\"https:\\\/\\\/citycenterone.hr\\\/split\\\/arhiva\\\/budi-fashion-na-plazi-uz-carpisu\\\/#primaryimage\"},\"thumbnailUrl\":\"https:\\\/\\\/citycenterone.hr\\\/split\\\/wp-content\\\/uploads\\\/sites\\\/4\\\/2019\\\/07\\\/Carpisa_summer.jpg\",\"articleSection\":[\"Arhiva\"],\"inLanguage\":\"hr-HR\",\"potentialAction\":[{\"@type\":\"CommentAction\",\"name\":\"Comment\",\"target\":[\"https:\\\/\\\/citycenterone.hr\\\/split\\\/arhiva\\\/budi-fashion-na-plazi-uz-carpisu\\\/#respond\"]}]},{\"@type\":\"WebPage\",\"@id\":\"https:\\\/\\\/citycenterone.hr\\\/split\\\/arhiva\\\/budi-fashion-na-plazi-uz-carpisu\\\/\",\"url\":\"https:\\\/\\\/citycenterone.hr\\\/split\\\/arhiva\\\/budi-fashion-na-plazi-uz-carpisu\\\/\",\"name\":\"BUDI FASHION NA PLA\u017dI UZ CARPISU - Split\",\"isPartOf\":{\"@id\":\"https:\\\/\\\/citycenterone.hr\\\/split\\\/#website\"},\"primaryImageOfPage\":{\"@id\":\"https:\\\/\\\/citycenterone.hr\\\/split\\\/arhiva\\\/budi-fashion-na-plazi-uz-carpisu\\\/#primaryimage\"},\"image\":{\"@id\":\"https:\\\/\\\/citycenterone.hr\\\/split\\\/arhiva\\\/budi-fashion-na-plazi-uz-carpisu\\\/#primaryimage\"},\"thumbnailUrl\":\"https:\\\/\\\/citycenterone.hr\\\/split\\\/wp-content\\\/uploads\\\/sites\\\/4\\\/2019\\\/07\\\/Carpisa_summer.jpg\",\"datePublished\":\"2019-07-19T14:47:52+00:00\",\"dateModified\":\"2019-09-11T14:49:17+00:00\",\"author\":{\"@id\":\"https:\\\/\\\/citycenterone.hr\\\/split\\\/#\\\/schema\\\/person\\\/db0bbb1b5aeb4ea836df236ae8379ba4\"},\"breadcrumb\":{\"@id\":\"https:\\\/\\\/citycenterone.hr\\\/split\\\/arhiva\\\/budi-fashion-na-plazi-uz-carpisu\\\/#breadcrumb\"},\"inLanguage\":\"hr-HR\",\"potentialAction\":[{\"@type\":\"ReadAction\",\"target\":[\"https:\\\/\\\/citycenterone.hr\\\/split\\\/arhiva\\\/budi-fashion-na-plazi-uz-carpisu\\\/\"]}]},{\"@type\":\"ImageObject\",\"inLanguage\":\"hr-HR\",\"@id\":\"https:\\\/\\\/citycenterone.hr\\\/split\\\/arhiva\\\/budi-fashion-na-plazi-uz-carpisu\\\/#primaryimage\",\"url\":\"https:\\\/\\\/citycenterone.hr\\\/split\\\/wp-content\\\/uploads\\\/sites\\\/4\\\/2019\\\/07\\\/Carpisa_summer.jpg\",\"contentUrl\":\"https:\\\/\\\/citycenterone.hr\\\/split\\\/wp-content\\\/uploads\\\/sites\\\/4\\\/2019\\\/07\\\/Carpisa_summer.jpg\",\"width\":720,\"height\":480},{\"@type\":\"BreadcrumbList\",\"@id\":\"https:\\\/\\\/citycenterone.hr\\\/split\\\/arhiva\\\/budi-fashion-na-plazi-uz-carpisu\\\/#breadcrumb\",\"itemListElement\":[{\"@type\":\"ListItem\",\"position\":1,\"name\":\"Home\",\"item\":\"https:\\\/\\\/citycenterone.hr\\\/split\\\/\"},{\"@type\":\"ListItem\",\"position\":2,\"name\":\"BUDI FASHION NA PLA\u017dI UZ CARPISU\"}]},{\"@type\":\"WebSite\",\"@id\":\"https:\\\/\\\/citycenterone.hr\\\/split\\\/#website\",\"url\":\"https:\\\/\\\/citycenterone.hr\\\/split\\\/\",\"name\":\"Split\",\"description\":\"Just another City Center One site\",\"potentialAction\":[{\"@type\":\"SearchAction\",\"target\":{\"@type\":\"EntryPoint\",\"urlTemplate\":\"https:\\\/\\\/citycenterone.hr\\\/split\\\/?s={search_term_string}\"},\"query-input\":{\"@type\":\"PropertyValueSpecification\",\"valueRequired\":true,\"valueName\":\"search_term_string\"}}],\"inLanguage\":\"hr-HR\"},{\"@type\":\"Person\",\"@id\":\"https:\\\/\\\/citycenterone.hr\\\/split\\\/#\\\/schema\\\/person\\\/db0bbb1b5aeb4ea836df236ae8379ba4\",\"name\":\"kgarac\",\"image\":{\"@type\":\"ImageObject\",\"inLanguage\":\"hr-HR\",\"@id\":\"https:\\\/\\\/secure.gravatar.com\\\/avatar\\\/b599fc997ac3b0f33bbe96aa22995f1b7ded459dddf3ec218cc420eec942bbf9?s=96&d=mm&r=g\",\"url\":\"https:\\\/\\\/secure.gravatar.com\\\/avatar\\\/b599fc997ac3b0f33bbe96aa22995f1b7ded459dddf3ec218cc420eec942bbf9?s=96&d=mm&r=g\",\"contentUrl\":\"https:\\\/\\\/secure.gravatar.com\\\/avatar\\\/b599fc997ac3b0f33bbe96aa22995f1b7ded459dddf3ec218cc420eec942bbf9?s=96&d=mm&r=g\",\"caption\":\"kgarac\"},\"url\":\"https:\\\/\\\/citycenterone.hr\\\/split\\\/author\\\/kgarac\\\/\"}]}<\/script>\n<!-- \/ Yoast SEO plugin. -->","yoast_head_json":{"title":"BUDI FASHION NA PLA\u017dI UZ CARPISU - Split","robots":{"index":"index","follow":"follow","max-snippet":"max-snippet:-1","max-image-preview":"max-image-preview:large","max-video-preview":"max-video-preview:-1"},"canonical":"https:\/\/citycenterone.hr\/split\/arhiva\/budi-fashion-na-plazi-uz-carpisu\/","og_locale":"hr_HR","og_type":"article","og_title":"BUDI FASHION NA PLA\u017dI UZ CARPISU - Split","og_description":"U\u017eivanje na pla\u017ei ne mo\u017eemo zamisliti bez kupa\u0107eg kostima i torbe kao mast have modnog dodatka, bilo da se radi o velikoj torbi za pla\u017eu ili onoj malenoj koja je samo to\u010dka na i va\u0161eg savr\u0161enog ljetnog look-a.","og_url":"https:\/\/citycenterone.hr\/split\/arhiva\/budi-fashion-na-plazi-uz-carpisu\/","og_site_name":"Split","article_published_time":"2019-07-19T14:47:52+00:00","article_modified_time":"2019-09-11T14:49:17+00:00","og_image":[{"width":720,"height":480,"url":"https:\/\/citycenterone.hr\/split\/wp-content\/uploads\/sites\/4\/2019\/07\/Carpisa_summer.jpg","type":"image\/jpeg"}],"author":"kgarac","twitter_card":"summary_large_image","twitter_misc":{"Written by":"kgarac","Est. reading time":"1 minute"},"schema":{"@context":"https:\/\/schema.org","@graph":[{"@type":"Article","@id":"https:\/\/citycenterone.hr\/split\/arhiva\/budi-fashion-na-plazi-uz-carpisu\/#article","isPartOf":{"@id":"https:\/\/citycenterone.hr\/split\/arhiva\/budi-fashion-na-plazi-uz-carpisu\/"},"author":{"name":"kgarac","@id":"https:\/\/citycenterone.hr\/split\/#\/schema\/person\/db0bbb1b5aeb4ea836df236ae8379ba4"},"headline":"BUDI FASHION NA PLA\u017dI UZ CARPISU","datePublished":"2019-07-19T14:47:52+00:00","dateModified":"2019-09-11T14:49:17+00:00","mainEntityOfPage":{"@id":"https:\/\/citycenterone.hr\/split\/arhiva\/budi-fashion-na-plazi-uz-carpisu\/"},"wordCount":177,"commentCount":0,"image":{"@id":"https:\/\/citycenterone.hr\/split\/arhiva\/budi-fashion-na-plazi-uz-carpisu\/#primaryimage"},"thumbnailUrl":"https:\/\/citycenterone.hr\/split\/wp-content\/uploads\/sites\/4\/2019\/07\/Carpisa_summer.jpg","articleSection":["Arhiva"],"inLanguage":"hr-HR","potentialAction":[{"@type":"CommentAction","name":"Comment","target":["https:\/\/citycenterone.hr\/split\/arhiva\/budi-fashion-na-plazi-uz-carpisu\/#respond"]}]},{"@type":"WebPage","@id":"https:\/\/citycenterone.hr\/split\/arhiva\/budi-fashion-na-plazi-uz-carpisu\/","url":"https:\/\/citycenterone.hr\/split\/arhiva\/budi-fashion-na-plazi-uz-carpisu\/","name":"BUDI FASHION NA PLA\u017dI UZ CARPISU - Split","isPartOf":{"@id":"https:\/\/citycenterone.hr\/split\/#website"},"primaryImageOfPage":{"@id":"https:\/\/citycenterone.hr\/split\/arhiva\/budi-fashion-na-plazi-uz-carpisu\/#primaryimage"},"image":{"@id":"https:\/\/citycenterone.hr\/split\/arhiva\/budi-fashion-na-plazi-uz-carpisu\/#primaryimage"},"thumbnailUrl":"https:\/\/citycenterone.hr\/split\/wp-content\/uploads\/sites\/4\/2019\/07\/Carpisa_summer.jpg","datePublished":"2019-07-19T14:47:52+00:00","dateModified":"2019-09-11T14:49:17+00:00","author":{"@id":"https:\/\/citycenterone.hr\/split\/#\/schema\/person\/db0bbb1b5aeb4ea836df236ae8379ba4"},"breadcrumb":{"@id":"https:\/\/citycenterone.hr\/split\/arhiva\/budi-fashion-na-plazi-uz-carpisu\/#breadcrumb"},"inLanguage":"hr-HR","potentialAction":[{"@type":"ReadAction","target":["https:\/\/citycenterone.hr\/split\/arhiva\/budi-fashion-na-plazi-uz-carpisu\/"]}]},{"@type":"ImageObject","inLanguage":"hr-HR","@id":"https:\/\/citycenterone.hr\/split\/arhiva\/budi-fashion-na-plazi-uz-carpisu\/#primaryimage","url":"https:\/\/citycenterone.hr\/split\/wp-content\/uploads\/sites\/4\/2019\/07\/Carpisa_summer.jpg","contentUrl":"https:\/\/citycenterone.hr\/split\/wp-content\/uploads\/sites\/4\/2019\/07\/Carpisa_summer.jpg","width":720,"height":480},{"@type":"BreadcrumbList","@id":"https:\/\/citycenterone.hr\/split\/arhiva\/budi-fashion-na-plazi-uz-carpisu\/#breadcrumb","itemListElement":[{"@type":"ListItem","position":1,"name":"Home","item":"https:\/\/citycenterone.hr\/split\/"},{"@type":"ListItem","position":2,"name":"BUDI FASHION NA PLA\u017dI UZ CARPISU"}]},{"@type":"WebSite","@id":"https:\/\/citycenterone.hr\/split\/#website","url":"https:\/\/citycenterone.hr\/split\/","name":"Split","description":"Just another City Center One site","potentialAction":[{"@type":"SearchAction","target":{"@type":"EntryPoint","urlTemplate":"https:\/\/citycenterone.hr\/split\/?s={search_term_string}"},"query-input":{"@type":"PropertyValueSpecification","valueRequired":true,"valueName":"search_term_string"}}],"inLanguage":"hr-HR"},{"@type":"Person","@id":"https:\/\/citycenterone.hr\/split\/#\/schema\/person\/db0bbb1b5aeb4ea836df236ae8379ba4","name":"kgarac","image":{"@type":"ImageObject","inLanguage":"hr-HR","@id":"https:\/\/secure.gravatar.com\/avatar\/b599fc997ac3b0f33bbe96aa22995f1b7ded459dddf3ec218cc420eec942bbf9?s=96&d=mm&r=g","url":"https:\/\/secure.gravatar.com\/avatar\/b599fc997ac3b0f33bbe96aa22995f1b7ded459dddf3ec218cc420eec942bbf9?s=96&d=mm&r=g","contentUrl":"https:\/\/secure.gravatar.com\/avatar\/b599fc997ac3b0f33bbe96aa22995f1b7ded459dddf3ec218cc420eec942bbf9?s=96&d=mm&r=g","caption":"kgarac"},"url":"https:\/\/citycenterone.hr\/split\/author\/kgarac\/"}]}},"_links":{"self":[{"href":"https:\/\/citycenterone.hr\/split\/wp-json\/wp\/v2\/posts\/23474","targetHints":{"allow":["GET"]}}],"collection":[{"href":"https:\/\/citycenterone.hr\/split\/wp-json\/wp\/v2\/posts"}],"about":[{"href":"https:\/\/citycenterone.hr\/split\/wp-json\/wp\/v2\/types\/post"}],"author":[{"embeddable":true,"href":"https:\/\/citycenterone.hr\/split\/wp-json\/wp\/v2\/users\/11"}],"replies":[{"embeddable":true,"href":"https:\/\/citycenterone.hr\/split\/wp-json\/wp\/v2\/comments?post=23474"}],"version-history":[{"count":1,"href":"https:\/\/citycenterone.hr\/split\/wp-json\/wp\/v2\/posts\/23474\/revisions"}],"predecessor-version":[{"id":23523,"href":"https:\/\/citycenterone.hr\/split\/wp-json\/wp\/v2\/posts\/23474\/revisions\/23523"}],"wp:featuredmedia":[{"embeddable":true,"href":"https:\/\/citycenterone.hr\/split\/wp-json\/wp\/v2\/media\/23521"}],"wp:attachment":[{"href":"https:\/\/citycenterone.hr\/split\/wp-json\/wp\/v2\/media?parent=23474"}],"wp:term":[{"taxonomy":"category","embeddable":true,"href":"https:\/\/citycenterone.hr\/split\/wp-json\/wp\/v2\/categories?post=23474"},{"taxonomy":"post_tag","embeddable":true,"href":"https:\/\/citycenterone.hr\/split\/wp-json\/wp\/v2\/tags?post=23474"}],"curies":[{"name":"wp","href":"https:\/\/api.w.org\/{rel}","templated":true}]}}