{"id":24454,"date":"2019-09-12T09:11:30","date_gmt":"2019-09-12T09:11:30","guid":{"rendered":"http:\/\/citycenterone.hr\/split\/?p=24454"},"modified":"2019-12-09T15:24:17","modified_gmt":"2019-12-09T15:24:17","slug":"rita-ora-za-deichmann","status":"publish","type":"post","link":"https:\/\/citycenterone.hr\/split\/arhiva\/rita-ora-za-deichmann\/","title":{"rendered":"RITA ORA ZA DEICHMANN"},"content":{"rendered":"<p>Britanska kantautorica Rita Ora lice je nove Deichmann kolekcije za jesen \/ zimu pod nazivom\u00a0#Radiate.<\/p>\n<p>Kolekcija za nadolaze\u0107u sezonu sadr\u017eava trendovske modele: chunky tenisice s neonskim detaljima u jarko \u017eutom i leopard uzorku, kao i tenisice s platformom \u00a0u srebrnoj ili zlatnoj metalik boji. U ponudi su i loaferice i salonke, rokerske gle\u017enja\u010de, \u010dizme na vezanje i oksfordice. Niske \u010dizmice i gle\u017enja\u010de s cool stavom odi\u0161u stilom, dok su svjetlucave \u010dizme i \u010dizme iznad koljena savr\u0161ene za svaki izlazak.<\/p>\n<p>Kolekciju #radiate by Rita Ora pogledajte <a href=\"https:\/\/www.deichmann.com\/HR\/hr\/shop\/rita-ora.cat\">ovdje.<\/a><\/p>\n","protected":false},"excerpt":{"rendered":"<p>#Radiate by Rita Ora: Rita Ora dizajnirala je kolekciju obu\u0107e u suradnji s Deichmannom<\/p>\n","protected":false},"author":11,"featured_media":24455,"comment_status":"open","ping_status":"open","sticky":false,"template":"","format":"standard","meta":{"_acf_changed":false,"footnotes":""},"categories":[10],"tags":[],"class_list":["post-24454","post","type-post","status-publish","format-standard","has-post-thumbnail","hentry","category-arhiva"],"acf":[],"yoast_head":"<!-- This site is optimized with the Yoast SEO plugin v27.4 - https:\/\/yoast.com\/product\/yoast-seo-wordpress\/ -->\n<title>RITA ORA ZA DEICHMANN - Split<\/title>\n<meta name=\"robots\" content=\"index, follow, max-snippet:-1, max-image-preview:large, max-video-preview:-1\" \/>\n<link rel=\"canonical\" href=\"https:\/\/citycenterone.hr\/split\/arhiva\/rita-ora-za-deichmann\/\" \/>\n<meta property=\"og:locale\" content=\"hr_HR\" \/>\n<meta property=\"og:type\" content=\"article\" \/>\n<meta property=\"og:title\" content=\"RITA ORA ZA DEICHMANN - Split\" \/>\n<meta property=\"og:description\" content=\"#Radiate by Rita Ora: Rita Ora dizajnirala je kolekciju obu\u0107e u suradnji s Deichmannom\" \/>\n<meta property=\"og:url\" content=\"https:\/\/citycenterone.hr\/split\/arhiva\/rita-ora-za-deichmann\/\" \/>\n<meta property=\"og:site_name\" content=\"Split\" \/>\n<meta property=\"article:published_time\" content=\"2019-09-12T09:11:30+00:00\" \/>\n<meta property=\"article:modified_time\" content=\"2019-12-09T15:24:17+00:00\" \/>\n<meta property=\"og:image\" content=\"https:\/\/citycenterone.hr\/split\/wp-content\/uploads\/sites\/4\/2019\/09\/slo_RitaOra_1200x700_samo-ozadje.jpg\" \/>\n\t<meta property=\"og:image:width\" content=\"1200\" \/>\n\t<meta property=\"og:image:height\" content=\"700\" \/>\n\t<meta property=\"og:image:type\" content=\"image\/jpeg\" \/>\n<meta name=\"author\" content=\"kgarac\" \/>\n<meta name=\"twitter:card\" content=\"summary_large_image\" \/>\n<meta name=\"twitter:label1\" content=\"Written by\" \/>\n\t<meta name=\"twitter:data1\" content=\"kgarac\" \/>\n<script type=\"application\/ld+json\" class=\"yoast-schema-graph\">{\"@context\":\"https:\\\/\\\/schema.org\",\"@graph\":[{\"@type\":\"Article\",\"@id\":\"https:\\\/\\\/citycenterone.hr\\\/split\\\/arhiva\\\/rita-ora-za-deichmann\\\/#article\",\"isPartOf\":{\"@id\":\"https:\\\/\\\/citycenterone.hr\\\/split\\\/arhiva\\\/rita-ora-za-deichmann\\\/\"},\"author\":{\"name\":\"kgarac\",\"@id\":\"https:\\\/\\\/citycenterone.hr\\\/split\\\/#\\\/schema\\\/person\\\/db0bbb1b5aeb4ea836df236ae8379ba4\"},\"headline\":\"RITA ORA ZA DEICHMANN\",\"datePublished\":\"2019-09-12T09:11:30+00:00\",\"dateModified\":\"2019-12-09T15:24:17+00:00\",\"mainEntityOfPage\":{\"@id\":\"https:\\\/\\\/citycenterone.hr\\\/split\\\/arhiva\\\/rita-ora-za-deichmann\\\/\"},\"wordCount\":98,\"commentCount\":0,\"image\":{\"@id\":\"https:\\\/\\\/citycenterone.hr\\\/split\\\/arhiva\\\/rita-ora-za-deichmann\\\/#primaryimage\"},\"thumbnailUrl\":\"https:\\\/\\\/citycenterone.hr\\\/split\\\/wp-content\\\/uploads\\\/sites\\\/4\\\/2019\\\/09\\\/slo_RitaOra_1200x700_samo-ozadje.jpg\",\"articleSection\":[\"Arhiva\"],\"inLanguage\":\"hr-HR\",\"potentialAction\":[{\"@type\":\"CommentAction\",\"name\":\"Comment\",\"target\":[\"https:\\\/\\\/citycenterone.hr\\\/split\\\/arhiva\\\/rita-ora-za-deichmann\\\/#respond\"]}]},{\"@type\":\"WebPage\",\"@id\":\"https:\\\/\\\/citycenterone.hr\\\/split\\\/arhiva\\\/rita-ora-za-deichmann\\\/\",\"url\":\"https:\\\/\\\/citycenterone.hr\\\/split\\\/arhiva\\\/rita-ora-za-deichmann\\\/\",\"name\":\"RITA ORA ZA DEICHMANN - Split\",\"isPartOf\":{\"@id\":\"https:\\\/\\\/citycenterone.hr\\\/split\\\/#website\"},\"primaryImageOfPage\":{\"@id\":\"https:\\\/\\\/citycenterone.hr\\\/split\\\/arhiva\\\/rita-ora-za-deichmann\\\/#primaryimage\"},\"image\":{\"@id\":\"https:\\\/\\\/citycenterone.hr\\\/split\\\/arhiva\\\/rita-ora-za-deichmann\\\/#primaryimage\"},\"thumbnailUrl\":\"https:\\\/\\\/citycenterone.hr\\\/split\\\/wp-content\\\/uploads\\\/sites\\\/4\\\/2019\\\/09\\\/slo_RitaOra_1200x700_samo-ozadje.jpg\",\"datePublished\":\"2019-09-12T09:11:30+00:00\",\"dateModified\":\"2019-12-09T15:24:17+00:00\",\"author\":{\"@id\":\"https:\\\/\\\/citycenterone.hr\\\/split\\\/#\\\/schema\\\/person\\\/db0bbb1b5aeb4ea836df236ae8379ba4\"},\"breadcrumb\":{\"@id\":\"https:\\\/\\\/citycenterone.hr\\\/split\\\/arhiva\\\/rita-ora-za-deichmann\\\/#breadcrumb\"},\"inLanguage\":\"hr-HR\",\"potentialAction\":[{\"@type\":\"ReadAction\",\"target\":[\"https:\\\/\\\/citycenterone.hr\\\/split\\\/arhiva\\\/rita-ora-za-deichmann\\\/\"]}]},{\"@type\":\"ImageObject\",\"inLanguage\":\"hr-HR\",\"@id\":\"https:\\\/\\\/citycenterone.hr\\\/split\\\/arhiva\\\/rita-ora-za-deichmann\\\/#primaryimage\",\"url\":\"https:\\\/\\\/citycenterone.hr\\\/split\\\/wp-content\\\/uploads\\\/sites\\\/4\\\/2019\\\/09\\\/slo_RitaOra_1200x700_samo-ozadje.jpg\",\"contentUrl\":\"https:\\\/\\\/citycenterone.hr\\\/split\\\/wp-content\\\/uploads\\\/sites\\\/4\\\/2019\\\/09\\\/slo_RitaOra_1200x700_samo-ozadje.jpg\",\"width\":1200,\"height\":700},{\"@type\":\"BreadcrumbList\",\"@id\":\"https:\\\/\\\/citycenterone.hr\\\/split\\\/arhiva\\\/rita-ora-za-deichmann\\\/#breadcrumb\",\"itemListElement\":[{\"@type\":\"ListItem\",\"position\":1,\"name\":\"Home\",\"item\":\"https:\\\/\\\/citycenterone.hr\\\/split\\\/\"},{\"@type\":\"ListItem\",\"position\":2,\"name\":\"RITA ORA ZA DEICHMANN\"}]},{\"@type\":\"WebSite\",\"@id\":\"https:\\\/\\\/citycenterone.hr\\\/split\\\/#website\",\"url\":\"https:\\\/\\\/citycenterone.hr\\\/split\\\/\",\"name\":\"Split\",\"description\":\"Just another City Center One site\",\"potentialAction\":[{\"@type\":\"SearchAction\",\"target\":{\"@type\":\"EntryPoint\",\"urlTemplate\":\"https:\\\/\\\/citycenterone.hr\\\/split\\\/?s={search_term_string}\"},\"query-input\":{\"@type\":\"PropertyValueSpecification\",\"valueRequired\":true,\"valueName\":\"search_term_string\"}}],\"inLanguage\":\"hr-HR\"},{\"@type\":\"Person\",\"@id\":\"https:\\\/\\\/citycenterone.hr\\\/split\\\/#\\\/schema\\\/person\\\/db0bbb1b5aeb4ea836df236ae8379ba4\",\"name\":\"kgarac\",\"image\":{\"@type\":\"ImageObject\",\"inLanguage\":\"hr-HR\",\"@id\":\"https:\\\/\\\/secure.gravatar.com\\\/avatar\\\/b599fc997ac3b0f33bbe96aa22995f1b7ded459dddf3ec218cc420eec942bbf9?s=96&d=mm&r=g\",\"url\":\"https:\\\/\\\/secure.gravatar.com\\\/avatar\\\/b599fc997ac3b0f33bbe96aa22995f1b7ded459dddf3ec218cc420eec942bbf9?s=96&d=mm&r=g\",\"contentUrl\":\"https:\\\/\\\/secure.gravatar.com\\\/avatar\\\/b599fc997ac3b0f33bbe96aa22995f1b7ded459dddf3ec218cc420eec942bbf9?s=96&d=mm&r=g\",\"caption\":\"kgarac\"},\"url\":\"https:\\\/\\\/citycenterone.hr\\\/split\\\/author\\\/kgarac\\\/\"}]}<\/script>\n<!-- \/ Yoast SEO plugin. -->","yoast_head_json":{"title":"RITA ORA ZA DEICHMANN - Split","robots":{"index":"index","follow":"follow","max-snippet":"max-snippet:-1","max-image-preview":"max-image-preview:large","max-video-preview":"max-video-preview:-1"},"canonical":"https:\/\/citycenterone.hr\/split\/arhiva\/rita-ora-za-deichmann\/","og_locale":"hr_HR","og_type":"article","og_title":"RITA ORA ZA DEICHMANN - Split","og_description":"#Radiate by Rita Ora: Rita Ora dizajnirala je kolekciju obu\u0107e u suradnji s Deichmannom","og_url":"https:\/\/citycenterone.hr\/split\/arhiva\/rita-ora-za-deichmann\/","og_site_name":"Split","article_published_time":"2019-09-12T09:11:30+00:00","article_modified_time":"2019-12-09T15:24:17+00:00","og_image":[{"width":1200,"height":700,"url":"https:\/\/citycenterone.hr\/split\/wp-content\/uploads\/sites\/4\/2019\/09\/slo_RitaOra_1200x700_samo-ozadje.jpg","type":"image\/jpeg"}],"author":"kgarac","twitter_card":"summary_large_image","twitter_misc":{"Written by":"kgarac"},"schema":{"@context":"https:\/\/schema.org","@graph":[{"@type":"Article","@id":"https:\/\/citycenterone.hr\/split\/arhiva\/rita-ora-za-deichmann\/#article","isPartOf":{"@id":"https:\/\/citycenterone.hr\/split\/arhiva\/rita-ora-za-deichmann\/"},"author":{"name":"kgarac","@id":"https:\/\/citycenterone.hr\/split\/#\/schema\/person\/db0bbb1b5aeb4ea836df236ae8379ba4"},"headline":"RITA ORA ZA DEICHMANN","datePublished":"2019-09-12T09:11:30+00:00","dateModified":"2019-12-09T15:24:17+00:00","mainEntityOfPage":{"@id":"https:\/\/citycenterone.hr\/split\/arhiva\/rita-ora-za-deichmann\/"},"wordCount":98,"commentCount":0,"image":{"@id":"https:\/\/citycenterone.hr\/split\/arhiva\/rita-ora-za-deichmann\/#primaryimage"},"thumbnailUrl":"https:\/\/citycenterone.hr\/split\/wp-content\/uploads\/sites\/4\/2019\/09\/slo_RitaOra_1200x700_samo-ozadje.jpg","articleSection":["Arhiva"],"inLanguage":"hr-HR","potentialAction":[{"@type":"CommentAction","name":"Comment","target":["https:\/\/citycenterone.hr\/split\/arhiva\/rita-ora-za-deichmann\/#respond"]}]},{"@type":"WebPage","@id":"https:\/\/citycenterone.hr\/split\/arhiva\/rita-ora-za-deichmann\/","url":"https:\/\/citycenterone.hr\/split\/arhiva\/rita-ora-za-deichmann\/","name":"RITA ORA ZA DEICHMANN - Split","isPartOf":{"@id":"https:\/\/citycenterone.hr\/split\/#website"},"primaryImageOfPage":{"@id":"https:\/\/citycenterone.hr\/split\/arhiva\/rita-ora-za-deichmann\/#primaryimage"},"image":{"@id":"https:\/\/citycenterone.hr\/split\/arhiva\/rita-ora-za-deichmann\/#primaryimage"},"thumbnailUrl":"https:\/\/citycenterone.hr\/split\/wp-content\/uploads\/sites\/4\/2019\/09\/slo_RitaOra_1200x700_samo-ozadje.jpg","datePublished":"2019-09-12T09:11:30+00:00","dateModified":"2019-12-09T15:24:17+00:00","author":{"@id":"https:\/\/citycenterone.hr\/split\/#\/schema\/person\/db0bbb1b5aeb4ea836df236ae8379ba4"},"breadcrumb":{"@id":"https:\/\/citycenterone.hr\/split\/arhiva\/rita-ora-za-deichmann\/#breadcrumb"},"inLanguage":"hr-HR","potentialAction":[{"@type":"ReadAction","target":["https:\/\/citycenterone.hr\/split\/arhiva\/rita-ora-za-deichmann\/"]}]},{"@type":"ImageObject","inLanguage":"hr-HR","@id":"https:\/\/citycenterone.hr\/split\/arhiva\/rita-ora-za-deichmann\/#primaryimage","url":"https:\/\/citycenterone.hr\/split\/wp-content\/uploads\/sites\/4\/2019\/09\/slo_RitaOra_1200x700_samo-ozadje.jpg","contentUrl":"https:\/\/citycenterone.hr\/split\/wp-content\/uploads\/sites\/4\/2019\/09\/slo_RitaOra_1200x700_samo-ozadje.jpg","width":1200,"height":700},{"@type":"BreadcrumbList","@id":"https:\/\/citycenterone.hr\/split\/arhiva\/rita-ora-za-deichmann\/#breadcrumb","itemListElement":[{"@type":"ListItem","position":1,"name":"Home","item":"https:\/\/citycenterone.hr\/split\/"},{"@type":"ListItem","position":2,"name":"RITA ORA ZA DEICHMANN"}]},{"@type":"WebSite","@id":"https:\/\/citycenterone.hr\/split\/#website","url":"https:\/\/citycenterone.hr\/split\/","name":"Split","description":"Just another City Center One site","potentialAction":[{"@type":"SearchAction","target":{"@type":"EntryPoint","urlTemplate":"https:\/\/citycenterone.hr\/split\/?s={search_term_string}"},"query-input":{"@type":"PropertyValueSpecification","valueRequired":true,"valueName":"search_term_string"}}],"inLanguage":"hr-HR"},{"@type":"Person","@id":"https:\/\/citycenterone.hr\/split\/#\/schema\/person\/db0bbb1b5aeb4ea836df236ae8379ba4","name":"kgarac","image":{"@type":"ImageObject","inLanguage":"hr-HR","@id":"https:\/\/secure.gravatar.com\/avatar\/b599fc997ac3b0f33bbe96aa22995f1b7ded459dddf3ec218cc420eec942bbf9?s=96&d=mm&r=g","url":"https:\/\/secure.gravatar.com\/avatar\/b599fc997ac3b0f33bbe96aa22995f1b7ded459dddf3ec218cc420eec942bbf9?s=96&d=mm&r=g","contentUrl":"https:\/\/secure.gravatar.com\/avatar\/b599fc997ac3b0f33bbe96aa22995f1b7ded459dddf3ec218cc420eec942bbf9?s=96&d=mm&r=g","caption":"kgarac"},"url":"https:\/\/citycenterone.hr\/split\/author\/kgarac\/"}]}},"_links":{"self":[{"href":"https:\/\/citycenterone.hr\/split\/wp-json\/wp\/v2\/posts\/24454","targetHints":{"allow":["GET"]}}],"collection":[{"href":"https:\/\/citycenterone.hr\/split\/wp-json\/wp\/v2\/posts"}],"about":[{"href":"https:\/\/citycenterone.hr\/split\/wp-json\/wp\/v2\/types\/post"}],"author":[{"embeddable":true,"href":"https:\/\/citycenterone.hr\/split\/wp-json\/wp\/v2\/users\/11"}],"replies":[{"embeddable":true,"href":"https:\/\/citycenterone.hr\/split\/wp-json\/wp\/v2\/comments?post=24454"}],"version-history":[{"count":1,"href":"https:\/\/citycenterone.hr\/split\/wp-json\/wp\/v2\/posts\/24454\/revisions"}],"predecessor-version":[{"id":24457,"href":"https:\/\/citycenterone.hr\/split\/wp-json\/wp\/v2\/posts\/24454\/revisions\/24457"}],"wp:featuredmedia":[{"embeddable":true,"href":"https:\/\/citycenterone.hr\/split\/wp-json\/wp\/v2\/media\/24455"}],"wp:attachment":[{"href":"https:\/\/citycenterone.hr\/split\/wp-json\/wp\/v2\/media?parent=24454"}],"wp:term":[{"taxonomy":"category","embeddable":true,"href":"https:\/\/citycenterone.hr\/split\/wp-json\/wp\/v2\/categories?post=24454"},{"taxonomy":"post_tag","embeddable":true,"href":"https:\/\/citycenterone.hr\/split\/wp-json\/wp\/v2\/tags?post=24454"}],"curies":[{"name":"wp","href":"https:\/\/api.w.org\/{rel}","templated":true}]}}