{"id":25447,"date":"2019-10-18T08:48:22","date_gmt":"2019-10-18T08:48:22","guid":{"rendered":"http:\/\/citycenterone.hr\/split\/?p=25447"},"modified":"2019-12-24T09:32:59","modified_gmt":"2019-12-24T09:32:59","slug":"springfield-slavi-prvu-obljetnicu-svoje-kolekcije-reconsider","status":"publish","type":"post","link":"https:\/\/citycenterone.hr\/split\/arhiva\/springfield-slavi-prvu-obljetnicu-svoje-kolekcije-reconsider\/","title":{"rendered":"SPRINGFIELD SLAVI PRVU OBLJETNICU SVOJE KOLEKCIJE R[ECO]NSIDER"},"content":{"rendered":"<p>Springfield, \u0161panjolska marka za casual odje\u0107u predstavlja novu jesen\/zima &#8217;19. kolekciju s ekolo\u0161kom oznakom R[ECO]NSIDER. Kori\u0161tenjem prirodnih i recikliranih vlakana, u sklopu svog programa H20 usmjerenim na u\u0161tedu vode i energije, omogu\u0107ilo je marki da proizvede vi\u0161e od 5,5 milijuna odjevnih predmeta s odr\u017eivim karakteristikama od slu\u017ebenog predstavljanja u F \/ W 18.<\/p>\n<p>Springfield je ove sezone pripremio, mu\u0161ke i \u017eenske kolekcije,\u00a0 u rustikalnom stilu. Odje\u0107a izra\u0111ena od organskog pamuka poput majica, vesti i d\u017eempera izra\u0111uje se u nje\u017enim bojama i provjerenim uzorcima u zemljanima tonovima.<\/p>\n<p>Logotip \u201establo\u201c se koristi kao oznaka na ve\u0107ini odje\u0107e kako bi se istakla povezanost Springfielda s prirodom. Nadalje, nje\u017eni i topli tonovi su prepoznatljivi i u traper kolekciji koje su oboga\u0107ene ov\u010djom podstavom i samtom.<\/p>\n<p>Springfield ekolo\u0161kom osvije\u0161teno\u0161\u0107u poma\u017ee pri postizanju odr\u017eivog razvoja koji osigurava sada\u0161nje potrebe bez ugro\u017eavanja potreba budu\u0107ih generacija. Nova kolekcija dostupna je u City Centeru one i svaki odjevni predmet ima prepoznatljivu oznaku s R [ECO] NSIDER logotipom.<\/p>\n\t<div id=\"news-gallery\" class=\"news-gallery clearfix\">\n\t\t<a href=\"https:\/\/citycenterone.hr\/split\/wp-content\/uploads\/sites\/4\/2019\/10\/Springfield_279kn_FW1920_MAN_0096954_43-Small.jpg\" class=\"news-gallery__large\" style=\"background-image: url('https:\/\/citycenterone.hr\/split\/wp-content\/uploads\/sites\/4\/2019\/10\/Springfield_279kn_FW1920_MAN_0096954_43-Small-480x585.jpg'); background-position: 50% 50%\">\n\t\t\t<img decoding=\"async\" class=\"news-gallery__icon\" src=\"https:\/\/citycenterone.hr\/split\/wp-content\/themes\/am2\/assets\/images\/gallery.png\"\/>\n\t\t<\/a>\n\t\t\t\t\t<a href=\"https:\/\/citycenterone.hr\/split\/wp-content\/uploads\/sites\/4\/2019\/10\/FW1920_WOMAN_8866589_99-Small-Small-Copy.jpg\" class=\"news-gallery__items\"><\/a>\n\t\t\t\t\t<a href=\"https:\/\/citycenterone.hr\/split\/wp-content\/uploads\/sites\/4\/2019\/10\/Springfield_159kn_FW1920_MAN_1456709_96-Small-Copy.jpg\" class=\"news-gallery__items\"><\/a>\n\t\t\t\t\t<a href=\"https:\/\/citycenterone.hr\/split\/wp-content\/uploads\/sites\/4\/2019\/10\/Springfield_159kn_FW1920_MAN_1456717_69-Small-Copy.jpg\" class=\"news-gallery__items\"><\/a>\n\t\t\t\t\t<a href=\"https:\/\/citycenterone.hr\/split\/wp-content\/uploads\/sites\/4\/2019\/10\/Springfield_159kn_FW1920_MAN_1456725_43-Small.jpg\" class=\"news-gallery__items\"><\/a>\n\t\t\t\t\t<a href=\"https:\/\/citycenterone.hr\/split\/wp-content\/uploads\/sites\/4\/2019\/10\/Springfield_279-kn_FW1920_MAN_0096016_60-Small.jpg\" class=\"news-gallery__items\"><\/a>\n\t\t\t\t\t<a href=\"https:\/\/citycenterone.hr\/split\/wp-content\/uploads\/sites\/4\/2019\/10\/Springfield_279-kn_FW1920_MAN_096415_12-Small.jpg\" class=\"news-gallery__items\"><\/a>\n\t\t\t\t\t<a href=\"https:\/\/citycenterone.hr\/split\/wp-content\/uploads\/sites\/4\/2019\/10\/Springfield_379-kn_FW1920_MAN_956163_07-Small.jpg\" class=\"news-gallery__items\"><\/a>\n\t\t\t\t\t<a href=\"https:\/\/citycenterone.hr\/split\/wp-content\/uploads\/sites\/4\/2019\/10\/Springfield_459kn_FW1920_MAN_0956260_11-Small.jpg\" class=\"news-gallery__items\"><\/a>\n\t\t\t\t\t<a href=\"https:\/\/citycenterone.hr\/split\/wp-content\/uploads\/sites\/4\/2019\/10\/Springfield_459kn_FW1920_WOMAN_8276919-Small-Small.jpg\" class=\"news-gallery__items\"><\/a>\n\t\t\t\t\t<a href=\"https:\/\/citycenterone.hr\/split\/wp-content\/uploads\/sites\/4\/2019\/10\/FW1920_MAN_0246204_96-Small.jpg\" class=\"news-gallery__items\"><\/a>\n\t\t\t\t\t<a href=\"https:\/\/citycenterone.hr\/split\/wp-content\/uploads\/sites\/4\/2019\/10\/FW1920_WOMAN_6764274_27-Small-Small.jpg\" class=\"news-gallery__items\"><\/a>\n\t\t\t\t\t<a href=\"https:\/\/citycenterone.hr\/split\/wp-content\/uploads\/sites\/4\/2019\/10\/FW1920_WOMAN_6796400-Small-Small.jpg\" class=\"news-gallery__items\"><\/a>\n\t\t\t\t\t<a href=\"https:\/\/citycenterone.hr\/split\/wp-content\/uploads\/sites\/4\/2019\/10\/FW1920_WOMAN_6836054_99-Small-Small.jpg\" class=\"news-gallery__items\"><\/a>\n\t\t\t\t\t<a href=\"https:\/\/citycenterone.hr\/split\/wp-content\/uploads\/sites\/4\/2019\/10\/FW1920_WOMAN_6846327_42-Small-Small.jpg\" class=\"news-gallery__items\"><\/a>\n\t\t\t\t\t<a href=\"https:\/\/citycenterone.hr\/split\/wp-content\/uploads\/sites\/4\/2019\/10\/FW1920_WOMAN_8276781_14-Small-Small.jpg\" class=\"news-gallery__items\"><\/a>\n\t\t\t<\/div>\n\n\n\t<script>\n\t\t$(document).ready(function() {\n\t\t\t\/\/background\n\t\t\tvar args_lightbox = {\n\t\t\t\t\"blockId\": \"news-gallery\",\n\t\t\t\t\"options\": {\n\t\t\t\t\tbackground: 'rgba(255, 255, 255, 0.87)'\n\t\t\t\t}\n\t\t\t};\n\t\t\tam2.main.loadScript('slick-lightbox', am2.templateDirectory + '\/assets\/js\/slick-lightbox.min.js', function() {\n\t\t\t\treturn am2.main.slickLight(args_lightbox);\n\t\t\t});\n\t\t});\n\t<\/script>\n\n\n","protected":false},"excerpt":{"rendered":"<p>\u0160panjolski brend predstavlja novu kolekciju kojom jo\u0161 jednom potvr\u0111uje odgovornost prema okoli\u0161u.<\/p>\n","protected":false},"author":11,"featured_media":25483,"comment_status":"open","ping_status":"open","sticky":false,"template":"","format":"standard","meta":{"_acf_changed":false,"footnotes":""},"categories":[10],"tags":[],"class_list":["post-25447","post","type-post","status-publish","format-standard","has-post-thumbnail","hentry","category-arhiva"],"acf":[],"yoast_head":"<!-- This site is optimized with the Yoast SEO plugin v27.4 - https:\/\/yoast.com\/product\/yoast-seo-wordpress\/ -->\n<title>SPRINGFIELD SLAVI PRVU OBLJETNICU SVOJE KOLEKCIJE R[ECO]NSIDER - Split<\/title>\n<meta name=\"robots\" content=\"index, follow, max-snippet:-1, max-image-preview:large, max-video-preview:-1\" \/>\n<link rel=\"canonical\" href=\"https:\/\/citycenterone.hr\/split\/arhiva\/springfield-slavi-prvu-obljetnicu-svoje-kolekcije-reconsider\/\" \/>\n<meta property=\"og:locale\" content=\"hr_HR\" \/>\n<meta property=\"og:type\" content=\"article\" \/>\n<meta property=\"og:title\" content=\"SPRINGFIELD SLAVI PRVU OBLJETNICU SVOJE KOLEKCIJE R[ECO]NSIDER - Split\" \/>\n<meta property=\"og:description\" content=\"\u0160panjolski brend predstavlja novu kolekciju kojom jo\u0161 jednom potvr\u0111uje odgovornost prema okoli\u0161u.\" \/>\n<meta property=\"og:url\" content=\"https:\/\/citycenterone.hr\/split\/arhiva\/springfield-slavi-prvu-obljetnicu-svoje-kolekcije-reconsider\/\" \/>\n<meta property=\"og:site_name\" content=\"Split\" \/>\n<meta property=\"article:published_time\" content=\"2019-10-18T08:48:22+00:00\" \/>\n<meta property=\"article:modified_time\" content=\"2019-12-24T09:32:59+00:00\" \/>\n<meta property=\"og:image\" content=\"https:\/\/citycenterone.hr\/split\/wp-content\/uploads\/sites\/4\/2019\/10\/springfield-2.jpg\" \/>\n\t<meta property=\"og:image:width\" content=\"1080\" \/>\n\t<meta property=\"og:image:height\" content=\"1350\" \/>\n\t<meta property=\"og:image:type\" content=\"image\/jpeg\" \/>\n<meta name=\"author\" content=\"kgarac\" \/>\n<meta name=\"twitter:card\" content=\"summary_large_image\" \/>\n<meta name=\"twitter:label1\" content=\"Written by\" \/>\n\t<meta name=\"twitter:data1\" content=\"kgarac\" \/>\n\t<meta name=\"twitter:label2\" content=\"Est. reading time\" \/>\n\t<meta name=\"twitter:data2\" content=\"1 minute\" \/>\n<script type=\"application\/ld+json\" class=\"yoast-schema-graph\">{\"@context\":\"https:\\\/\\\/schema.org\",\"@graph\":[{\"@type\":\"Article\",\"@id\":\"https:\\\/\\\/citycenterone.hr\\\/split\\\/arhiva\\\/springfield-slavi-prvu-obljetnicu-svoje-kolekcije-reconsider\\\/#article\",\"isPartOf\":{\"@id\":\"https:\\\/\\\/citycenterone.hr\\\/split\\\/arhiva\\\/springfield-slavi-prvu-obljetnicu-svoje-kolekcije-reconsider\\\/\"},\"author\":{\"name\":\"kgarac\",\"@id\":\"https:\\\/\\\/citycenterone.hr\\\/split\\\/#\\\/schema\\\/person\\\/db0bbb1b5aeb4ea836df236ae8379ba4\"},\"headline\":\"SPRINGFIELD SLAVI PRVU OBLJETNICU SVOJE KOLEKCIJE R[ECO]NSIDER\",\"datePublished\":\"2019-10-18T08:48:22+00:00\",\"dateModified\":\"2019-12-24T09:32:59+00:00\",\"mainEntityOfPage\":{\"@id\":\"https:\\\/\\\/citycenterone.hr\\\/split\\\/arhiva\\\/springfield-slavi-prvu-obljetnicu-svoje-kolekcije-reconsider\\\/\"},\"wordCount\":196,\"commentCount\":0,\"image\":{\"@id\":\"https:\\\/\\\/citycenterone.hr\\\/split\\\/arhiva\\\/springfield-slavi-prvu-obljetnicu-svoje-kolekcije-reconsider\\\/#primaryimage\"},\"thumbnailUrl\":\"https:\\\/\\\/citycenterone.hr\\\/split\\\/wp-content\\\/uploads\\\/sites\\\/4\\\/2019\\\/10\\\/springfield-2.jpg\",\"articleSection\":[\"Arhiva\"],\"inLanguage\":\"hr-HR\",\"potentialAction\":[{\"@type\":\"CommentAction\",\"name\":\"Comment\",\"target\":[\"https:\\\/\\\/citycenterone.hr\\\/split\\\/arhiva\\\/springfield-slavi-prvu-obljetnicu-svoje-kolekcije-reconsider\\\/#respond\"]}]},{\"@type\":\"WebPage\",\"@id\":\"https:\\\/\\\/citycenterone.hr\\\/split\\\/arhiva\\\/springfield-slavi-prvu-obljetnicu-svoje-kolekcije-reconsider\\\/\",\"url\":\"https:\\\/\\\/citycenterone.hr\\\/split\\\/arhiva\\\/springfield-slavi-prvu-obljetnicu-svoje-kolekcije-reconsider\\\/\",\"name\":\"SPRINGFIELD SLAVI PRVU OBLJETNICU SVOJE KOLEKCIJE R[ECO]NSIDER - Split\",\"isPartOf\":{\"@id\":\"https:\\\/\\\/citycenterone.hr\\\/split\\\/#website\"},\"primaryImageOfPage\":{\"@id\":\"https:\\\/\\\/citycenterone.hr\\\/split\\\/arhiva\\\/springfield-slavi-prvu-obljetnicu-svoje-kolekcije-reconsider\\\/#primaryimage\"},\"image\":{\"@id\":\"https:\\\/\\\/citycenterone.hr\\\/split\\\/arhiva\\\/springfield-slavi-prvu-obljetnicu-svoje-kolekcije-reconsider\\\/#primaryimage\"},\"thumbnailUrl\":\"https:\\\/\\\/citycenterone.hr\\\/split\\\/wp-content\\\/uploads\\\/sites\\\/4\\\/2019\\\/10\\\/springfield-2.jpg\",\"datePublished\":\"2019-10-18T08:48:22+00:00\",\"dateModified\":\"2019-12-24T09:32:59+00:00\",\"author\":{\"@id\":\"https:\\\/\\\/citycenterone.hr\\\/split\\\/#\\\/schema\\\/person\\\/db0bbb1b5aeb4ea836df236ae8379ba4\"},\"breadcrumb\":{\"@id\":\"https:\\\/\\\/citycenterone.hr\\\/split\\\/arhiva\\\/springfield-slavi-prvu-obljetnicu-svoje-kolekcije-reconsider\\\/#breadcrumb\"},\"inLanguage\":\"hr-HR\",\"potentialAction\":[{\"@type\":\"ReadAction\",\"target\":[\"https:\\\/\\\/citycenterone.hr\\\/split\\\/arhiva\\\/springfield-slavi-prvu-obljetnicu-svoje-kolekcije-reconsider\\\/\"]}]},{\"@type\":\"ImageObject\",\"inLanguage\":\"hr-HR\",\"@id\":\"https:\\\/\\\/citycenterone.hr\\\/split\\\/arhiva\\\/springfield-slavi-prvu-obljetnicu-svoje-kolekcije-reconsider\\\/#primaryimage\",\"url\":\"https:\\\/\\\/citycenterone.hr\\\/split\\\/wp-content\\\/uploads\\\/sites\\\/4\\\/2019\\\/10\\\/springfield-2.jpg\",\"contentUrl\":\"https:\\\/\\\/citycenterone.hr\\\/split\\\/wp-content\\\/uploads\\\/sites\\\/4\\\/2019\\\/10\\\/springfield-2.jpg\",\"width\":1080,\"height\":1350},{\"@type\":\"BreadcrumbList\",\"@id\":\"https:\\\/\\\/citycenterone.hr\\\/split\\\/arhiva\\\/springfield-slavi-prvu-obljetnicu-svoje-kolekcije-reconsider\\\/#breadcrumb\",\"itemListElement\":[{\"@type\":\"ListItem\",\"position\":1,\"name\":\"Home\",\"item\":\"https:\\\/\\\/citycenterone.hr\\\/split\\\/\"},{\"@type\":\"ListItem\",\"position\":2,\"name\":\"SPRINGFIELD SLAVI PRVU OBLJETNICU SVOJE KOLEKCIJE R[ECO]NSIDER\"}]},{\"@type\":\"WebSite\",\"@id\":\"https:\\\/\\\/citycenterone.hr\\\/split\\\/#website\",\"url\":\"https:\\\/\\\/citycenterone.hr\\\/split\\\/\",\"name\":\"Split\",\"description\":\"Just another City Center One site\",\"potentialAction\":[{\"@type\":\"SearchAction\",\"target\":{\"@type\":\"EntryPoint\",\"urlTemplate\":\"https:\\\/\\\/citycenterone.hr\\\/split\\\/?s={search_term_string}\"},\"query-input\":{\"@type\":\"PropertyValueSpecification\",\"valueRequired\":true,\"valueName\":\"search_term_string\"}}],\"inLanguage\":\"hr-HR\"},{\"@type\":\"Person\",\"@id\":\"https:\\\/\\\/citycenterone.hr\\\/split\\\/#\\\/schema\\\/person\\\/db0bbb1b5aeb4ea836df236ae8379ba4\",\"name\":\"kgarac\",\"image\":{\"@type\":\"ImageObject\",\"inLanguage\":\"hr-HR\",\"@id\":\"https:\\\/\\\/secure.gravatar.com\\\/avatar\\\/b599fc997ac3b0f33bbe96aa22995f1b7ded459dddf3ec218cc420eec942bbf9?s=96&d=mm&r=g\",\"url\":\"https:\\\/\\\/secure.gravatar.com\\\/avatar\\\/b599fc997ac3b0f33bbe96aa22995f1b7ded459dddf3ec218cc420eec942bbf9?s=96&d=mm&r=g\",\"contentUrl\":\"https:\\\/\\\/secure.gravatar.com\\\/avatar\\\/b599fc997ac3b0f33bbe96aa22995f1b7ded459dddf3ec218cc420eec942bbf9?s=96&d=mm&r=g\",\"caption\":\"kgarac\"},\"url\":\"https:\\\/\\\/citycenterone.hr\\\/split\\\/author\\\/kgarac\\\/\"}]}<\/script>\n<!-- \/ Yoast SEO plugin. -->","yoast_head_json":{"title":"SPRINGFIELD SLAVI PRVU OBLJETNICU SVOJE KOLEKCIJE R[ECO]NSIDER - Split","robots":{"index":"index","follow":"follow","max-snippet":"max-snippet:-1","max-image-preview":"max-image-preview:large","max-video-preview":"max-video-preview:-1"},"canonical":"https:\/\/citycenterone.hr\/split\/arhiva\/springfield-slavi-prvu-obljetnicu-svoje-kolekcije-reconsider\/","og_locale":"hr_HR","og_type":"article","og_title":"SPRINGFIELD SLAVI PRVU OBLJETNICU SVOJE KOLEKCIJE R[ECO]NSIDER - Split","og_description":"\u0160panjolski brend predstavlja novu kolekciju kojom jo\u0161 jednom potvr\u0111uje odgovornost prema okoli\u0161u.","og_url":"https:\/\/citycenterone.hr\/split\/arhiva\/springfield-slavi-prvu-obljetnicu-svoje-kolekcije-reconsider\/","og_site_name":"Split","article_published_time":"2019-10-18T08:48:22+00:00","article_modified_time":"2019-12-24T09:32:59+00:00","og_image":[{"width":1080,"height":1350,"url":"https:\/\/citycenterone.hr\/split\/wp-content\/uploads\/sites\/4\/2019\/10\/springfield-2.jpg","type":"image\/jpeg"}],"author":"kgarac","twitter_card":"summary_large_image","twitter_misc":{"Written by":"kgarac","Est. reading time":"1 minute"},"schema":{"@context":"https:\/\/schema.org","@graph":[{"@type":"Article","@id":"https:\/\/citycenterone.hr\/split\/arhiva\/springfield-slavi-prvu-obljetnicu-svoje-kolekcije-reconsider\/#article","isPartOf":{"@id":"https:\/\/citycenterone.hr\/split\/arhiva\/springfield-slavi-prvu-obljetnicu-svoje-kolekcije-reconsider\/"},"author":{"name":"kgarac","@id":"https:\/\/citycenterone.hr\/split\/#\/schema\/person\/db0bbb1b5aeb4ea836df236ae8379ba4"},"headline":"SPRINGFIELD SLAVI PRVU OBLJETNICU SVOJE KOLEKCIJE R[ECO]NSIDER","datePublished":"2019-10-18T08:48:22+00:00","dateModified":"2019-12-24T09:32:59+00:00","mainEntityOfPage":{"@id":"https:\/\/citycenterone.hr\/split\/arhiva\/springfield-slavi-prvu-obljetnicu-svoje-kolekcije-reconsider\/"},"wordCount":196,"commentCount":0,"image":{"@id":"https:\/\/citycenterone.hr\/split\/arhiva\/springfield-slavi-prvu-obljetnicu-svoje-kolekcije-reconsider\/#primaryimage"},"thumbnailUrl":"https:\/\/citycenterone.hr\/split\/wp-content\/uploads\/sites\/4\/2019\/10\/springfield-2.jpg","articleSection":["Arhiva"],"inLanguage":"hr-HR","potentialAction":[{"@type":"CommentAction","name":"Comment","target":["https:\/\/citycenterone.hr\/split\/arhiva\/springfield-slavi-prvu-obljetnicu-svoje-kolekcije-reconsider\/#respond"]}]},{"@type":"WebPage","@id":"https:\/\/citycenterone.hr\/split\/arhiva\/springfield-slavi-prvu-obljetnicu-svoje-kolekcije-reconsider\/","url":"https:\/\/citycenterone.hr\/split\/arhiva\/springfield-slavi-prvu-obljetnicu-svoje-kolekcije-reconsider\/","name":"SPRINGFIELD SLAVI PRVU OBLJETNICU SVOJE KOLEKCIJE R[ECO]NSIDER - Split","isPartOf":{"@id":"https:\/\/citycenterone.hr\/split\/#website"},"primaryImageOfPage":{"@id":"https:\/\/citycenterone.hr\/split\/arhiva\/springfield-slavi-prvu-obljetnicu-svoje-kolekcije-reconsider\/#primaryimage"},"image":{"@id":"https:\/\/citycenterone.hr\/split\/arhiva\/springfield-slavi-prvu-obljetnicu-svoje-kolekcije-reconsider\/#primaryimage"},"thumbnailUrl":"https:\/\/citycenterone.hr\/split\/wp-content\/uploads\/sites\/4\/2019\/10\/springfield-2.jpg","datePublished":"2019-10-18T08:48:22+00:00","dateModified":"2019-12-24T09:32:59+00:00","author":{"@id":"https:\/\/citycenterone.hr\/split\/#\/schema\/person\/db0bbb1b5aeb4ea836df236ae8379ba4"},"breadcrumb":{"@id":"https:\/\/citycenterone.hr\/split\/arhiva\/springfield-slavi-prvu-obljetnicu-svoje-kolekcije-reconsider\/#breadcrumb"},"inLanguage":"hr-HR","potentialAction":[{"@type":"ReadAction","target":["https:\/\/citycenterone.hr\/split\/arhiva\/springfield-slavi-prvu-obljetnicu-svoje-kolekcije-reconsider\/"]}]},{"@type":"ImageObject","inLanguage":"hr-HR","@id":"https:\/\/citycenterone.hr\/split\/arhiva\/springfield-slavi-prvu-obljetnicu-svoje-kolekcije-reconsider\/#primaryimage","url":"https:\/\/citycenterone.hr\/split\/wp-content\/uploads\/sites\/4\/2019\/10\/springfield-2.jpg","contentUrl":"https:\/\/citycenterone.hr\/split\/wp-content\/uploads\/sites\/4\/2019\/10\/springfield-2.jpg","width":1080,"height":1350},{"@type":"BreadcrumbList","@id":"https:\/\/citycenterone.hr\/split\/arhiva\/springfield-slavi-prvu-obljetnicu-svoje-kolekcije-reconsider\/#breadcrumb","itemListElement":[{"@type":"ListItem","position":1,"name":"Home","item":"https:\/\/citycenterone.hr\/split\/"},{"@type":"ListItem","position":2,"name":"SPRINGFIELD SLAVI PRVU OBLJETNICU SVOJE KOLEKCIJE R[ECO]NSIDER"}]},{"@type":"WebSite","@id":"https:\/\/citycenterone.hr\/split\/#website","url":"https:\/\/citycenterone.hr\/split\/","name":"Split","description":"Just another City Center One site","potentialAction":[{"@type":"SearchAction","target":{"@type":"EntryPoint","urlTemplate":"https:\/\/citycenterone.hr\/split\/?s={search_term_string}"},"query-input":{"@type":"PropertyValueSpecification","valueRequired":true,"valueName":"search_term_string"}}],"inLanguage":"hr-HR"},{"@type":"Person","@id":"https:\/\/citycenterone.hr\/split\/#\/schema\/person\/db0bbb1b5aeb4ea836df236ae8379ba4","name":"kgarac","image":{"@type":"ImageObject","inLanguage":"hr-HR","@id":"https:\/\/secure.gravatar.com\/avatar\/b599fc997ac3b0f33bbe96aa22995f1b7ded459dddf3ec218cc420eec942bbf9?s=96&d=mm&r=g","url":"https:\/\/secure.gravatar.com\/avatar\/b599fc997ac3b0f33bbe96aa22995f1b7ded459dddf3ec218cc420eec942bbf9?s=96&d=mm&r=g","contentUrl":"https:\/\/secure.gravatar.com\/avatar\/b599fc997ac3b0f33bbe96aa22995f1b7ded459dddf3ec218cc420eec942bbf9?s=96&d=mm&r=g","caption":"kgarac"},"url":"https:\/\/citycenterone.hr\/split\/author\/kgarac\/"}]}},"_links":{"self":[{"href":"https:\/\/citycenterone.hr\/split\/wp-json\/wp\/v2\/posts\/25447","targetHints":{"allow":["GET"]}}],"collection":[{"href":"https:\/\/citycenterone.hr\/split\/wp-json\/wp\/v2\/posts"}],"about":[{"href":"https:\/\/citycenterone.hr\/split\/wp-json\/wp\/v2\/types\/post"}],"author":[{"embeddable":true,"href":"https:\/\/citycenterone.hr\/split\/wp-json\/wp\/v2\/users\/11"}],"replies":[{"embeddable":true,"href":"https:\/\/citycenterone.hr\/split\/wp-json\/wp\/v2\/comments?post=25447"}],"version-history":[{"count":2,"href":"https:\/\/citycenterone.hr\/split\/wp-json\/wp\/v2\/posts\/25447\/revisions"}],"predecessor-version":[{"id":25485,"href":"https:\/\/citycenterone.hr\/split\/wp-json\/wp\/v2\/posts\/25447\/revisions\/25485"}],"wp:featuredmedia":[{"embeddable":true,"href":"https:\/\/citycenterone.hr\/split\/wp-json\/wp\/v2\/media\/25483"}],"wp:attachment":[{"href":"https:\/\/citycenterone.hr\/split\/wp-json\/wp\/v2\/media?parent=25447"}],"wp:term":[{"taxonomy":"category","embeddable":true,"href":"https:\/\/citycenterone.hr\/split\/wp-json\/wp\/v2\/categories?post=25447"},{"taxonomy":"post_tag","embeddable":true,"href":"https:\/\/citycenterone.hr\/split\/wp-json\/wp\/v2\/tags?post=25447"}],"curies":[{"name":"wp","href":"https:\/\/api.w.org\/{rel}","templated":true}]}}