{"id":27821,"date":"2019-11-26T15:00:14","date_gmt":"2019-11-26T15:00:14","guid":{"rendered":"http:\/\/citycenterone.hr\/split\/?p=27821"},"modified":"2019-12-16T07:31:38","modified_gmt":"2019-12-16T07:31:38","slug":"svecani-koncert-kud-a-jedinstvo","status":"publish","type":"post","link":"https:\/\/citycenterone.hr\/split\/arhiva\/svecani-koncert-kud-a-jedinstvo\/","title":{"rendered":"SVE\u010cANI KONCERT KUD-A JEDINSTVO"},"content":{"rendered":"<p>Gotovo to\u010dno 100 godina od dana prvog koncerta svog zbora na daskama splitskog HNK-a, KUD Jedinstvo priprema sve\u010dani ro\u0111endanski glazbeno-plesni spektakl u splitskoj Spaladium Areni.<\/p>\n<p>Tako \u0107ete <strong>14. prosinca<\/strong> od <strong>19:30 sati<\/strong> zakora\u010diti na putovanje \u010ditavom Hrvatskom uz program sastavljen od 16 glazbeno-plesnih to\u010daka istaknutih stru\u010dnjaka hrvatskog folklora, me\u0111u kojima su i koreografski klasici poput <em>Vrli\u010dkog kola<\/em> Branka \u0160egovi\u0107a ili <em>Prigorskih plesova<\/em> Zvonimira Ljevakovi\u0107a. Osim klasika, bit \u0107e prikazane i premijere nekoliko posve novih, za ovu priliku posebno postavljenih, koreografija i izvedbi.<\/p>\n<p>Na pozornici <strong>Spaladium arene<\/strong> u dvosatnom programu \u0107e se izmijeniti <strong>preko 250 izvo\u0111a\u010da<\/strong> svih generacija dru\u0161tva kroz folklorni ansambl, mandolinski i tambura\u0161ki orkestar, najmla\u0111e sastave te legendarne instrumentalne i vokalne sekcije koje su obilje\u017eile rad Jedinstva prethodnih sto godina.<\/p>\n<p>Cijeli doga\u0111aj obogatit \u0107e i <strong>vrhunski gosti<\/strong>: orkestar, zbor i solisti HNK Split te guda\u010dki kvartet Split.<\/p>\n<p>Ulaznicu mo\u017eete kupiti online ili na prodajnim mjestima Adriaticketa te u sustavu Croatia-Tickets.<\/p>\n<p>Kraj godine obilje\u017eite kulturnim doga\u0111ajem koji se ne propu\u0161ta!<\/p>\n","protected":false},"excerpt":{"rendered":"<p>KUD Jedinstvo, najtrofejniji hrvatski folklorni ansambl, \u010diji je City Center one ponosni sponzor, priprema sve\u010dani koncert povodom stote obljetnice postojanja.<\/p>\n","protected":false},"author":11,"featured_media":27822,"comment_status":"open","ping_status":"open","sticky":false,"template":"","format":"standard","meta":{"_acf_changed":false,"footnotes":""},"categories":[10],"tags":[],"class_list":["post-27821","post","type-post","status-publish","format-standard","has-post-thumbnail","hentry","category-arhiva"],"acf":[],"yoast_head":"<!-- This site is optimized with the Yoast SEO plugin v27.4 - https:\/\/yoast.com\/product\/yoast-seo-wordpress\/ -->\n<title>SVE\u010cANI KONCERT KUD-A JEDINSTVO - Split<\/title>\n<meta name=\"robots\" content=\"index, follow, max-snippet:-1, max-image-preview:large, max-video-preview:-1\" \/>\n<link rel=\"canonical\" href=\"https:\/\/citycenterone.hr\/split\/arhiva\/svecani-koncert-kud-a-jedinstvo\/\" \/>\n<meta property=\"og:locale\" content=\"hr_HR\" \/>\n<meta property=\"og:type\" content=\"article\" \/>\n<meta property=\"og:title\" content=\"SVE\u010cANI KONCERT KUD-A JEDINSTVO - Split\" \/>\n<meta property=\"og:description\" content=\"KUD Jedinstvo, najtrofejniji hrvatski folklorni ansambl, \u010diji je City Center one ponosni sponzor, priprema sve\u010dani koncert povodom stote obljetnice postojanja.\" \/>\n<meta property=\"og:url\" content=\"https:\/\/citycenterone.hr\/split\/arhiva\/svecani-koncert-kud-a-jedinstvo\/\" \/>\n<meta property=\"og:site_name\" content=\"Split\" \/>\n<meta property=\"article:published_time\" content=\"2019-11-26T15:00:14+00:00\" \/>\n<meta property=\"article:modified_time\" content=\"2019-12-16T07:31:38+00:00\" \/>\n<meta property=\"og:image\" content=\"https:\/\/citycenterone.hr\/split\/wp-content\/uploads\/sites\/4\/2019\/11\/Plakat-Jedinstvenih-100-raw-foto2.jpg\" \/>\n\t<meta property=\"og:image:width\" content=\"1200\" \/>\n\t<meta property=\"og:image:height\" content=\"700\" \/>\n\t<meta property=\"og:image:type\" content=\"image\/jpeg\" \/>\n<meta name=\"author\" content=\"kgarac\" \/>\n<meta name=\"twitter:card\" content=\"summary_large_image\" \/>\n<meta name=\"twitter:label1\" content=\"Written by\" \/>\n\t<meta name=\"twitter:data1\" content=\"kgarac\" \/>\n\t<meta name=\"twitter:label2\" content=\"Est. reading time\" \/>\n\t<meta name=\"twitter:data2\" content=\"1 minute\" \/>\n<script type=\"application\/ld+json\" class=\"yoast-schema-graph\">{\"@context\":\"https:\\\/\\\/schema.org\",\"@graph\":[{\"@type\":\"Article\",\"@id\":\"https:\\\/\\\/citycenterone.hr\\\/split\\\/arhiva\\\/svecani-koncert-kud-a-jedinstvo\\\/#article\",\"isPartOf\":{\"@id\":\"https:\\\/\\\/citycenterone.hr\\\/split\\\/arhiva\\\/svecani-koncert-kud-a-jedinstvo\\\/\"},\"author\":{\"name\":\"kgarac\",\"@id\":\"https:\\\/\\\/citycenterone.hr\\\/split\\\/#\\\/schema\\\/person\\\/db0bbb1b5aeb4ea836df236ae8379ba4\"},\"headline\":\"SVE\u010cANI KONCERT KUD-A JEDINSTVO\",\"datePublished\":\"2019-11-26T15:00:14+00:00\",\"dateModified\":\"2019-12-16T07:31:38+00:00\",\"mainEntityOfPage\":{\"@id\":\"https:\\\/\\\/citycenterone.hr\\\/split\\\/arhiva\\\/svecani-koncert-kud-a-jedinstvo\\\/\"},\"wordCount\":182,\"commentCount\":0,\"image\":{\"@id\":\"https:\\\/\\\/citycenterone.hr\\\/split\\\/arhiva\\\/svecani-koncert-kud-a-jedinstvo\\\/#primaryimage\"},\"thumbnailUrl\":\"https:\\\/\\\/citycenterone.hr\\\/split\\\/wp-content\\\/uploads\\\/sites\\\/4\\\/2019\\\/11\\\/Plakat-Jedinstvenih-100-raw-foto2.jpg\",\"articleSection\":[\"Arhiva\"],\"inLanguage\":\"hr-HR\",\"potentialAction\":[{\"@type\":\"CommentAction\",\"name\":\"Comment\",\"target\":[\"https:\\\/\\\/citycenterone.hr\\\/split\\\/arhiva\\\/svecani-koncert-kud-a-jedinstvo\\\/#respond\"]}]},{\"@type\":\"WebPage\",\"@id\":\"https:\\\/\\\/citycenterone.hr\\\/split\\\/arhiva\\\/svecani-koncert-kud-a-jedinstvo\\\/\",\"url\":\"https:\\\/\\\/citycenterone.hr\\\/split\\\/arhiva\\\/svecani-koncert-kud-a-jedinstvo\\\/\",\"name\":\"SVE\u010cANI KONCERT KUD-A JEDINSTVO - Split\",\"isPartOf\":{\"@id\":\"https:\\\/\\\/citycenterone.hr\\\/split\\\/#website\"},\"primaryImageOfPage\":{\"@id\":\"https:\\\/\\\/citycenterone.hr\\\/split\\\/arhiva\\\/svecani-koncert-kud-a-jedinstvo\\\/#primaryimage\"},\"image\":{\"@id\":\"https:\\\/\\\/citycenterone.hr\\\/split\\\/arhiva\\\/svecani-koncert-kud-a-jedinstvo\\\/#primaryimage\"},\"thumbnailUrl\":\"https:\\\/\\\/citycenterone.hr\\\/split\\\/wp-content\\\/uploads\\\/sites\\\/4\\\/2019\\\/11\\\/Plakat-Jedinstvenih-100-raw-foto2.jpg\",\"datePublished\":\"2019-11-26T15:00:14+00:00\",\"dateModified\":\"2019-12-16T07:31:38+00:00\",\"author\":{\"@id\":\"https:\\\/\\\/citycenterone.hr\\\/split\\\/#\\\/schema\\\/person\\\/db0bbb1b5aeb4ea836df236ae8379ba4\"},\"breadcrumb\":{\"@id\":\"https:\\\/\\\/citycenterone.hr\\\/split\\\/arhiva\\\/svecani-koncert-kud-a-jedinstvo\\\/#breadcrumb\"},\"inLanguage\":\"hr-HR\",\"potentialAction\":[{\"@type\":\"ReadAction\",\"target\":[\"https:\\\/\\\/citycenterone.hr\\\/split\\\/arhiva\\\/svecani-koncert-kud-a-jedinstvo\\\/\"]}]},{\"@type\":\"ImageObject\",\"inLanguage\":\"hr-HR\",\"@id\":\"https:\\\/\\\/citycenterone.hr\\\/split\\\/arhiva\\\/svecani-koncert-kud-a-jedinstvo\\\/#primaryimage\",\"url\":\"https:\\\/\\\/citycenterone.hr\\\/split\\\/wp-content\\\/uploads\\\/sites\\\/4\\\/2019\\\/11\\\/Plakat-Jedinstvenih-100-raw-foto2.jpg\",\"contentUrl\":\"https:\\\/\\\/citycenterone.hr\\\/split\\\/wp-content\\\/uploads\\\/sites\\\/4\\\/2019\\\/11\\\/Plakat-Jedinstvenih-100-raw-foto2.jpg\",\"width\":1200,\"height\":700},{\"@type\":\"BreadcrumbList\",\"@id\":\"https:\\\/\\\/citycenterone.hr\\\/split\\\/arhiva\\\/svecani-koncert-kud-a-jedinstvo\\\/#breadcrumb\",\"itemListElement\":[{\"@type\":\"ListItem\",\"position\":1,\"name\":\"Home\",\"item\":\"https:\\\/\\\/citycenterone.hr\\\/split\\\/\"},{\"@type\":\"ListItem\",\"position\":2,\"name\":\"SVE\u010cANI KONCERT KUD-A JEDINSTVO\"}]},{\"@type\":\"WebSite\",\"@id\":\"https:\\\/\\\/citycenterone.hr\\\/split\\\/#website\",\"url\":\"https:\\\/\\\/citycenterone.hr\\\/split\\\/\",\"name\":\"Split\",\"description\":\"Just another City Center One site\",\"potentialAction\":[{\"@type\":\"SearchAction\",\"target\":{\"@type\":\"EntryPoint\",\"urlTemplate\":\"https:\\\/\\\/citycenterone.hr\\\/split\\\/?s={search_term_string}\"},\"query-input\":{\"@type\":\"PropertyValueSpecification\",\"valueRequired\":true,\"valueName\":\"search_term_string\"}}],\"inLanguage\":\"hr-HR\"},{\"@type\":\"Person\",\"@id\":\"https:\\\/\\\/citycenterone.hr\\\/split\\\/#\\\/schema\\\/person\\\/db0bbb1b5aeb4ea836df236ae8379ba4\",\"name\":\"kgarac\",\"image\":{\"@type\":\"ImageObject\",\"inLanguage\":\"hr-HR\",\"@id\":\"https:\\\/\\\/secure.gravatar.com\\\/avatar\\\/b599fc997ac3b0f33bbe96aa22995f1b7ded459dddf3ec218cc420eec942bbf9?s=96&d=mm&r=g\",\"url\":\"https:\\\/\\\/secure.gravatar.com\\\/avatar\\\/b599fc997ac3b0f33bbe96aa22995f1b7ded459dddf3ec218cc420eec942bbf9?s=96&d=mm&r=g\",\"contentUrl\":\"https:\\\/\\\/secure.gravatar.com\\\/avatar\\\/b599fc997ac3b0f33bbe96aa22995f1b7ded459dddf3ec218cc420eec942bbf9?s=96&d=mm&r=g\",\"caption\":\"kgarac\"},\"url\":\"https:\\\/\\\/citycenterone.hr\\\/split\\\/author\\\/kgarac\\\/\"}]}<\/script>\n<!-- \/ Yoast SEO plugin. -->","yoast_head_json":{"title":"SVE\u010cANI KONCERT KUD-A JEDINSTVO - Split","robots":{"index":"index","follow":"follow","max-snippet":"max-snippet:-1","max-image-preview":"max-image-preview:large","max-video-preview":"max-video-preview:-1"},"canonical":"https:\/\/citycenterone.hr\/split\/arhiva\/svecani-koncert-kud-a-jedinstvo\/","og_locale":"hr_HR","og_type":"article","og_title":"SVE\u010cANI KONCERT KUD-A JEDINSTVO - Split","og_description":"KUD Jedinstvo, najtrofejniji hrvatski folklorni ansambl, \u010diji je City Center one ponosni sponzor, priprema sve\u010dani koncert povodom stote obljetnice postojanja.","og_url":"https:\/\/citycenterone.hr\/split\/arhiva\/svecani-koncert-kud-a-jedinstvo\/","og_site_name":"Split","article_published_time":"2019-11-26T15:00:14+00:00","article_modified_time":"2019-12-16T07:31:38+00:00","og_image":[{"width":1200,"height":700,"url":"https:\/\/citycenterone.hr\/split\/wp-content\/uploads\/sites\/4\/2019\/11\/Plakat-Jedinstvenih-100-raw-foto2.jpg","type":"image\/jpeg"}],"author":"kgarac","twitter_card":"summary_large_image","twitter_misc":{"Written by":"kgarac","Est. reading time":"1 minute"},"schema":{"@context":"https:\/\/schema.org","@graph":[{"@type":"Article","@id":"https:\/\/citycenterone.hr\/split\/arhiva\/svecani-koncert-kud-a-jedinstvo\/#article","isPartOf":{"@id":"https:\/\/citycenterone.hr\/split\/arhiva\/svecani-koncert-kud-a-jedinstvo\/"},"author":{"name":"kgarac","@id":"https:\/\/citycenterone.hr\/split\/#\/schema\/person\/db0bbb1b5aeb4ea836df236ae8379ba4"},"headline":"SVE\u010cANI KONCERT KUD-A JEDINSTVO","datePublished":"2019-11-26T15:00:14+00:00","dateModified":"2019-12-16T07:31:38+00:00","mainEntityOfPage":{"@id":"https:\/\/citycenterone.hr\/split\/arhiva\/svecani-koncert-kud-a-jedinstvo\/"},"wordCount":182,"commentCount":0,"image":{"@id":"https:\/\/citycenterone.hr\/split\/arhiva\/svecani-koncert-kud-a-jedinstvo\/#primaryimage"},"thumbnailUrl":"https:\/\/citycenterone.hr\/split\/wp-content\/uploads\/sites\/4\/2019\/11\/Plakat-Jedinstvenih-100-raw-foto2.jpg","articleSection":["Arhiva"],"inLanguage":"hr-HR","potentialAction":[{"@type":"CommentAction","name":"Comment","target":["https:\/\/citycenterone.hr\/split\/arhiva\/svecani-koncert-kud-a-jedinstvo\/#respond"]}]},{"@type":"WebPage","@id":"https:\/\/citycenterone.hr\/split\/arhiva\/svecani-koncert-kud-a-jedinstvo\/","url":"https:\/\/citycenterone.hr\/split\/arhiva\/svecani-koncert-kud-a-jedinstvo\/","name":"SVE\u010cANI KONCERT KUD-A JEDINSTVO - Split","isPartOf":{"@id":"https:\/\/citycenterone.hr\/split\/#website"},"primaryImageOfPage":{"@id":"https:\/\/citycenterone.hr\/split\/arhiva\/svecani-koncert-kud-a-jedinstvo\/#primaryimage"},"image":{"@id":"https:\/\/citycenterone.hr\/split\/arhiva\/svecani-koncert-kud-a-jedinstvo\/#primaryimage"},"thumbnailUrl":"https:\/\/citycenterone.hr\/split\/wp-content\/uploads\/sites\/4\/2019\/11\/Plakat-Jedinstvenih-100-raw-foto2.jpg","datePublished":"2019-11-26T15:00:14+00:00","dateModified":"2019-12-16T07:31:38+00:00","author":{"@id":"https:\/\/citycenterone.hr\/split\/#\/schema\/person\/db0bbb1b5aeb4ea836df236ae8379ba4"},"breadcrumb":{"@id":"https:\/\/citycenterone.hr\/split\/arhiva\/svecani-koncert-kud-a-jedinstvo\/#breadcrumb"},"inLanguage":"hr-HR","potentialAction":[{"@type":"ReadAction","target":["https:\/\/citycenterone.hr\/split\/arhiva\/svecani-koncert-kud-a-jedinstvo\/"]}]},{"@type":"ImageObject","inLanguage":"hr-HR","@id":"https:\/\/citycenterone.hr\/split\/arhiva\/svecani-koncert-kud-a-jedinstvo\/#primaryimage","url":"https:\/\/citycenterone.hr\/split\/wp-content\/uploads\/sites\/4\/2019\/11\/Plakat-Jedinstvenih-100-raw-foto2.jpg","contentUrl":"https:\/\/citycenterone.hr\/split\/wp-content\/uploads\/sites\/4\/2019\/11\/Plakat-Jedinstvenih-100-raw-foto2.jpg","width":1200,"height":700},{"@type":"BreadcrumbList","@id":"https:\/\/citycenterone.hr\/split\/arhiva\/svecani-koncert-kud-a-jedinstvo\/#breadcrumb","itemListElement":[{"@type":"ListItem","position":1,"name":"Home","item":"https:\/\/citycenterone.hr\/split\/"},{"@type":"ListItem","position":2,"name":"SVE\u010cANI KONCERT KUD-A JEDINSTVO"}]},{"@type":"WebSite","@id":"https:\/\/citycenterone.hr\/split\/#website","url":"https:\/\/citycenterone.hr\/split\/","name":"Split","description":"Just another City Center One site","potentialAction":[{"@type":"SearchAction","target":{"@type":"EntryPoint","urlTemplate":"https:\/\/citycenterone.hr\/split\/?s={search_term_string}"},"query-input":{"@type":"PropertyValueSpecification","valueRequired":true,"valueName":"search_term_string"}}],"inLanguage":"hr-HR"},{"@type":"Person","@id":"https:\/\/citycenterone.hr\/split\/#\/schema\/person\/db0bbb1b5aeb4ea836df236ae8379ba4","name":"kgarac","image":{"@type":"ImageObject","inLanguage":"hr-HR","@id":"https:\/\/secure.gravatar.com\/avatar\/b599fc997ac3b0f33bbe96aa22995f1b7ded459dddf3ec218cc420eec942bbf9?s=96&d=mm&r=g","url":"https:\/\/secure.gravatar.com\/avatar\/b599fc997ac3b0f33bbe96aa22995f1b7ded459dddf3ec218cc420eec942bbf9?s=96&d=mm&r=g","contentUrl":"https:\/\/secure.gravatar.com\/avatar\/b599fc997ac3b0f33bbe96aa22995f1b7ded459dddf3ec218cc420eec942bbf9?s=96&d=mm&r=g","caption":"kgarac"},"url":"https:\/\/citycenterone.hr\/split\/author\/kgarac\/"}]}},"_links":{"self":[{"href":"https:\/\/citycenterone.hr\/split\/wp-json\/wp\/v2\/posts\/27821","targetHints":{"allow":["GET"]}}],"collection":[{"href":"https:\/\/citycenterone.hr\/split\/wp-json\/wp\/v2\/posts"}],"about":[{"href":"https:\/\/citycenterone.hr\/split\/wp-json\/wp\/v2\/types\/post"}],"author":[{"embeddable":true,"href":"https:\/\/citycenterone.hr\/split\/wp-json\/wp\/v2\/users\/11"}],"replies":[{"embeddable":true,"href":"https:\/\/citycenterone.hr\/split\/wp-json\/wp\/v2\/comments?post=27821"}],"version-history":[{"count":1,"href":"https:\/\/citycenterone.hr\/split\/wp-json\/wp\/v2\/posts\/27821\/revisions"}],"predecessor-version":[{"id":27826,"href":"https:\/\/citycenterone.hr\/split\/wp-json\/wp\/v2\/posts\/27821\/revisions\/27826"}],"wp:featuredmedia":[{"embeddable":true,"href":"https:\/\/citycenterone.hr\/split\/wp-json\/wp\/v2\/media\/27822"}],"wp:attachment":[{"href":"https:\/\/citycenterone.hr\/split\/wp-json\/wp\/v2\/media?parent=27821"}],"wp:term":[{"taxonomy":"category","embeddable":true,"href":"https:\/\/citycenterone.hr\/split\/wp-json\/wp\/v2\/categories?post=27821"},{"taxonomy":"post_tag","embeddable":true,"href":"https:\/\/citycenterone.hr\/split\/wp-json\/wp\/v2\/tags?post=27821"}],"curies":[{"name":"wp","href":"https:\/\/api.w.org\/{rel}","templated":true}]}}