{"id":30300,"date":"2020-02-24T08:36:15","date_gmt":"2020-02-24T08:36:15","guid":{"rendered":"http:\/\/citycenterone.hr\/split\/?p=30300"},"modified":"2020-06-26T07:48:14","modified_gmt":"2020-06-26T07:48:14","slug":"otvorenje-trgovine-alpina","status":"publish","type":"post","link":"https:\/\/citycenterone.hr\/split\/arhiva\/otvorenje-trgovine-alpina\/","title":{"rendered":"ALPINA &#8211; USKORO U CITY CENTERU ONE"},"content":{"rendered":"<p>Alpina trgovina \u0107e u <strong>subotu, 29. velja\u010de<\/strong> po prvi put otvoriti svoja vrata u va\u0161em omiljenom City Centeru one, a sve posjetitelje taj dan o\u010dekuju slatki zalogaji za ugodan shopping, uz <strong>popuste na<\/strong> <strong>odre\u0111ene artikle do 40% koji \u0107e trajati do 3. o\u017eujka.<\/strong>\u00a0U nedjelju, 1. o\u017eujka, od 11 do 15h poslu\u0161ajte modne savjete stilistice Alme Premerl Zoko te se potpuno besplatno na\u0161minkajte.<\/p>\n<p>Svi zaljubljenici u prirodu i outdoor aktivnosti \u0107e u Alpina trgovini prona\u0107i raznoliki izbor obu\u0107e za planinarenje, hodanje, pje\u0161a\u010denje, alpinizam, dok \u0107e svi \u017eeljni zadnjih modnih trendova prona\u0107i bogat izbor modne obu\u0107e za \u017eene i mu\u0161karce brendova <strong>Alpina, Peter Kozina i Peko<\/strong>.<\/p>\n<p><img loading=\"lazy\" decoding=\"async\" class=\"alignnone wp-image-30297 size-large\" src=\"http:\/\/citycenterone.hr\/split\/wp-content\/uploads\/sites\/4\/2020\/02\/AlpinaOUTDenisCebulec-1632-1024x682.jpg\" alt=\"\" width=\"1024\" height=\"682\" srcset=\"https:\/\/citycenterone.hr\/split\/wp-content\/uploads\/sites\/4\/2020\/02\/AlpinaOUTDenisCebulec-1632-1024x682.jpg 1024w, https:\/\/citycenterone.hr\/split\/wp-content\/uploads\/sites\/4\/2020\/02\/AlpinaOUTDenisCebulec-1632-768x512.jpg 768w, https:\/\/citycenterone.hr\/split\/wp-content\/uploads\/sites\/4\/2020\/02\/AlpinaOUTDenisCebulec-1632.jpg 2000w\" sizes=\"auto, (max-width: 1024px) 100vw, 1024px\" \/><\/p>\n<p>U podru\u010dju outdoor aktivnosti Alpina je renomirano ime za vrhunsku obu\u0107u koju koriste alpinisti, planinari, skija\u0161i, lovci, kao i zaljubljenici u hodanje i pje\u0161a\u010denje. Alpina je tako\u0111er globalno prepoznatljiva i kao prvi izbor pobjednika olimpijskih igara i svjetskih kupova u skija\u0161kom tr\u010danju i biatlonu.\u00a0U modnom segmentu Alpina je prepoznatljiva po kvalitetnoj obu\u0107i koju odlikuju moderan dizajn, prirodni materijali i udobnost. U novootvorenoj trgovini ponuda modnog dijela \u0107e na jednom mjestu obuhva\u0107ati i obu\u0107u najstarije slovenske robne marke\u00a0Peter Kozina, kao i obu\u0107u\u00a0Peko\u00a0koja\u00a0 je od pro\u0161le godine sastavni dio Alpina brenda.<\/p>\n<p><img loading=\"lazy\" decoding=\"async\" class=\"alignnone wp-image-30301 size-large\" src=\"http:\/\/citycenterone.hr\/split\/wp-content\/uploads\/sites\/4\/2020\/02\/AlpinaOUTDenisCebulec-4335-966x1024.jpg\" alt=\"\" width=\"966\" height=\"1024\" srcset=\"https:\/\/citycenterone.hr\/split\/wp-content\/uploads\/sites\/4\/2020\/02\/AlpinaOUTDenisCebulec-4335-966x1024.jpg 966w, https:\/\/citycenterone.hr\/split\/wp-content\/uploads\/sites\/4\/2020\/02\/AlpinaOUTDenisCebulec-4335-768x814.jpg 768w, https:\/\/citycenterone.hr\/split\/wp-content\/uploads\/sites\/4\/2020\/02\/AlpinaOUTDenisCebulec-4335.jpg 1324w\" sizes=\"auto, (max-width: 966px) 100vw, 966px\" \/><\/p>\n","protected":false},"excerpt":{"rendered":"<p>Ovu subotu, 29. velja\u010de, ne propustite posjetiti novootvorenu Alpina trgovinu u prizemlju City Centera one.<\/p>\n","protected":false},"author":19,"featured_media":30303,"comment_status":"open","ping_status":"open","sticky":false,"template":"","format":"standard","meta":{"_acf_changed":false,"footnotes":""},"categories":[10],"tags":[],"class_list":["post-30300","post","type-post","status-publish","format-standard","has-post-thumbnail","hentry","category-arhiva"],"acf":[],"yoast_head":"<!-- This site is optimized with the Yoast SEO plugin v27.4 - https:\/\/yoast.com\/product\/yoast-seo-wordpress\/ -->\n<title>ALPINA - USKORO U CITY CENTERU ONE - Split<\/title>\n<meta name=\"robots\" content=\"index, follow, max-snippet:-1, max-image-preview:large, max-video-preview:-1\" \/>\n<link rel=\"canonical\" href=\"https:\/\/citycenterone.hr\/split\/arhiva\/otvorenje-trgovine-alpina\/\" \/>\n<meta property=\"og:locale\" content=\"hr_HR\" \/>\n<meta property=\"og:type\" content=\"article\" \/>\n<meta property=\"og:title\" content=\"ALPINA - USKORO U CITY CENTERU ONE - Split\" \/>\n<meta property=\"og:description\" content=\"Ovu subotu, 29. velja\u010de, ne propustite posjetiti novootvorenu Alpina trgovinu u prizemlju City Centera one.\" \/>\n<meta property=\"og:url\" content=\"https:\/\/citycenterone.hr\/split\/arhiva\/otvorenje-trgovine-alpina\/\" \/>\n<meta property=\"og:site_name\" content=\"Split\" \/>\n<meta property=\"article:published_time\" content=\"2020-02-24T08:36:15+00:00\" \/>\n<meta property=\"article:modified_time\" content=\"2020-06-26T07:48:14+00:00\" \/>\n<meta property=\"og:image\" content=\"https:\/\/citycenterone.hr\/split\/wp-content\/uploads\/sites\/4\/2020\/02\/AlpinaOUTDenisCebulec-2867.jpg\" \/>\n\t<meta property=\"og:image:width\" content=\"2000\" \/>\n\t<meta property=\"og:image:height\" content=\"1333\" \/>\n\t<meta property=\"og:image:type\" content=\"image\/jpeg\" \/>\n<meta name=\"author\" content=\"asedlic\" \/>\n<meta name=\"twitter:card\" content=\"summary_large_image\" \/>\n<meta name=\"twitter:label1\" content=\"Written by\" \/>\n\t<meta name=\"twitter:data1\" content=\"asedlic\" \/>\n\t<meta name=\"twitter:label2\" content=\"Est. reading time\" \/>\n\t<meta name=\"twitter:data2\" content=\"1 minute\" \/>\n<script type=\"application\/ld+json\" class=\"yoast-schema-graph\">{\"@context\":\"https:\\\/\\\/schema.org\",\"@graph\":[{\"@type\":\"Article\",\"@id\":\"https:\\\/\\\/citycenterone.hr\\\/split\\\/arhiva\\\/otvorenje-trgovine-alpina\\\/#article\",\"isPartOf\":{\"@id\":\"https:\\\/\\\/citycenterone.hr\\\/split\\\/arhiva\\\/otvorenje-trgovine-alpina\\\/\"},\"author\":{\"name\":\"asedlic\",\"@id\":\"https:\\\/\\\/citycenterone.hr\\\/split\\\/#\\\/schema\\\/person\\\/83678443851f5a8db800dd4b0d4551b2\"},\"headline\":\"ALPINA &#8211; USKORO U CITY CENTERU ONE\",\"datePublished\":\"2020-02-24T08:36:15+00:00\",\"dateModified\":\"2020-06-26T07:48:14+00:00\",\"mainEntityOfPage\":{\"@id\":\"https:\\\/\\\/citycenterone.hr\\\/split\\\/arhiva\\\/otvorenje-trgovine-alpina\\\/\"},\"wordCount\":228,\"commentCount\":0,\"image\":{\"@id\":\"https:\\\/\\\/citycenterone.hr\\\/split\\\/arhiva\\\/otvorenje-trgovine-alpina\\\/#primaryimage\"},\"thumbnailUrl\":\"https:\\\/\\\/citycenterone.hr\\\/split\\\/wp-content\\\/uploads\\\/sites\\\/4\\\/2020\\\/02\\\/AlpinaOUTDenisCebulec-2867.jpg\",\"articleSection\":[\"Arhiva\"],\"inLanguage\":\"hr-HR\",\"potentialAction\":[{\"@type\":\"CommentAction\",\"name\":\"Comment\",\"target\":[\"https:\\\/\\\/citycenterone.hr\\\/split\\\/arhiva\\\/otvorenje-trgovine-alpina\\\/#respond\"]}]},{\"@type\":\"WebPage\",\"@id\":\"https:\\\/\\\/citycenterone.hr\\\/split\\\/arhiva\\\/otvorenje-trgovine-alpina\\\/\",\"url\":\"https:\\\/\\\/citycenterone.hr\\\/split\\\/arhiva\\\/otvorenje-trgovine-alpina\\\/\",\"name\":\"ALPINA - USKORO U CITY CENTERU ONE - Split\",\"isPartOf\":{\"@id\":\"https:\\\/\\\/citycenterone.hr\\\/split\\\/#website\"},\"primaryImageOfPage\":{\"@id\":\"https:\\\/\\\/citycenterone.hr\\\/split\\\/arhiva\\\/otvorenje-trgovine-alpina\\\/#primaryimage\"},\"image\":{\"@id\":\"https:\\\/\\\/citycenterone.hr\\\/split\\\/arhiva\\\/otvorenje-trgovine-alpina\\\/#primaryimage\"},\"thumbnailUrl\":\"https:\\\/\\\/citycenterone.hr\\\/split\\\/wp-content\\\/uploads\\\/sites\\\/4\\\/2020\\\/02\\\/AlpinaOUTDenisCebulec-2867.jpg\",\"datePublished\":\"2020-02-24T08:36:15+00:00\",\"dateModified\":\"2020-06-26T07:48:14+00:00\",\"author\":{\"@id\":\"https:\\\/\\\/citycenterone.hr\\\/split\\\/#\\\/schema\\\/person\\\/83678443851f5a8db800dd4b0d4551b2\"},\"breadcrumb\":{\"@id\":\"https:\\\/\\\/citycenterone.hr\\\/split\\\/arhiva\\\/otvorenje-trgovine-alpina\\\/#breadcrumb\"},\"inLanguage\":\"hr-HR\",\"potentialAction\":[{\"@type\":\"ReadAction\",\"target\":[\"https:\\\/\\\/citycenterone.hr\\\/split\\\/arhiva\\\/otvorenje-trgovine-alpina\\\/\"]}]},{\"@type\":\"ImageObject\",\"inLanguage\":\"hr-HR\",\"@id\":\"https:\\\/\\\/citycenterone.hr\\\/split\\\/arhiva\\\/otvorenje-trgovine-alpina\\\/#primaryimage\",\"url\":\"https:\\\/\\\/citycenterone.hr\\\/split\\\/wp-content\\\/uploads\\\/sites\\\/4\\\/2020\\\/02\\\/AlpinaOUTDenisCebulec-2867.jpg\",\"contentUrl\":\"https:\\\/\\\/citycenterone.hr\\\/split\\\/wp-content\\\/uploads\\\/sites\\\/4\\\/2020\\\/02\\\/AlpinaOUTDenisCebulec-2867.jpg\",\"width\":2000,\"height\":1333},{\"@type\":\"BreadcrumbList\",\"@id\":\"https:\\\/\\\/citycenterone.hr\\\/split\\\/arhiva\\\/otvorenje-trgovine-alpina\\\/#breadcrumb\",\"itemListElement\":[{\"@type\":\"ListItem\",\"position\":1,\"name\":\"Home\",\"item\":\"https:\\\/\\\/citycenterone.hr\\\/split\\\/\"},{\"@type\":\"ListItem\",\"position\":2,\"name\":\"ALPINA &#8211; USKORO U CITY CENTERU ONE\"}]},{\"@type\":\"WebSite\",\"@id\":\"https:\\\/\\\/citycenterone.hr\\\/split\\\/#website\",\"url\":\"https:\\\/\\\/citycenterone.hr\\\/split\\\/\",\"name\":\"Split\",\"description\":\"Just another City Center One site\",\"potentialAction\":[{\"@type\":\"SearchAction\",\"target\":{\"@type\":\"EntryPoint\",\"urlTemplate\":\"https:\\\/\\\/citycenterone.hr\\\/split\\\/?s={search_term_string}\"},\"query-input\":{\"@type\":\"PropertyValueSpecification\",\"valueRequired\":true,\"valueName\":\"search_term_string\"}}],\"inLanguage\":\"hr-HR\"},{\"@type\":\"Person\",\"@id\":\"https:\\\/\\\/citycenterone.hr\\\/split\\\/#\\\/schema\\\/person\\\/83678443851f5a8db800dd4b0d4551b2\",\"name\":\"asedlic\",\"image\":{\"@type\":\"ImageObject\",\"inLanguage\":\"hr-HR\",\"@id\":\"https:\\\/\\\/secure.gravatar.com\\\/avatar\\\/75453a7346167c3976647ee7319085161b67b3c5e767cbe4c46c1644c30b0552?s=96&d=mm&r=g\",\"url\":\"https:\\\/\\\/secure.gravatar.com\\\/avatar\\\/75453a7346167c3976647ee7319085161b67b3c5e767cbe4c46c1644c30b0552?s=96&d=mm&r=g\",\"contentUrl\":\"https:\\\/\\\/secure.gravatar.com\\\/avatar\\\/75453a7346167c3976647ee7319085161b67b3c5e767cbe4c46c1644c30b0552?s=96&d=mm&r=g\",\"caption\":\"asedlic\"},\"url\":\"https:\\\/\\\/citycenterone.hr\\\/split\\\/author\\\/asedlic\\\/\"}]}<\/script>\n<!-- \/ Yoast SEO plugin. -->","yoast_head_json":{"title":"ALPINA - USKORO U CITY CENTERU ONE - Split","robots":{"index":"index","follow":"follow","max-snippet":"max-snippet:-1","max-image-preview":"max-image-preview:large","max-video-preview":"max-video-preview:-1"},"canonical":"https:\/\/citycenterone.hr\/split\/arhiva\/otvorenje-trgovine-alpina\/","og_locale":"hr_HR","og_type":"article","og_title":"ALPINA - USKORO U CITY CENTERU ONE - Split","og_description":"Ovu subotu, 29. velja\u010de, ne propustite posjetiti novootvorenu Alpina trgovinu u prizemlju City Centera one.","og_url":"https:\/\/citycenterone.hr\/split\/arhiva\/otvorenje-trgovine-alpina\/","og_site_name":"Split","article_published_time":"2020-02-24T08:36:15+00:00","article_modified_time":"2020-06-26T07:48:14+00:00","og_image":[{"width":2000,"height":1333,"url":"https:\/\/citycenterone.hr\/split\/wp-content\/uploads\/sites\/4\/2020\/02\/AlpinaOUTDenisCebulec-2867.jpg","type":"image\/jpeg"}],"author":"asedlic","twitter_card":"summary_large_image","twitter_misc":{"Written by":"asedlic","Est. reading time":"1 minute"},"schema":{"@context":"https:\/\/schema.org","@graph":[{"@type":"Article","@id":"https:\/\/citycenterone.hr\/split\/arhiva\/otvorenje-trgovine-alpina\/#article","isPartOf":{"@id":"https:\/\/citycenterone.hr\/split\/arhiva\/otvorenje-trgovine-alpina\/"},"author":{"name":"asedlic","@id":"https:\/\/citycenterone.hr\/split\/#\/schema\/person\/83678443851f5a8db800dd4b0d4551b2"},"headline":"ALPINA &#8211; USKORO U CITY CENTERU ONE","datePublished":"2020-02-24T08:36:15+00:00","dateModified":"2020-06-26T07:48:14+00:00","mainEntityOfPage":{"@id":"https:\/\/citycenterone.hr\/split\/arhiva\/otvorenje-trgovine-alpina\/"},"wordCount":228,"commentCount":0,"image":{"@id":"https:\/\/citycenterone.hr\/split\/arhiva\/otvorenje-trgovine-alpina\/#primaryimage"},"thumbnailUrl":"https:\/\/citycenterone.hr\/split\/wp-content\/uploads\/sites\/4\/2020\/02\/AlpinaOUTDenisCebulec-2867.jpg","articleSection":["Arhiva"],"inLanguage":"hr-HR","potentialAction":[{"@type":"CommentAction","name":"Comment","target":["https:\/\/citycenterone.hr\/split\/arhiva\/otvorenje-trgovine-alpina\/#respond"]}]},{"@type":"WebPage","@id":"https:\/\/citycenterone.hr\/split\/arhiva\/otvorenje-trgovine-alpina\/","url":"https:\/\/citycenterone.hr\/split\/arhiva\/otvorenje-trgovine-alpina\/","name":"ALPINA - USKORO U CITY CENTERU ONE - Split","isPartOf":{"@id":"https:\/\/citycenterone.hr\/split\/#website"},"primaryImageOfPage":{"@id":"https:\/\/citycenterone.hr\/split\/arhiva\/otvorenje-trgovine-alpina\/#primaryimage"},"image":{"@id":"https:\/\/citycenterone.hr\/split\/arhiva\/otvorenje-trgovine-alpina\/#primaryimage"},"thumbnailUrl":"https:\/\/citycenterone.hr\/split\/wp-content\/uploads\/sites\/4\/2020\/02\/AlpinaOUTDenisCebulec-2867.jpg","datePublished":"2020-02-24T08:36:15+00:00","dateModified":"2020-06-26T07:48:14+00:00","author":{"@id":"https:\/\/citycenterone.hr\/split\/#\/schema\/person\/83678443851f5a8db800dd4b0d4551b2"},"breadcrumb":{"@id":"https:\/\/citycenterone.hr\/split\/arhiva\/otvorenje-trgovine-alpina\/#breadcrumb"},"inLanguage":"hr-HR","potentialAction":[{"@type":"ReadAction","target":["https:\/\/citycenterone.hr\/split\/arhiva\/otvorenje-trgovine-alpina\/"]}]},{"@type":"ImageObject","inLanguage":"hr-HR","@id":"https:\/\/citycenterone.hr\/split\/arhiva\/otvorenje-trgovine-alpina\/#primaryimage","url":"https:\/\/citycenterone.hr\/split\/wp-content\/uploads\/sites\/4\/2020\/02\/AlpinaOUTDenisCebulec-2867.jpg","contentUrl":"https:\/\/citycenterone.hr\/split\/wp-content\/uploads\/sites\/4\/2020\/02\/AlpinaOUTDenisCebulec-2867.jpg","width":2000,"height":1333},{"@type":"BreadcrumbList","@id":"https:\/\/citycenterone.hr\/split\/arhiva\/otvorenje-trgovine-alpina\/#breadcrumb","itemListElement":[{"@type":"ListItem","position":1,"name":"Home","item":"https:\/\/citycenterone.hr\/split\/"},{"@type":"ListItem","position":2,"name":"ALPINA &#8211; USKORO U CITY CENTERU ONE"}]},{"@type":"WebSite","@id":"https:\/\/citycenterone.hr\/split\/#website","url":"https:\/\/citycenterone.hr\/split\/","name":"Split","description":"Just another City Center One site","potentialAction":[{"@type":"SearchAction","target":{"@type":"EntryPoint","urlTemplate":"https:\/\/citycenterone.hr\/split\/?s={search_term_string}"},"query-input":{"@type":"PropertyValueSpecification","valueRequired":true,"valueName":"search_term_string"}}],"inLanguage":"hr-HR"},{"@type":"Person","@id":"https:\/\/citycenterone.hr\/split\/#\/schema\/person\/83678443851f5a8db800dd4b0d4551b2","name":"asedlic","image":{"@type":"ImageObject","inLanguage":"hr-HR","@id":"https:\/\/secure.gravatar.com\/avatar\/75453a7346167c3976647ee7319085161b67b3c5e767cbe4c46c1644c30b0552?s=96&d=mm&r=g","url":"https:\/\/secure.gravatar.com\/avatar\/75453a7346167c3976647ee7319085161b67b3c5e767cbe4c46c1644c30b0552?s=96&d=mm&r=g","contentUrl":"https:\/\/secure.gravatar.com\/avatar\/75453a7346167c3976647ee7319085161b67b3c5e767cbe4c46c1644c30b0552?s=96&d=mm&r=g","caption":"asedlic"},"url":"https:\/\/citycenterone.hr\/split\/author\/asedlic\/"}]}},"_links":{"self":[{"href":"https:\/\/citycenterone.hr\/split\/wp-json\/wp\/v2\/posts\/30300","targetHints":{"allow":["GET"]}}],"collection":[{"href":"https:\/\/citycenterone.hr\/split\/wp-json\/wp\/v2\/posts"}],"about":[{"href":"https:\/\/citycenterone.hr\/split\/wp-json\/wp\/v2\/types\/post"}],"author":[{"embeddable":true,"href":"https:\/\/citycenterone.hr\/split\/wp-json\/wp\/v2\/users\/19"}],"replies":[{"embeddable":true,"href":"https:\/\/citycenterone.hr\/split\/wp-json\/wp\/v2\/comments?post=30300"}],"version-history":[{"count":4,"href":"https:\/\/citycenterone.hr\/split\/wp-json\/wp\/v2\/posts\/30300\/revisions"}],"predecessor-version":[{"id":30602,"href":"https:\/\/citycenterone.hr\/split\/wp-json\/wp\/v2\/posts\/30300\/revisions\/30602"}],"wp:featuredmedia":[{"embeddable":true,"href":"https:\/\/citycenterone.hr\/split\/wp-json\/wp\/v2\/media\/30303"}],"wp:attachment":[{"href":"https:\/\/citycenterone.hr\/split\/wp-json\/wp\/v2\/media?parent=30300"}],"wp:term":[{"taxonomy":"category","embeddable":true,"href":"https:\/\/citycenterone.hr\/split\/wp-json\/wp\/v2\/categories?post=30300"},{"taxonomy":"post_tag","embeddable":true,"href":"https:\/\/citycenterone.hr\/split\/wp-json\/wp\/v2\/tags?post=30300"}],"curies":[{"name":"wp","href":"https:\/\/api.w.org\/{rel}","templated":true}]}}