{"id":31969,"date":"2020-07-09T14:39:32","date_gmt":"2020-07-09T14:39:32","guid":{"rendered":"http:\/\/citycenterone.hr\/split\/?p=31969"},"modified":"2020-09-17T13:30:55","modified_gmt":"2020-09-17T13:30:55","slug":"naocale-kojima-ovo-ljeto-necete-moci-odoljeti","status":"publish","type":"post","link":"https:\/\/citycenterone.hr\/split\/arhiva\/naocale-kojima-ovo-ljeto-necete-moci-odoljeti\/","title":{"rendered":"NAO\u010cALE KOJIMA OVO LJETO NE\u0106ETE MO\u0106I ODOLJETI!"},"content":{"rendered":"<p>Ljeto i nao\u010dale su kao vanilija i \u010dokolada, ne mogu jedno bez drugog. S nao\u010dalama je ba\u0161 kao i sa sladoledom, nikada se ne mo\u017eemo odlu\u010diti samo za jedan okus. Pogledajte vru\u0107e modele sun\u010danih nao\u010dala iz ljetne kolekcije Optike Anda i poku\u0161ajte im odoljeti!<\/p>\n<p>Ne postoji jedan trend koji \u0107e se ovog ljeta nositi. Oni su raznovrsni i slojeviti, a mi izdvajamo trendove me\u0111u kojima \u0107e svatko prona\u0107i ne\u0161to za sebe. Tu su \u0161armantni okrugli okviri koji su idealni za romanti\u010dne ljetne kombinacije. Avijati\u010darke nas vra\u0107aju u sedamdesete, ma\u010dkasti okviri nas vra\u0107aju u pedesete, dok ostali retro okviri koji se trenutno nose sa svilenim marama u kosi, neodoljivo podsje\u0107aju na \u0161ezdesete godine pro\u0161log stolje\u0107a.<\/p>\n<p><img loading=\"lazy\" decoding=\"async\" class=\"aligncenter wp-image-32020 size-full\" src=\"https:\/\/citycenterone.hr\/split\/wp-content\/uploads\/sites\/4\/2020\/07\/3-818x1024-1.jpg\" alt=\"\" width=\"818\" height=\"1024\" srcset=\"https:\/\/citycenterone.hr\/split\/wp-content\/uploads\/sites\/4\/2020\/07\/3-818x1024-1.jpg 818w, https:\/\/citycenterone.hr\/split\/wp-content\/uploads\/sites\/4\/2020\/07\/3-818x1024-1-768x961.jpg 768w\" sizes=\"auto, (max-width: 818px) 100vw, 818px\" \/><\/p>\n<p>&nbsp;<\/p>\n<p><img loading=\"lazy\" decoding=\"async\" class=\"size-full wp-image-32006 aligncenter\" src=\"https:\/\/citycenterone.hr\/split\/wp-content\/uploads\/sites\/4\/2020\/07\/6-683x1024-1.jpg\" alt=\"\" width=\"683\" height=\"1024\" \/><\/p>\n<p>Velike ili male, okrugle ili ma\u010dkaste, retro ili micro, jedno je sigurno \u2013 nao\u010dale su najbolji saveznik za duga\u010dke i vru\u0107e ljetne dane pred nama. Vidimo se u Optici Anda!<\/p>\n<p style=\"text-align: center;\">\t<div id=\"news-gallery\" class=\"news-gallery clearfix\">\n\t\t<a href=\"https:\/\/citycenterone.hr\/split\/wp-content\/uploads\/sites\/4\/2020\/07\/Chanel_Optika-Anda_1-1024x1024-1-732x732.jpg\" class=\"news-gallery__large\" style=\"background-image: url('https:\/\/citycenterone.hr\/split\/wp-content\/uploads\/sites\/4\/2020\/07\/Chanel_Optika-Anda_1-1024x1024-1-1024x585.jpg'); background-position: 50% 50%\">\n\t\t\t<img decoding=\"async\" class=\"news-gallery__icon\" src=\"https:\/\/citycenterone.hr\/split\/wp-content\/themes\/am2\/assets\/images\/gallery.png\"\/>\n\t\t<\/a>\n\t\t\t\t\t<a href=\"https:\/\/citycenterone.hr\/split\/wp-content\/uploads\/sites\/4\/2020\/07\/Valentino_Optika-Anda-1024x647-1-732x647.jpg\" class=\"news-gallery__items\"><\/a>\n\t\t\t\t\t<a href=\"https:\/\/citycenterone.hr\/split\/wp-content\/uploads\/sites\/4\/2020\/07\/VALENTINO_Optika-Anda-2-1024x635-1-732x635.jpg\" class=\"news-gallery__items\"><\/a>\n\t\t\t\t\t<a href=\"https:\/\/citycenterone.hr\/split\/wp-content\/uploads\/sites\/4\/2020\/07\/OPTIKA-ANDA_GUCCI-2-1024x1024-1-732x732.jpg\" class=\"news-gallery__items\"><\/a>\n\t\t\t\t\t<a href=\"https:\/\/citycenterone.hr\/split\/wp-content\/uploads\/sites\/4\/2020\/07\/GUCCI_Optika-Anda-2-732x732.jpg\" class=\"news-gallery__items\"><\/a>\n\t\t\t\t\t<a href=\"https:\/\/citycenterone.hr\/split\/wp-content\/uploads\/sites\/4\/2020\/07\/Gucci_Optika-Anda_1-1024x672-1-732x672.jpg\" class=\"news-gallery__items\"><\/a>\n\t\t\t<\/div>\n\n\n\t<script>\n\t\t$(document).ready(function() {\n\t\t\t\/\/background\n\t\t\tvar args_lightbox = {\n\t\t\t\t\"blockId\": \"news-gallery\",\n\t\t\t\t\"options\": {\n\t\t\t\t\tbackground: 'rgba(255, 255, 255, 0.87)'\n\t\t\t\t}\n\t\t\t};\n\t\t\tam2.main.loadScript('slick-lightbox', am2.templateDirectory + '\/assets\/js\/slick-lightbox.min.js', function() {\n\t\t\t\treturn am2.main.slickLight(args_lightbox);\n\t\t\t});\n\t\t});\n\t<\/script>\n\n<\/p>\n","protected":false},"excerpt":{"rendered":"<p>Zavirite u bogatu ponudu sun\u010danih nao\u010dala iz ljetne kolekcije optike Anda.<\/p>\n","protected":false},"author":27,"featured_media":29614,"comment_status":"open","ping_status":"open","sticky":false,"template":"","format":"standard","meta":{"_acf_changed":false,"footnotes":""},"categories":[10],"tags":[],"class_list":["post-31969","post","type-post","status-publish","format-standard","has-post-thumbnail","hentry","category-arhiva"],"acf":[],"yoast_head":"<!-- This site is optimized with the Yoast SEO plugin v27.4 - https:\/\/yoast.com\/product\/yoast-seo-wordpress\/ -->\n<title>NAO\u010cALE KOJIMA OVO LJETO NE\u0106ETE MO\u0106I ODOLJETI! - Split<\/title>\n<meta name=\"robots\" content=\"index, follow, max-snippet:-1, max-image-preview:large, max-video-preview:-1\" \/>\n<link rel=\"canonical\" href=\"https:\/\/citycenterone.hr\/split\/arhiva\/naocale-kojima-ovo-ljeto-necete-moci-odoljeti\/\" \/>\n<meta property=\"og:locale\" content=\"hr_HR\" \/>\n<meta property=\"og:type\" content=\"article\" \/>\n<meta property=\"og:title\" content=\"NAO\u010cALE KOJIMA OVO LJETO NE\u0106ETE MO\u0106I ODOLJETI! - Split\" \/>\n<meta property=\"og:description\" content=\"Zavirite u bogatu ponudu sun\u010danih nao\u010dala iz ljetne kolekcije optike Anda.\" \/>\n<meta property=\"og:url\" content=\"https:\/\/citycenterone.hr\/split\/arhiva\/naocale-kojima-ovo-ljeto-necete-moci-odoljeti\/\" \/>\n<meta property=\"og:site_name\" content=\"Split\" \/>\n<meta property=\"article:published_time\" content=\"2020-07-09T14:39:32+00:00\" \/>\n<meta property=\"article:modified_time\" content=\"2020-09-17T13:30:55+00:00\" \/>\n<meta property=\"og:image\" content=\"https:\/\/citycenterone.hr\/split\/wp-content\/uploads\/sites\/4\/2020\/02\/Severina-4.jpg\" \/>\n\t<meta property=\"og:image:width\" content=\"818\" \/>\n\t<meta property=\"og:image:height\" content=\"1024\" \/>\n\t<meta property=\"og:image:type\" content=\"image\/jpeg\" \/>\n<meta name=\"author\" content=\"mopacak\" \/>\n<meta name=\"twitter:card\" content=\"summary_large_image\" \/>\n<meta name=\"twitter:label1\" content=\"Written by\" \/>\n\t<meta name=\"twitter:data1\" content=\"mopacak\" \/>\n\t<meta name=\"twitter:label2\" content=\"Est. reading time\" \/>\n\t<meta name=\"twitter:data2\" content=\"1 minute\" \/>\n<script type=\"application\/ld+json\" class=\"yoast-schema-graph\">{\"@context\":\"https:\\\/\\\/schema.org\",\"@graph\":[{\"@type\":\"Article\",\"@id\":\"https:\\\/\\\/citycenterone.hr\\\/split\\\/arhiva\\\/naocale-kojima-ovo-ljeto-necete-moci-odoljeti\\\/#article\",\"isPartOf\":{\"@id\":\"https:\\\/\\\/citycenterone.hr\\\/split\\\/arhiva\\\/naocale-kojima-ovo-ljeto-necete-moci-odoljeti\\\/\"},\"author\":{\"name\":\"mopacak\",\"@id\":\"https:\\\/\\\/citycenterone.hr\\\/split\\\/#\\\/schema\\\/person\\\/ddf4eb6d7a0c8ac21fdbee1880a74f88\"},\"headline\":\"NAO\u010cALE KOJIMA OVO LJETO NE\u0106ETE MO\u0106I ODOLJETI!\",\"datePublished\":\"2020-07-09T14:39:32+00:00\",\"dateModified\":\"2020-09-17T13:30:55+00:00\",\"mainEntityOfPage\":{\"@id\":\"https:\\\/\\\/citycenterone.hr\\\/split\\\/arhiva\\\/naocale-kojima-ovo-ljeto-necete-moci-odoljeti\\\/\"},\"wordCount\":179,\"commentCount\":0,\"image\":{\"@id\":\"https:\\\/\\\/citycenterone.hr\\\/split\\\/arhiva\\\/naocale-kojima-ovo-ljeto-necete-moci-odoljeti\\\/#primaryimage\"},\"thumbnailUrl\":\"https:\\\/\\\/citycenterone.hr\\\/split\\\/wp-content\\\/uploads\\\/sites\\\/4\\\/2020\\\/02\\\/Severina-4.jpg\",\"articleSection\":[\"Arhiva\"],\"inLanguage\":\"hr-HR\",\"potentialAction\":[{\"@type\":\"CommentAction\",\"name\":\"Comment\",\"target\":[\"https:\\\/\\\/citycenterone.hr\\\/split\\\/arhiva\\\/naocale-kojima-ovo-ljeto-necete-moci-odoljeti\\\/#respond\"]}]},{\"@type\":\"WebPage\",\"@id\":\"https:\\\/\\\/citycenterone.hr\\\/split\\\/arhiva\\\/naocale-kojima-ovo-ljeto-necete-moci-odoljeti\\\/\",\"url\":\"https:\\\/\\\/citycenterone.hr\\\/split\\\/arhiva\\\/naocale-kojima-ovo-ljeto-necete-moci-odoljeti\\\/\",\"name\":\"NAO\u010cALE KOJIMA OVO LJETO NE\u0106ETE MO\u0106I ODOLJETI! - Split\",\"isPartOf\":{\"@id\":\"https:\\\/\\\/citycenterone.hr\\\/split\\\/#website\"},\"primaryImageOfPage\":{\"@id\":\"https:\\\/\\\/citycenterone.hr\\\/split\\\/arhiva\\\/naocale-kojima-ovo-ljeto-necete-moci-odoljeti\\\/#primaryimage\"},\"image\":{\"@id\":\"https:\\\/\\\/citycenterone.hr\\\/split\\\/arhiva\\\/naocale-kojima-ovo-ljeto-necete-moci-odoljeti\\\/#primaryimage\"},\"thumbnailUrl\":\"https:\\\/\\\/citycenterone.hr\\\/split\\\/wp-content\\\/uploads\\\/sites\\\/4\\\/2020\\\/02\\\/Severina-4.jpg\",\"datePublished\":\"2020-07-09T14:39:32+00:00\",\"dateModified\":\"2020-09-17T13:30:55+00:00\",\"author\":{\"@id\":\"https:\\\/\\\/citycenterone.hr\\\/split\\\/#\\\/schema\\\/person\\\/ddf4eb6d7a0c8ac21fdbee1880a74f88\"},\"breadcrumb\":{\"@id\":\"https:\\\/\\\/citycenterone.hr\\\/split\\\/arhiva\\\/naocale-kojima-ovo-ljeto-necete-moci-odoljeti\\\/#breadcrumb\"},\"inLanguage\":\"hr-HR\",\"potentialAction\":[{\"@type\":\"ReadAction\",\"target\":[\"https:\\\/\\\/citycenterone.hr\\\/split\\\/arhiva\\\/naocale-kojima-ovo-ljeto-necete-moci-odoljeti\\\/\"]}]},{\"@type\":\"ImageObject\",\"inLanguage\":\"hr-HR\",\"@id\":\"https:\\\/\\\/citycenterone.hr\\\/split\\\/arhiva\\\/naocale-kojima-ovo-ljeto-necete-moci-odoljeti\\\/#primaryimage\",\"url\":\"https:\\\/\\\/citycenterone.hr\\\/split\\\/wp-content\\\/uploads\\\/sites\\\/4\\\/2020\\\/02\\\/Severina-4.jpg\",\"contentUrl\":\"https:\\\/\\\/citycenterone.hr\\\/split\\\/wp-content\\\/uploads\\\/sites\\\/4\\\/2020\\\/02\\\/Severina-4.jpg\",\"width\":818,\"height\":1024},{\"@type\":\"BreadcrumbList\",\"@id\":\"https:\\\/\\\/citycenterone.hr\\\/split\\\/arhiva\\\/naocale-kojima-ovo-ljeto-necete-moci-odoljeti\\\/#breadcrumb\",\"itemListElement\":[{\"@type\":\"ListItem\",\"position\":1,\"name\":\"Home\",\"item\":\"https:\\\/\\\/citycenterone.hr\\\/split\\\/\"},{\"@type\":\"ListItem\",\"position\":2,\"name\":\"NAO\u010cALE KOJIMA OVO LJETO NE\u0106ETE MO\u0106I ODOLJETI!\"}]},{\"@type\":\"WebSite\",\"@id\":\"https:\\\/\\\/citycenterone.hr\\\/split\\\/#website\",\"url\":\"https:\\\/\\\/citycenterone.hr\\\/split\\\/\",\"name\":\"Split\",\"description\":\"Just another City Center One site\",\"potentialAction\":[{\"@type\":\"SearchAction\",\"target\":{\"@type\":\"EntryPoint\",\"urlTemplate\":\"https:\\\/\\\/citycenterone.hr\\\/split\\\/?s={search_term_string}\"},\"query-input\":{\"@type\":\"PropertyValueSpecification\",\"valueRequired\":true,\"valueName\":\"search_term_string\"}}],\"inLanguage\":\"hr-HR\"},{\"@type\":\"Person\",\"@id\":\"https:\\\/\\\/citycenterone.hr\\\/split\\\/#\\\/schema\\\/person\\\/ddf4eb6d7a0c8ac21fdbee1880a74f88\",\"name\":\"mopacak\",\"image\":{\"@type\":\"ImageObject\",\"inLanguage\":\"hr-HR\",\"@id\":\"https:\\\/\\\/secure.gravatar.com\\\/avatar\\\/9e99bab39eac34361c65aed17e17fc8f399a7565b79fecd4e873ca6eca9ec7c1?s=96&d=mm&r=g\",\"url\":\"https:\\\/\\\/secure.gravatar.com\\\/avatar\\\/9e99bab39eac34361c65aed17e17fc8f399a7565b79fecd4e873ca6eca9ec7c1?s=96&d=mm&r=g\",\"contentUrl\":\"https:\\\/\\\/secure.gravatar.com\\\/avatar\\\/9e99bab39eac34361c65aed17e17fc8f399a7565b79fecd4e873ca6eca9ec7c1?s=96&d=mm&r=g\",\"caption\":\"mopacak\"},\"url\":\"https:\\\/\\\/citycenterone.hr\\\/split\\\/author\\\/mopacak\\\/\"}]}<\/script>\n<!-- \/ Yoast SEO plugin. -->","yoast_head_json":{"title":"NAO\u010cALE KOJIMA OVO LJETO NE\u0106ETE MO\u0106I ODOLJETI! - Split","robots":{"index":"index","follow":"follow","max-snippet":"max-snippet:-1","max-image-preview":"max-image-preview:large","max-video-preview":"max-video-preview:-1"},"canonical":"https:\/\/citycenterone.hr\/split\/arhiva\/naocale-kojima-ovo-ljeto-necete-moci-odoljeti\/","og_locale":"hr_HR","og_type":"article","og_title":"NAO\u010cALE KOJIMA OVO LJETO NE\u0106ETE MO\u0106I ODOLJETI! - Split","og_description":"Zavirite u bogatu ponudu sun\u010danih nao\u010dala iz ljetne kolekcije optike Anda.","og_url":"https:\/\/citycenterone.hr\/split\/arhiva\/naocale-kojima-ovo-ljeto-necete-moci-odoljeti\/","og_site_name":"Split","article_published_time":"2020-07-09T14:39:32+00:00","article_modified_time":"2020-09-17T13:30:55+00:00","og_image":[{"width":818,"height":1024,"url":"https:\/\/citycenterone.hr\/split\/wp-content\/uploads\/sites\/4\/2020\/02\/Severina-4.jpg","type":"image\/jpeg"}],"author":"mopacak","twitter_card":"summary_large_image","twitter_misc":{"Written by":"mopacak","Est. reading time":"1 minute"},"schema":{"@context":"https:\/\/schema.org","@graph":[{"@type":"Article","@id":"https:\/\/citycenterone.hr\/split\/arhiva\/naocale-kojima-ovo-ljeto-necete-moci-odoljeti\/#article","isPartOf":{"@id":"https:\/\/citycenterone.hr\/split\/arhiva\/naocale-kojima-ovo-ljeto-necete-moci-odoljeti\/"},"author":{"name":"mopacak","@id":"https:\/\/citycenterone.hr\/split\/#\/schema\/person\/ddf4eb6d7a0c8ac21fdbee1880a74f88"},"headline":"NAO\u010cALE KOJIMA OVO LJETO NE\u0106ETE MO\u0106I ODOLJETI!","datePublished":"2020-07-09T14:39:32+00:00","dateModified":"2020-09-17T13:30:55+00:00","mainEntityOfPage":{"@id":"https:\/\/citycenterone.hr\/split\/arhiva\/naocale-kojima-ovo-ljeto-necete-moci-odoljeti\/"},"wordCount":179,"commentCount":0,"image":{"@id":"https:\/\/citycenterone.hr\/split\/arhiva\/naocale-kojima-ovo-ljeto-necete-moci-odoljeti\/#primaryimage"},"thumbnailUrl":"https:\/\/citycenterone.hr\/split\/wp-content\/uploads\/sites\/4\/2020\/02\/Severina-4.jpg","articleSection":["Arhiva"],"inLanguage":"hr-HR","potentialAction":[{"@type":"CommentAction","name":"Comment","target":["https:\/\/citycenterone.hr\/split\/arhiva\/naocale-kojima-ovo-ljeto-necete-moci-odoljeti\/#respond"]}]},{"@type":"WebPage","@id":"https:\/\/citycenterone.hr\/split\/arhiva\/naocale-kojima-ovo-ljeto-necete-moci-odoljeti\/","url":"https:\/\/citycenterone.hr\/split\/arhiva\/naocale-kojima-ovo-ljeto-necete-moci-odoljeti\/","name":"NAO\u010cALE KOJIMA OVO LJETO NE\u0106ETE MO\u0106I ODOLJETI! - Split","isPartOf":{"@id":"https:\/\/citycenterone.hr\/split\/#website"},"primaryImageOfPage":{"@id":"https:\/\/citycenterone.hr\/split\/arhiva\/naocale-kojima-ovo-ljeto-necete-moci-odoljeti\/#primaryimage"},"image":{"@id":"https:\/\/citycenterone.hr\/split\/arhiva\/naocale-kojima-ovo-ljeto-necete-moci-odoljeti\/#primaryimage"},"thumbnailUrl":"https:\/\/citycenterone.hr\/split\/wp-content\/uploads\/sites\/4\/2020\/02\/Severina-4.jpg","datePublished":"2020-07-09T14:39:32+00:00","dateModified":"2020-09-17T13:30:55+00:00","author":{"@id":"https:\/\/citycenterone.hr\/split\/#\/schema\/person\/ddf4eb6d7a0c8ac21fdbee1880a74f88"},"breadcrumb":{"@id":"https:\/\/citycenterone.hr\/split\/arhiva\/naocale-kojima-ovo-ljeto-necete-moci-odoljeti\/#breadcrumb"},"inLanguage":"hr-HR","potentialAction":[{"@type":"ReadAction","target":["https:\/\/citycenterone.hr\/split\/arhiva\/naocale-kojima-ovo-ljeto-necete-moci-odoljeti\/"]}]},{"@type":"ImageObject","inLanguage":"hr-HR","@id":"https:\/\/citycenterone.hr\/split\/arhiva\/naocale-kojima-ovo-ljeto-necete-moci-odoljeti\/#primaryimage","url":"https:\/\/citycenterone.hr\/split\/wp-content\/uploads\/sites\/4\/2020\/02\/Severina-4.jpg","contentUrl":"https:\/\/citycenterone.hr\/split\/wp-content\/uploads\/sites\/4\/2020\/02\/Severina-4.jpg","width":818,"height":1024},{"@type":"BreadcrumbList","@id":"https:\/\/citycenterone.hr\/split\/arhiva\/naocale-kojima-ovo-ljeto-necete-moci-odoljeti\/#breadcrumb","itemListElement":[{"@type":"ListItem","position":1,"name":"Home","item":"https:\/\/citycenterone.hr\/split\/"},{"@type":"ListItem","position":2,"name":"NAO\u010cALE KOJIMA OVO LJETO NE\u0106ETE MO\u0106I ODOLJETI!"}]},{"@type":"WebSite","@id":"https:\/\/citycenterone.hr\/split\/#website","url":"https:\/\/citycenterone.hr\/split\/","name":"Split","description":"Just another City Center One site","potentialAction":[{"@type":"SearchAction","target":{"@type":"EntryPoint","urlTemplate":"https:\/\/citycenterone.hr\/split\/?s={search_term_string}"},"query-input":{"@type":"PropertyValueSpecification","valueRequired":true,"valueName":"search_term_string"}}],"inLanguage":"hr-HR"},{"@type":"Person","@id":"https:\/\/citycenterone.hr\/split\/#\/schema\/person\/ddf4eb6d7a0c8ac21fdbee1880a74f88","name":"mopacak","image":{"@type":"ImageObject","inLanguage":"hr-HR","@id":"https:\/\/secure.gravatar.com\/avatar\/9e99bab39eac34361c65aed17e17fc8f399a7565b79fecd4e873ca6eca9ec7c1?s=96&d=mm&r=g","url":"https:\/\/secure.gravatar.com\/avatar\/9e99bab39eac34361c65aed17e17fc8f399a7565b79fecd4e873ca6eca9ec7c1?s=96&d=mm&r=g","contentUrl":"https:\/\/secure.gravatar.com\/avatar\/9e99bab39eac34361c65aed17e17fc8f399a7565b79fecd4e873ca6eca9ec7c1?s=96&d=mm&r=g","caption":"mopacak"},"url":"https:\/\/citycenterone.hr\/split\/author\/mopacak\/"}]}},"_links":{"self":[{"href":"https:\/\/citycenterone.hr\/split\/wp-json\/wp\/v2\/posts\/31969","targetHints":{"allow":["GET"]}}],"collection":[{"href":"https:\/\/citycenterone.hr\/split\/wp-json\/wp\/v2\/posts"}],"about":[{"href":"https:\/\/citycenterone.hr\/split\/wp-json\/wp\/v2\/types\/post"}],"author":[{"embeddable":true,"href":"https:\/\/citycenterone.hr\/split\/wp-json\/wp\/v2\/users\/27"}],"replies":[{"embeddable":true,"href":"https:\/\/citycenterone.hr\/split\/wp-json\/wp\/v2\/comments?post=31969"}],"version-history":[{"count":3,"href":"https:\/\/citycenterone.hr\/split\/wp-json\/wp\/v2\/posts\/31969\/revisions"}],"predecessor-version":[{"id":32024,"href":"https:\/\/citycenterone.hr\/split\/wp-json\/wp\/v2\/posts\/31969\/revisions\/32024"}],"wp:featuredmedia":[{"embeddable":true,"href":"https:\/\/citycenterone.hr\/split\/wp-json\/wp\/v2\/media\/29614"}],"wp:attachment":[{"href":"https:\/\/citycenterone.hr\/split\/wp-json\/wp\/v2\/media?parent=31969"}],"wp:term":[{"taxonomy":"category","embeddable":true,"href":"https:\/\/citycenterone.hr\/split\/wp-json\/wp\/v2\/categories?post=31969"},{"taxonomy":"post_tag","embeddable":true,"href":"https:\/\/citycenterone.hr\/split\/wp-json\/wp\/v2\/tags?post=31969"}],"curies":[{"name":"wp","href":"https:\/\/api.w.org\/{rel}","templated":true}]}}