{"id":34993,"date":"2020-10-21T14:12:48","date_gmt":"2020-10-21T14:12:48","guid":{"rendered":"https:\/\/citycenterone.hr\/split\/?p=34993"},"modified":"2020-11-27T12:33:12","modified_gmt":"2020-11-27T12:33:12","slug":"nova-kolekcija-u-aldo-trgovini","status":"publish","type":"post","link":"https:\/\/citycenterone.hr\/split\/arhiva\/nova-kolekcija-u-aldo-trgovini\/","title":{"rendered":"NOVA KOLEKCIJA U ALDO TRGOVINI"},"content":{"rendered":"<p>Serija <strong>Emily in Paris<\/strong> ve\u0107 je tjednima jedna od najgledanijih u Hrvatskoj, ali i svijetu, a osim gledanosti\u00a0 privukla je velik broj komentara i diskusija te podijelila mi\u0161ljenja: dok ju jedni obo\u017eavaju drugi na sam spomen imena negoduju.<\/p>\n<p>Bez obzira na to \u0161to mislili o ovoj seriji, oko jedne stvari se gotovo svi sla\u017eu: modne kombinacije su apsolutno neodoljive! Brojne trendsetterice ve\u0107 su se inspirirale outfitima iz serije i uvele ih u svoje svakodnevne stylinge, a ako i ti \u017eeli\u0161 svom ormaru dodati <strong>french chic notu<\/strong>, a pritom ne potro\u0161iti pravo bogatstvo, <strong>predla\u017eemo nekoliko modnih dodataka<\/strong> koje mo\u017ee\u0161 prona\u0107i u ponudi <a href=\"https:\/\/www.aldoshoes.com.hr\/\"><strong>kanadskog brenda Aldo<\/strong><\/a>. Inspiriraj se eklekti\u010dnim outfitima Emily i mislima i outfitom se prebaci na ulice Pariza!<\/p>\n<p style=\"text-align: center;\"><img loading=\"lazy\" decoding=\"async\" class=\"alignnone wp-image-34996 size-medium\" src=\"https:\/\/citycenterone.hr\/split\/wp-content\/uploads\/sites\/4\/2020\/10\/ALDO_aigossa_yellow-19000-kn-300x300.jpg\" alt=\"\" width=\"300\" height=\"300\" srcset=\"https:\/\/citycenterone.hr\/split\/wp-content\/uploads\/sites\/4\/2020\/10\/ALDO_aigossa_yellow-19000-kn-300x300.jpg 300w, https:\/\/citycenterone.hr\/split\/wp-content\/uploads\/sites\/4\/2020\/10\/ALDO_aigossa_yellow-19000-kn-150x150.jpg 150w, https:\/\/citycenterone.hr\/split\/wp-content\/uploads\/sites\/4\/2020\/10\/ALDO_aigossa_yellow-19000-kn-732x732.jpg 732w, https:\/\/citycenterone.hr\/split\/wp-content\/uploads\/sites\/4\/2020\/10\/ALDO_aigossa_yellow-19000-kn-412x412.jpg 412w\" sizes=\"auto, (max-width: 300px) 100vw, 300px\" \/> \u00a0<img loading=\"lazy\" decoding=\"async\" class=\"alignnone wp-image-35004 size-medium\" src=\"https:\/\/citycenterone.hr\/split\/wp-content\/uploads\/sites\/4\/2020\/10\/ALDO_eowaywiel_19000-kn-300x300.jpg\" alt=\"\" width=\"300\" height=\"300\" srcset=\"https:\/\/citycenterone.hr\/split\/wp-content\/uploads\/sites\/4\/2020\/10\/ALDO_eowaywiel_19000-kn-300x300.jpg 300w, https:\/\/citycenterone.hr\/split\/wp-content\/uploads\/sites\/4\/2020\/10\/ALDO_eowaywiel_19000-kn-150x150.jpg 150w, https:\/\/citycenterone.hr\/split\/wp-content\/uploads\/sites\/4\/2020\/10\/ALDO_eowaywiel_19000-kn-768x768.jpg 768w, https:\/\/citycenterone.hr\/split\/wp-content\/uploads\/sites\/4\/2020\/10\/ALDO_eowaywiel_19000-kn-732x732.jpg 732w, https:\/\/citycenterone.hr\/split\/wp-content\/uploads\/sites\/4\/2020\/10\/ALDO_eowaywiel_19000-kn-412x412.jpg 412w, https:\/\/citycenterone.hr\/split\/wp-content\/uploads\/sites\/4\/2020\/10\/ALDO_eowaywiel_19000-kn.jpg 800w\" sizes=\"auto, (max-width: 300px) 100vw, 300px\" \/><\/p>\n<p><strong>Francuska kapica<\/strong> jedan je od glavnih dodataka kada govorimo o francuskom stilu i eleganciji. Ovaj modni dodatak savr\u0161en je za hladnije dane jer osim \u0161to grije, daje na\u0161im kombinacijama dozu zaigranosti, profinjenosti i \u017eivosti. U <strong>Aldo <\/strong><a href=\"https:\/\/www.aldoshoes.com.hr\/katalog\/zene\/modni-dodaci\/kape-salovi-rukavice\/kape\/\"><strong>ponudi<\/strong><\/a> mo\u017ee\u0161 prona\u0107i i modele vedrih boja, ali i crni model od umjetne ko\u017ee.<\/p>\n<p style=\"text-align: center;\">\u00a0<img loading=\"lazy\" decoding=\"async\" class=\"alignnone wp-image-35010 size-medium\" src=\"https:\/\/citycenterone.hr\/split\/wp-content\/uploads\/sites\/4\/2020\/10\/ALDO_queens_green-13000-kn-300x300.jpg\" alt=\"\" width=\"300\" height=\"300\" srcset=\"https:\/\/citycenterone.hr\/split\/wp-content\/uploads\/sites\/4\/2020\/10\/ALDO_queens_green-13000-kn-300x300.jpg 300w, https:\/\/citycenterone.hr\/split\/wp-content\/uploads\/sites\/4\/2020\/10\/ALDO_queens_green-13000-kn-150x150.jpg 150w, https:\/\/citycenterone.hr\/split\/wp-content\/uploads\/sites\/4\/2020\/10\/ALDO_queens_green-13000-kn-732x732.jpg 732w, https:\/\/citycenterone.hr\/split\/wp-content\/uploads\/sites\/4\/2020\/10\/ALDO_queens_green-13000-kn-412x412.jpg 412w\" sizes=\"auto, (max-width: 300px) 100vw, 300px\" \/> <img loading=\"lazy\" decoding=\"async\" class=\"alignnone wp-image-35032 size-medium\" src=\"https:\/\/citycenterone.hr\/split\/wp-content\/uploads\/sites\/4\/2020\/10\/ALDO-lebeth_green-49000-kn-300x300.jpg\" alt=\"\" width=\"300\" height=\"300\" srcset=\"https:\/\/citycenterone.hr\/split\/wp-content\/uploads\/sites\/4\/2020\/10\/ALDO-lebeth_green-49000-kn-300x300.jpg 300w, https:\/\/citycenterone.hr\/split\/wp-content\/uploads\/sites\/4\/2020\/10\/ALDO-lebeth_green-49000-kn-150x150.jpg 150w, https:\/\/citycenterone.hr\/split\/wp-content\/uploads\/sites\/4\/2020\/10\/ALDO-lebeth_green-49000-kn-732x732.jpg 732w, https:\/\/citycenterone.hr\/split\/wp-content\/uploads\/sites\/4\/2020\/10\/ALDO-lebeth_green-49000-kn-412x412.jpg 412w\" sizes=\"auto, (max-width: 300px) 100vw, 300px\" \/><\/p>\n<p>Za savr\u0161eni <strong>francuski look<\/strong> idealno je atraktivne odjevne komade nadopuniti podjednako efektnim dodacima: kapica, marama u printu i dobra torba pravi su izbor koji \u0107e osvje\u017eiti svaku kombinaciju, a Emily ih u svojim outfitima koristi u raznim, ponekad nespojivim varijantama.<\/p>\n<p style=\"text-align: center;\"><img loading=\"lazy\" decoding=\"async\" class=\"alignnone wp-image-35028 size-medium\" src=\"https:\/\/citycenterone.hr\/split\/wp-content\/uploads\/sites\/4\/2020\/10\/ALDO-immarna_beige-55000-kn-300x300.jpg\" alt=\"\" width=\"300\" height=\"300\" srcset=\"https:\/\/citycenterone.hr\/split\/wp-content\/uploads\/sites\/4\/2020\/10\/ALDO-immarna_beige-55000-kn-300x300.jpg 300w, https:\/\/citycenterone.hr\/split\/wp-content\/uploads\/sites\/4\/2020\/10\/ALDO-immarna_beige-55000-kn-150x150.jpg 150w, https:\/\/citycenterone.hr\/split\/wp-content\/uploads\/sites\/4\/2020\/10\/ALDO-immarna_beige-55000-kn-732x732.jpg 732w, https:\/\/citycenterone.hr\/split\/wp-content\/uploads\/sites\/4\/2020\/10\/ALDO-immarna_beige-55000-kn-412x412.jpg 412w\" sizes=\"auto, (max-width: 300px) 100vw, 300px\" \/><img loading=\"lazy\" decoding=\"async\" class=\"alignnone wp-image-35014 size-medium\" src=\"https:\/\/citycenterone.hr\/split\/wp-content\/uploads\/sites\/4\/2020\/10\/ALDO-antarcitic_beige-59000-kn-300x300.jpg\" alt=\"\" width=\"300\" height=\"300\" srcset=\"https:\/\/citycenterone.hr\/split\/wp-content\/uploads\/sites\/4\/2020\/10\/ALDO-antarcitic_beige-59000-kn-300x300.jpg 300w, https:\/\/citycenterone.hr\/split\/wp-content\/uploads\/sites\/4\/2020\/10\/ALDO-antarcitic_beige-59000-kn-150x150.jpg 150w, https:\/\/citycenterone.hr\/split\/wp-content\/uploads\/sites\/4\/2020\/10\/ALDO-antarcitic_beige-59000-kn-732x732.jpg 732w, https:\/\/citycenterone.hr\/split\/wp-content\/uploads\/sites\/4\/2020\/10\/ALDO-antarcitic_beige-59000-kn-412x412.jpg 412w\" sizes=\"auto, (max-width: 300px) 100vw, 300px\" \/><\/p>\n<p><strong>Torbe<\/strong> koje nosimo na posao ne moraju nu\u017eno biti dosadne i nema\u0161tovite. Aldo u svojoj ponudi ima razne modele <a href=\"https:\/\/www.aldoshoes.com.hr\/katalog\/zene\/torbe\/velike-torbe\/\">velikih torbi<\/a> koje \u0107e odli\u010dno izgledati kao dio poslovnog outfita, ali s kojima \u0107e\u0161 mo\u0107i\u00a0 produ\u017eiti i na afterwork dru\u017eenje. U \u0161arene outfite pune boja i uzoraka odli\u010dno \u0107e se uklopiti torba neutralnih nijansi, koja se mo\u017ee dodatno ukrasiti privjeskom ili maramom.<\/p>\n<p style=\"text-align: center;\">\u00a0<img loading=\"lazy\" decoding=\"async\" class=\"alignnone wp-image-35020 size-medium\" src=\"https:\/\/citycenterone.hr\/split\/wp-content\/uploads\/sites\/4\/2020\/10\/ALDO-caxarias_silver-11000-kn-300x300.jpg\" alt=\"\" width=\"300\" height=\"300\" srcset=\"https:\/\/citycenterone.hr\/split\/wp-content\/uploads\/sites\/4\/2020\/10\/ALDO-caxarias_silver-11000-kn-300x300.jpg 300w, https:\/\/citycenterone.hr\/split\/wp-content\/uploads\/sites\/4\/2020\/10\/ALDO-caxarias_silver-11000-kn-150x150.jpg 150w, https:\/\/citycenterone.hr\/split\/wp-content\/uploads\/sites\/4\/2020\/10\/ALDO-caxarias_silver-11000-kn-732x732.jpg 732w, https:\/\/citycenterone.hr\/split\/wp-content\/uploads\/sites\/4\/2020\/10\/ALDO-caxarias_silver-11000-kn-412x412.jpg 412w\" sizes=\"auto, (max-width: 300px) 100vw, 300px\" \/> <img loading=\"lazy\" decoding=\"async\" class=\"alignnone wp-image-35012 size-medium\" src=\"https:\/\/citycenterone.hr\/split\/wp-content\/uploads\/sites\/4\/2020\/10\/ALDO_serra_590-kn-300x300.jpg\" alt=\"\" width=\"300\" height=\"300\" srcset=\"https:\/\/citycenterone.hr\/split\/wp-content\/uploads\/sites\/4\/2020\/10\/ALDO_serra_590-kn-300x300.jpg 300w, https:\/\/citycenterone.hr\/split\/wp-content\/uploads\/sites\/4\/2020\/10\/ALDO_serra_590-kn-150x150.jpg 150w, https:\/\/citycenterone.hr\/split\/wp-content\/uploads\/sites\/4\/2020\/10\/ALDO_serra_590-kn-768x768.jpg 768w, https:\/\/citycenterone.hr\/split\/wp-content\/uploads\/sites\/4\/2020\/10\/ALDO_serra_590-kn-732x732.jpg 732w, https:\/\/citycenterone.hr\/split\/wp-content\/uploads\/sites\/4\/2020\/10\/ALDO_serra_590-kn-412x412.jpg 412w, https:\/\/citycenterone.hr\/split\/wp-content\/uploads\/sites\/4\/2020\/10\/ALDO_serra_590-kn.jpg 800w\" sizes=\"auto, (max-width: 300px) 100vw, 300px\" \/><\/p>\n<p>I u sasvim casual kombinacijama poput jeansa i \u0161irokog pulovera mo\u017ee\u0161 izgledati trendy. Par <a href=\"https:\/\/www.aldoshoes.com.hr\/Proizvod\/serra-syn-patent\/2059\"><strong>nude lakiranih salonki<\/strong><\/a> i dobri detalji poput efektnog nakita u\u010dinit \u0107e tvoju kombinaciju u kojoj ina\u010de provodi\u0161 lijenu nedjelju dovoljno stylish za ve\u010dernji izlazak.<\/p>\n<p>Osim klasi\u010dnih salonki, kombinaciju koju bi rado nosile Pari\u017eanke mo\u017ee\u0161 nadograditi i nekim od modela cipela i \u010dizmica iz <a href=\"https:\/\/www.aldoshoes.com.hr\/katalog\/zene\/obuca\/\">Aldo ponude<\/a> kao i detaljima poput kop\u010de za cipele, gumice za kosu 0-10037u stilu 90-ih te trake za kosu s ukrasom.0-<\/p>\n<p style=\"text-align: center;\"><img loading=\"lazy\" decoding=\"async\" class=\"alignnone wp-image-35018 size-medium\" src=\"https:\/\/citycenterone.hr\/split\/wp-content\/uploads\/sites\/4\/2020\/10\/ALDO-braedien_black-12000-kn-300x300.jpg\" alt=\"\" width=\"300\" height=\"300\" srcset=\"https:\/\/citycenterone.hr\/split\/wp-content\/uploads\/sites\/4\/2020\/10\/ALDO-braedien_black-12000-kn-300x300.jpg 300w, https:\/\/citycenterone.hr\/split\/wp-content\/uploads\/sites\/4\/2020\/10\/ALDO-braedien_black-12000-kn-150x150.jpg 150w, https:\/\/citycenterone.hr\/split\/wp-content\/uploads\/sites\/4\/2020\/10\/ALDO-braedien_black-12000-kn-732x732.jpg 732w, https:\/\/citycenterone.hr\/split\/wp-content\/uploads\/sites\/4\/2020\/10\/ALDO-braedien_black-12000-kn-412x412.jpg 412w\" sizes=\"auto, (max-width: 300px) 100vw, 300px\" \/> <img loading=\"lazy\" decoding=\"async\" class=\"alignnone wp-image-35026 size-medium\" src=\"https:\/\/citycenterone.hr\/split\/wp-content\/uploads\/sites\/4\/2020\/10\/ALDO-glenala_black-11000-kn-300x300.jpg\" alt=\"\" width=\"300\" height=\"300\" srcset=\"https:\/\/citycenterone.hr\/split\/wp-content\/uploads\/sites\/4\/2020\/10\/ALDO-glenala_black-11000-kn-300x300.jpg 300w, https:\/\/citycenterone.hr\/split\/wp-content\/uploads\/sites\/4\/2020\/10\/ALDO-glenala_black-11000-kn-150x150.jpg 150w, https:\/\/citycenterone.hr\/split\/wp-content\/uploads\/sites\/4\/2020\/10\/ALDO-glenala_black-11000-kn-732x732.jpg 732w, https:\/\/citycenterone.hr\/split\/wp-content\/uploads\/sites\/4\/2020\/10\/ALDO-glenala_black-11000-kn-412x412.jpg 412w\" sizes=\"auto, (max-width: 300px) 100vw, 300px\" \/><\/p>\n<p>Inspiraciju za kombinacije inspirirane francuskim stilom iz popularne serije prona\u0111i u Aldo trgovini.<\/p>\n","protected":false},"excerpt":{"rendered":"<p>Najbolji modni dodaci za kreiranje savr\u0161enih french chic kombinacija!<\/p>\n","protected":false},"author":27,"featured_media":32925,"comment_status":"open","ping_status":"open","sticky":false,"template":"","format":"standard","meta":{"_acf_changed":false,"footnotes":""},"categories":[10],"tags":[],"class_list":["post-34993","post","type-post","status-publish","format-standard","has-post-thumbnail","hentry","category-arhiva"],"acf":[],"yoast_head":"<!-- This site is optimized with the Yoast SEO plugin v27.4 - https:\/\/yoast.com\/product\/yoast-seo-wordpress\/ -->\n<title>NOVA KOLEKCIJA U ALDO TRGOVINI - Split<\/title>\n<meta name=\"robots\" content=\"index, follow, max-snippet:-1, max-image-preview:large, max-video-preview:-1\" \/>\n<link rel=\"canonical\" href=\"https:\/\/citycenterone.hr\/split\/arhiva\/nova-kolekcija-u-aldo-trgovini\/\" \/>\n<meta property=\"og:locale\" content=\"hr_HR\" \/>\n<meta property=\"og:type\" content=\"article\" \/>\n<meta property=\"og:title\" content=\"NOVA KOLEKCIJA U ALDO TRGOVINI - Split\" \/>\n<meta property=\"og:description\" content=\"Najbolji modni dodaci za kreiranje savr\u0161enih french chic kombinacija!\" \/>\n<meta property=\"og:url\" content=\"https:\/\/citycenterone.hr\/split\/arhiva\/nova-kolekcija-u-aldo-trgovini\/\" \/>\n<meta property=\"og:site_name\" content=\"Split\" \/>\n<meta property=\"article:published_time\" content=\"2020-10-21T14:12:48+00:00\" \/>\n<meta property=\"article:modified_time\" content=\"2020-11-27T12:33:12+00:00\" \/>\n<meta property=\"og:image\" content=\"https:\/\/citycenterone.hr\/split\/wp-content\/uploads\/sites\/4\/2020\/08\/Aldo-1024x626-1.jpg\" \/>\n\t<meta property=\"og:image:width\" content=\"1024\" \/>\n\t<meta property=\"og:image:height\" content=\"626\" \/>\n\t<meta property=\"og:image:type\" content=\"image\/jpeg\" \/>\n<meta name=\"author\" content=\"mopacak\" \/>\n<meta name=\"twitter:card\" content=\"summary_large_image\" \/>\n<meta name=\"twitter:label1\" content=\"Written by\" \/>\n\t<meta name=\"twitter:data1\" content=\"mopacak\" \/>\n\t<meta name=\"twitter:label2\" content=\"Est. reading time\" \/>\n\t<meta name=\"twitter:data2\" content=\"2 minutes\" \/>\n<script type=\"application\/ld+json\" class=\"yoast-schema-graph\">{\"@context\":\"https:\\\/\\\/schema.org\",\"@graph\":[{\"@type\":\"Article\",\"@id\":\"https:\\\/\\\/citycenterone.hr\\\/split\\\/arhiva\\\/nova-kolekcija-u-aldo-trgovini\\\/#article\",\"isPartOf\":{\"@id\":\"https:\\\/\\\/citycenterone.hr\\\/split\\\/arhiva\\\/nova-kolekcija-u-aldo-trgovini\\\/\"},\"author\":{\"name\":\"mopacak\",\"@id\":\"https:\\\/\\\/citycenterone.hr\\\/split\\\/#\\\/schema\\\/person\\\/ddf4eb6d7a0c8ac21fdbee1880a74f88\"},\"headline\":\"NOVA KOLEKCIJA U ALDO TRGOVINI\",\"datePublished\":\"2020-10-21T14:12:48+00:00\",\"dateModified\":\"2020-11-27T12:33:12+00:00\",\"mainEntityOfPage\":{\"@id\":\"https:\\\/\\\/citycenterone.hr\\\/split\\\/arhiva\\\/nova-kolekcija-u-aldo-trgovini\\\/\"},\"wordCount\":399,\"commentCount\":0,\"image\":{\"@id\":\"https:\\\/\\\/citycenterone.hr\\\/split\\\/arhiva\\\/nova-kolekcija-u-aldo-trgovini\\\/#primaryimage\"},\"thumbnailUrl\":\"https:\\\/\\\/citycenterone.hr\\\/split\\\/wp-content\\\/uploads\\\/sites\\\/4\\\/2020\\\/08\\\/Aldo-1024x626-1.jpg\",\"articleSection\":[\"Arhiva\"],\"inLanguage\":\"hr-HR\",\"potentialAction\":[{\"@type\":\"CommentAction\",\"name\":\"Comment\",\"target\":[\"https:\\\/\\\/citycenterone.hr\\\/split\\\/arhiva\\\/nova-kolekcija-u-aldo-trgovini\\\/#respond\"]}]},{\"@type\":\"WebPage\",\"@id\":\"https:\\\/\\\/citycenterone.hr\\\/split\\\/arhiva\\\/nova-kolekcija-u-aldo-trgovini\\\/\",\"url\":\"https:\\\/\\\/citycenterone.hr\\\/split\\\/arhiva\\\/nova-kolekcija-u-aldo-trgovini\\\/\",\"name\":\"NOVA KOLEKCIJA U ALDO TRGOVINI - Split\",\"isPartOf\":{\"@id\":\"https:\\\/\\\/citycenterone.hr\\\/split\\\/#website\"},\"primaryImageOfPage\":{\"@id\":\"https:\\\/\\\/citycenterone.hr\\\/split\\\/arhiva\\\/nova-kolekcija-u-aldo-trgovini\\\/#primaryimage\"},\"image\":{\"@id\":\"https:\\\/\\\/citycenterone.hr\\\/split\\\/arhiva\\\/nova-kolekcija-u-aldo-trgovini\\\/#primaryimage\"},\"thumbnailUrl\":\"https:\\\/\\\/citycenterone.hr\\\/split\\\/wp-content\\\/uploads\\\/sites\\\/4\\\/2020\\\/08\\\/Aldo-1024x626-1.jpg\",\"datePublished\":\"2020-10-21T14:12:48+00:00\",\"dateModified\":\"2020-11-27T12:33:12+00:00\",\"author\":{\"@id\":\"https:\\\/\\\/citycenterone.hr\\\/split\\\/#\\\/schema\\\/person\\\/ddf4eb6d7a0c8ac21fdbee1880a74f88\"},\"breadcrumb\":{\"@id\":\"https:\\\/\\\/citycenterone.hr\\\/split\\\/arhiva\\\/nova-kolekcija-u-aldo-trgovini\\\/#breadcrumb\"},\"inLanguage\":\"hr-HR\",\"potentialAction\":[{\"@type\":\"ReadAction\",\"target\":[\"https:\\\/\\\/citycenterone.hr\\\/split\\\/arhiva\\\/nova-kolekcija-u-aldo-trgovini\\\/\"]}]},{\"@type\":\"ImageObject\",\"inLanguage\":\"hr-HR\",\"@id\":\"https:\\\/\\\/citycenterone.hr\\\/split\\\/arhiva\\\/nova-kolekcija-u-aldo-trgovini\\\/#primaryimage\",\"url\":\"https:\\\/\\\/citycenterone.hr\\\/split\\\/wp-content\\\/uploads\\\/sites\\\/4\\\/2020\\\/08\\\/Aldo-1024x626-1.jpg\",\"contentUrl\":\"https:\\\/\\\/citycenterone.hr\\\/split\\\/wp-content\\\/uploads\\\/sites\\\/4\\\/2020\\\/08\\\/Aldo-1024x626-1.jpg\",\"width\":1024,\"height\":626},{\"@type\":\"BreadcrumbList\",\"@id\":\"https:\\\/\\\/citycenterone.hr\\\/split\\\/arhiva\\\/nova-kolekcija-u-aldo-trgovini\\\/#breadcrumb\",\"itemListElement\":[{\"@type\":\"ListItem\",\"position\":1,\"name\":\"Home\",\"item\":\"https:\\\/\\\/citycenterone.hr\\\/split\\\/\"},{\"@type\":\"ListItem\",\"position\":2,\"name\":\"NOVA KOLEKCIJA U ALDO TRGOVINI\"}]},{\"@type\":\"WebSite\",\"@id\":\"https:\\\/\\\/citycenterone.hr\\\/split\\\/#website\",\"url\":\"https:\\\/\\\/citycenterone.hr\\\/split\\\/\",\"name\":\"Split\",\"description\":\"Just another City Center One site\",\"potentialAction\":[{\"@type\":\"SearchAction\",\"target\":{\"@type\":\"EntryPoint\",\"urlTemplate\":\"https:\\\/\\\/citycenterone.hr\\\/split\\\/?s={search_term_string}\"},\"query-input\":{\"@type\":\"PropertyValueSpecification\",\"valueRequired\":true,\"valueName\":\"search_term_string\"}}],\"inLanguage\":\"hr-HR\"},{\"@type\":\"Person\",\"@id\":\"https:\\\/\\\/citycenterone.hr\\\/split\\\/#\\\/schema\\\/person\\\/ddf4eb6d7a0c8ac21fdbee1880a74f88\",\"name\":\"mopacak\",\"image\":{\"@type\":\"ImageObject\",\"inLanguage\":\"hr-HR\",\"@id\":\"https:\\\/\\\/secure.gravatar.com\\\/avatar\\\/9e99bab39eac34361c65aed17e17fc8f399a7565b79fecd4e873ca6eca9ec7c1?s=96&d=mm&r=g\",\"url\":\"https:\\\/\\\/secure.gravatar.com\\\/avatar\\\/9e99bab39eac34361c65aed17e17fc8f399a7565b79fecd4e873ca6eca9ec7c1?s=96&d=mm&r=g\",\"contentUrl\":\"https:\\\/\\\/secure.gravatar.com\\\/avatar\\\/9e99bab39eac34361c65aed17e17fc8f399a7565b79fecd4e873ca6eca9ec7c1?s=96&d=mm&r=g\",\"caption\":\"mopacak\"},\"url\":\"https:\\\/\\\/citycenterone.hr\\\/split\\\/author\\\/mopacak\\\/\"}]}<\/script>\n<!-- \/ Yoast SEO plugin. -->","yoast_head_json":{"title":"NOVA KOLEKCIJA U ALDO TRGOVINI - Split","robots":{"index":"index","follow":"follow","max-snippet":"max-snippet:-1","max-image-preview":"max-image-preview:large","max-video-preview":"max-video-preview:-1"},"canonical":"https:\/\/citycenterone.hr\/split\/arhiva\/nova-kolekcija-u-aldo-trgovini\/","og_locale":"hr_HR","og_type":"article","og_title":"NOVA KOLEKCIJA U ALDO TRGOVINI - Split","og_description":"Najbolji modni dodaci za kreiranje savr\u0161enih french chic kombinacija!","og_url":"https:\/\/citycenterone.hr\/split\/arhiva\/nova-kolekcija-u-aldo-trgovini\/","og_site_name":"Split","article_published_time":"2020-10-21T14:12:48+00:00","article_modified_time":"2020-11-27T12:33:12+00:00","og_image":[{"width":1024,"height":626,"url":"https:\/\/citycenterone.hr\/split\/wp-content\/uploads\/sites\/4\/2020\/08\/Aldo-1024x626-1.jpg","type":"image\/jpeg"}],"author":"mopacak","twitter_card":"summary_large_image","twitter_misc":{"Written by":"mopacak","Est. reading time":"2 minutes"},"schema":{"@context":"https:\/\/schema.org","@graph":[{"@type":"Article","@id":"https:\/\/citycenterone.hr\/split\/arhiva\/nova-kolekcija-u-aldo-trgovini\/#article","isPartOf":{"@id":"https:\/\/citycenterone.hr\/split\/arhiva\/nova-kolekcija-u-aldo-trgovini\/"},"author":{"name":"mopacak","@id":"https:\/\/citycenterone.hr\/split\/#\/schema\/person\/ddf4eb6d7a0c8ac21fdbee1880a74f88"},"headline":"NOVA KOLEKCIJA U ALDO TRGOVINI","datePublished":"2020-10-21T14:12:48+00:00","dateModified":"2020-11-27T12:33:12+00:00","mainEntityOfPage":{"@id":"https:\/\/citycenterone.hr\/split\/arhiva\/nova-kolekcija-u-aldo-trgovini\/"},"wordCount":399,"commentCount":0,"image":{"@id":"https:\/\/citycenterone.hr\/split\/arhiva\/nova-kolekcija-u-aldo-trgovini\/#primaryimage"},"thumbnailUrl":"https:\/\/citycenterone.hr\/split\/wp-content\/uploads\/sites\/4\/2020\/08\/Aldo-1024x626-1.jpg","articleSection":["Arhiva"],"inLanguage":"hr-HR","potentialAction":[{"@type":"CommentAction","name":"Comment","target":["https:\/\/citycenterone.hr\/split\/arhiva\/nova-kolekcija-u-aldo-trgovini\/#respond"]}]},{"@type":"WebPage","@id":"https:\/\/citycenterone.hr\/split\/arhiva\/nova-kolekcija-u-aldo-trgovini\/","url":"https:\/\/citycenterone.hr\/split\/arhiva\/nova-kolekcija-u-aldo-trgovini\/","name":"NOVA KOLEKCIJA U ALDO TRGOVINI - Split","isPartOf":{"@id":"https:\/\/citycenterone.hr\/split\/#website"},"primaryImageOfPage":{"@id":"https:\/\/citycenterone.hr\/split\/arhiva\/nova-kolekcija-u-aldo-trgovini\/#primaryimage"},"image":{"@id":"https:\/\/citycenterone.hr\/split\/arhiva\/nova-kolekcija-u-aldo-trgovini\/#primaryimage"},"thumbnailUrl":"https:\/\/citycenterone.hr\/split\/wp-content\/uploads\/sites\/4\/2020\/08\/Aldo-1024x626-1.jpg","datePublished":"2020-10-21T14:12:48+00:00","dateModified":"2020-11-27T12:33:12+00:00","author":{"@id":"https:\/\/citycenterone.hr\/split\/#\/schema\/person\/ddf4eb6d7a0c8ac21fdbee1880a74f88"},"breadcrumb":{"@id":"https:\/\/citycenterone.hr\/split\/arhiva\/nova-kolekcija-u-aldo-trgovini\/#breadcrumb"},"inLanguage":"hr-HR","potentialAction":[{"@type":"ReadAction","target":["https:\/\/citycenterone.hr\/split\/arhiva\/nova-kolekcija-u-aldo-trgovini\/"]}]},{"@type":"ImageObject","inLanguage":"hr-HR","@id":"https:\/\/citycenterone.hr\/split\/arhiva\/nova-kolekcija-u-aldo-trgovini\/#primaryimage","url":"https:\/\/citycenterone.hr\/split\/wp-content\/uploads\/sites\/4\/2020\/08\/Aldo-1024x626-1.jpg","contentUrl":"https:\/\/citycenterone.hr\/split\/wp-content\/uploads\/sites\/4\/2020\/08\/Aldo-1024x626-1.jpg","width":1024,"height":626},{"@type":"BreadcrumbList","@id":"https:\/\/citycenterone.hr\/split\/arhiva\/nova-kolekcija-u-aldo-trgovini\/#breadcrumb","itemListElement":[{"@type":"ListItem","position":1,"name":"Home","item":"https:\/\/citycenterone.hr\/split\/"},{"@type":"ListItem","position":2,"name":"NOVA KOLEKCIJA U ALDO TRGOVINI"}]},{"@type":"WebSite","@id":"https:\/\/citycenterone.hr\/split\/#website","url":"https:\/\/citycenterone.hr\/split\/","name":"Split","description":"Just another City Center One site","potentialAction":[{"@type":"SearchAction","target":{"@type":"EntryPoint","urlTemplate":"https:\/\/citycenterone.hr\/split\/?s={search_term_string}"},"query-input":{"@type":"PropertyValueSpecification","valueRequired":true,"valueName":"search_term_string"}}],"inLanguage":"hr-HR"},{"@type":"Person","@id":"https:\/\/citycenterone.hr\/split\/#\/schema\/person\/ddf4eb6d7a0c8ac21fdbee1880a74f88","name":"mopacak","image":{"@type":"ImageObject","inLanguage":"hr-HR","@id":"https:\/\/secure.gravatar.com\/avatar\/9e99bab39eac34361c65aed17e17fc8f399a7565b79fecd4e873ca6eca9ec7c1?s=96&d=mm&r=g","url":"https:\/\/secure.gravatar.com\/avatar\/9e99bab39eac34361c65aed17e17fc8f399a7565b79fecd4e873ca6eca9ec7c1?s=96&d=mm&r=g","contentUrl":"https:\/\/secure.gravatar.com\/avatar\/9e99bab39eac34361c65aed17e17fc8f399a7565b79fecd4e873ca6eca9ec7c1?s=96&d=mm&r=g","caption":"mopacak"},"url":"https:\/\/citycenterone.hr\/split\/author\/mopacak\/"}]}},"_links":{"self":[{"href":"https:\/\/citycenterone.hr\/split\/wp-json\/wp\/v2\/posts\/34993","targetHints":{"allow":["GET"]}}],"collection":[{"href":"https:\/\/citycenterone.hr\/split\/wp-json\/wp\/v2\/posts"}],"about":[{"href":"https:\/\/citycenterone.hr\/split\/wp-json\/wp\/v2\/types\/post"}],"author":[{"embeddable":true,"href":"https:\/\/citycenterone.hr\/split\/wp-json\/wp\/v2\/users\/27"}],"replies":[{"embeddable":true,"href":"https:\/\/citycenterone.hr\/split\/wp-json\/wp\/v2\/comments?post=34993"}],"version-history":[{"count":4,"href":"https:\/\/citycenterone.hr\/split\/wp-json\/wp\/v2\/posts\/34993\/revisions"}],"predecessor-version":[{"id":35041,"href":"https:\/\/citycenterone.hr\/split\/wp-json\/wp\/v2\/posts\/34993\/revisions\/35041"}],"wp:featuredmedia":[{"embeddable":true,"href":"https:\/\/citycenterone.hr\/split\/wp-json\/wp\/v2\/media\/32925"}],"wp:attachment":[{"href":"https:\/\/citycenterone.hr\/split\/wp-json\/wp\/v2\/media?parent=34993"}],"wp:term":[{"taxonomy":"category","embeddable":true,"href":"https:\/\/citycenterone.hr\/split\/wp-json\/wp\/v2\/categories?post=34993"},{"taxonomy":"post_tag","embeddable":true,"href":"https:\/\/citycenterone.hr\/split\/wp-json\/wp\/v2\/tags?post=34993"}],"curies":[{"name":"wp","href":"https:\/\/api.w.org\/{rel}","templated":true}]}}