{"id":42109,"date":"2021-05-07T08:55:30","date_gmt":"2021-05-07T08:55:30","guid":{"rendered":"https:\/\/citycenterone.hr\/split\/?p=42109"},"modified":"2021-06-04T09:49:43","modified_gmt":"2021-06-04T09:49:43","slug":"adidas-otvorio-novu-trgovinu-u-city-centeru-one","status":"publish","type":"post","link":"https:\/\/citycenterone.hr\/split\/arhiva\/adidas-otvorio-novu-trgovinu-u-city-centeru-one\/","title":{"rendered":"adidas otvorio novu trgovinu u City Centeru one"},"content":{"rendered":"<p>Nova trgovina, od sada u ve\u0107em prostoru, s novim konceptom i u moderno ure\u0111enom interijeru, detaljima odaje po\u010dast gradu Splitu i njegovim velikanima, pa su u ure\u0111enju kori\u0161tene fotografije legendarnog splitskog fotografa <strong>Fe\u0111e Klari\u0107a<\/strong> i radovi popularne splitske umjetnice <strong>Josipe Krolo<\/strong>.<\/p>\n<p>Svi ljubitelji brenda mo\u0107i \u0107e na jednom mjestu birati najnovije komade iz bogate ponude adidas Performance ili adidas Originals linije. Performance \u0107e odu\u0161eviti sporta\u0161e profesionalce i rekreativce proizvodima koji su posebno razvijeni za tr\u010danje, trening i jogu, dok one koji vole nositi adidas Originals u razli\u010ditim svakodnevnim prigodama o\u010dekuju sjajni trendovski komadi iz nove kolekcije.<\/p>\n<p><img loading=\"lazy\" decoding=\"async\" class=\"alignnone wp-image-42118 \" src=\"https:\/\/citycenterone.hr\/split\/wp-content\/uploads\/sites\/4\/2021\/05\/image00015.jpeg\" alt=\"\" width=\"975\" height=\"731\" srcset=\"https:\/\/citycenterone.hr\/split\/wp-content\/uploads\/sites\/4\/2021\/05\/image00015.jpeg 1000w, https:\/\/citycenterone.hr\/split\/wp-content\/uploads\/sites\/4\/2021\/05\/image00015-768x576.jpeg 768w\" sizes=\"auto, (max-width: 975px) 100vw, 975px\" \/><\/p>\n<p>Novi adidas shop na drugom katu centra posjetili su i poznati splitski influenceri Antonia Dora Ple\u0161ko, Pave Elez, Debela Barbara, Anastazija Makjani\u0107 i Anamarija Asanovi\u0107. U najnovijim kolekcijama odabrali su omiljene outfite, snimili ih i objavljivat \u0107e ih na svojim dru\u0161tvenim mre\u017eama te pozivati pratitelje da sudjeluju u<strong> nagradnom natje\u010daju<\/strong>. Zadatak je napisati kratku rimu koja uklju\u010duje rije\u010di adidas i Split. Pet najkreativnijih \u0107e dobiti tenisice po izboru.<\/p>\n<p>U fokusu nove trgovine je odr\u017eivi, kultni adidasov model tenisice Stan Smith. Brend je, naime, nedavno lansirao verziju omiljene bijele tenisice od recikliranih materijala i Stan Smith je u rekordnom roku preplavio ulice i dru\u0161tvene mre\u017ee. A nova generacija tenisica adidasov je temelj na putu da stane na kraj gomilanju plasti\u010dnog otpada.<\/p>\n<p><img loading=\"lazy\" decoding=\"async\" class=\"alignnone wp-image-42116 \" src=\"https:\/\/citycenterone.hr\/split\/wp-content\/uploads\/sites\/4\/2021\/05\/image00012.jpeg\" alt=\"\" width=\"974\" height=\"732\" srcset=\"https:\/\/citycenterone.hr\/split\/wp-content\/uploads\/sites\/4\/2021\/05\/image00012.jpeg 1000w, https:\/\/citycenterone.hr\/split\/wp-content\/uploads\/sites\/4\/2021\/05\/image00012-768x576.jpeg 768w\" sizes=\"auto, (max-width: 974px) 100vw, 974px\" \/><\/p>\n<p>Sve novosti od sada \u0107e biti dostupne u adidas trgovini u City Centeru one!<\/p>\n<p><img loading=\"lazy\" decoding=\"async\" class=\"alignnone wp-image-42112 size-full\" src=\"https:\/\/citycenterone.hr\/split\/wp-content\/uploads\/sites\/4\/2021\/05\/image00034.jpeg\" alt=\"\" width=\"1000\" height=\"398\" srcset=\"https:\/\/citycenterone.hr\/split\/wp-content\/uploads\/sites\/4\/2021\/05\/image00034.jpeg 1000w, https:\/\/citycenterone.hr\/split\/wp-content\/uploads\/sites\/4\/2021\/05\/image00034-768x306.jpeg 768w\" sizes=\"auto, (max-width: 1000px) 100vw, 1000px\" \/><\/p>\n<p>&nbsp;<\/p>\n","protected":false},"excerpt":{"rendered":"<p>Omiljeni globalni sportski brend adidas otvorio je novoure\u0111enu trgovinu na drugom katu City Centera one.<\/p>\n","protected":false},"author":11,"featured_media":42114,"comment_status":"open","ping_status":"open","sticky":false,"template":"","format":"standard","meta":{"_acf_changed":false,"footnotes":""},"categories":[10],"tags":[],"class_list":["post-42109","post","type-post","status-publish","format-standard","has-post-thumbnail","hentry","category-arhiva"],"acf":[],"yoast_head":"<!-- This site is optimized with the Yoast SEO plugin v27.4 - https:\/\/yoast.com\/product\/yoast-seo-wordpress\/ -->\n<title>adidas otvorio novu trgovinu u City Centeru one - Split<\/title>\n<meta name=\"robots\" content=\"index, follow, max-snippet:-1, max-image-preview:large, max-video-preview:-1\" \/>\n<link rel=\"canonical\" href=\"https:\/\/citycenterone.hr\/split\/arhiva\/adidas-otvorio-novu-trgovinu-u-city-centeru-one\/\" \/>\n<meta property=\"og:locale\" content=\"hr_HR\" \/>\n<meta property=\"og:type\" content=\"article\" \/>\n<meta property=\"og:title\" content=\"adidas otvorio novu trgovinu u City Centeru one - Split\" \/>\n<meta property=\"og:description\" content=\"Omiljeni globalni sportski brend adidas otvorio je novoure\u0111enu trgovinu na drugom katu City Centera one.\" \/>\n<meta property=\"og:url\" content=\"https:\/\/citycenterone.hr\/split\/arhiva\/adidas-otvorio-novu-trgovinu-u-city-centeru-one\/\" \/>\n<meta property=\"og:site_name\" content=\"Split\" \/>\n<meta property=\"article:published_time\" content=\"2021-05-07T08:55:30+00:00\" \/>\n<meta property=\"article:modified_time\" content=\"2021-06-04T09:49:43+00:00\" \/>\n<meta property=\"og:image\" content=\"https:\/\/citycenterone.hr\/split\/wp-content\/uploads\/sites\/4\/2021\/05\/IMG_3273-002.jpg\" \/>\n\t<meta property=\"og:image:width\" content=\"1000\" \/>\n\t<meta property=\"og:image:height\" content=\"618\" \/>\n\t<meta property=\"og:image:type\" content=\"image\/jpeg\" \/>\n<meta name=\"author\" content=\"kgarac\" \/>\n<meta name=\"twitter:card\" content=\"summary_large_image\" \/>\n<meta name=\"twitter:label1\" content=\"Written by\" \/>\n\t<meta name=\"twitter:data1\" content=\"kgarac\" \/>\n\t<meta name=\"twitter:label2\" content=\"Est. reading time\" \/>\n\t<meta name=\"twitter:data2\" content=\"2 minutes\" \/>\n<script type=\"application\/ld+json\" class=\"yoast-schema-graph\">{\"@context\":\"https:\\\/\\\/schema.org\",\"@graph\":[{\"@type\":\"Article\",\"@id\":\"https:\\\/\\\/citycenterone.hr\\\/split\\\/arhiva\\\/adidas-otvorio-novu-trgovinu-u-city-centeru-one\\\/#article\",\"isPartOf\":{\"@id\":\"https:\\\/\\\/citycenterone.hr\\\/split\\\/arhiva\\\/adidas-otvorio-novu-trgovinu-u-city-centeru-one\\\/\"},\"author\":{\"name\":\"kgarac\",\"@id\":\"https:\\\/\\\/citycenterone.hr\\\/split\\\/#\\\/schema\\\/person\\\/db0bbb1b5aeb4ea836df236ae8379ba4\"},\"headline\":\"adidas otvorio novu trgovinu u City Centeru one\",\"datePublished\":\"2021-05-07T08:55:30+00:00\",\"dateModified\":\"2021-06-04T09:49:43+00:00\",\"mainEntityOfPage\":{\"@id\":\"https:\\\/\\\/citycenterone.hr\\\/split\\\/arhiva\\\/adidas-otvorio-novu-trgovinu-u-city-centeru-one\\\/\"},\"wordCount\":262,\"commentCount\":0,\"image\":{\"@id\":\"https:\\\/\\\/citycenterone.hr\\\/split\\\/arhiva\\\/adidas-otvorio-novu-trgovinu-u-city-centeru-one\\\/#primaryimage\"},\"thumbnailUrl\":\"https:\\\/\\\/citycenterone.hr\\\/split\\\/wp-content\\\/uploads\\\/sites\\\/4\\\/2021\\\/05\\\/IMG_3273-002.jpg\",\"articleSection\":[\"Arhiva\"],\"inLanguage\":\"hr-HR\",\"potentialAction\":[{\"@type\":\"CommentAction\",\"name\":\"Comment\",\"target\":[\"https:\\\/\\\/citycenterone.hr\\\/split\\\/arhiva\\\/adidas-otvorio-novu-trgovinu-u-city-centeru-one\\\/#respond\"]}]},{\"@type\":\"WebPage\",\"@id\":\"https:\\\/\\\/citycenterone.hr\\\/split\\\/arhiva\\\/adidas-otvorio-novu-trgovinu-u-city-centeru-one\\\/\",\"url\":\"https:\\\/\\\/citycenterone.hr\\\/split\\\/arhiva\\\/adidas-otvorio-novu-trgovinu-u-city-centeru-one\\\/\",\"name\":\"adidas otvorio novu trgovinu u City Centeru one - Split\",\"isPartOf\":{\"@id\":\"https:\\\/\\\/citycenterone.hr\\\/split\\\/#website\"},\"primaryImageOfPage\":{\"@id\":\"https:\\\/\\\/citycenterone.hr\\\/split\\\/arhiva\\\/adidas-otvorio-novu-trgovinu-u-city-centeru-one\\\/#primaryimage\"},\"image\":{\"@id\":\"https:\\\/\\\/citycenterone.hr\\\/split\\\/arhiva\\\/adidas-otvorio-novu-trgovinu-u-city-centeru-one\\\/#primaryimage\"},\"thumbnailUrl\":\"https:\\\/\\\/citycenterone.hr\\\/split\\\/wp-content\\\/uploads\\\/sites\\\/4\\\/2021\\\/05\\\/IMG_3273-002.jpg\",\"datePublished\":\"2021-05-07T08:55:30+00:00\",\"dateModified\":\"2021-06-04T09:49:43+00:00\",\"author\":{\"@id\":\"https:\\\/\\\/citycenterone.hr\\\/split\\\/#\\\/schema\\\/person\\\/db0bbb1b5aeb4ea836df236ae8379ba4\"},\"breadcrumb\":{\"@id\":\"https:\\\/\\\/citycenterone.hr\\\/split\\\/arhiva\\\/adidas-otvorio-novu-trgovinu-u-city-centeru-one\\\/#breadcrumb\"},\"inLanguage\":\"hr-HR\",\"potentialAction\":[{\"@type\":\"ReadAction\",\"target\":[\"https:\\\/\\\/citycenterone.hr\\\/split\\\/arhiva\\\/adidas-otvorio-novu-trgovinu-u-city-centeru-one\\\/\"]}]},{\"@type\":\"ImageObject\",\"inLanguage\":\"hr-HR\",\"@id\":\"https:\\\/\\\/citycenterone.hr\\\/split\\\/arhiva\\\/adidas-otvorio-novu-trgovinu-u-city-centeru-one\\\/#primaryimage\",\"url\":\"https:\\\/\\\/citycenterone.hr\\\/split\\\/wp-content\\\/uploads\\\/sites\\\/4\\\/2021\\\/05\\\/IMG_3273-002.jpg\",\"contentUrl\":\"https:\\\/\\\/citycenterone.hr\\\/split\\\/wp-content\\\/uploads\\\/sites\\\/4\\\/2021\\\/05\\\/IMG_3273-002.jpg\",\"width\":1000,\"height\":618},{\"@type\":\"BreadcrumbList\",\"@id\":\"https:\\\/\\\/citycenterone.hr\\\/split\\\/arhiva\\\/adidas-otvorio-novu-trgovinu-u-city-centeru-one\\\/#breadcrumb\",\"itemListElement\":[{\"@type\":\"ListItem\",\"position\":1,\"name\":\"Home\",\"item\":\"https:\\\/\\\/citycenterone.hr\\\/split\\\/\"},{\"@type\":\"ListItem\",\"position\":2,\"name\":\"adidas otvorio novu trgovinu u City Centeru one\"}]},{\"@type\":\"WebSite\",\"@id\":\"https:\\\/\\\/citycenterone.hr\\\/split\\\/#website\",\"url\":\"https:\\\/\\\/citycenterone.hr\\\/split\\\/\",\"name\":\"Split\",\"description\":\"Just another City Center One site\",\"potentialAction\":[{\"@type\":\"SearchAction\",\"target\":{\"@type\":\"EntryPoint\",\"urlTemplate\":\"https:\\\/\\\/citycenterone.hr\\\/split\\\/?s={search_term_string}\"},\"query-input\":{\"@type\":\"PropertyValueSpecification\",\"valueRequired\":true,\"valueName\":\"search_term_string\"}}],\"inLanguage\":\"hr-HR\"},{\"@type\":\"Person\",\"@id\":\"https:\\\/\\\/citycenterone.hr\\\/split\\\/#\\\/schema\\\/person\\\/db0bbb1b5aeb4ea836df236ae8379ba4\",\"name\":\"kgarac\",\"image\":{\"@type\":\"ImageObject\",\"inLanguage\":\"hr-HR\",\"@id\":\"https:\\\/\\\/secure.gravatar.com\\\/avatar\\\/b599fc997ac3b0f33bbe96aa22995f1b7ded459dddf3ec218cc420eec942bbf9?s=96&d=mm&r=g\",\"url\":\"https:\\\/\\\/secure.gravatar.com\\\/avatar\\\/b599fc997ac3b0f33bbe96aa22995f1b7ded459dddf3ec218cc420eec942bbf9?s=96&d=mm&r=g\",\"contentUrl\":\"https:\\\/\\\/secure.gravatar.com\\\/avatar\\\/b599fc997ac3b0f33bbe96aa22995f1b7ded459dddf3ec218cc420eec942bbf9?s=96&d=mm&r=g\",\"caption\":\"kgarac\"},\"url\":\"https:\\\/\\\/citycenterone.hr\\\/split\\\/author\\\/kgarac\\\/\"}]}<\/script>\n<!-- \/ Yoast SEO plugin. -->","yoast_head_json":{"title":"adidas otvorio novu trgovinu u City Centeru one - Split","robots":{"index":"index","follow":"follow","max-snippet":"max-snippet:-1","max-image-preview":"max-image-preview:large","max-video-preview":"max-video-preview:-1"},"canonical":"https:\/\/citycenterone.hr\/split\/arhiva\/adidas-otvorio-novu-trgovinu-u-city-centeru-one\/","og_locale":"hr_HR","og_type":"article","og_title":"adidas otvorio novu trgovinu u City Centeru one - Split","og_description":"Omiljeni globalni sportski brend adidas otvorio je novoure\u0111enu trgovinu na drugom katu City Centera one.","og_url":"https:\/\/citycenterone.hr\/split\/arhiva\/adidas-otvorio-novu-trgovinu-u-city-centeru-one\/","og_site_name":"Split","article_published_time":"2021-05-07T08:55:30+00:00","article_modified_time":"2021-06-04T09:49:43+00:00","og_image":[{"width":1000,"height":618,"url":"https:\/\/citycenterone.hr\/split\/wp-content\/uploads\/sites\/4\/2021\/05\/IMG_3273-002.jpg","type":"image\/jpeg"}],"author":"kgarac","twitter_card":"summary_large_image","twitter_misc":{"Written by":"kgarac","Est. reading time":"2 minutes"},"schema":{"@context":"https:\/\/schema.org","@graph":[{"@type":"Article","@id":"https:\/\/citycenterone.hr\/split\/arhiva\/adidas-otvorio-novu-trgovinu-u-city-centeru-one\/#article","isPartOf":{"@id":"https:\/\/citycenterone.hr\/split\/arhiva\/adidas-otvorio-novu-trgovinu-u-city-centeru-one\/"},"author":{"name":"kgarac","@id":"https:\/\/citycenterone.hr\/split\/#\/schema\/person\/db0bbb1b5aeb4ea836df236ae8379ba4"},"headline":"adidas otvorio novu trgovinu u City Centeru one","datePublished":"2021-05-07T08:55:30+00:00","dateModified":"2021-06-04T09:49:43+00:00","mainEntityOfPage":{"@id":"https:\/\/citycenterone.hr\/split\/arhiva\/adidas-otvorio-novu-trgovinu-u-city-centeru-one\/"},"wordCount":262,"commentCount":0,"image":{"@id":"https:\/\/citycenterone.hr\/split\/arhiva\/adidas-otvorio-novu-trgovinu-u-city-centeru-one\/#primaryimage"},"thumbnailUrl":"https:\/\/citycenterone.hr\/split\/wp-content\/uploads\/sites\/4\/2021\/05\/IMG_3273-002.jpg","articleSection":["Arhiva"],"inLanguage":"hr-HR","potentialAction":[{"@type":"CommentAction","name":"Comment","target":["https:\/\/citycenterone.hr\/split\/arhiva\/adidas-otvorio-novu-trgovinu-u-city-centeru-one\/#respond"]}]},{"@type":"WebPage","@id":"https:\/\/citycenterone.hr\/split\/arhiva\/adidas-otvorio-novu-trgovinu-u-city-centeru-one\/","url":"https:\/\/citycenterone.hr\/split\/arhiva\/adidas-otvorio-novu-trgovinu-u-city-centeru-one\/","name":"adidas otvorio novu trgovinu u City Centeru one - Split","isPartOf":{"@id":"https:\/\/citycenterone.hr\/split\/#website"},"primaryImageOfPage":{"@id":"https:\/\/citycenterone.hr\/split\/arhiva\/adidas-otvorio-novu-trgovinu-u-city-centeru-one\/#primaryimage"},"image":{"@id":"https:\/\/citycenterone.hr\/split\/arhiva\/adidas-otvorio-novu-trgovinu-u-city-centeru-one\/#primaryimage"},"thumbnailUrl":"https:\/\/citycenterone.hr\/split\/wp-content\/uploads\/sites\/4\/2021\/05\/IMG_3273-002.jpg","datePublished":"2021-05-07T08:55:30+00:00","dateModified":"2021-06-04T09:49:43+00:00","author":{"@id":"https:\/\/citycenterone.hr\/split\/#\/schema\/person\/db0bbb1b5aeb4ea836df236ae8379ba4"},"breadcrumb":{"@id":"https:\/\/citycenterone.hr\/split\/arhiva\/adidas-otvorio-novu-trgovinu-u-city-centeru-one\/#breadcrumb"},"inLanguage":"hr-HR","potentialAction":[{"@type":"ReadAction","target":["https:\/\/citycenterone.hr\/split\/arhiva\/adidas-otvorio-novu-trgovinu-u-city-centeru-one\/"]}]},{"@type":"ImageObject","inLanguage":"hr-HR","@id":"https:\/\/citycenterone.hr\/split\/arhiva\/adidas-otvorio-novu-trgovinu-u-city-centeru-one\/#primaryimage","url":"https:\/\/citycenterone.hr\/split\/wp-content\/uploads\/sites\/4\/2021\/05\/IMG_3273-002.jpg","contentUrl":"https:\/\/citycenterone.hr\/split\/wp-content\/uploads\/sites\/4\/2021\/05\/IMG_3273-002.jpg","width":1000,"height":618},{"@type":"BreadcrumbList","@id":"https:\/\/citycenterone.hr\/split\/arhiva\/adidas-otvorio-novu-trgovinu-u-city-centeru-one\/#breadcrumb","itemListElement":[{"@type":"ListItem","position":1,"name":"Home","item":"https:\/\/citycenterone.hr\/split\/"},{"@type":"ListItem","position":2,"name":"adidas otvorio novu trgovinu u City Centeru one"}]},{"@type":"WebSite","@id":"https:\/\/citycenterone.hr\/split\/#website","url":"https:\/\/citycenterone.hr\/split\/","name":"Split","description":"Just another City Center One site","potentialAction":[{"@type":"SearchAction","target":{"@type":"EntryPoint","urlTemplate":"https:\/\/citycenterone.hr\/split\/?s={search_term_string}"},"query-input":{"@type":"PropertyValueSpecification","valueRequired":true,"valueName":"search_term_string"}}],"inLanguage":"hr-HR"},{"@type":"Person","@id":"https:\/\/citycenterone.hr\/split\/#\/schema\/person\/db0bbb1b5aeb4ea836df236ae8379ba4","name":"kgarac","image":{"@type":"ImageObject","inLanguage":"hr-HR","@id":"https:\/\/secure.gravatar.com\/avatar\/b599fc997ac3b0f33bbe96aa22995f1b7ded459dddf3ec218cc420eec942bbf9?s=96&d=mm&r=g","url":"https:\/\/secure.gravatar.com\/avatar\/b599fc997ac3b0f33bbe96aa22995f1b7ded459dddf3ec218cc420eec942bbf9?s=96&d=mm&r=g","contentUrl":"https:\/\/secure.gravatar.com\/avatar\/b599fc997ac3b0f33bbe96aa22995f1b7ded459dddf3ec218cc420eec942bbf9?s=96&d=mm&r=g","caption":"kgarac"},"url":"https:\/\/citycenterone.hr\/split\/author\/kgarac\/"}]}},"_links":{"self":[{"href":"https:\/\/citycenterone.hr\/split\/wp-json\/wp\/v2\/posts\/42109","targetHints":{"allow":["GET"]}}],"collection":[{"href":"https:\/\/citycenterone.hr\/split\/wp-json\/wp\/v2\/posts"}],"about":[{"href":"https:\/\/citycenterone.hr\/split\/wp-json\/wp\/v2\/types\/post"}],"author":[{"embeddable":true,"href":"https:\/\/citycenterone.hr\/split\/wp-json\/wp\/v2\/users\/11"}],"replies":[{"embeddable":true,"href":"https:\/\/citycenterone.hr\/split\/wp-json\/wp\/v2\/comments?post=42109"}],"version-history":[{"count":3,"href":"https:\/\/citycenterone.hr\/split\/wp-json\/wp\/v2\/posts\/42109\/revisions"}],"predecessor-version":[{"id":42153,"href":"https:\/\/citycenterone.hr\/split\/wp-json\/wp\/v2\/posts\/42109\/revisions\/42153"}],"wp:featuredmedia":[{"embeddable":true,"href":"https:\/\/citycenterone.hr\/split\/wp-json\/wp\/v2\/media\/42114"}],"wp:attachment":[{"href":"https:\/\/citycenterone.hr\/split\/wp-json\/wp\/v2\/media?parent=42109"}],"wp:term":[{"taxonomy":"category","embeddable":true,"href":"https:\/\/citycenterone.hr\/split\/wp-json\/wp\/v2\/categories?post=42109"},{"taxonomy":"post_tag","embeddable":true,"href":"https:\/\/citycenterone.hr\/split\/wp-json\/wp\/v2\/tags?post=42109"}],"curies":[{"name":"wp","href":"https:\/\/api.w.org\/{rel}","templated":true}]}}