{"id":47822,"date":"2022-03-01T12:04:09","date_gmt":"2022-03-01T12:04:09","guid":{"rendered":"https:\/\/citycenterone.hr\/split\/?p=47822"},"modified":"2023-01-12T14:46:12","modified_gmt":"2023-01-12T14:46:12","slug":"ne-propustite-ikea-family-radionicu","status":"publish","type":"post","link":"https:\/\/citycenterone.hr\/split\/arhiva\/ne-propustite-ikea-family-radionicu\/","title":{"rendered":"Ne propustite IKEA Family radionicu &#8211; Zimski vijenac"},"content":{"rendered":"<p>Bilo da ga Bo\u017ei\u0107ni vjen\u010di\u0107 \u017eelite objesiti na vrata ili \u017eelite da krasi va\u0161 blagdanski stol, IKEA je tu da pomogne u realizaciji va\u0161e ideje. Pridru\u017eite nam se u Studiju za planiranje te sa sobom doma ponesite jedno lijepo iskustvo i svoj vijenac.<\/p>\n<p>Radionice \u0107e se odr\u017eati u <strong>srijedu, 07.12<\/strong>, u dva termina <strong>11:00-12:00 i 15:00-16:00 sati<\/strong>. Ulaz na radionice je besplatan, ali se za sudjelovanje potrebno <a href=\"https:\/\/www.ikea.com\/hr\/hr\/stores\/events\/ikea-studio-za-planiranje-split\/zimski-vijenac--2762d8a8-41c4-470c-9a8c-95af361c1231\/\">prijaviti.<\/a><\/p>\n<p>Vidimo se!<\/p>\n<p>&nbsp;<\/p>\n","protected":false},"excerpt":{"rendered":"<p>Pridru\u017eite nam se u IKEA Studiju za planiranje te izradite \u010daroban bo\u017ei\u0107ni vjen\u010di\u0107.<\/p>\n","protected":false},"author":28,"featured_media":53025,"comment_status":"open","ping_status":"open","sticky":false,"template":"","format":"standard","meta":{"_acf_changed":false,"footnotes":""},"categories":[10],"tags":[],"class_list":["post-47822","post","type-post","status-publish","format-standard","has-post-thumbnail","hentry","category-arhiva"],"acf":[],"yoast_head":"<!-- This site is optimized with the Yoast SEO plugin v27.4 - https:\/\/yoast.com\/product\/yoast-seo-wordpress\/ -->\n<title>Ne propustite IKEA Family radionicu - Zimski vijenac - Split<\/title>\n<meta name=\"robots\" content=\"index, follow, max-snippet:-1, max-image-preview:large, max-video-preview:-1\" \/>\n<link rel=\"canonical\" href=\"https:\/\/citycenterone.hr\/split\/arhiva\/ne-propustite-ikea-family-radionicu\/\" \/>\n<meta property=\"og:locale\" content=\"hr_HR\" \/>\n<meta property=\"og:type\" content=\"article\" \/>\n<meta property=\"og:title\" content=\"Ne propustite IKEA Family radionicu - Zimski vijenac - Split\" \/>\n<meta property=\"og:description\" content=\"Pridru\u017eite nam se u IKEA Studiju za planiranje te izradite \u010daroban bo\u017ei\u0107ni vjen\u010di\u0107.\" \/>\n<meta property=\"og:url\" content=\"https:\/\/citycenterone.hr\/split\/arhiva\/ne-propustite-ikea-family-radionicu\/\" \/>\n<meta property=\"og:site_name\" content=\"Split\" \/>\n<meta property=\"article:published_time\" content=\"2022-03-01T12:04:09+00:00\" \/>\n<meta property=\"article:modified_time\" content=\"2023-01-12T14:46:12+00:00\" \/>\n<meta property=\"og:image\" content=\"https:\/\/citycenterone.hr\/split\/wp-content\/uploads\/sites\/4\/2022\/03\/125176541_1527105334163954_2255803034086826718_n.jpg\" \/>\n\t<meta property=\"og:image:width\" content=\"1600\" \/>\n\t<meta property=\"og:image:height\" content=\"703\" \/>\n\t<meta property=\"og:image:type\" content=\"image\/jpeg\" \/>\n<meta name=\"author\" content=\"buljan\" \/>\n<meta name=\"twitter:card\" content=\"summary_large_image\" \/>\n<meta name=\"twitter:label1\" content=\"Written by\" \/>\n\t<meta name=\"twitter:data1\" content=\"buljan\" \/>\n\t<meta name=\"twitter:label2\" content=\"Est. reading time\" \/>\n\t<meta name=\"twitter:data2\" content=\"1 minute\" \/>\n<script type=\"application\/ld+json\" class=\"yoast-schema-graph\">{\"@context\":\"https:\\\/\\\/schema.org\",\"@graph\":[{\"@type\":\"Article\",\"@id\":\"https:\\\/\\\/citycenterone.hr\\\/split\\\/arhiva\\\/ne-propustite-ikea-family-radionicu\\\/#article\",\"isPartOf\":{\"@id\":\"https:\\\/\\\/citycenterone.hr\\\/split\\\/arhiva\\\/ne-propustite-ikea-family-radionicu\\\/\"},\"author\":{\"name\":\"buljan\",\"@id\":\"https:\\\/\\\/citycenterone.hr\\\/split\\\/#\\\/schema\\\/person\\\/57af18176d926108515bf539d3cf142c\"},\"headline\":\"Ne propustite IKEA Family radionicu &#8211; Zimski vijenac\",\"datePublished\":\"2022-03-01T12:04:09+00:00\",\"dateModified\":\"2023-01-12T14:46:12+00:00\",\"mainEntityOfPage\":{\"@id\":\"https:\\\/\\\/citycenterone.hr\\\/split\\\/arhiva\\\/ne-propustite-ikea-family-radionicu\\\/\"},\"wordCount\":84,\"commentCount\":0,\"image\":{\"@id\":\"https:\\\/\\\/citycenterone.hr\\\/split\\\/arhiva\\\/ne-propustite-ikea-family-radionicu\\\/#primaryimage\"},\"thumbnailUrl\":\"https:\\\/\\\/citycenterone.hr\\\/split\\\/wp-content\\\/uploads\\\/sites\\\/4\\\/2022\\\/03\\\/125176541_1527105334163954_2255803034086826718_n.jpg\",\"articleSection\":[\"Arhiva\"],\"inLanguage\":\"hr-HR\",\"potentialAction\":[{\"@type\":\"CommentAction\",\"name\":\"Comment\",\"target\":[\"https:\\\/\\\/citycenterone.hr\\\/split\\\/arhiva\\\/ne-propustite-ikea-family-radionicu\\\/#respond\"]}]},{\"@type\":\"WebPage\",\"@id\":\"https:\\\/\\\/citycenterone.hr\\\/split\\\/arhiva\\\/ne-propustite-ikea-family-radionicu\\\/\",\"url\":\"https:\\\/\\\/citycenterone.hr\\\/split\\\/arhiva\\\/ne-propustite-ikea-family-radionicu\\\/\",\"name\":\"Ne propustite IKEA Family radionicu - Zimski vijenac - Split\",\"isPartOf\":{\"@id\":\"https:\\\/\\\/citycenterone.hr\\\/split\\\/#website\"},\"primaryImageOfPage\":{\"@id\":\"https:\\\/\\\/citycenterone.hr\\\/split\\\/arhiva\\\/ne-propustite-ikea-family-radionicu\\\/#primaryimage\"},\"image\":{\"@id\":\"https:\\\/\\\/citycenterone.hr\\\/split\\\/arhiva\\\/ne-propustite-ikea-family-radionicu\\\/#primaryimage\"},\"thumbnailUrl\":\"https:\\\/\\\/citycenterone.hr\\\/split\\\/wp-content\\\/uploads\\\/sites\\\/4\\\/2022\\\/03\\\/125176541_1527105334163954_2255803034086826718_n.jpg\",\"datePublished\":\"2022-03-01T12:04:09+00:00\",\"dateModified\":\"2023-01-12T14:46:12+00:00\",\"author\":{\"@id\":\"https:\\\/\\\/citycenterone.hr\\\/split\\\/#\\\/schema\\\/person\\\/57af18176d926108515bf539d3cf142c\"},\"breadcrumb\":{\"@id\":\"https:\\\/\\\/citycenterone.hr\\\/split\\\/arhiva\\\/ne-propustite-ikea-family-radionicu\\\/#breadcrumb\"},\"inLanguage\":\"hr-HR\",\"potentialAction\":[{\"@type\":\"ReadAction\",\"target\":[\"https:\\\/\\\/citycenterone.hr\\\/split\\\/arhiva\\\/ne-propustite-ikea-family-radionicu\\\/\"]}]},{\"@type\":\"ImageObject\",\"inLanguage\":\"hr-HR\",\"@id\":\"https:\\\/\\\/citycenterone.hr\\\/split\\\/arhiva\\\/ne-propustite-ikea-family-radionicu\\\/#primaryimage\",\"url\":\"https:\\\/\\\/citycenterone.hr\\\/split\\\/wp-content\\\/uploads\\\/sites\\\/4\\\/2022\\\/03\\\/125176541_1527105334163954_2255803034086826718_n.jpg\",\"contentUrl\":\"https:\\\/\\\/citycenterone.hr\\\/split\\\/wp-content\\\/uploads\\\/sites\\\/4\\\/2022\\\/03\\\/125176541_1527105334163954_2255803034086826718_n.jpg\",\"width\":1600,\"height\":703},{\"@type\":\"BreadcrumbList\",\"@id\":\"https:\\\/\\\/citycenterone.hr\\\/split\\\/arhiva\\\/ne-propustite-ikea-family-radionicu\\\/#breadcrumb\",\"itemListElement\":[{\"@type\":\"ListItem\",\"position\":1,\"name\":\"Home\",\"item\":\"https:\\\/\\\/citycenterone.hr\\\/split\\\/\"},{\"@type\":\"ListItem\",\"position\":2,\"name\":\"Ne propustite IKEA Family radionicu &#8211; Zimski vijenac\"}]},{\"@type\":\"WebSite\",\"@id\":\"https:\\\/\\\/citycenterone.hr\\\/split\\\/#website\",\"url\":\"https:\\\/\\\/citycenterone.hr\\\/split\\\/\",\"name\":\"Split\",\"description\":\"Just another City Center One site\",\"potentialAction\":[{\"@type\":\"SearchAction\",\"target\":{\"@type\":\"EntryPoint\",\"urlTemplate\":\"https:\\\/\\\/citycenterone.hr\\\/split\\\/?s={search_term_string}\"},\"query-input\":{\"@type\":\"PropertyValueSpecification\",\"valueRequired\":true,\"valueName\":\"search_term_string\"}}],\"inLanguage\":\"hr-HR\"},{\"@type\":\"Person\",\"@id\":\"https:\\\/\\\/citycenterone.hr\\\/split\\\/#\\\/schema\\\/person\\\/57af18176d926108515bf539d3cf142c\",\"name\":\"buljan\",\"image\":{\"@type\":\"ImageObject\",\"inLanguage\":\"hr-HR\",\"@id\":\"https:\\\/\\\/secure.gravatar.com\\\/avatar\\\/3c4aa92635fd07585fc7212c4647f42402b776991423f114c94ea2e4ed6bb5b9?s=96&d=mm&r=g\",\"url\":\"https:\\\/\\\/secure.gravatar.com\\\/avatar\\\/3c4aa92635fd07585fc7212c4647f42402b776991423f114c94ea2e4ed6bb5b9?s=96&d=mm&r=g\",\"contentUrl\":\"https:\\\/\\\/secure.gravatar.com\\\/avatar\\\/3c4aa92635fd07585fc7212c4647f42402b776991423f114c94ea2e4ed6bb5b9?s=96&d=mm&r=g\",\"caption\":\"buljan\"},\"url\":\"https:\\\/\\\/citycenterone.hr\\\/split\\\/author\\\/buljan\\\/\"}]}<\/script>\n<!-- \/ Yoast SEO plugin. -->","yoast_head_json":{"title":"Ne propustite IKEA Family radionicu - Zimski vijenac - Split","robots":{"index":"index","follow":"follow","max-snippet":"max-snippet:-1","max-image-preview":"max-image-preview:large","max-video-preview":"max-video-preview:-1"},"canonical":"https:\/\/citycenterone.hr\/split\/arhiva\/ne-propustite-ikea-family-radionicu\/","og_locale":"hr_HR","og_type":"article","og_title":"Ne propustite IKEA Family radionicu - Zimski vijenac - Split","og_description":"Pridru\u017eite nam se u IKEA Studiju za planiranje te izradite \u010daroban bo\u017ei\u0107ni vjen\u010di\u0107.","og_url":"https:\/\/citycenterone.hr\/split\/arhiva\/ne-propustite-ikea-family-radionicu\/","og_site_name":"Split","article_published_time":"2022-03-01T12:04:09+00:00","article_modified_time":"2023-01-12T14:46:12+00:00","og_image":[{"width":1600,"height":703,"url":"https:\/\/citycenterone.hr\/split\/wp-content\/uploads\/sites\/4\/2022\/03\/125176541_1527105334163954_2255803034086826718_n.jpg","type":"image\/jpeg"}],"author":"buljan","twitter_card":"summary_large_image","twitter_misc":{"Written by":"buljan","Est. reading time":"1 minute"},"schema":{"@context":"https:\/\/schema.org","@graph":[{"@type":"Article","@id":"https:\/\/citycenterone.hr\/split\/arhiva\/ne-propustite-ikea-family-radionicu\/#article","isPartOf":{"@id":"https:\/\/citycenterone.hr\/split\/arhiva\/ne-propustite-ikea-family-radionicu\/"},"author":{"name":"buljan","@id":"https:\/\/citycenterone.hr\/split\/#\/schema\/person\/57af18176d926108515bf539d3cf142c"},"headline":"Ne propustite IKEA Family radionicu &#8211; Zimski vijenac","datePublished":"2022-03-01T12:04:09+00:00","dateModified":"2023-01-12T14:46:12+00:00","mainEntityOfPage":{"@id":"https:\/\/citycenterone.hr\/split\/arhiva\/ne-propustite-ikea-family-radionicu\/"},"wordCount":84,"commentCount":0,"image":{"@id":"https:\/\/citycenterone.hr\/split\/arhiva\/ne-propustite-ikea-family-radionicu\/#primaryimage"},"thumbnailUrl":"https:\/\/citycenterone.hr\/split\/wp-content\/uploads\/sites\/4\/2022\/03\/125176541_1527105334163954_2255803034086826718_n.jpg","articleSection":["Arhiva"],"inLanguage":"hr-HR","potentialAction":[{"@type":"CommentAction","name":"Comment","target":["https:\/\/citycenterone.hr\/split\/arhiva\/ne-propustite-ikea-family-radionicu\/#respond"]}]},{"@type":"WebPage","@id":"https:\/\/citycenterone.hr\/split\/arhiva\/ne-propustite-ikea-family-radionicu\/","url":"https:\/\/citycenterone.hr\/split\/arhiva\/ne-propustite-ikea-family-radionicu\/","name":"Ne propustite IKEA Family radionicu - Zimski vijenac - Split","isPartOf":{"@id":"https:\/\/citycenterone.hr\/split\/#website"},"primaryImageOfPage":{"@id":"https:\/\/citycenterone.hr\/split\/arhiva\/ne-propustite-ikea-family-radionicu\/#primaryimage"},"image":{"@id":"https:\/\/citycenterone.hr\/split\/arhiva\/ne-propustite-ikea-family-radionicu\/#primaryimage"},"thumbnailUrl":"https:\/\/citycenterone.hr\/split\/wp-content\/uploads\/sites\/4\/2022\/03\/125176541_1527105334163954_2255803034086826718_n.jpg","datePublished":"2022-03-01T12:04:09+00:00","dateModified":"2023-01-12T14:46:12+00:00","author":{"@id":"https:\/\/citycenterone.hr\/split\/#\/schema\/person\/57af18176d926108515bf539d3cf142c"},"breadcrumb":{"@id":"https:\/\/citycenterone.hr\/split\/arhiva\/ne-propustite-ikea-family-radionicu\/#breadcrumb"},"inLanguage":"hr-HR","potentialAction":[{"@type":"ReadAction","target":["https:\/\/citycenterone.hr\/split\/arhiva\/ne-propustite-ikea-family-radionicu\/"]}]},{"@type":"ImageObject","inLanguage":"hr-HR","@id":"https:\/\/citycenterone.hr\/split\/arhiva\/ne-propustite-ikea-family-radionicu\/#primaryimage","url":"https:\/\/citycenterone.hr\/split\/wp-content\/uploads\/sites\/4\/2022\/03\/125176541_1527105334163954_2255803034086826718_n.jpg","contentUrl":"https:\/\/citycenterone.hr\/split\/wp-content\/uploads\/sites\/4\/2022\/03\/125176541_1527105334163954_2255803034086826718_n.jpg","width":1600,"height":703},{"@type":"BreadcrumbList","@id":"https:\/\/citycenterone.hr\/split\/arhiva\/ne-propustite-ikea-family-radionicu\/#breadcrumb","itemListElement":[{"@type":"ListItem","position":1,"name":"Home","item":"https:\/\/citycenterone.hr\/split\/"},{"@type":"ListItem","position":2,"name":"Ne propustite IKEA Family radionicu &#8211; Zimski vijenac"}]},{"@type":"WebSite","@id":"https:\/\/citycenterone.hr\/split\/#website","url":"https:\/\/citycenterone.hr\/split\/","name":"Split","description":"Just another City Center One site","potentialAction":[{"@type":"SearchAction","target":{"@type":"EntryPoint","urlTemplate":"https:\/\/citycenterone.hr\/split\/?s={search_term_string}"},"query-input":{"@type":"PropertyValueSpecification","valueRequired":true,"valueName":"search_term_string"}}],"inLanguage":"hr-HR"},{"@type":"Person","@id":"https:\/\/citycenterone.hr\/split\/#\/schema\/person\/57af18176d926108515bf539d3cf142c","name":"buljan","image":{"@type":"ImageObject","inLanguage":"hr-HR","@id":"https:\/\/secure.gravatar.com\/avatar\/3c4aa92635fd07585fc7212c4647f42402b776991423f114c94ea2e4ed6bb5b9?s=96&d=mm&r=g","url":"https:\/\/secure.gravatar.com\/avatar\/3c4aa92635fd07585fc7212c4647f42402b776991423f114c94ea2e4ed6bb5b9?s=96&d=mm&r=g","contentUrl":"https:\/\/secure.gravatar.com\/avatar\/3c4aa92635fd07585fc7212c4647f42402b776991423f114c94ea2e4ed6bb5b9?s=96&d=mm&r=g","caption":"buljan"},"url":"https:\/\/citycenterone.hr\/split\/author\/buljan\/"}]}},"_links":{"self":[{"href":"https:\/\/citycenterone.hr\/split\/wp-json\/wp\/v2\/posts\/47822","targetHints":{"allow":["GET"]}}],"collection":[{"href":"https:\/\/citycenterone.hr\/split\/wp-json\/wp\/v2\/posts"}],"about":[{"href":"https:\/\/citycenterone.hr\/split\/wp-json\/wp\/v2\/types\/post"}],"author":[{"embeddable":true,"href":"https:\/\/citycenterone.hr\/split\/wp-json\/wp\/v2\/users\/28"}],"replies":[{"embeddable":true,"href":"https:\/\/citycenterone.hr\/split\/wp-json\/wp\/v2\/comments?post=47822"}],"version-history":[{"count":3,"href":"https:\/\/citycenterone.hr\/split\/wp-json\/wp\/v2\/posts\/47822\/revisions"}],"predecessor-version":[{"id":53024,"href":"https:\/\/citycenterone.hr\/split\/wp-json\/wp\/v2\/posts\/47822\/revisions\/53024"}],"wp:featuredmedia":[{"embeddable":true,"href":"https:\/\/citycenterone.hr\/split\/wp-json\/wp\/v2\/media\/53025"}],"wp:attachment":[{"href":"https:\/\/citycenterone.hr\/split\/wp-json\/wp\/v2\/media?parent=47822"}],"wp:term":[{"taxonomy":"category","embeddable":true,"href":"https:\/\/citycenterone.hr\/split\/wp-json\/wp\/v2\/categories?post=47822"},{"taxonomy":"post_tag","embeddable":true,"href":"https:\/\/citycenterone.hr\/split\/wp-json\/wp\/v2\/tags?post=47822"}],"curies":[{"name":"wp","href":"https:\/\/api.w.org\/{rel}","templated":true}]}}