{"id":51748,"date":"2022-09-14T12:01:14","date_gmt":"2022-09-14T12:01:14","guid":{"rendered":"https:\/\/citycenterone.hr\/split\/?p=51748"},"modified":"2023-01-12T14:47:50","modified_gmt":"2023-01-12T14:47:50","slug":"nova-kolekcija-jesen-zima-u-hm-trgovini","status":"publish","type":"post","link":"https:\/\/citycenterone.hr\/split\/arhiva\/nova-kolekcija-jesen-zima-u-hm-trgovini\/","title":{"rendered":"NOVA KOLEKCIJA JESEN\/ZIMA U H&#038;M TRGOVINI"},"content":{"rendered":"<p>Brasserie Hennes izmi\u0161ljena je modna destinacija koja sa\u017eima pari\u0161ku kultnu brasserie kulturu. Svi su pozvani da sjednu na otvorenom i gledaju izniman stil kako defilira ulicama. Ovdje je moda za sve i sva\u0161ta se mo\u017ee dogoditi. Naomi Campbell glumi pari\u0161ku modnu insajdericu, kojoj se u Brasserie Hennes pridru\u017euje radoznala turistkinja, manekenka Jill Kortleve, koja je upravo sletjela u modnu prijestolnicu. S kavom u ruci, Campbell i Kortleve gledaju kako gluma\u010dke kolege, kreatorski par Young Emperors, model Jordan Barrett, model Paloma Elsesser i blizanke influencerice Molly i Reese Blutstein, kora\u010daju kamenim ulicama.<\/p>\n<p>Kolekcija jesen\/zima utjelovljenje je pari\u0161kog stila; klasi\u010dan i samouvjeren. Zvijezde kolekcije su mini suknje, o\u0161tri kaputi i \u010dizme (od western do koljena) u toplim tonovima naran\u010daste, crvene i bordo boje harmoniziraju s kariranim stajlingom, a osobnost blista kroz kolekciju sa svjetlucavim dodacima, torbama u makro tote stilu i debelim, izra\u017eajnim pletivom.<\/p>\n<p>Dobro do\u0161li u Brasserie Hennes: fantasti\u010dno mjesto fikcije, gdje na\u0161a kolekcija jesen\/zima blista. Odu\u0161evljeni smo \u0161to mo\u017eemo donijeti \u010dudo Pariza u H&amp;M \u2013 Ann-Sofie Johansson, kreativna savjetnica, H&amp;M.<\/p>\n<p><img loading=\"lazy\" decoding=\"async\" class=\"wp-image-51749 aligncenter\" src=\"https:\/\/citycenterone.hr\/split\/wp-content\/uploads\/sites\/4\/2022\/09\/HM-Fall-Fashion-2.jpg\" alt=\"\" width=\"798\" height=\"564\" srcset=\"https:\/\/citycenterone.hr\/split\/wp-content\/uploads\/sites\/4\/2022\/09\/HM-Fall-Fashion-2.jpg 842w, https:\/\/citycenterone.hr\/split\/wp-content\/uploads\/sites\/4\/2022\/09\/HM-Fall-Fashion-2-768x543.jpg 768w\" sizes=\"auto, (max-width: 798px) 100vw, 798px\" \/><\/p>\n<p><img loading=\"lazy\" decoding=\"async\" class=\"wp-image-51751 aligncenter\" src=\"https:\/\/citycenterone.hr\/split\/wp-content\/uploads\/sites\/4\/2022\/09\/HM-Fall-Fashion-3.jpg\" alt=\"\" width=\"795\" height=\"562\" srcset=\"https:\/\/citycenterone.hr\/split\/wp-content\/uploads\/sites\/4\/2022\/09\/HM-Fall-Fashion-3.jpg 842w, https:\/\/citycenterone.hr\/split\/wp-content\/uploads\/sites\/4\/2022\/09\/HM-Fall-Fashion-3-768x543.jpg 768w\" sizes=\"auto, (max-width: 795px) 100vw, 795px\" \/><\/p>\n","protected":false},"excerpt":{"rendered":"<p>Naomi Campbell glumi u H&#038;M-ovoj jesenskoj kampanji inspiriranoj Parizom.<\/p>\n","protected":false},"author":28,"featured_media":51753,"comment_status":"open","ping_status":"open","sticky":false,"template":"","format":"standard","meta":{"_acf_changed":false,"footnotes":""},"categories":[10],"tags":[],"class_list":["post-51748","post","type-post","status-publish","format-standard","has-post-thumbnail","hentry","category-arhiva"],"acf":[],"yoast_head":"<!-- This site is optimized with the Yoast SEO plugin v27.4 - https:\/\/yoast.com\/product\/yoast-seo-wordpress\/ -->\n<title>NOVA KOLEKCIJA JESEN\/ZIMA U H&amp;M TRGOVINI - Split<\/title>\n<meta name=\"robots\" content=\"index, follow, max-snippet:-1, max-image-preview:large, max-video-preview:-1\" \/>\n<link rel=\"canonical\" href=\"https:\/\/citycenterone.hr\/split\/arhiva\/nova-kolekcija-jesen-zima-u-hm-trgovini\/\" \/>\n<meta property=\"og:locale\" content=\"hr_HR\" \/>\n<meta property=\"og:type\" content=\"article\" \/>\n<meta property=\"og:title\" content=\"NOVA KOLEKCIJA JESEN\/ZIMA U H&amp;M TRGOVINI - Split\" \/>\n<meta property=\"og:description\" content=\"Naomi Campbell glumi u H&amp;M-ovoj jesenskoj kampanji inspiriranoj Parizom.\" \/>\n<meta property=\"og:url\" content=\"https:\/\/citycenterone.hr\/split\/arhiva\/nova-kolekcija-jesen-zima-u-hm-trgovini\/\" \/>\n<meta property=\"og:site_name\" content=\"Split\" \/>\n<meta property=\"article:published_time\" content=\"2022-09-14T12:01:14+00:00\" \/>\n<meta property=\"article:modified_time\" content=\"2023-01-12T14:47:50+00:00\" \/>\n<meta property=\"og:image\" content=\"https:\/\/citycenterone.hr\/split\/wp-content\/uploads\/sites\/4\/2022\/09\/HM-Fall-Fashion.jpg\" \/>\n\t<meta property=\"og:image:width\" content=\"842\" \/>\n\t<meta property=\"og:image:height\" content=\"595\" \/>\n\t<meta property=\"og:image:type\" content=\"image\/jpeg\" \/>\n<meta name=\"author\" content=\"buljan\" \/>\n<meta name=\"twitter:card\" content=\"summary_large_image\" \/>\n<meta name=\"twitter:label1\" content=\"Written by\" \/>\n\t<meta name=\"twitter:data1\" content=\"buljan\" \/>\n\t<meta name=\"twitter:label2\" content=\"Est. reading time\" \/>\n\t<meta name=\"twitter:data2\" content=\"2 minutes\" \/>\n<script type=\"application\/ld+json\" class=\"yoast-schema-graph\">{\"@context\":\"https:\\\/\\\/schema.org\",\"@graph\":[{\"@type\":\"Article\",\"@id\":\"https:\\\/\\\/citycenterone.hr\\\/split\\\/arhiva\\\/nova-kolekcija-jesen-zima-u-hm-trgovini\\\/#article\",\"isPartOf\":{\"@id\":\"https:\\\/\\\/citycenterone.hr\\\/split\\\/arhiva\\\/nova-kolekcija-jesen-zima-u-hm-trgovini\\\/\"},\"author\":{\"name\":\"buljan\",\"@id\":\"https:\\\/\\\/citycenterone.hr\\\/split\\\/#\\\/schema\\\/person\\\/57af18176d926108515bf539d3cf142c\"},\"headline\":\"NOVA KOLEKCIJA JESEN\\\/ZIMA U H&#038;M TRGOVINI\",\"datePublished\":\"2022-09-14T12:01:14+00:00\",\"dateModified\":\"2023-01-12T14:47:50+00:00\",\"mainEntityOfPage\":{\"@id\":\"https:\\\/\\\/citycenterone.hr\\\/split\\\/arhiva\\\/nova-kolekcija-jesen-zima-u-hm-trgovini\\\/\"},\"wordCount\":202,\"commentCount\":0,\"image\":{\"@id\":\"https:\\\/\\\/citycenterone.hr\\\/split\\\/arhiva\\\/nova-kolekcija-jesen-zima-u-hm-trgovini\\\/#primaryimage\"},\"thumbnailUrl\":\"https:\\\/\\\/citycenterone.hr\\\/split\\\/wp-content\\\/uploads\\\/sites\\\/4\\\/2022\\\/09\\\/HM-Fall-Fashion.jpg\",\"articleSection\":[\"Arhiva\"],\"inLanguage\":\"hr-HR\",\"potentialAction\":[{\"@type\":\"CommentAction\",\"name\":\"Comment\",\"target\":[\"https:\\\/\\\/citycenterone.hr\\\/split\\\/arhiva\\\/nova-kolekcija-jesen-zima-u-hm-trgovini\\\/#respond\"]}]},{\"@type\":\"WebPage\",\"@id\":\"https:\\\/\\\/citycenterone.hr\\\/split\\\/arhiva\\\/nova-kolekcija-jesen-zima-u-hm-trgovini\\\/\",\"url\":\"https:\\\/\\\/citycenterone.hr\\\/split\\\/arhiva\\\/nova-kolekcija-jesen-zima-u-hm-trgovini\\\/\",\"name\":\"NOVA KOLEKCIJA JESEN\\\/ZIMA U H&M TRGOVINI - Split\",\"isPartOf\":{\"@id\":\"https:\\\/\\\/citycenterone.hr\\\/split\\\/#website\"},\"primaryImageOfPage\":{\"@id\":\"https:\\\/\\\/citycenterone.hr\\\/split\\\/arhiva\\\/nova-kolekcija-jesen-zima-u-hm-trgovini\\\/#primaryimage\"},\"image\":{\"@id\":\"https:\\\/\\\/citycenterone.hr\\\/split\\\/arhiva\\\/nova-kolekcija-jesen-zima-u-hm-trgovini\\\/#primaryimage\"},\"thumbnailUrl\":\"https:\\\/\\\/citycenterone.hr\\\/split\\\/wp-content\\\/uploads\\\/sites\\\/4\\\/2022\\\/09\\\/HM-Fall-Fashion.jpg\",\"datePublished\":\"2022-09-14T12:01:14+00:00\",\"dateModified\":\"2023-01-12T14:47:50+00:00\",\"author\":{\"@id\":\"https:\\\/\\\/citycenterone.hr\\\/split\\\/#\\\/schema\\\/person\\\/57af18176d926108515bf539d3cf142c\"},\"breadcrumb\":{\"@id\":\"https:\\\/\\\/citycenterone.hr\\\/split\\\/arhiva\\\/nova-kolekcija-jesen-zima-u-hm-trgovini\\\/#breadcrumb\"},\"inLanguage\":\"hr-HR\",\"potentialAction\":[{\"@type\":\"ReadAction\",\"target\":[\"https:\\\/\\\/citycenterone.hr\\\/split\\\/arhiva\\\/nova-kolekcija-jesen-zima-u-hm-trgovini\\\/\"]}]},{\"@type\":\"ImageObject\",\"inLanguage\":\"hr-HR\",\"@id\":\"https:\\\/\\\/citycenterone.hr\\\/split\\\/arhiva\\\/nova-kolekcija-jesen-zima-u-hm-trgovini\\\/#primaryimage\",\"url\":\"https:\\\/\\\/citycenterone.hr\\\/split\\\/wp-content\\\/uploads\\\/sites\\\/4\\\/2022\\\/09\\\/HM-Fall-Fashion.jpg\",\"contentUrl\":\"https:\\\/\\\/citycenterone.hr\\\/split\\\/wp-content\\\/uploads\\\/sites\\\/4\\\/2022\\\/09\\\/HM-Fall-Fashion.jpg\",\"width\":842,\"height\":595},{\"@type\":\"BreadcrumbList\",\"@id\":\"https:\\\/\\\/citycenterone.hr\\\/split\\\/arhiva\\\/nova-kolekcija-jesen-zima-u-hm-trgovini\\\/#breadcrumb\",\"itemListElement\":[{\"@type\":\"ListItem\",\"position\":1,\"name\":\"Home\",\"item\":\"https:\\\/\\\/citycenterone.hr\\\/split\\\/\"},{\"@type\":\"ListItem\",\"position\":2,\"name\":\"NOVA KOLEKCIJA JESEN\\\/ZIMA U H&#038;M TRGOVINI\"}]},{\"@type\":\"WebSite\",\"@id\":\"https:\\\/\\\/citycenterone.hr\\\/split\\\/#website\",\"url\":\"https:\\\/\\\/citycenterone.hr\\\/split\\\/\",\"name\":\"Split\",\"description\":\"Just another City Center One site\",\"potentialAction\":[{\"@type\":\"SearchAction\",\"target\":{\"@type\":\"EntryPoint\",\"urlTemplate\":\"https:\\\/\\\/citycenterone.hr\\\/split\\\/?s={search_term_string}\"},\"query-input\":{\"@type\":\"PropertyValueSpecification\",\"valueRequired\":true,\"valueName\":\"search_term_string\"}}],\"inLanguage\":\"hr-HR\"},{\"@type\":\"Person\",\"@id\":\"https:\\\/\\\/citycenterone.hr\\\/split\\\/#\\\/schema\\\/person\\\/57af18176d926108515bf539d3cf142c\",\"name\":\"buljan\",\"image\":{\"@type\":\"ImageObject\",\"inLanguage\":\"hr-HR\",\"@id\":\"https:\\\/\\\/secure.gravatar.com\\\/avatar\\\/3c4aa92635fd07585fc7212c4647f42402b776991423f114c94ea2e4ed6bb5b9?s=96&d=mm&r=g\",\"url\":\"https:\\\/\\\/secure.gravatar.com\\\/avatar\\\/3c4aa92635fd07585fc7212c4647f42402b776991423f114c94ea2e4ed6bb5b9?s=96&d=mm&r=g\",\"contentUrl\":\"https:\\\/\\\/secure.gravatar.com\\\/avatar\\\/3c4aa92635fd07585fc7212c4647f42402b776991423f114c94ea2e4ed6bb5b9?s=96&d=mm&r=g\",\"caption\":\"buljan\"},\"url\":\"https:\\\/\\\/citycenterone.hr\\\/split\\\/author\\\/buljan\\\/\"}]}<\/script>\n<!-- \/ Yoast SEO plugin. -->","yoast_head_json":{"title":"NOVA KOLEKCIJA JESEN\/ZIMA U H&M TRGOVINI - Split","robots":{"index":"index","follow":"follow","max-snippet":"max-snippet:-1","max-image-preview":"max-image-preview:large","max-video-preview":"max-video-preview:-1"},"canonical":"https:\/\/citycenterone.hr\/split\/arhiva\/nova-kolekcija-jesen-zima-u-hm-trgovini\/","og_locale":"hr_HR","og_type":"article","og_title":"NOVA KOLEKCIJA JESEN\/ZIMA U H&M TRGOVINI - Split","og_description":"Naomi Campbell glumi u H&M-ovoj jesenskoj kampanji inspiriranoj Parizom.","og_url":"https:\/\/citycenterone.hr\/split\/arhiva\/nova-kolekcija-jesen-zima-u-hm-trgovini\/","og_site_name":"Split","article_published_time":"2022-09-14T12:01:14+00:00","article_modified_time":"2023-01-12T14:47:50+00:00","og_image":[{"width":842,"height":595,"url":"https:\/\/citycenterone.hr\/split\/wp-content\/uploads\/sites\/4\/2022\/09\/HM-Fall-Fashion.jpg","type":"image\/jpeg"}],"author":"buljan","twitter_card":"summary_large_image","twitter_misc":{"Written by":"buljan","Est. reading time":"2 minutes"},"schema":{"@context":"https:\/\/schema.org","@graph":[{"@type":"Article","@id":"https:\/\/citycenterone.hr\/split\/arhiva\/nova-kolekcija-jesen-zima-u-hm-trgovini\/#article","isPartOf":{"@id":"https:\/\/citycenterone.hr\/split\/arhiva\/nova-kolekcija-jesen-zima-u-hm-trgovini\/"},"author":{"name":"buljan","@id":"https:\/\/citycenterone.hr\/split\/#\/schema\/person\/57af18176d926108515bf539d3cf142c"},"headline":"NOVA KOLEKCIJA JESEN\/ZIMA U H&#038;M TRGOVINI","datePublished":"2022-09-14T12:01:14+00:00","dateModified":"2023-01-12T14:47:50+00:00","mainEntityOfPage":{"@id":"https:\/\/citycenterone.hr\/split\/arhiva\/nova-kolekcija-jesen-zima-u-hm-trgovini\/"},"wordCount":202,"commentCount":0,"image":{"@id":"https:\/\/citycenterone.hr\/split\/arhiva\/nova-kolekcija-jesen-zima-u-hm-trgovini\/#primaryimage"},"thumbnailUrl":"https:\/\/citycenterone.hr\/split\/wp-content\/uploads\/sites\/4\/2022\/09\/HM-Fall-Fashion.jpg","articleSection":["Arhiva"],"inLanguage":"hr-HR","potentialAction":[{"@type":"CommentAction","name":"Comment","target":["https:\/\/citycenterone.hr\/split\/arhiva\/nova-kolekcija-jesen-zima-u-hm-trgovini\/#respond"]}]},{"@type":"WebPage","@id":"https:\/\/citycenterone.hr\/split\/arhiva\/nova-kolekcija-jesen-zima-u-hm-trgovini\/","url":"https:\/\/citycenterone.hr\/split\/arhiva\/nova-kolekcija-jesen-zima-u-hm-trgovini\/","name":"NOVA KOLEKCIJA JESEN\/ZIMA U H&M TRGOVINI - Split","isPartOf":{"@id":"https:\/\/citycenterone.hr\/split\/#website"},"primaryImageOfPage":{"@id":"https:\/\/citycenterone.hr\/split\/arhiva\/nova-kolekcija-jesen-zima-u-hm-trgovini\/#primaryimage"},"image":{"@id":"https:\/\/citycenterone.hr\/split\/arhiva\/nova-kolekcija-jesen-zima-u-hm-trgovini\/#primaryimage"},"thumbnailUrl":"https:\/\/citycenterone.hr\/split\/wp-content\/uploads\/sites\/4\/2022\/09\/HM-Fall-Fashion.jpg","datePublished":"2022-09-14T12:01:14+00:00","dateModified":"2023-01-12T14:47:50+00:00","author":{"@id":"https:\/\/citycenterone.hr\/split\/#\/schema\/person\/57af18176d926108515bf539d3cf142c"},"breadcrumb":{"@id":"https:\/\/citycenterone.hr\/split\/arhiva\/nova-kolekcija-jesen-zima-u-hm-trgovini\/#breadcrumb"},"inLanguage":"hr-HR","potentialAction":[{"@type":"ReadAction","target":["https:\/\/citycenterone.hr\/split\/arhiva\/nova-kolekcija-jesen-zima-u-hm-trgovini\/"]}]},{"@type":"ImageObject","inLanguage":"hr-HR","@id":"https:\/\/citycenterone.hr\/split\/arhiva\/nova-kolekcija-jesen-zima-u-hm-trgovini\/#primaryimage","url":"https:\/\/citycenterone.hr\/split\/wp-content\/uploads\/sites\/4\/2022\/09\/HM-Fall-Fashion.jpg","contentUrl":"https:\/\/citycenterone.hr\/split\/wp-content\/uploads\/sites\/4\/2022\/09\/HM-Fall-Fashion.jpg","width":842,"height":595},{"@type":"BreadcrumbList","@id":"https:\/\/citycenterone.hr\/split\/arhiva\/nova-kolekcija-jesen-zima-u-hm-trgovini\/#breadcrumb","itemListElement":[{"@type":"ListItem","position":1,"name":"Home","item":"https:\/\/citycenterone.hr\/split\/"},{"@type":"ListItem","position":2,"name":"NOVA KOLEKCIJA JESEN\/ZIMA U H&#038;M TRGOVINI"}]},{"@type":"WebSite","@id":"https:\/\/citycenterone.hr\/split\/#website","url":"https:\/\/citycenterone.hr\/split\/","name":"Split","description":"Just another City Center One site","potentialAction":[{"@type":"SearchAction","target":{"@type":"EntryPoint","urlTemplate":"https:\/\/citycenterone.hr\/split\/?s={search_term_string}"},"query-input":{"@type":"PropertyValueSpecification","valueRequired":true,"valueName":"search_term_string"}}],"inLanguage":"hr-HR"},{"@type":"Person","@id":"https:\/\/citycenterone.hr\/split\/#\/schema\/person\/57af18176d926108515bf539d3cf142c","name":"buljan","image":{"@type":"ImageObject","inLanguage":"hr-HR","@id":"https:\/\/secure.gravatar.com\/avatar\/3c4aa92635fd07585fc7212c4647f42402b776991423f114c94ea2e4ed6bb5b9?s=96&d=mm&r=g","url":"https:\/\/secure.gravatar.com\/avatar\/3c4aa92635fd07585fc7212c4647f42402b776991423f114c94ea2e4ed6bb5b9?s=96&d=mm&r=g","contentUrl":"https:\/\/secure.gravatar.com\/avatar\/3c4aa92635fd07585fc7212c4647f42402b776991423f114c94ea2e4ed6bb5b9?s=96&d=mm&r=g","caption":"buljan"},"url":"https:\/\/citycenterone.hr\/split\/author\/buljan\/"}]}},"_links":{"self":[{"href":"https:\/\/citycenterone.hr\/split\/wp-json\/wp\/v2\/posts\/51748","targetHints":{"allow":["GET"]}}],"collection":[{"href":"https:\/\/citycenterone.hr\/split\/wp-json\/wp\/v2\/posts"}],"about":[{"href":"https:\/\/citycenterone.hr\/split\/wp-json\/wp\/v2\/types\/post"}],"author":[{"embeddable":true,"href":"https:\/\/citycenterone.hr\/split\/wp-json\/wp\/v2\/users\/28"}],"replies":[{"embeddable":true,"href":"https:\/\/citycenterone.hr\/split\/wp-json\/wp\/v2\/comments?post=51748"}],"version-history":[{"count":1,"href":"https:\/\/citycenterone.hr\/split\/wp-json\/wp\/v2\/posts\/51748\/revisions"}],"predecessor-version":[{"id":51755,"href":"https:\/\/citycenterone.hr\/split\/wp-json\/wp\/v2\/posts\/51748\/revisions\/51755"}],"wp:featuredmedia":[{"embeddable":true,"href":"https:\/\/citycenterone.hr\/split\/wp-json\/wp\/v2\/media\/51753"}],"wp:attachment":[{"href":"https:\/\/citycenterone.hr\/split\/wp-json\/wp\/v2\/media?parent=51748"}],"wp:term":[{"taxonomy":"category","embeddable":true,"href":"https:\/\/citycenterone.hr\/split\/wp-json\/wp\/v2\/categories?post=51748"},{"taxonomy":"post_tag","embeddable":true,"href":"https:\/\/citycenterone.hr\/split\/wp-json\/wp\/v2\/tags?post=51748"}],"curies":[{"name":"wp","href":"https:\/\/api.w.org\/{rel}","templated":true}]}}