{"id":53966,"date":"2023-02-09T11:01:01","date_gmt":"2023-02-09T11:01:01","guid":{"rendered":"https:\/\/citycenterone.hr\/split\/?p=53966"},"modified":"2023-02-20T10:06:47","modified_gmt":"2023-02-20T10:06:47","slug":"najsareniji-karneval-u-gradu","status":"publish","type":"post","link":"https:\/\/citycenterone.hr\/split\/arhiva\/najsareniji-karneval-u-gradu\/","title":{"rendered":"NAJ\u0160ARENIJI KARNEVAL U GRADU"},"content":{"rendered":"<p>U subotu,\u00a0<strong>18. velja\u010de<\/strong>, od 11 do 19 sati, City Center one se pretvara u mjesto okupljanja najboljih maski i stvaranja veselih uspomena.<\/p>\n<p>Karnevalski facepainting, prigodne ma\u0161tovite frizure i \u0161minkanje \u0107e odu\u0161evljavati djecu i pretvarati ih u njihove omiljene likove. Uz to, mo\u0107i \u0107e sudjelovati u radionici izrade maski te tako vlastitim ru\u010dicama izraditi masku koju \u0107e s rado\u0161\u0107u nositi. A mali\u0161ani \u0107e i dodatno zasladiti nezaboravno dru\u017eenje \u2013 o\u010dekuju ih nezaobilazne slasne Tobilade.<\/p>\n<p>Sve mali\u0161ane koji do\u0111u zamaskirani o\u010dekuje iznena\u0111enje \u2013 imaju priliku osvojiti\u00a0<strong>poklon bon City Centera one<\/strong>\u00a0u iznosu od\u00a0<strong>60 eura<\/strong>\u00a0te druge odli\u010dne nagrade. Nagra\u0111ujemo najma\u0161tovitije maskiranu djecu, stoga pomozite najmla\u0111ima pri odabiru maske jer nagrada mo\u017eda ode upravo u va\u0161e ruke.<\/p>\n<p>Pravila Kreativnog natje\u010daja pogledajte\u00a0<a href=\"https:\/\/www.kidsjungle.hr\/wp-content\/uploads\/2023\/02\/Pravila_Karneval-party-ZG-sve-zajedno-web.pdf\" target=\"_blank\" rel=\"noopener\">ovdje.<\/a><\/p>\n<p>Neka ovaj karneval za va\u0161e najmla\u0111e bude karneval za pam\u0107enje. Vidimo se!<\/p>\n","protected":false},"excerpt":{"rendered":"<p>Kreativne aktivnosti, odli\u010dna zabava i pregr\u0161t osmijeha o\u010dekuje va\u0161e male princeze, superheroje ili likove iz crti\u0107a na naj\u0161arenijem karnevalu za cijelu obitelj.<\/p>\n","protected":false},"author":28,"featured_media":53967,"comment_status":"open","ping_status":"open","sticky":false,"template":"","format":"standard","meta":{"_acf_changed":false,"footnotes":""},"categories":[10],"tags":[],"class_list":["post-53966","post","type-post","status-publish","format-standard","has-post-thumbnail","hentry","category-arhiva"],"acf":[],"yoast_head":"<!-- This site is optimized with the Yoast SEO plugin v27.4 - https:\/\/yoast.com\/product\/yoast-seo-wordpress\/ -->\n<title>NAJ\u0160ARENIJI KARNEVAL U GRADU - Split<\/title>\n<meta name=\"robots\" content=\"index, follow, max-snippet:-1, max-image-preview:large, max-video-preview:-1\" \/>\n<link rel=\"canonical\" href=\"https:\/\/citycenterone.hr\/split\/arhiva\/najsareniji-karneval-u-gradu\/\" \/>\n<meta property=\"og:locale\" content=\"hr_HR\" \/>\n<meta property=\"og:type\" content=\"article\" \/>\n<meta property=\"og:title\" content=\"NAJ\u0160ARENIJI KARNEVAL U GRADU - Split\" \/>\n<meta property=\"og:description\" content=\"Kreativne aktivnosti, odli\u010dna zabava i pregr\u0161t osmijeha o\u010dekuje va\u0161e male princeze, superheroje ili likove iz crti\u0107a na naj\u0161arenijem karnevalu za cijelu obitelj.\" \/>\n<meta property=\"og:url\" content=\"https:\/\/citycenterone.hr\/split\/arhiva\/najsareniji-karneval-u-gradu\/\" \/>\n<meta property=\"og:site_name\" content=\"Split\" \/>\n<meta property=\"article:published_time\" content=\"2023-02-09T11:01:01+00:00\" \/>\n<meta property=\"article:modified_time\" content=\"2023-02-20T10:06:47+00:00\" \/>\n<meta property=\"og:image\" content=\"https:\/\/citycenterone.hr\/split\/wp-content\/uploads\/sites\/4\/2023\/02\/CCO_novi-web_karneval_2018_1200x700px_predstranica.png\" \/>\n\t<meta property=\"og:image:width\" content=\"1200\" \/>\n\t<meta property=\"og:image:height\" content=\"700\" \/>\n\t<meta property=\"og:image:type\" content=\"image\/png\" \/>\n<meta name=\"author\" content=\"buljan\" \/>\n<meta name=\"twitter:card\" content=\"summary_large_image\" \/>\n<meta name=\"twitter:label1\" content=\"Written by\" \/>\n\t<meta name=\"twitter:data1\" content=\"buljan\" \/>\n\t<meta name=\"twitter:label2\" content=\"Est. reading time\" \/>\n\t<meta name=\"twitter:data2\" content=\"1 minute\" \/>\n<script type=\"application\/ld+json\" class=\"yoast-schema-graph\">{\"@context\":\"https:\\\/\\\/schema.org\",\"@graph\":[{\"@type\":\"Article\",\"@id\":\"https:\\\/\\\/citycenterone.hr\\\/split\\\/arhiva\\\/najsareniji-karneval-u-gradu\\\/#article\",\"isPartOf\":{\"@id\":\"https:\\\/\\\/citycenterone.hr\\\/split\\\/arhiva\\\/najsareniji-karneval-u-gradu\\\/\"},\"author\":{\"name\":\"buljan\",\"@id\":\"https:\\\/\\\/citycenterone.hr\\\/split\\\/#\\\/schema\\\/person\\\/57af18176d926108515bf539d3cf142c\"},\"headline\":\"NAJ\u0160ARENIJI KARNEVAL U GRADU\",\"datePublished\":\"2023-02-09T11:01:01+00:00\",\"dateModified\":\"2023-02-20T10:06:47+00:00\",\"mainEntityOfPage\":{\"@id\":\"https:\\\/\\\/citycenterone.hr\\\/split\\\/arhiva\\\/najsareniji-karneval-u-gradu\\\/\"},\"wordCount\":156,\"commentCount\":0,\"image\":{\"@id\":\"https:\\\/\\\/citycenterone.hr\\\/split\\\/arhiva\\\/najsareniji-karneval-u-gradu\\\/#primaryimage\"},\"thumbnailUrl\":\"https:\\\/\\\/citycenterone.hr\\\/split\\\/wp-content\\\/uploads\\\/sites\\\/4\\\/2023\\\/02\\\/CCO_novi-web_karneval_2018_1200x700px_predstranica.png\",\"articleSection\":[\"Arhiva\"],\"inLanguage\":\"hr-HR\",\"potentialAction\":[{\"@type\":\"CommentAction\",\"name\":\"Comment\",\"target\":[\"https:\\\/\\\/citycenterone.hr\\\/split\\\/arhiva\\\/najsareniji-karneval-u-gradu\\\/#respond\"]}]},{\"@type\":\"WebPage\",\"@id\":\"https:\\\/\\\/citycenterone.hr\\\/split\\\/arhiva\\\/najsareniji-karneval-u-gradu\\\/\",\"url\":\"https:\\\/\\\/citycenterone.hr\\\/split\\\/arhiva\\\/najsareniji-karneval-u-gradu\\\/\",\"name\":\"NAJ\u0160ARENIJI KARNEVAL U GRADU - Split\",\"isPartOf\":{\"@id\":\"https:\\\/\\\/citycenterone.hr\\\/split\\\/#website\"},\"primaryImageOfPage\":{\"@id\":\"https:\\\/\\\/citycenterone.hr\\\/split\\\/arhiva\\\/najsareniji-karneval-u-gradu\\\/#primaryimage\"},\"image\":{\"@id\":\"https:\\\/\\\/citycenterone.hr\\\/split\\\/arhiva\\\/najsareniji-karneval-u-gradu\\\/#primaryimage\"},\"thumbnailUrl\":\"https:\\\/\\\/citycenterone.hr\\\/split\\\/wp-content\\\/uploads\\\/sites\\\/4\\\/2023\\\/02\\\/CCO_novi-web_karneval_2018_1200x700px_predstranica.png\",\"datePublished\":\"2023-02-09T11:01:01+00:00\",\"dateModified\":\"2023-02-20T10:06:47+00:00\",\"author\":{\"@id\":\"https:\\\/\\\/citycenterone.hr\\\/split\\\/#\\\/schema\\\/person\\\/57af18176d926108515bf539d3cf142c\"},\"breadcrumb\":{\"@id\":\"https:\\\/\\\/citycenterone.hr\\\/split\\\/arhiva\\\/najsareniji-karneval-u-gradu\\\/#breadcrumb\"},\"inLanguage\":\"hr-HR\",\"potentialAction\":[{\"@type\":\"ReadAction\",\"target\":[\"https:\\\/\\\/citycenterone.hr\\\/split\\\/arhiva\\\/najsareniji-karneval-u-gradu\\\/\"]}]},{\"@type\":\"ImageObject\",\"inLanguage\":\"hr-HR\",\"@id\":\"https:\\\/\\\/citycenterone.hr\\\/split\\\/arhiva\\\/najsareniji-karneval-u-gradu\\\/#primaryimage\",\"url\":\"https:\\\/\\\/citycenterone.hr\\\/split\\\/wp-content\\\/uploads\\\/sites\\\/4\\\/2023\\\/02\\\/CCO_novi-web_karneval_2018_1200x700px_predstranica.png\",\"contentUrl\":\"https:\\\/\\\/citycenterone.hr\\\/split\\\/wp-content\\\/uploads\\\/sites\\\/4\\\/2023\\\/02\\\/CCO_novi-web_karneval_2018_1200x700px_predstranica.png\",\"width\":1200,\"height\":700},{\"@type\":\"BreadcrumbList\",\"@id\":\"https:\\\/\\\/citycenterone.hr\\\/split\\\/arhiva\\\/najsareniji-karneval-u-gradu\\\/#breadcrumb\",\"itemListElement\":[{\"@type\":\"ListItem\",\"position\":1,\"name\":\"Home\",\"item\":\"https:\\\/\\\/citycenterone.hr\\\/split\\\/\"},{\"@type\":\"ListItem\",\"position\":2,\"name\":\"NAJ\u0160ARENIJI KARNEVAL U GRADU\"}]},{\"@type\":\"WebSite\",\"@id\":\"https:\\\/\\\/citycenterone.hr\\\/split\\\/#website\",\"url\":\"https:\\\/\\\/citycenterone.hr\\\/split\\\/\",\"name\":\"Split\",\"description\":\"Just another City Center One site\",\"potentialAction\":[{\"@type\":\"SearchAction\",\"target\":{\"@type\":\"EntryPoint\",\"urlTemplate\":\"https:\\\/\\\/citycenterone.hr\\\/split\\\/?s={search_term_string}\"},\"query-input\":{\"@type\":\"PropertyValueSpecification\",\"valueRequired\":true,\"valueName\":\"search_term_string\"}}],\"inLanguage\":\"hr-HR\"},{\"@type\":\"Person\",\"@id\":\"https:\\\/\\\/citycenterone.hr\\\/split\\\/#\\\/schema\\\/person\\\/57af18176d926108515bf539d3cf142c\",\"name\":\"buljan\",\"image\":{\"@type\":\"ImageObject\",\"inLanguage\":\"hr-HR\",\"@id\":\"https:\\\/\\\/secure.gravatar.com\\\/avatar\\\/3c4aa92635fd07585fc7212c4647f42402b776991423f114c94ea2e4ed6bb5b9?s=96&d=mm&r=g\",\"url\":\"https:\\\/\\\/secure.gravatar.com\\\/avatar\\\/3c4aa92635fd07585fc7212c4647f42402b776991423f114c94ea2e4ed6bb5b9?s=96&d=mm&r=g\",\"contentUrl\":\"https:\\\/\\\/secure.gravatar.com\\\/avatar\\\/3c4aa92635fd07585fc7212c4647f42402b776991423f114c94ea2e4ed6bb5b9?s=96&d=mm&r=g\",\"caption\":\"buljan\"},\"url\":\"https:\\\/\\\/citycenterone.hr\\\/split\\\/author\\\/buljan\\\/\"}]}<\/script>\n<!-- \/ Yoast SEO plugin. -->","yoast_head_json":{"title":"NAJ\u0160ARENIJI KARNEVAL U GRADU - Split","robots":{"index":"index","follow":"follow","max-snippet":"max-snippet:-1","max-image-preview":"max-image-preview:large","max-video-preview":"max-video-preview:-1"},"canonical":"https:\/\/citycenterone.hr\/split\/arhiva\/najsareniji-karneval-u-gradu\/","og_locale":"hr_HR","og_type":"article","og_title":"NAJ\u0160ARENIJI KARNEVAL U GRADU - Split","og_description":"Kreativne aktivnosti, odli\u010dna zabava i pregr\u0161t osmijeha o\u010dekuje va\u0161e male princeze, superheroje ili likove iz crti\u0107a na naj\u0161arenijem karnevalu za cijelu obitelj.","og_url":"https:\/\/citycenterone.hr\/split\/arhiva\/najsareniji-karneval-u-gradu\/","og_site_name":"Split","article_published_time":"2023-02-09T11:01:01+00:00","article_modified_time":"2023-02-20T10:06:47+00:00","og_image":[{"width":1200,"height":700,"url":"https:\/\/citycenterone.hr\/split\/wp-content\/uploads\/sites\/4\/2023\/02\/CCO_novi-web_karneval_2018_1200x700px_predstranica.png","type":"image\/png"}],"author":"buljan","twitter_card":"summary_large_image","twitter_misc":{"Written by":"buljan","Est. reading time":"1 minute"},"schema":{"@context":"https:\/\/schema.org","@graph":[{"@type":"Article","@id":"https:\/\/citycenterone.hr\/split\/arhiva\/najsareniji-karneval-u-gradu\/#article","isPartOf":{"@id":"https:\/\/citycenterone.hr\/split\/arhiva\/najsareniji-karneval-u-gradu\/"},"author":{"name":"buljan","@id":"https:\/\/citycenterone.hr\/split\/#\/schema\/person\/57af18176d926108515bf539d3cf142c"},"headline":"NAJ\u0160ARENIJI KARNEVAL U GRADU","datePublished":"2023-02-09T11:01:01+00:00","dateModified":"2023-02-20T10:06:47+00:00","mainEntityOfPage":{"@id":"https:\/\/citycenterone.hr\/split\/arhiva\/najsareniji-karneval-u-gradu\/"},"wordCount":156,"commentCount":0,"image":{"@id":"https:\/\/citycenterone.hr\/split\/arhiva\/najsareniji-karneval-u-gradu\/#primaryimage"},"thumbnailUrl":"https:\/\/citycenterone.hr\/split\/wp-content\/uploads\/sites\/4\/2023\/02\/CCO_novi-web_karneval_2018_1200x700px_predstranica.png","articleSection":["Arhiva"],"inLanguage":"hr-HR","potentialAction":[{"@type":"CommentAction","name":"Comment","target":["https:\/\/citycenterone.hr\/split\/arhiva\/najsareniji-karneval-u-gradu\/#respond"]}]},{"@type":"WebPage","@id":"https:\/\/citycenterone.hr\/split\/arhiva\/najsareniji-karneval-u-gradu\/","url":"https:\/\/citycenterone.hr\/split\/arhiva\/najsareniji-karneval-u-gradu\/","name":"NAJ\u0160ARENIJI KARNEVAL U GRADU - Split","isPartOf":{"@id":"https:\/\/citycenterone.hr\/split\/#website"},"primaryImageOfPage":{"@id":"https:\/\/citycenterone.hr\/split\/arhiva\/najsareniji-karneval-u-gradu\/#primaryimage"},"image":{"@id":"https:\/\/citycenterone.hr\/split\/arhiva\/najsareniji-karneval-u-gradu\/#primaryimage"},"thumbnailUrl":"https:\/\/citycenterone.hr\/split\/wp-content\/uploads\/sites\/4\/2023\/02\/CCO_novi-web_karneval_2018_1200x700px_predstranica.png","datePublished":"2023-02-09T11:01:01+00:00","dateModified":"2023-02-20T10:06:47+00:00","author":{"@id":"https:\/\/citycenterone.hr\/split\/#\/schema\/person\/57af18176d926108515bf539d3cf142c"},"breadcrumb":{"@id":"https:\/\/citycenterone.hr\/split\/arhiva\/najsareniji-karneval-u-gradu\/#breadcrumb"},"inLanguage":"hr-HR","potentialAction":[{"@type":"ReadAction","target":["https:\/\/citycenterone.hr\/split\/arhiva\/najsareniji-karneval-u-gradu\/"]}]},{"@type":"ImageObject","inLanguage":"hr-HR","@id":"https:\/\/citycenterone.hr\/split\/arhiva\/najsareniji-karneval-u-gradu\/#primaryimage","url":"https:\/\/citycenterone.hr\/split\/wp-content\/uploads\/sites\/4\/2023\/02\/CCO_novi-web_karneval_2018_1200x700px_predstranica.png","contentUrl":"https:\/\/citycenterone.hr\/split\/wp-content\/uploads\/sites\/4\/2023\/02\/CCO_novi-web_karneval_2018_1200x700px_predstranica.png","width":1200,"height":700},{"@type":"BreadcrumbList","@id":"https:\/\/citycenterone.hr\/split\/arhiva\/najsareniji-karneval-u-gradu\/#breadcrumb","itemListElement":[{"@type":"ListItem","position":1,"name":"Home","item":"https:\/\/citycenterone.hr\/split\/"},{"@type":"ListItem","position":2,"name":"NAJ\u0160ARENIJI KARNEVAL U GRADU"}]},{"@type":"WebSite","@id":"https:\/\/citycenterone.hr\/split\/#website","url":"https:\/\/citycenterone.hr\/split\/","name":"Split","description":"Just another City Center One site","potentialAction":[{"@type":"SearchAction","target":{"@type":"EntryPoint","urlTemplate":"https:\/\/citycenterone.hr\/split\/?s={search_term_string}"},"query-input":{"@type":"PropertyValueSpecification","valueRequired":true,"valueName":"search_term_string"}}],"inLanguage":"hr-HR"},{"@type":"Person","@id":"https:\/\/citycenterone.hr\/split\/#\/schema\/person\/57af18176d926108515bf539d3cf142c","name":"buljan","image":{"@type":"ImageObject","inLanguage":"hr-HR","@id":"https:\/\/secure.gravatar.com\/avatar\/3c4aa92635fd07585fc7212c4647f42402b776991423f114c94ea2e4ed6bb5b9?s=96&d=mm&r=g","url":"https:\/\/secure.gravatar.com\/avatar\/3c4aa92635fd07585fc7212c4647f42402b776991423f114c94ea2e4ed6bb5b9?s=96&d=mm&r=g","contentUrl":"https:\/\/secure.gravatar.com\/avatar\/3c4aa92635fd07585fc7212c4647f42402b776991423f114c94ea2e4ed6bb5b9?s=96&d=mm&r=g","caption":"buljan"},"url":"https:\/\/citycenterone.hr\/split\/author\/buljan\/"}]}},"_links":{"self":[{"href":"https:\/\/citycenterone.hr\/split\/wp-json\/wp\/v2\/posts\/53966","targetHints":{"allow":["GET"]}}],"collection":[{"href":"https:\/\/citycenterone.hr\/split\/wp-json\/wp\/v2\/posts"}],"about":[{"href":"https:\/\/citycenterone.hr\/split\/wp-json\/wp\/v2\/types\/post"}],"author":[{"embeddable":true,"href":"https:\/\/citycenterone.hr\/split\/wp-json\/wp\/v2\/users\/28"}],"replies":[{"embeddable":true,"href":"https:\/\/citycenterone.hr\/split\/wp-json\/wp\/v2\/comments?post=53966"}],"version-history":[{"count":3,"href":"https:\/\/citycenterone.hr\/split\/wp-json\/wp\/v2\/posts\/53966\/revisions"}],"predecessor-version":[{"id":54068,"href":"https:\/\/citycenterone.hr\/split\/wp-json\/wp\/v2\/posts\/53966\/revisions\/54068"}],"wp:featuredmedia":[{"embeddable":true,"href":"https:\/\/citycenterone.hr\/split\/wp-json\/wp\/v2\/media\/53967"}],"wp:attachment":[{"href":"https:\/\/citycenterone.hr\/split\/wp-json\/wp\/v2\/media?parent=53966"}],"wp:term":[{"taxonomy":"category","embeddable":true,"href":"https:\/\/citycenterone.hr\/split\/wp-json\/wp\/v2\/categories?post=53966"},{"taxonomy":"post_tag","embeddable":true,"href":"https:\/\/citycenterone.hr\/split\/wp-json\/wp\/v2\/tags?post=53966"}],"curies":[{"name":"wp","href":"https:\/\/api.w.org\/{rel}","templated":true}]}}