{"id":54217,"date":"2023-02-27T11:07:42","date_gmt":"2023-02-27T11:07:42","guid":{"rendered":"https:\/\/citycenterone.hr\/split\/?p=54217"},"modified":"2023-03-06T08:14:33","modified_gmt":"2023-03-06T08:14:33","slug":"festival-elektricne-mobilnosti-2","status":"publish","type":"post","link":"https:\/\/citycenterone.hr\/split\/arhiva\/festival-elektricne-mobilnosti-2\/","title":{"rendered":"FESTIVAL ELEKTRI\u010cNE MOBILNOSTI"},"content":{"rendered":"<p><strong>Electric EVolution festival<\/strong>, prvi festival elektri\u010dne mobilnosti u Hrvatskoj, koji okuplja stru\u010dnjake, entuzijaste i sve zainteresirane na podru\u010dju elektri\u010dne mobilnosti, ponovno dolazi u City Center one, ali ove godine u jo\u0161 boljem izdanju.<\/p>\n<p>Tijekom \u010dak tri dana trajanja festivala mo\u0107i \u0107ete pogledati aktualnu ponudu automobilskih brandova i zastupnika koji u svom portfelju nude elektri\u010dna i plug-in vozila, me\u0111u kojima su <strong>TESLA, Porsche, VW, \u0160koda, Cupra, Peugeot, Hyundai, MG, Ford, Opel i DFSK, Volvo, Renault te Dacia<\/strong>, a mo\u0107i \u0107ete istra\u017eiti i popratne segmente elektro industrije kao \u0161to je e-motor. A ovaj \u0107e festival ponuditi \u010dak <strong>\u0161est premijera: VW ID. BUZZ, \u0160koda Enyaq RS Coupe, Ford Mach E, MG Marvel R te Peugeot 408 Hybrid <span class=\"ui-provider vg b c d e f g h i j k l m n o p q r s t u v w x y z ab ac ae af ag ah ai aj ak\" dir=\"ltr\">. <\/span><\/strong>Osim toga, imat \u0107ete priliku provozati automobile marke Tesla.<\/p>\n<p>U sklopu festivala, posjetitelji sasvim besplatno mogu sudjelovati i na stru\u010dnoj <strong>B2B konferenciji<\/strong> <em>Electric EVolution FORUM: Elektri\u010dna Evolucija u Splitsko-dalmatinskoj \u017eupaniji<\/em> pod pokroviteljstvom tvrtke Siemenes Hrvatska. Govornici iz razli\u010ditih podru\u010dja djelovanja tako \u0107e u petak, 3. o\u017eujka od 10h u kinodvorani Cineplexxa svim zainteresiranima re\u0107i vi\u0161e o elektromobilnosti te projektima i planovima koji \u0107e obilje\u017eiti naredni period u ovoj \u017eupaniji. Raspored mo\u017eete provjeriti u nastavku.<\/p>\n<p><img loading=\"lazy\" decoding=\"async\" class=\"wp-image-54269 aligncenter\" src=\"https:\/\/citycenterone.hr\/split\/wp-content\/uploads\/sites\/4\/2023\/02\/CCO-Konferencija-Vizual-01.png\" alt=\"\" width=\"615\" height=\"1093\" srcset=\"https:\/\/citycenterone.hr\/split\/wp-content\/uploads\/sites\/4\/2023\/02\/CCO-Konferencija-Vizual-01.png 1080w, https:\/\/citycenterone.hr\/split\/wp-content\/uploads\/sites\/4\/2023\/02\/CCO-Konferencija-Vizual-01-576x1024.png 576w, https:\/\/citycenterone.hr\/split\/wp-content\/uploads\/sites\/4\/2023\/02\/CCO-Konferencija-Vizual-01-768x1365.png 768w, https:\/\/citycenterone.hr\/split\/wp-content\/uploads\/sites\/4\/2023\/02\/CCO-Konferencija-Vizual-01-864x1536.png 864w\" sizes=\"auto, (max-width: 615px) 100vw, 615px\" \/><\/p>\n<p>Vidimo se od 3. do 5. o\u017eujka u City Centeru one!<\/p>\n","protected":false},"excerpt":{"rendered":"<p>Budite dio EVolucije u City Centeru one od 3. do 5. o\u017eujka.<\/p>\n","protected":false},"author":28,"featured_media":54222,"comment_status":"open","ping_status":"open","sticky":false,"template":"","format":"standard","meta":{"_acf_changed":false,"footnotes":""},"categories":[10],"tags":[],"class_list":["post-54217","post","type-post","status-publish","format-standard","has-post-thumbnail","hentry","category-arhiva"],"acf":[],"yoast_head":"<!-- This site is optimized with the Yoast SEO plugin v27.4 - https:\/\/yoast.com\/product\/yoast-seo-wordpress\/ -->\n<title>FESTIVAL ELEKTRI\u010cNE MOBILNOSTI - Split<\/title>\n<meta name=\"robots\" content=\"index, follow, max-snippet:-1, max-image-preview:large, max-video-preview:-1\" \/>\n<link rel=\"canonical\" href=\"https:\/\/citycenterone.hr\/split\/arhiva\/festival-elektricne-mobilnosti-2\/\" \/>\n<meta property=\"og:locale\" content=\"hr_HR\" \/>\n<meta property=\"og:type\" content=\"article\" \/>\n<meta property=\"og:title\" content=\"FESTIVAL ELEKTRI\u010cNE MOBILNOSTI - Split\" \/>\n<meta property=\"og:description\" content=\"Budite dio EVolucije u City Centeru one od 3. do 5. o\u017eujka.\" \/>\n<meta property=\"og:url\" content=\"https:\/\/citycenterone.hr\/split\/arhiva\/festival-elektricne-mobilnosti-2\/\" \/>\n<meta property=\"og:site_name\" content=\"Split\" \/>\n<meta property=\"article:published_time\" content=\"2023-02-27T11:07:42+00:00\" \/>\n<meta property=\"article:modified_time\" content=\"2023-03-06T08:14:33+00:00\" \/>\n<meta property=\"og:image\" content=\"https:\/\/citycenterone.hr\/split\/wp-content\/uploads\/sites\/4\/2023\/02\/EEF2.png\" \/>\n\t<meta property=\"og:image:width\" content=\"1200\" \/>\n\t<meta property=\"og:image:height\" content=\"700\" \/>\n\t<meta property=\"og:image:type\" content=\"image\/png\" \/>\n<meta name=\"author\" content=\"buljan\" \/>\n<meta name=\"twitter:card\" content=\"summary_large_image\" \/>\n<meta name=\"twitter:label1\" content=\"Written by\" \/>\n\t<meta name=\"twitter:data1\" content=\"buljan\" \/>\n\t<meta name=\"twitter:label2\" content=\"Est. reading time\" \/>\n\t<meta name=\"twitter:data2\" content=\"2 minutes\" \/>\n<script type=\"application\/ld+json\" class=\"yoast-schema-graph\">{\"@context\":\"https:\\\/\\\/schema.org\",\"@graph\":[{\"@type\":\"Article\",\"@id\":\"https:\\\/\\\/citycenterone.hr\\\/split\\\/arhiva\\\/festival-elektricne-mobilnosti-2\\\/#article\",\"isPartOf\":{\"@id\":\"https:\\\/\\\/citycenterone.hr\\\/split\\\/arhiva\\\/festival-elektricne-mobilnosti-2\\\/\"},\"author\":{\"name\":\"buljan\",\"@id\":\"https:\\\/\\\/citycenterone.hr\\\/split\\\/#\\\/schema\\\/person\\\/57af18176d926108515bf539d3cf142c\"},\"headline\":\"FESTIVAL ELEKTRI\u010cNE MOBILNOSTI\",\"datePublished\":\"2023-02-27T11:07:42+00:00\",\"dateModified\":\"2023-03-06T08:14:33+00:00\",\"mainEntityOfPage\":{\"@id\":\"https:\\\/\\\/citycenterone.hr\\\/split\\\/arhiva\\\/festival-elektricne-mobilnosti-2\\\/\"},\"wordCount\":219,\"commentCount\":0,\"image\":{\"@id\":\"https:\\\/\\\/citycenterone.hr\\\/split\\\/arhiva\\\/festival-elektricne-mobilnosti-2\\\/#primaryimage\"},\"thumbnailUrl\":\"https:\\\/\\\/citycenterone.hr\\\/split\\\/wp-content\\\/uploads\\\/sites\\\/4\\\/2023\\\/02\\\/EEF2.png\",\"articleSection\":[\"Arhiva\"],\"inLanguage\":\"hr-HR\",\"potentialAction\":[{\"@type\":\"CommentAction\",\"name\":\"Comment\",\"target\":[\"https:\\\/\\\/citycenterone.hr\\\/split\\\/arhiva\\\/festival-elektricne-mobilnosti-2\\\/#respond\"]}]},{\"@type\":\"WebPage\",\"@id\":\"https:\\\/\\\/citycenterone.hr\\\/split\\\/arhiva\\\/festival-elektricne-mobilnosti-2\\\/\",\"url\":\"https:\\\/\\\/citycenterone.hr\\\/split\\\/arhiva\\\/festival-elektricne-mobilnosti-2\\\/\",\"name\":\"FESTIVAL ELEKTRI\u010cNE MOBILNOSTI - Split\",\"isPartOf\":{\"@id\":\"https:\\\/\\\/citycenterone.hr\\\/split\\\/#website\"},\"primaryImageOfPage\":{\"@id\":\"https:\\\/\\\/citycenterone.hr\\\/split\\\/arhiva\\\/festival-elektricne-mobilnosti-2\\\/#primaryimage\"},\"image\":{\"@id\":\"https:\\\/\\\/citycenterone.hr\\\/split\\\/arhiva\\\/festival-elektricne-mobilnosti-2\\\/#primaryimage\"},\"thumbnailUrl\":\"https:\\\/\\\/citycenterone.hr\\\/split\\\/wp-content\\\/uploads\\\/sites\\\/4\\\/2023\\\/02\\\/EEF2.png\",\"datePublished\":\"2023-02-27T11:07:42+00:00\",\"dateModified\":\"2023-03-06T08:14:33+00:00\",\"author\":{\"@id\":\"https:\\\/\\\/citycenterone.hr\\\/split\\\/#\\\/schema\\\/person\\\/57af18176d926108515bf539d3cf142c\"},\"breadcrumb\":{\"@id\":\"https:\\\/\\\/citycenterone.hr\\\/split\\\/arhiva\\\/festival-elektricne-mobilnosti-2\\\/#breadcrumb\"},\"inLanguage\":\"hr-HR\",\"potentialAction\":[{\"@type\":\"ReadAction\",\"target\":[\"https:\\\/\\\/citycenterone.hr\\\/split\\\/arhiva\\\/festival-elektricne-mobilnosti-2\\\/\"]}]},{\"@type\":\"ImageObject\",\"inLanguage\":\"hr-HR\",\"@id\":\"https:\\\/\\\/citycenterone.hr\\\/split\\\/arhiva\\\/festival-elektricne-mobilnosti-2\\\/#primaryimage\",\"url\":\"https:\\\/\\\/citycenterone.hr\\\/split\\\/wp-content\\\/uploads\\\/sites\\\/4\\\/2023\\\/02\\\/EEF2.png\",\"contentUrl\":\"https:\\\/\\\/citycenterone.hr\\\/split\\\/wp-content\\\/uploads\\\/sites\\\/4\\\/2023\\\/02\\\/EEF2.png\",\"width\":1200,\"height\":700},{\"@type\":\"BreadcrumbList\",\"@id\":\"https:\\\/\\\/citycenterone.hr\\\/split\\\/arhiva\\\/festival-elektricne-mobilnosti-2\\\/#breadcrumb\",\"itemListElement\":[{\"@type\":\"ListItem\",\"position\":1,\"name\":\"Home\",\"item\":\"https:\\\/\\\/citycenterone.hr\\\/split\\\/\"},{\"@type\":\"ListItem\",\"position\":2,\"name\":\"FESTIVAL ELEKTRI\u010cNE MOBILNOSTI\"}]},{\"@type\":\"WebSite\",\"@id\":\"https:\\\/\\\/citycenterone.hr\\\/split\\\/#website\",\"url\":\"https:\\\/\\\/citycenterone.hr\\\/split\\\/\",\"name\":\"Split\",\"description\":\"Just another City Center One site\",\"potentialAction\":[{\"@type\":\"SearchAction\",\"target\":{\"@type\":\"EntryPoint\",\"urlTemplate\":\"https:\\\/\\\/citycenterone.hr\\\/split\\\/?s={search_term_string}\"},\"query-input\":{\"@type\":\"PropertyValueSpecification\",\"valueRequired\":true,\"valueName\":\"search_term_string\"}}],\"inLanguage\":\"hr-HR\"},{\"@type\":\"Person\",\"@id\":\"https:\\\/\\\/citycenterone.hr\\\/split\\\/#\\\/schema\\\/person\\\/57af18176d926108515bf539d3cf142c\",\"name\":\"buljan\",\"image\":{\"@type\":\"ImageObject\",\"inLanguage\":\"hr-HR\",\"@id\":\"https:\\\/\\\/secure.gravatar.com\\\/avatar\\\/3c4aa92635fd07585fc7212c4647f42402b776991423f114c94ea2e4ed6bb5b9?s=96&d=mm&r=g\",\"url\":\"https:\\\/\\\/secure.gravatar.com\\\/avatar\\\/3c4aa92635fd07585fc7212c4647f42402b776991423f114c94ea2e4ed6bb5b9?s=96&d=mm&r=g\",\"contentUrl\":\"https:\\\/\\\/secure.gravatar.com\\\/avatar\\\/3c4aa92635fd07585fc7212c4647f42402b776991423f114c94ea2e4ed6bb5b9?s=96&d=mm&r=g\",\"caption\":\"buljan\"},\"url\":\"https:\\\/\\\/citycenterone.hr\\\/split\\\/author\\\/buljan\\\/\"}]}<\/script>\n<!-- \/ Yoast SEO plugin. -->","yoast_head_json":{"title":"FESTIVAL ELEKTRI\u010cNE MOBILNOSTI - Split","robots":{"index":"index","follow":"follow","max-snippet":"max-snippet:-1","max-image-preview":"max-image-preview:large","max-video-preview":"max-video-preview:-1"},"canonical":"https:\/\/citycenterone.hr\/split\/arhiva\/festival-elektricne-mobilnosti-2\/","og_locale":"hr_HR","og_type":"article","og_title":"FESTIVAL ELEKTRI\u010cNE MOBILNOSTI - Split","og_description":"Budite dio EVolucije u City Centeru one od 3. do 5. o\u017eujka.","og_url":"https:\/\/citycenterone.hr\/split\/arhiva\/festival-elektricne-mobilnosti-2\/","og_site_name":"Split","article_published_time":"2023-02-27T11:07:42+00:00","article_modified_time":"2023-03-06T08:14:33+00:00","og_image":[{"width":1200,"height":700,"url":"https:\/\/citycenterone.hr\/split\/wp-content\/uploads\/sites\/4\/2023\/02\/EEF2.png","type":"image\/png"}],"author":"buljan","twitter_card":"summary_large_image","twitter_misc":{"Written by":"buljan","Est. reading time":"2 minutes"},"schema":{"@context":"https:\/\/schema.org","@graph":[{"@type":"Article","@id":"https:\/\/citycenterone.hr\/split\/arhiva\/festival-elektricne-mobilnosti-2\/#article","isPartOf":{"@id":"https:\/\/citycenterone.hr\/split\/arhiva\/festival-elektricne-mobilnosti-2\/"},"author":{"name":"buljan","@id":"https:\/\/citycenterone.hr\/split\/#\/schema\/person\/57af18176d926108515bf539d3cf142c"},"headline":"FESTIVAL ELEKTRI\u010cNE MOBILNOSTI","datePublished":"2023-02-27T11:07:42+00:00","dateModified":"2023-03-06T08:14:33+00:00","mainEntityOfPage":{"@id":"https:\/\/citycenterone.hr\/split\/arhiva\/festival-elektricne-mobilnosti-2\/"},"wordCount":219,"commentCount":0,"image":{"@id":"https:\/\/citycenterone.hr\/split\/arhiva\/festival-elektricne-mobilnosti-2\/#primaryimage"},"thumbnailUrl":"https:\/\/citycenterone.hr\/split\/wp-content\/uploads\/sites\/4\/2023\/02\/EEF2.png","articleSection":["Arhiva"],"inLanguage":"hr-HR","potentialAction":[{"@type":"CommentAction","name":"Comment","target":["https:\/\/citycenterone.hr\/split\/arhiva\/festival-elektricne-mobilnosti-2\/#respond"]}]},{"@type":"WebPage","@id":"https:\/\/citycenterone.hr\/split\/arhiva\/festival-elektricne-mobilnosti-2\/","url":"https:\/\/citycenterone.hr\/split\/arhiva\/festival-elektricne-mobilnosti-2\/","name":"FESTIVAL ELEKTRI\u010cNE MOBILNOSTI - Split","isPartOf":{"@id":"https:\/\/citycenterone.hr\/split\/#website"},"primaryImageOfPage":{"@id":"https:\/\/citycenterone.hr\/split\/arhiva\/festival-elektricne-mobilnosti-2\/#primaryimage"},"image":{"@id":"https:\/\/citycenterone.hr\/split\/arhiva\/festival-elektricne-mobilnosti-2\/#primaryimage"},"thumbnailUrl":"https:\/\/citycenterone.hr\/split\/wp-content\/uploads\/sites\/4\/2023\/02\/EEF2.png","datePublished":"2023-02-27T11:07:42+00:00","dateModified":"2023-03-06T08:14:33+00:00","author":{"@id":"https:\/\/citycenterone.hr\/split\/#\/schema\/person\/57af18176d926108515bf539d3cf142c"},"breadcrumb":{"@id":"https:\/\/citycenterone.hr\/split\/arhiva\/festival-elektricne-mobilnosti-2\/#breadcrumb"},"inLanguage":"hr-HR","potentialAction":[{"@type":"ReadAction","target":["https:\/\/citycenterone.hr\/split\/arhiva\/festival-elektricne-mobilnosti-2\/"]}]},{"@type":"ImageObject","inLanguage":"hr-HR","@id":"https:\/\/citycenterone.hr\/split\/arhiva\/festival-elektricne-mobilnosti-2\/#primaryimage","url":"https:\/\/citycenterone.hr\/split\/wp-content\/uploads\/sites\/4\/2023\/02\/EEF2.png","contentUrl":"https:\/\/citycenterone.hr\/split\/wp-content\/uploads\/sites\/4\/2023\/02\/EEF2.png","width":1200,"height":700},{"@type":"BreadcrumbList","@id":"https:\/\/citycenterone.hr\/split\/arhiva\/festival-elektricne-mobilnosti-2\/#breadcrumb","itemListElement":[{"@type":"ListItem","position":1,"name":"Home","item":"https:\/\/citycenterone.hr\/split\/"},{"@type":"ListItem","position":2,"name":"FESTIVAL ELEKTRI\u010cNE MOBILNOSTI"}]},{"@type":"WebSite","@id":"https:\/\/citycenterone.hr\/split\/#website","url":"https:\/\/citycenterone.hr\/split\/","name":"Split","description":"Just another City Center One site","potentialAction":[{"@type":"SearchAction","target":{"@type":"EntryPoint","urlTemplate":"https:\/\/citycenterone.hr\/split\/?s={search_term_string}"},"query-input":{"@type":"PropertyValueSpecification","valueRequired":true,"valueName":"search_term_string"}}],"inLanguage":"hr-HR"},{"@type":"Person","@id":"https:\/\/citycenterone.hr\/split\/#\/schema\/person\/57af18176d926108515bf539d3cf142c","name":"buljan","image":{"@type":"ImageObject","inLanguage":"hr-HR","@id":"https:\/\/secure.gravatar.com\/avatar\/3c4aa92635fd07585fc7212c4647f42402b776991423f114c94ea2e4ed6bb5b9?s=96&d=mm&r=g","url":"https:\/\/secure.gravatar.com\/avatar\/3c4aa92635fd07585fc7212c4647f42402b776991423f114c94ea2e4ed6bb5b9?s=96&d=mm&r=g","contentUrl":"https:\/\/secure.gravatar.com\/avatar\/3c4aa92635fd07585fc7212c4647f42402b776991423f114c94ea2e4ed6bb5b9?s=96&d=mm&r=g","caption":"buljan"},"url":"https:\/\/citycenterone.hr\/split\/author\/buljan\/"}]}},"_links":{"self":[{"href":"https:\/\/citycenterone.hr\/split\/wp-json\/wp\/v2\/posts\/54217","targetHints":{"allow":["GET"]}}],"collection":[{"href":"https:\/\/citycenterone.hr\/split\/wp-json\/wp\/v2\/posts"}],"about":[{"href":"https:\/\/citycenterone.hr\/split\/wp-json\/wp\/v2\/types\/post"}],"author":[{"embeddable":true,"href":"https:\/\/citycenterone.hr\/split\/wp-json\/wp\/v2\/users\/28"}],"replies":[{"embeddable":true,"href":"https:\/\/citycenterone.hr\/split\/wp-json\/wp\/v2\/comments?post=54217"}],"version-history":[{"count":3,"href":"https:\/\/citycenterone.hr\/split\/wp-json\/wp\/v2\/posts\/54217\/revisions"}],"predecessor-version":[{"id":54297,"href":"https:\/\/citycenterone.hr\/split\/wp-json\/wp\/v2\/posts\/54217\/revisions\/54297"}],"wp:featuredmedia":[{"embeddable":true,"href":"https:\/\/citycenterone.hr\/split\/wp-json\/wp\/v2\/media\/54222"}],"wp:attachment":[{"href":"https:\/\/citycenterone.hr\/split\/wp-json\/wp\/v2\/media?parent=54217"}],"wp:term":[{"taxonomy":"category","embeddable":true,"href":"https:\/\/citycenterone.hr\/split\/wp-json\/wp\/v2\/categories?post=54217"},{"taxonomy":"post_tag","embeddable":true,"href":"https:\/\/citycenterone.hr\/split\/wp-json\/wp\/v2\/tags?post=54217"}],"curies":[{"name":"wp","href":"https:\/\/api.w.org\/{rel}","templated":true}]}}