{"id":54796,"date":"2023-04-07T09:31:55","date_gmt":"2023-04-07T09:31:55","guid":{"rendered":"https:\/\/citycenterone.hr\/split\/?p=54796"},"modified":"2023-04-17T08:15:10","modified_gmt":"2023-04-17T08:15:10","slug":"ne-propustite-dvanaesti-auto-moto-salon","status":"publish","type":"post","link":"https:\/\/citycenterone.hr\/split\/arhiva\/ne-propustite-dvanaesti-auto-moto-salon\/","title":{"rendered":"NE PROPUSTITE DVANAESTI AUTO MOTO SALON"},"content":{"rendered":"<p>Ve\u0107 12. godinu za redom City Center one \u0107e, u suradnji sa <strong>Slobodnom Dalmacijom<\/strong>, ugostiti <strong>Auto moto salon<\/strong>, najve\u0107i takve vrste u Dalmaciji, a koji \u0107e posjetiteljima na jednom mjestu ponuditi <strong>sve novitete iz auto i moto industrije<\/strong> te im zagolicati ma\u0161tu limenim ljubimcima koje nemaju priliku vidjeti svakoga dana.<\/p>\n<p>Bez obzira planirate li kupovati novo vozilo ili samo u\u017eivate u pogledu na neodoljive modele, novo izdanje Auto moto salona od <strong>12.<\/strong> do <strong>16. travnja<\/strong> ne smijete propustiti.<\/p>\n<p><strong>Mazda<\/strong>, <strong>Kia<\/strong>, <strong>Toyota<\/strong>, <strong>Mercedes<\/strong>, <strong>Renault<\/strong>, <strong>Dacia<\/strong>, <strong>Suzuki<\/strong> i <strong>Volvo<\/strong> izlo\u017eit \u0107e <strong>28 modela<\/strong> automobila u koje \u0107ete se zaljubiti. Me\u0111u njima \u0107e biti i <strong>Mercedesov premium model EQS<\/strong>, potpuno elektri\u010dna limuzina iz serije Mercedes-EQ,, koja se temelji na modularnoj arhitekturi za luksuzna i poslovna elektri\u010dna vozila. Spajanjem tehnologije, dizajna, funkcionalnosti i povezivosti, EQS odu\u0161evljava voza\u010de i putnike.<\/p>\n<p>Ljubitelje vo\u017enje na dva kota\u010da \u010deka \u010dak 8 motocikala na drugom katu Centra.<\/p>\n<p>Posjetitelji City Centera one u ovoj \u0107e atrakciji, koja se odvija u suradnji sa Slobodnom Damacijom, u\u017eivati potpuno besplatno.<\/p>\n","protected":false},"excerpt":{"rendered":"<p>Od 12. do 16. travnja ljubitelji automobila imat \u0107e priliku u\u017eivati u najnovijim i najuspje\u0161nijim modelima brojnih izlaga\u010da.<\/p>\n","protected":false},"author":28,"featured_media":54797,"comment_status":"open","ping_status":"open","sticky":false,"template":"","format":"standard","meta":{"_acf_changed":false,"footnotes":""},"categories":[10],"tags":[],"class_list":["post-54796","post","type-post","status-publish","format-standard","has-post-thumbnail","hentry","category-arhiva"],"acf":[],"yoast_head":"<!-- This site is optimized with the Yoast SEO plugin v27.4 - https:\/\/yoast.com\/product\/yoast-seo-wordpress\/ -->\n<title>NE PROPUSTITE DVANAESTI AUTO MOTO SALON - Split<\/title>\n<meta name=\"robots\" content=\"index, follow, max-snippet:-1, max-image-preview:large, max-video-preview:-1\" \/>\n<link rel=\"canonical\" href=\"https:\/\/citycenterone.hr\/split\/arhiva\/ne-propustite-dvanaesti-auto-moto-salon\/\" \/>\n<meta property=\"og:locale\" content=\"hr_HR\" \/>\n<meta property=\"og:type\" content=\"article\" \/>\n<meta property=\"og:title\" content=\"NE PROPUSTITE DVANAESTI AUTO MOTO SALON - Split\" \/>\n<meta property=\"og:description\" content=\"Od 12. do 16. travnja ljubitelji automobila imat \u0107e priliku u\u017eivati u najnovijim i najuspje\u0161nijim modelima brojnih izlaga\u010da.\" \/>\n<meta property=\"og:url\" content=\"https:\/\/citycenterone.hr\/split\/arhiva\/ne-propustite-dvanaesti-auto-moto-salon\/\" \/>\n<meta property=\"og:site_name\" content=\"Split\" \/>\n<meta property=\"article:published_time\" content=\"2023-04-07T09:31:55+00:00\" \/>\n<meta property=\"article:modified_time\" content=\"2023-04-17T08:15:10+00:00\" \/>\n<meta property=\"og:image\" content=\"https:\/\/citycenterone.hr\/split\/wp-content\/uploads\/sites\/4\/2023\/04\/Automoto_SDiCity_1200x700px_2-002.png\" \/>\n\t<meta property=\"og:image:width\" content=\"1200\" \/>\n\t<meta property=\"og:image:height\" content=\"700\" \/>\n\t<meta property=\"og:image:type\" content=\"image\/png\" \/>\n<meta name=\"author\" content=\"buljan\" \/>\n<meta name=\"twitter:card\" content=\"summary_large_image\" \/>\n<meta name=\"twitter:label1\" content=\"Written by\" \/>\n\t<meta name=\"twitter:data1\" content=\"buljan\" \/>\n\t<meta name=\"twitter:label2\" content=\"Est. reading time\" \/>\n\t<meta name=\"twitter:data2\" content=\"1 minute\" \/>\n<script type=\"application\/ld+json\" class=\"yoast-schema-graph\">{\"@context\":\"https:\\\/\\\/schema.org\",\"@graph\":[{\"@type\":\"Article\",\"@id\":\"https:\\\/\\\/citycenterone.hr\\\/split\\\/arhiva\\\/ne-propustite-dvanaesti-auto-moto-salon\\\/#article\",\"isPartOf\":{\"@id\":\"https:\\\/\\\/citycenterone.hr\\\/split\\\/arhiva\\\/ne-propustite-dvanaesti-auto-moto-salon\\\/\"},\"author\":{\"name\":\"buljan\",\"@id\":\"https:\\\/\\\/citycenterone.hr\\\/split\\\/#\\\/schema\\\/person\\\/57af18176d926108515bf539d3cf142c\"},\"headline\":\"NE PROPUSTITE DVANAESTI AUTO MOTO SALON\",\"datePublished\":\"2023-04-07T09:31:55+00:00\",\"dateModified\":\"2023-04-17T08:15:10+00:00\",\"mainEntityOfPage\":{\"@id\":\"https:\\\/\\\/citycenterone.hr\\\/split\\\/arhiva\\\/ne-propustite-dvanaesti-auto-moto-salon\\\/\"},\"wordCount\":180,\"commentCount\":0,\"image\":{\"@id\":\"https:\\\/\\\/citycenterone.hr\\\/split\\\/arhiva\\\/ne-propustite-dvanaesti-auto-moto-salon\\\/#primaryimage\"},\"thumbnailUrl\":\"https:\\\/\\\/citycenterone.hr\\\/split\\\/wp-content\\\/uploads\\\/sites\\\/4\\\/2023\\\/04\\\/Automoto_SDiCity_1200x700px_2-002.png\",\"articleSection\":[\"Arhiva\"],\"inLanguage\":\"hr-HR\",\"potentialAction\":[{\"@type\":\"CommentAction\",\"name\":\"Comment\",\"target\":[\"https:\\\/\\\/citycenterone.hr\\\/split\\\/arhiva\\\/ne-propustite-dvanaesti-auto-moto-salon\\\/#respond\"]}]},{\"@type\":\"WebPage\",\"@id\":\"https:\\\/\\\/citycenterone.hr\\\/split\\\/arhiva\\\/ne-propustite-dvanaesti-auto-moto-salon\\\/\",\"url\":\"https:\\\/\\\/citycenterone.hr\\\/split\\\/arhiva\\\/ne-propustite-dvanaesti-auto-moto-salon\\\/\",\"name\":\"NE PROPUSTITE DVANAESTI AUTO MOTO SALON - Split\",\"isPartOf\":{\"@id\":\"https:\\\/\\\/citycenterone.hr\\\/split\\\/#website\"},\"primaryImageOfPage\":{\"@id\":\"https:\\\/\\\/citycenterone.hr\\\/split\\\/arhiva\\\/ne-propustite-dvanaesti-auto-moto-salon\\\/#primaryimage\"},\"image\":{\"@id\":\"https:\\\/\\\/citycenterone.hr\\\/split\\\/arhiva\\\/ne-propustite-dvanaesti-auto-moto-salon\\\/#primaryimage\"},\"thumbnailUrl\":\"https:\\\/\\\/citycenterone.hr\\\/split\\\/wp-content\\\/uploads\\\/sites\\\/4\\\/2023\\\/04\\\/Automoto_SDiCity_1200x700px_2-002.png\",\"datePublished\":\"2023-04-07T09:31:55+00:00\",\"dateModified\":\"2023-04-17T08:15:10+00:00\",\"author\":{\"@id\":\"https:\\\/\\\/citycenterone.hr\\\/split\\\/#\\\/schema\\\/person\\\/57af18176d926108515bf539d3cf142c\"},\"breadcrumb\":{\"@id\":\"https:\\\/\\\/citycenterone.hr\\\/split\\\/arhiva\\\/ne-propustite-dvanaesti-auto-moto-salon\\\/#breadcrumb\"},\"inLanguage\":\"hr-HR\",\"potentialAction\":[{\"@type\":\"ReadAction\",\"target\":[\"https:\\\/\\\/citycenterone.hr\\\/split\\\/arhiva\\\/ne-propustite-dvanaesti-auto-moto-salon\\\/\"]}]},{\"@type\":\"ImageObject\",\"inLanguage\":\"hr-HR\",\"@id\":\"https:\\\/\\\/citycenterone.hr\\\/split\\\/arhiva\\\/ne-propustite-dvanaesti-auto-moto-salon\\\/#primaryimage\",\"url\":\"https:\\\/\\\/citycenterone.hr\\\/split\\\/wp-content\\\/uploads\\\/sites\\\/4\\\/2023\\\/04\\\/Automoto_SDiCity_1200x700px_2-002.png\",\"contentUrl\":\"https:\\\/\\\/citycenterone.hr\\\/split\\\/wp-content\\\/uploads\\\/sites\\\/4\\\/2023\\\/04\\\/Automoto_SDiCity_1200x700px_2-002.png\",\"width\":1200,\"height\":700},{\"@type\":\"BreadcrumbList\",\"@id\":\"https:\\\/\\\/citycenterone.hr\\\/split\\\/arhiva\\\/ne-propustite-dvanaesti-auto-moto-salon\\\/#breadcrumb\",\"itemListElement\":[{\"@type\":\"ListItem\",\"position\":1,\"name\":\"Home\",\"item\":\"https:\\\/\\\/citycenterone.hr\\\/split\\\/\"},{\"@type\":\"ListItem\",\"position\":2,\"name\":\"NE PROPUSTITE DVANAESTI AUTO MOTO SALON\"}]},{\"@type\":\"WebSite\",\"@id\":\"https:\\\/\\\/citycenterone.hr\\\/split\\\/#website\",\"url\":\"https:\\\/\\\/citycenterone.hr\\\/split\\\/\",\"name\":\"Split\",\"description\":\"Just another City Center One site\",\"potentialAction\":[{\"@type\":\"SearchAction\",\"target\":{\"@type\":\"EntryPoint\",\"urlTemplate\":\"https:\\\/\\\/citycenterone.hr\\\/split\\\/?s={search_term_string}\"},\"query-input\":{\"@type\":\"PropertyValueSpecification\",\"valueRequired\":true,\"valueName\":\"search_term_string\"}}],\"inLanguage\":\"hr-HR\"},{\"@type\":\"Person\",\"@id\":\"https:\\\/\\\/citycenterone.hr\\\/split\\\/#\\\/schema\\\/person\\\/57af18176d926108515bf539d3cf142c\",\"name\":\"buljan\",\"image\":{\"@type\":\"ImageObject\",\"inLanguage\":\"hr-HR\",\"@id\":\"https:\\\/\\\/secure.gravatar.com\\\/avatar\\\/3c4aa92635fd07585fc7212c4647f42402b776991423f114c94ea2e4ed6bb5b9?s=96&d=mm&r=g\",\"url\":\"https:\\\/\\\/secure.gravatar.com\\\/avatar\\\/3c4aa92635fd07585fc7212c4647f42402b776991423f114c94ea2e4ed6bb5b9?s=96&d=mm&r=g\",\"contentUrl\":\"https:\\\/\\\/secure.gravatar.com\\\/avatar\\\/3c4aa92635fd07585fc7212c4647f42402b776991423f114c94ea2e4ed6bb5b9?s=96&d=mm&r=g\",\"caption\":\"buljan\"},\"url\":\"https:\\\/\\\/citycenterone.hr\\\/split\\\/author\\\/buljan\\\/\"}]}<\/script>\n<!-- \/ Yoast SEO plugin. -->","yoast_head_json":{"title":"NE PROPUSTITE DVANAESTI AUTO MOTO SALON - Split","robots":{"index":"index","follow":"follow","max-snippet":"max-snippet:-1","max-image-preview":"max-image-preview:large","max-video-preview":"max-video-preview:-1"},"canonical":"https:\/\/citycenterone.hr\/split\/arhiva\/ne-propustite-dvanaesti-auto-moto-salon\/","og_locale":"hr_HR","og_type":"article","og_title":"NE PROPUSTITE DVANAESTI AUTO MOTO SALON - Split","og_description":"Od 12. do 16. travnja ljubitelji automobila imat \u0107e priliku u\u017eivati u najnovijim i najuspje\u0161nijim modelima brojnih izlaga\u010da.","og_url":"https:\/\/citycenterone.hr\/split\/arhiva\/ne-propustite-dvanaesti-auto-moto-salon\/","og_site_name":"Split","article_published_time":"2023-04-07T09:31:55+00:00","article_modified_time":"2023-04-17T08:15:10+00:00","og_image":[{"width":1200,"height":700,"url":"https:\/\/citycenterone.hr\/split\/wp-content\/uploads\/sites\/4\/2023\/04\/Automoto_SDiCity_1200x700px_2-002.png","type":"image\/png"}],"author":"buljan","twitter_card":"summary_large_image","twitter_misc":{"Written by":"buljan","Est. reading time":"1 minute"},"schema":{"@context":"https:\/\/schema.org","@graph":[{"@type":"Article","@id":"https:\/\/citycenterone.hr\/split\/arhiva\/ne-propustite-dvanaesti-auto-moto-salon\/#article","isPartOf":{"@id":"https:\/\/citycenterone.hr\/split\/arhiva\/ne-propustite-dvanaesti-auto-moto-salon\/"},"author":{"name":"buljan","@id":"https:\/\/citycenterone.hr\/split\/#\/schema\/person\/57af18176d926108515bf539d3cf142c"},"headline":"NE PROPUSTITE DVANAESTI AUTO MOTO SALON","datePublished":"2023-04-07T09:31:55+00:00","dateModified":"2023-04-17T08:15:10+00:00","mainEntityOfPage":{"@id":"https:\/\/citycenterone.hr\/split\/arhiva\/ne-propustite-dvanaesti-auto-moto-salon\/"},"wordCount":180,"commentCount":0,"image":{"@id":"https:\/\/citycenterone.hr\/split\/arhiva\/ne-propustite-dvanaesti-auto-moto-salon\/#primaryimage"},"thumbnailUrl":"https:\/\/citycenterone.hr\/split\/wp-content\/uploads\/sites\/4\/2023\/04\/Automoto_SDiCity_1200x700px_2-002.png","articleSection":["Arhiva"],"inLanguage":"hr-HR","potentialAction":[{"@type":"CommentAction","name":"Comment","target":["https:\/\/citycenterone.hr\/split\/arhiva\/ne-propustite-dvanaesti-auto-moto-salon\/#respond"]}]},{"@type":"WebPage","@id":"https:\/\/citycenterone.hr\/split\/arhiva\/ne-propustite-dvanaesti-auto-moto-salon\/","url":"https:\/\/citycenterone.hr\/split\/arhiva\/ne-propustite-dvanaesti-auto-moto-salon\/","name":"NE PROPUSTITE DVANAESTI AUTO MOTO SALON - Split","isPartOf":{"@id":"https:\/\/citycenterone.hr\/split\/#website"},"primaryImageOfPage":{"@id":"https:\/\/citycenterone.hr\/split\/arhiva\/ne-propustite-dvanaesti-auto-moto-salon\/#primaryimage"},"image":{"@id":"https:\/\/citycenterone.hr\/split\/arhiva\/ne-propustite-dvanaesti-auto-moto-salon\/#primaryimage"},"thumbnailUrl":"https:\/\/citycenterone.hr\/split\/wp-content\/uploads\/sites\/4\/2023\/04\/Automoto_SDiCity_1200x700px_2-002.png","datePublished":"2023-04-07T09:31:55+00:00","dateModified":"2023-04-17T08:15:10+00:00","author":{"@id":"https:\/\/citycenterone.hr\/split\/#\/schema\/person\/57af18176d926108515bf539d3cf142c"},"breadcrumb":{"@id":"https:\/\/citycenterone.hr\/split\/arhiva\/ne-propustite-dvanaesti-auto-moto-salon\/#breadcrumb"},"inLanguage":"hr-HR","potentialAction":[{"@type":"ReadAction","target":["https:\/\/citycenterone.hr\/split\/arhiva\/ne-propustite-dvanaesti-auto-moto-salon\/"]}]},{"@type":"ImageObject","inLanguage":"hr-HR","@id":"https:\/\/citycenterone.hr\/split\/arhiva\/ne-propustite-dvanaesti-auto-moto-salon\/#primaryimage","url":"https:\/\/citycenterone.hr\/split\/wp-content\/uploads\/sites\/4\/2023\/04\/Automoto_SDiCity_1200x700px_2-002.png","contentUrl":"https:\/\/citycenterone.hr\/split\/wp-content\/uploads\/sites\/4\/2023\/04\/Automoto_SDiCity_1200x700px_2-002.png","width":1200,"height":700},{"@type":"BreadcrumbList","@id":"https:\/\/citycenterone.hr\/split\/arhiva\/ne-propustite-dvanaesti-auto-moto-salon\/#breadcrumb","itemListElement":[{"@type":"ListItem","position":1,"name":"Home","item":"https:\/\/citycenterone.hr\/split\/"},{"@type":"ListItem","position":2,"name":"NE PROPUSTITE DVANAESTI AUTO MOTO SALON"}]},{"@type":"WebSite","@id":"https:\/\/citycenterone.hr\/split\/#website","url":"https:\/\/citycenterone.hr\/split\/","name":"Split","description":"Just another City Center One site","potentialAction":[{"@type":"SearchAction","target":{"@type":"EntryPoint","urlTemplate":"https:\/\/citycenterone.hr\/split\/?s={search_term_string}"},"query-input":{"@type":"PropertyValueSpecification","valueRequired":true,"valueName":"search_term_string"}}],"inLanguage":"hr-HR"},{"@type":"Person","@id":"https:\/\/citycenterone.hr\/split\/#\/schema\/person\/57af18176d926108515bf539d3cf142c","name":"buljan","image":{"@type":"ImageObject","inLanguage":"hr-HR","@id":"https:\/\/secure.gravatar.com\/avatar\/3c4aa92635fd07585fc7212c4647f42402b776991423f114c94ea2e4ed6bb5b9?s=96&d=mm&r=g","url":"https:\/\/secure.gravatar.com\/avatar\/3c4aa92635fd07585fc7212c4647f42402b776991423f114c94ea2e4ed6bb5b9?s=96&d=mm&r=g","contentUrl":"https:\/\/secure.gravatar.com\/avatar\/3c4aa92635fd07585fc7212c4647f42402b776991423f114c94ea2e4ed6bb5b9?s=96&d=mm&r=g","caption":"buljan"},"url":"https:\/\/citycenterone.hr\/split\/author\/buljan\/"}]}},"_links":{"self":[{"href":"https:\/\/citycenterone.hr\/split\/wp-json\/wp\/v2\/posts\/54796","targetHints":{"allow":["GET"]}}],"collection":[{"href":"https:\/\/citycenterone.hr\/split\/wp-json\/wp\/v2\/posts"}],"about":[{"href":"https:\/\/citycenterone.hr\/split\/wp-json\/wp\/v2\/types\/post"}],"author":[{"embeddable":true,"href":"https:\/\/citycenterone.hr\/split\/wp-json\/wp\/v2\/users\/28"}],"replies":[{"embeddable":true,"href":"https:\/\/citycenterone.hr\/split\/wp-json\/wp\/v2\/comments?post=54796"}],"version-history":[{"count":3,"href":"https:\/\/citycenterone.hr\/split\/wp-json\/wp\/v2\/posts\/54796\/revisions"}],"predecessor-version":[{"id":54869,"href":"https:\/\/citycenterone.hr\/split\/wp-json\/wp\/v2\/posts\/54796\/revisions\/54869"}],"wp:featuredmedia":[{"embeddable":true,"href":"https:\/\/citycenterone.hr\/split\/wp-json\/wp\/v2\/media\/54797"}],"wp:attachment":[{"href":"https:\/\/citycenterone.hr\/split\/wp-json\/wp\/v2\/media?parent=54796"}],"wp:term":[{"taxonomy":"category","embeddable":true,"href":"https:\/\/citycenterone.hr\/split\/wp-json\/wp\/v2\/categories?post=54796"},{"taxonomy":"post_tag","embeddable":true,"href":"https:\/\/citycenterone.hr\/split\/wp-json\/wp\/v2\/tags?post=54796"}],"curies":[{"name":"wp","href":"https:\/\/api.w.org\/{rel}","templated":true}]}}