{"id":56640,"date":"2023-07-21T10:08:21","date_gmt":"2023-07-21T10:08:21","guid":{"rendered":"https:\/\/citycenterone.hr\/split\/?p=56640"},"modified":"2023-09-21T13:12:31","modified_gmt":"2023-09-21T13:12:31","slug":"nova-lokacija-ghetaldus-optike","status":"publish","type":"post","link":"https:\/\/citycenterone.hr\/split\/arhiva\/nova-lokacija-ghetaldus-optike\/","title":{"rendered":"NOVA LOKACIJA GHETALDUS OPTIKE"},"content":{"rendered":"<p>Ghetaldus optika je otvorila svoja vrata u preure\u0111enom prostoru na drugom katu Centra pored automat kluba Wettpunkt. Uz \u0161iroku ponudu vrhunskih brandova te uz pomo\u0107 stru\u010dnjaka u Ghetaldus optici prona\u0111ite najbolje rje\u0161enje za va\u0161e o\u010di i obavite besplatnu kontrolu dioptrije.<\/p>\n<p>Posjetite optiku te svoju kolekciju najdra\u017eeg modnog dodatka upotpunite novim s potpisom svjetski poznatih premium brendova.<\/p>\n<p>Vidimo se!<\/p>\n<p><img loading=\"lazy\" decoding=\"async\" class=\"wp-image-56643 aligncenter\" src=\"https:\/\/citycenterone.hr\/split\/wp-content\/uploads\/sites\/4\/2023\/07\/IMG-20230721-WA0001.jpg\" alt=\"\" width=\"746\" height=\"559\" srcset=\"https:\/\/citycenterone.hr\/split\/wp-content\/uploads\/sites\/4\/2023\/07\/IMG-20230721-WA0001.jpg 2000w, https:\/\/citycenterone.hr\/split\/wp-content\/uploads\/sites\/4\/2023\/07\/IMG-20230721-WA0001-1024x768.jpg 1024w, https:\/\/citycenterone.hr\/split\/wp-content\/uploads\/sites\/4\/2023\/07\/IMG-20230721-WA0001-768x576.jpg 768w, https:\/\/citycenterone.hr\/split\/wp-content\/uploads\/sites\/4\/2023\/07\/IMG-20230721-WA0001-1536x1152.jpg 1536w\" sizes=\"auto, (max-width: 746px) 100vw, 746px\" \/><\/p>\n","protected":false},"excerpt":{"rendered":"<p>U svom obnovljenom izdanju, Ghetaldus optika je ponovo otvorila svoja vrata na drugom katu City Centera one.<\/p>\n","protected":false},"author":28,"featured_media":56655,"comment_status":"open","ping_status":"open","sticky":false,"template":"","format":"standard","meta":{"_acf_changed":false,"footnotes":""},"categories":[10],"tags":[],"class_list":["post-56640","post","type-post","status-publish","format-standard","has-post-thumbnail","hentry","category-arhiva"],"acf":[],"yoast_head":"<!-- This site is optimized with the Yoast SEO plugin v27.4 - https:\/\/yoast.com\/product\/yoast-seo-wordpress\/ -->\n<title>NOVA LOKACIJA GHETALDUS OPTIKE - Split<\/title>\n<meta name=\"robots\" content=\"index, follow, max-snippet:-1, max-image-preview:large, max-video-preview:-1\" \/>\n<link rel=\"canonical\" href=\"https:\/\/citycenterone.hr\/split\/arhiva\/nova-lokacija-ghetaldus-optike\/\" \/>\n<meta property=\"og:locale\" content=\"hr_HR\" \/>\n<meta property=\"og:type\" content=\"article\" \/>\n<meta property=\"og:title\" content=\"NOVA LOKACIJA GHETALDUS OPTIKE - Split\" \/>\n<meta property=\"og:description\" content=\"U svom obnovljenom izdanju, Ghetaldus optika je ponovo otvorila svoja vrata na drugom katu City Centera one.\" \/>\n<meta property=\"og:url\" content=\"https:\/\/citycenterone.hr\/split\/arhiva\/nova-lokacija-ghetaldus-optike\/\" \/>\n<meta property=\"og:site_name\" content=\"Split\" \/>\n<meta property=\"article:published_time\" content=\"2023-07-21T10:08:21+00:00\" \/>\n<meta property=\"article:modified_time\" content=\"2023-09-21T13:12:31+00:00\" \/>\n<meta property=\"og:image\" content=\"https:\/\/citycenterone.hr\/split\/wp-content\/uploads\/sites\/4\/2023\/07\/338364948_689003039693865_1608924508360569684_n.jpg\" \/>\n\t<meta property=\"og:image:width\" content=\"1440\" \/>\n\t<meta property=\"og:image:height\" content=\"1440\" \/>\n\t<meta property=\"og:image:type\" content=\"image\/jpeg\" \/>\n<meta name=\"author\" content=\"buljan\" \/>\n<meta name=\"twitter:card\" content=\"summary_large_image\" \/>\n<meta name=\"twitter:label1\" content=\"Written by\" \/>\n\t<meta name=\"twitter:data1\" content=\"buljan\" \/>\n\t<meta name=\"twitter:label2\" content=\"Est. reading time\" \/>\n\t<meta name=\"twitter:data2\" content=\"1 minute\" \/>\n<script type=\"application\/ld+json\" class=\"yoast-schema-graph\">{\"@context\":\"https:\\\/\\\/schema.org\",\"@graph\":[{\"@type\":\"Article\",\"@id\":\"https:\\\/\\\/citycenterone.hr\\\/split\\\/arhiva\\\/nova-lokacija-ghetaldus-optike\\\/#article\",\"isPartOf\":{\"@id\":\"https:\\\/\\\/citycenterone.hr\\\/split\\\/arhiva\\\/nova-lokacija-ghetaldus-optike\\\/\"},\"author\":{\"name\":\"buljan\",\"@id\":\"https:\\\/\\\/citycenterone.hr\\\/split\\\/#\\\/schema\\\/person\\\/57af18176d926108515bf539d3cf142c\"},\"headline\":\"NOVA LOKACIJA GHETALDUS OPTIKE\",\"datePublished\":\"2023-07-21T10:08:21+00:00\",\"dateModified\":\"2023-09-21T13:12:31+00:00\",\"mainEntityOfPage\":{\"@id\":\"https:\\\/\\\/citycenterone.hr\\\/split\\\/arhiva\\\/nova-lokacija-ghetaldus-optike\\\/\"},\"wordCount\":69,\"commentCount\":0,\"image\":{\"@id\":\"https:\\\/\\\/citycenterone.hr\\\/split\\\/arhiva\\\/nova-lokacija-ghetaldus-optike\\\/#primaryimage\"},\"thumbnailUrl\":\"https:\\\/\\\/citycenterone.hr\\\/split\\\/wp-content\\\/uploads\\\/sites\\\/4\\\/2023\\\/07\\\/338364948_689003039693865_1608924508360569684_n.jpg\",\"articleSection\":[\"Arhiva\"],\"inLanguage\":\"hr-HR\",\"potentialAction\":[{\"@type\":\"CommentAction\",\"name\":\"Comment\",\"target\":[\"https:\\\/\\\/citycenterone.hr\\\/split\\\/arhiva\\\/nova-lokacija-ghetaldus-optike\\\/#respond\"]}]},{\"@type\":\"WebPage\",\"@id\":\"https:\\\/\\\/citycenterone.hr\\\/split\\\/arhiva\\\/nova-lokacija-ghetaldus-optike\\\/\",\"url\":\"https:\\\/\\\/citycenterone.hr\\\/split\\\/arhiva\\\/nova-lokacija-ghetaldus-optike\\\/\",\"name\":\"NOVA LOKACIJA GHETALDUS OPTIKE - Split\",\"isPartOf\":{\"@id\":\"https:\\\/\\\/citycenterone.hr\\\/split\\\/#website\"},\"primaryImageOfPage\":{\"@id\":\"https:\\\/\\\/citycenterone.hr\\\/split\\\/arhiva\\\/nova-lokacija-ghetaldus-optike\\\/#primaryimage\"},\"image\":{\"@id\":\"https:\\\/\\\/citycenterone.hr\\\/split\\\/arhiva\\\/nova-lokacija-ghetaldus-optike\\\/#primaryimage\"},\"thumbnailUrl\":\"https:\\\/\\\/citycenterone.hr\\\/split\\\/wp-content\\\/uploads\\\/sites\\\/4\\\/2023\\\/07\\\/338364948_689003039693865_1608924508360569684_n.jpg\",\"datePublished\":\"2023-07-21T10:08:21+00:00\",\"dateModified\":\"2023-09-21T13:12:31+00:00\",\"author\":{\"@id\":\"https:\\\/\\\/citycenterone.hr\\\/split\\\/#\\\/schema\\\/person\\\/57af18176d926108515bf539d3cf142c\"},\"breadcrumb\":{\"@id\":\"https:\\\/\\\/citycenterone.hr\\\/split\\\/arhiva\\\/nova-lokacija-ghetaldus-optike\\\/#breadcrumb\"},\"inLanguage\":\"hr-HR\",\"potentialAction\":[{\"@type\":\"ReadAction\",\"target\":[\"https:\\\/\\\/citycenterone.hr\\\/split\\\/arhiva\\\/nova-lokacija-ghetaldus-optike\\\/\"]}]},{\"@type\":\"ImageObject\",\"inLanguage\":\"hr-HR\",\"@id\":\"https:\\\/\\\/citycenterone.hr\\\/split\\\/arhiva\\\/nova-lokacija-ghetaldus-optike\\\/#primaryimage\",\"url\":\"https:\\\/\\\/citycenterone.hr\\\/split\\\/wp-content\\\/uploads\\\/sites\\\/4\\\/2023\\\/07\\\/338364948_689003039693865_1608924508360569684_n.jpg\",\"contentUrl\":\"https:\\\/\\\/citycenterone.hr\\\/split\\\/wp-content\\\/uploads\\\/sites\\\/4\\\/2023\\\/07\\\/338364948_689003039693865_1608924508360569684_n.jpg\",\"width\":1440,\"height\":1440},{\"@type\":\"BreadcrumbList\",\"@id\":\"https:\\\/\\\/citycenterone.hr\\\/split\\\/arhiva\\\/nova-lokacija-ghetaldus-optike\\\/#breadcrumb\",\"itemListElement\":[{\"@type\":\"ListItem\",\"position\":1,\"name\":\"Home\",\"item\":\"https:\\\/\\\/citycenterone.hr\\\/split\\\/\"},{\"@type\":\"ListItem\",\"position\":2,\"name\":\"NOVA LOKACIJA GHETALDUS OPTIKE\"}]},{\"@type\":\"WebSite\",\"@id\":\"https:\\\/\\\/citycenterone.hr\\\/split\\\/#website\",\"url\":\"https:\\\/\\\/citycenterone.hr\\\/split\\\/\",\"name\":\"Split\",\"description\":\"Just another City Center One site\",\"potentialAction\":[{\"@type\":\"SearchAction\",\"target\":{\"@type\":\"EntryPoint\",\"urlTemplate\":\"https:\\\/\\\/citycenterone.hr\\\/split\\\/?s={search_term_string}\"},\"query-input\":{\"@type\":\"PropertyValueSpecification\",\"valueRequired\":true,\"valueName\":\"search_term_string\"}}],\"inLanguage\":\"hr-HR\"},{\"@type\":\"Person\",\"@id\":\"https:\\\/\\\/citycenterone.hr\\\/split\\\/#\\\/schema\\\/person\\\/57af18176d926108515bf539d3cf142c\",\"name\":\"buljan\",\"image\":{\"@type\":\"ImageObject\",\"inLanguage\":\"hr-HR\",\"@id\":\"https:\\\/\\\/secure.gravatar.com\\\/avatar\\\/3c4aa92635fd07585fc7212c4647f42402b776991423f114c94ea2e4ed6bb5b9?s=96&d=mm&r=g\",\"url\":\"https:\\\/\\\/secure.gravatar.com\\\/avatar\\\/3c4aa92635fd07585fc7212c4647f42402b776991423f114c94ea2e4ed6bb5b9?s=96&d=mm&r=g\",\"contentUrl\":\"https:\\\/\\\/secure.gravatar.com\\\/avatar\\\/3c4aa92635fd07585fc7212c4647f42402b776991423f114c94ea2e4ed6bb5b9?s=96&d=mm&r=g\",\"caption\":\"buljan\"},\"url\":\"https:\\\/\\\/citycenterone.hr\\\/split\\\/author\\\/buljan\\\/\"}]}<\/script>\n<!-- \/ Yoast SEO plugin. -->","yoast_head_json":{"title":"NOVA LOKACIJA GHETALDUS OPTIKE - Split","robots":{"index":"index","follow":"follow","max-snippet":"max-snippet:-1","max-image-preview":"max-image-preview:large","max-video-preview":"max-video-preview:-1"},"canonical":"https:\/\/citycenterone.hr\/split\/arhiva\/nova-lokacija-ghetaldus-optike\/","og_locale":"hr_HR","og_type":"article","og_title":"NOVA LOKACIJA GHETALDUS OPTIKE - Split","og_description":"U svom obnovljenom izdanju, Ghetaldus optika je ponovo otvorila svoja vrata na drugom katu City Centera one.","og_url":"https:\/\/citycenterone.hr\/split\/arhiva\/nova-lokacija-ghetaldus-optike\/","og_site_name":"Split","article_published_time":"2023-07-21T10:08:21+00:00","article_modified_time":"2023-09-21T13:12:31+00:00","og_image":[{"width":1440,"height":1440,"url":"https:\/\/citycenterone.hr\/split\/wp-content\/uploads\/sites\/4\/2023\/07\/338364948_689003039693865_1608924508360569684_n.jpg","type":"image\/jpeg"}],"author":"buljan","twitter_card":"summary_large_image","twitter_misc":{"Written by":"buljan","Est. reading time":"1 minute"},"schema":{"@context":"https:\/\/schema.org","@graph":[{"@type":"Article","@id":"https:\/\/citycenterone.hr\/split\/arhiva\/nova-lokacija-ghetaldus-optike\/#article","isPartOf":{"@id":"https:\/\/citycenterone.hr\/split\/arhiva\/nova-lokacija-ghetaldus-optike\/"},"author":{"name":"buljan","@id":"https:\/\/citycenterone.hr\/split\/#\/schema\/person\/57af18176d926108515bf539d3cf142c"},"headline":"NOVA LOKACIJA GHETALDUS OPTIKE","datePublished":"2023-07-21T10:08:21+00:00","dateModified":"2023-09-21T13:12:31+00:00","mainEntityOfPage":{"@id":"https:\/\/citycenterone.hr\/split\/arhiva\/nova-lokacija-ghetaldus-optike\/"},"wordCount":69,"commentCount":0,"image":{"@id":"https:\/\/citycenterone.hr\/split\/arhiva\/nova-lokacija-ghetaldus-optike\/#primaryimage"},"thumbnailUrl":"https:\/\/citycenterone.hr\/split\/wp-content\/uploads\/sites\/4\/2023\/07\/338364948_689003039693865_1608924508360569684_n.jpg","articleSection":["Arhiva"],"inLanguage":"hr-HR","potentialAction":[{"@type":"CommentAction","name":"Comment","target":["https:\/\/citycenterone.hr\/split\/arhiva\/nova-lokacija-ghetaldus-optike\/#respond"]}]},{"@type":"WebPage","@id":"https:\/\/citycenterone.hr\/split\/arhiva\/nova-lokacija-ghetaldus-optike\/","url":"https:\/\/citycenterone.hr\/split\/arhiva\/nova-lokacija-ghetaldus-optike\/","name":"NOVA LOKACIJA GHETALDUS OPTIKE - Split","isPartOf":{"@id":"https:\/\/citycenterone.hr\/split\/#website"},"primaryImageOfPage":{"@id":"https:\/\/citycenterone.hr\/split\/arhiva\/nova-lokacija-ghetaldus-optike\/#primaryimage"},"image":{"@id":"https:\/\/citycenterone.hr\/split\/arhiva\/nova-lokacija-ghetaldus-optike\/#primaryimage"},"thumbnailUrl":"https:\/\/citycenterone.hr\/split\/wp-content\/uploads\/sites\/4\/2023\/07\/338364948_689003039693865_1608924508360569684_n.jpg","datePublished":"2023-07-21T10:08:21+00:00","dateModified":"2023-09-21T13:12:31+00:00","author":{"@id":"https:\/\/citycenterone.hr\/split\/#\/schema\/person\/57af18176d926108515bf539d3cf142c"},"breadcrumb":{"@id":"https:\/\/citycenterone.hr\/split\/arhiva\/nova-lokacija-ghetaldus-optike\/#breadcrumb"},"inLanguage":"hr-HR","potentialAction":[{"@type":"ReadAction","target":["https:\/\/citycenterone.hr\/split\/arhiva\/nova-lokacija-ghetaldus-optike\/"]}]},{"@type":"ImageObject","inLanguage":"hr-HR","@id":"https:\/\/citycenterone.hr\/split\/arhiva\/nova-lokacija-ghetaldus-optike\/#primaryimage","url":"https:\/\/citycenterone.hr\/split\/wp-content\/uploads\/sites\/4\/2023\/07\/338364948_689003039693865_1608924508360569684_n.jpg","contentUrl":"https:\/\/citycenterone.hr\/split\/wp-content\/uploads\/sites\/4\/2023\/07\/338364948_689003039693865_1608924508360569684_n.jpg","width":1440,"height":1440},{"@type":"BreadcrumbList","@id":"https:\/\/citycenterone.hr\/split\/arhiva\/nova-lokacija-ghetaldus-optike\/#breadcrumb","itemListElement":[{"@type":"ListItem","position":1,"name":"Home","item":"https:\/\/citycenterone.hr\/split\/"},{"@type":"ListItem","position":2,"name":"NOVA LOKACIJA GHETALDUS OPTIKE"}]},{"@type":"WebSite","@id":"https:\/\/citycenterone.hr\/split\/#website","url":"https:\/\/citycenterone.hr\/split\/","name":"Split","description":"Just another City Center One site","potentialAction":[{"@type":"SearchAction","target":{"@type":"EntryPoint","urlTemplate":"https:\/\/citycenterone.hr\/split\/?s={search_term_string}"},"query-input":{"@type":"PropertyValueSpecification","valueRequired":true,"valueName":"search_term_string"}}],"inLanguage":"hr-HR"},{"@type":"Person","@id":"https:\/\/citycenterone.hr\/split\/#\/schema\/person\/57af18176d926108515bf539d3cf142c","name":"buljan","image":{"@type":"ImageObject","inLanguage":"hr-HR","@id":"https:\/\/secure.gravatar.com\/avatar\/3c4aa92635fd07585fc7212c4647f42402b776991423f114c94ea2e4ed6bb5b9?s=96&d=mm&r=g","url":"https:\/\/secure.gravatar.com\/avatar\/3c4aa92635fd07585fc7212c4647f42402b776991423f114c94ea2e4ed6bb5b9?s=96&d=mm&r=g","contentUrl":"https:\/\/secure.gravatar.com\/avatar\/3c4aa92635fd07585fc7212c4647f42402b776991423f114c94ea2e4ed6bb5b9?s=96&d=mm&r=g","caption":"buljan"},"url":"https:\/\/citycenterone.hr\/split\/author\/buljan\/"}]}},"_links":{"self":[{"href":"https:\/\/citycenterone.hr\/split\/wp-json\/wp\/v2\/posts\/56640","targetHints":{"allow":["GET"]}}],"collection":[{"href":"https:\/\/citycenterone.hr\/split\/wp-json\/wp\/v2\/posts"}],"about":[{"href":"https:\/\/citycenterone.hr\/split\/wp-json\/wp\/v2\/types\/post"}],"author":[{"embeddable":true,"href":"https:\/\/citycenterone.hr\/split\/wp-json\/wp\/v2\/users\/28"}],"replies":[{"embeddable":true,"href":"https:\/\/citycenterone.hr\/split\/wp-json\/wp\/v2\/comments?post=56640"}],"version-history":[{"count":3,"href":"https:\/\/citycenterone.hr\/split\/wp-json\/wp\/v2\/posts\/56640\/revisions"}],"predecessor-version":[{"id":56660,"href":"https:\/\/citycenterone.hr\/split\/wp-json\/wp\/v2\/posts\/56640\/revisions\/56660"}],"wp:featuredmedia":[{"embeddable":true,"href":"https:\/\/citycenterone.hr\/split\/wp-json\/wp\/v2\/media\/56655"}],"wp:attachment":[{"href":"https:\/\/citycenterone.hr\/split\/wp-json\/wp\/v2\/media?parent=56640"}],"wp:term":[{"taxonomy":"category","embeddable":true,"href":"https:\/\/citycenterone.hr\/split\/wp-json\/wp\/v2\/categories?post=56640"},{"taxonomy":"post_tag","embeddable":true,"href":"https:\/\/citycenterone.hr\/split\/wp-json\/wp\/v2\/tags?post=56640"}],"curies":[{"name":"wp","href":"https:\/\/api.w.org\/{rel}","templated":true}]}}