{"id":56682,"date":"2023-07-25T13:11:13","date_gmt":"2023-07-25T13:11:13","guid":{"rendered":"https:\/\/citycenterone.hr\/split\/?p=56682"},"modified":"2023-08-16T07:05:25","modified_gmt":"2023-08-16T07:05:25","slug":"radno-vrijeme-15-08","status":"publish","type":"post","link":"https:\/\/citycenterone.hr\/split\/arhiva\/radno-vrijeme-15-08\/","title":{"rendered":"RADNO VRIJEME \u2013 15.08."},"content":{"rendered":"<p><strong>15. kolovoza<\/strong> \u2013 Velika Gospa \u2013 <strong>centar je zatvoren<\/strong><\/p>\n<p>Iako City Center one ne\u0107e raditi, u odre\u0111enim sadr\u017eajima ipak mo\u017eete u\u017eivati:<\/p>\n<ul>\n<li>Cineplexx kino \u2013 11 do 22 h<\/li>\n<li>Automat klub Wetpunktt \u2013 0 do 24 h<\/li>\n<li>Burger King \u2013 9 do 23 h, rade samo kanali Take away i Delivery<\/li>\n<li>KFC- 9 do 23 h, rade samo kanali Take away i Delivery<\/li>\n<li>McDonald&#8217;s &#8211; 11 do 24 h, rade samo kanali Take away i Delivery<\/li>\n<li>Karting Arena Split\u2013 11 do 22 h<\/li>\n<li>Samoposlu\u017ena autopraonica Peri, a ne deri\u00a0\u2013 6:30 do 22:30 h<\/li>\n<\/ul>\n","protected":false},"excerpt":{"rendered":"<p>City Center one je zatvoren, no provjerite koji sadr\u017eaji su otvoreni.<\/p>\n","protected":false},"author":29,"featured_media":10666,"comment_status":"open","ping_status":"open","sticky":false,"template":"","format":"standard","meta":{"_acf_changed":false,"footnotes":""},"categories":[10],"tags":[],"class_list":["post-56682","post","type-post","status-publish","format-standard","has-post-thumbnail","hentry","category-arhiva"],"acf":[],"yoast_head":"<!-- This site is optimized with the Yoast SEO plugin v27.4 - https:\/\/yoast.com\/product\/yoast-seo-wordpress\/ -->\n<title>RADNO VRIJEME \u2013 15.08. - Split<\/title>\n<meta name=\"robots\" content=\"index, follow, max-snippet:-1, max-image-preview:large, max-video-preview:-1\" \/>\n<link rel=\"canonical\" href=\"https:\/\/citycenterone.hr\/split\/arhiva\/radno-vrijeme-15-08\/\" \/>\n<meta property=\"og:locale\" content=\"hr_HR\" \/>\n<meta property=\"og:type\" content=\"article\" \/>\n<meta property=\"og:title\" content=\"RADNO VRIJEME \u2013 15.08. - Split\" \/>\n<meta property=\"og:description\" content=\"City Center one je zatvoren, no provjerite koji sadr\u017eaji su otvoreni.\" \/>\n<meta property=\"og:url\" content=\"https:\/\/citycenterone.hr\/split\/arhiva\/radno-vrijeme-15-08\/\" \/>\n<meta property=\"og:site_name\" content=\"Split\" \/>\n<meta property=\"article:published_time\" content=\"2023-07-25T13:11:13+00:00\" \/>\n<meta property=\"article:modified_time\" content=\"2023-08-16T07:05:25+00:00\" \/>\n<meta property=\"og:image\" content=\"https:\/\/citycenterone.hr\/split\/wp-content\/uploads\/sites\/4\/2018\/07\/Radno-vrijeme-1024x683.png\" \/>\n\t<meta property=\"og:image:width\" content=\"1024\" \/>\n\t<meta property=\"og:image:height\" content=\"683\" \/>\n\t<meta property=\"og:image:type\" content=\"image\/png\" \/>\n<meta name=\"author\" content=\"vzeger\" \/>\n<meta name=\"twitter:card\" content=\"summary_large_image\" \/>\n<meta name=\"twitter:label1\" content=\"Written by\" \/>\n\t<meta name=\"twitter:data1\" content=\"vzeger\" \/>\n\t<meta name=\"twitter:label2\" content=\"Est. reading time\" \/>\n\t<meta name=\"twitter:data2\" content=\"1 minute\" \/>\n<script type=\"application\/ld+json\" class=\"yoast-schema-graph\">{\"@context\":\"https:\\\/\\\/schema.org\",\"@graph\":[{\"@type\":\"Article\",\"@id\":\"https:\\\/\\\/citycenterone.hr\\\/split\\\/arhiva\\\/radno-vrijeme-15-08\\\/#article\",\"isPartOf\":{\"@id\":\"https:\\\/\\\/citycenterone.hr\\\/split\\\/arhiva\\\/radno-vrijeme-15-08\\\/\"},\"author\":{\"name\":\"vzeger\",\"@id\":\"https:\\\/\\\/citycenterone.hr\\\/split\\\/#\\\/schema\\\/person\\\/c4eafe63018f2e2d8c3e6a04a6deeae5\"},\"headline\":\"RADNO VRIJEME \u2013 15.08.\",\"datePublished\":\"2023-07-25T13:11:13+00:00\",\"dateModified\":\"2023-08-16T07:05:25+00:00\",\"mainEntityOfPage\":{\"@id\":\"https:\\\/\\\/citycenterone.hr\\\/split\\\/arhiva\\\/radno-vrijeme-15-08\\\/\"},\"wordCount\":80,\"commentCount\":0,\"image\":{\"@id\":\"https:\\\/\\\/citycenterone.hr\\\/split\\\/arhiva\\\/radno-vrijeme-15-08\\\/#primaryimage\"},\"thumbnailUrl\":\"https:\\\/\\\/citycenterone.hr\\\/split\\\/wp-content\\\/uploads\\\/sites\\\/4\\\/2018\\\/07\\\/Radno-vrijeme-1024x683.png\",\"articleSection\":[\"Arhiva\"],\"inLanguage\":\"hr-HR\",\"potentialAction\":[{\"@type\":\"CommentAction\",\"name\":\"Comment\",\"target\":[\"https:\\\/\\\/citycenterone.hr\\\/split\\\/arhiva\\\/radno-vrijeme-15-08\\\/#respond\"]}]},{\"@type\":\"WebPage\",\"@id\":\"https:\\\/\\\/citycenterone.hr\\\/split\\\/arhiva\\\/radno-vrijeme-15-08\\\/\",\"url\":\"https:\\\/\\\/citycenterone.hr\\\/split\\\/arhiva\\\/radno-vrijeme-15-08\\\/\",\"name\":\"RADNO VRIJEME \u2013 15.08. - Split\",\"isPartOf\":{\"@id\":\"https:\\\/\\\/citycenterone.hr\\\/split\\\/#website\"},\"primaryImageOfPage\":{\"@id\":\"https:\\\/\\\/citycenterone.hr\\\/split\\\/arhiva\\\/radno-vrijeme-15-08\\\/#primaryimage\"},\"image\":{\"@id\":\"https:\\\/\\\/citycenterone.hr\\\/split\\\/arhiva\\\/radno-vrijeme-15-08\\\/#primaryimage\"},\"thumbnailUrl\":\"https:\\\/\\\/citycenterone.hr\\\/split\\\/wp-content\\\/uploads\\\/sites\\\/4\\\/2018\\\/07\\\/Radno-vrijeme-1024x683.png\",\"datePublished\":\"2023-07-25T13:11:13+00:00\",\"dateModified\":\"2023-08-16T07:05:25+00:00\",\"author\":{\"@id\":\"https:\\\/\\\/citycenterone.hr\\\/split\\\/#\\\/schema\\\/person\\\/c4eafe63018f2e2d8c3e6a04a6deeae5\"},\"breadcrumb\":{\"@id\":\"https:\\\/\\\/citycenterone.hr\\\/split\\\/arhiva\\\/radno-vrijeme-15-08\\\/#breadcrumb\"},\"inLanguage\":\"hr-HR\",\"potentialAction\":[{\"@type\":\"ReadAction\",\"target\":[\"https:\\\/\\\/citycenterone.hr\\\/split\\\/arhiva\\\/radno-vrijeme-15-08\\\/\"]}]},{\"@type\":\"ImageObject\",\"inLanguage\":\"hr-HR\",\"@id\":\"https:\\\/\\\/citycenterone.hr\\\/split\\\/arhiva\\\/radno-vrijeme-15-08\\\/#primaryimage\",\"url\":\"https:\\\/\\\/citycenterone.hr\\\/split\\\/wp-content\\\/uploads\\\/sites\\\/4\\\/2018\\\/07\\\/Radno-vrijeme-1024x683.png\",\"contentUrl\":\"https:\\\/\\\/citycenterone.hr\\\/split\\\/wp-content\\\/uploads\\\/sites\\\/4\\\/2018\\\/07\\\/Radno-vrijeme-1024x683.png\",\"width\":1024,\"height\":683},{\"@type\":\"BreadcrumbList\",\"@id\":\"https:\\\/\\\/citycenterone.hr\\\/split\\\/arhiva\\\/radno-vrijeme-15-08\\\/#breadcrumb\",\"itemListElement\":[{\"@type\":\"ListItem\",\"position\":1,\"name\":\"Home\",\"item\":\"https:\\\/\\\/citycenterone.hr\\\/split\\\/\"},{\"@type\":\"ListItem\",\"position\":2,\"name\":\"RADNO VRIJEME \u2013 15.08.\"}]},{\"@type\":\"WebSite\",\"@id\":\"https:\\\/\\\/citycenterone.hr\\\/split\\\/#website\",\"url\":\"https:\\\/\\\/citycenterone.hr\\\/split\\\/\",\"name\":\"Split\",\"description\":\"Just another City Center One site\",\"potentialAction\":[{\"@type\":\"SearchAction\",\"target\":{\"@type\":\"EntryPoint\",\"urlTemplate\":\"https:\\\/\\\/citycenterone.hr\\\/split\\\/?s={search_term_string}\"},\"query-input\":{\"@type\":\"PropertyValueSpecification\",\"valueRequired\":true,\"valueName\":\"search_term_string\"}}],\"inLanguage\":\"hr-HR\"},{\"@type\":\"Person\",\"@id\":\"https:\\\/\\\/citycenterone.hr\\\/split\\\/#\\\/schema\\\/person\\\/c4eafe63018f2e2d8c3e6a04a6deeae5\",\"name\":\"vzeger\",\"image\":{\"@type\":\"ImageObject\",\"inLanguage\":\"hr-HR\",\"@id\":\"https:\\\/\\\/secure.gravatar.com\\\/avatar\\\/0093c9155a70e3168c9a98e3160c6ad51c60e0c28ef4fb1fb4f6d57d81565bbf?s=96&d=mm&r=g\",\"url\":\"https:\\\/\\\/secure.gravatar.com\\\/avatar\\\/0093c9155a70e3168c9a98e3160c6ad51c60e0c28ef4fb1fb4f6d57d81565bbf?s=96&d=mm&r=g\",\"contentUrl\":\"https:\\\/\\\/secure.gravatar.com\\\/avatar\\\/0093c9155a70e3168c9a98e3160c6ad51c60e0c28ef4fb1fb4f6d57d81565bbf?s=96&d=mm&r=g\",\"caption\":\"vzeger\"},\"sameAs\":[\"myzone\"],\"url\":\"https:\\\/\\\/citycenterone.hr\\\/split\\\/author\\\/vzeger\\\/\"}]}<\/script>\n<!-- \/ Yoast SEO plugin. -->","yoast_head_json":{"title":"RADNO VRIJEME \u2013 15.08. - Split","robots":{"index":"index","follow":"follow","max-snippet":"max-snippet:-1","max-image-preview":"max-image-preview:large","max-video-preview":"max-video-preview:-1"},"canonical":"https:\/\/citycenterone.hr\/split\/arhiva\/radno-vrijeme-15-08\/","og_locale":"hr_HR","og_type":"article","og_title":"RADNO VRIJEME \u2013 15.08. - Split","og_description":"City Center one je zatvoren, no provjerite koji sadr\u017eaji su otvoreni.","og_url":"https:\/\/citycenterone.hr\/split\/arhiva\/radno-vrijeme-15-08\/","og_site_name":"Split","article_published_time":"2023-07-25T13:11:13+00:00","article_modified_time":"2023-08-16T07:05:25+00:00","og_image":[{"width":1024,"height":683,"url":"https:\/\/citycenterone.hr\/split\/wp-content\/uploads\/sites\/4\/2018\/07\/Radno-vrijeme-1024x683.png","type":"image\/png"}],"author":"vzeger","twitter_card":"summary_large_image","twitter_misc":{"Written by":"vzeger","Est. reading time":"1 minute"},"schema":{"@context":"https:\/\/schema.org","@graph":[{"@type":"Article","@id":"https:\/\/citycenterone.hr\/split\/arhiva\/radno-vrijeme-15-08\/#article","isPartOf":{"@id":"https:\/\/citycenterone.hr\/split\/arhiva\/radno-vrijeme-15-08\/"},"author":{"name":"vzeger","@id":"https:\/\/citycenterone.hr\/split\/#\/schema\/person\/c4eafe63018f2e2d8c3e6a04a6deeae5"},"headline":"RADNO VRIJEME \u2013 15.08.","datePublished":"2023-07-25T13:11:13+00:00","dateModified":"2023-08-16T07:05:25+00:00","mainEntityOfPage":{"@id":"https:\/\/citycenterone.hr\/split\/arhiva\/radno-vrijeme-15-08\/"},"wordCount":80,"commentCount":0,"image":{"@id":"https:\/\/citycenterone.hr\/split\/arhiva\/radno-vrijeme-15-08\/#primaryimage"},"thumbnailUrl":"https:\/\/citycenterone.hr\/split\/wp-content\/uploads\/sites\/4\/2018\/07\/Radno-vrijeme-1024x683.png","articleSection":["Arhiva"],"inLanguage":"hr-HR","potentialAction":[{"@type":"CommentAction","name":"Comment","target":["https:\/\/citycenterone.hr\/split\/arhiva\/radno-vrijeme-15-08\/#respond"]}]},{"@type":"WebPage","@id":"https:\/\/citycenterone.hr\/split\/arhiva\/radno-vrijeme-15-08\/","url":"https:\/\/citycenterone.hr\/split\/arhiva\/radno-vrijeme-15-08\/","name":"RADNO VRIJEME \u2013 15.08. - Split","isPartOf":{"@id":"https:\/\/citycenterone.hr\/split\/#website"},"primaryImageOfPage":{"@id":"https:\/\/citycenterone.hr\/split\/arhiva\/radno-vrijeme-15-08\/#primaryimage"},"image":{"@id":"https:\/\/citycenterone.hr\/split\/arhiva\/radno-vrijeme-15-08\/#primaryimage"},"thumbnailUrl":"https:\/\/citycenterone.hr\/split\/wp-content\/uploads\/sites\/4\/2018\/07\/Radno-vrijeme-1024x683.png","datePublished":"2023-07-25T13:11:13+00:00","dateModified":"2023-08-16T07:05:25+00:00","author":{"@id":"https:\/\/citycenterone.hr\/split\/#\/schema\/person\/c4eafe63018f2e2d8c3e6a04a6deeae5"},"breadcrumb":{"@id":"https:\/\/citycenterone.hr\/split\/arhiva\/radno-vrijeme-15-08\/#breadcrumb"},"inLanguage":"hr-HR","potentialAction":[{"@type":"ReadAction","target":["https:\/\/citycenterone.hr\/split\/arhiva\/radno-vrijeme-15-08\/"]}]},{"@type":"ImageObject","inLanguage":"hr-HR","@id":"https:\/\/citycenterone.hr\/split\/arhiva\/radno-vrijeme-15-08\/#primaryimage","url":"https:\/\/citycenterone.hr\/split\/wp-content\/uploads\/sites\/4\/2018\/07\/Radno-vrijeme-1024x683.png","contentUrl":"https:\/\/citycenterone.hr\/split\/wp-content\/uploads\/sites\/4\/2018\/07\/Radno-vrijeme-1024x683.png","width":1024,"height":683},{"@type":"BreadcrumbList","@id":"https:\/\/citycenterone.hr\/split\/arhiva\/radno-vrijeme-15-08\/#breadcrumb","itemListElement":[{"@type":"ListItem","position":1,"name":"Home","item":"https:\/\/citycenterone.hr\/split\/"},{"@type":"ListItem","position":2,"name":"RADNO VRIJEME \u2013 15.08."}]},{"@type":"WebSite","@id":"https:\/\/citycenterone.hr\/split\/#website","url":"https:\/\/citycenterone.hr\/split\/","name":"Split","description":"Just another City Center One site","potentialAction":[{"@type":"SearchAction","target":{"@type":"EntryPoint","urlTemplate":"https:\/\/citycenterone.hr\/split\/?s={search_term_string}"},"query-input":{"@type":"PropertyValueSpecification","valueRequired":true,"valueName":"search_term_string"}}],"inLanguage":"hr-HR"},{"@type":"Person","@id":"https:\/\/citycenterone.hr\/split\/#\/schema\/person\/c4eafe63018f2e2d8c3e6a04a6deeae5","name":"vzeger","image":{"@type":"ImageObject","inLanguage":"hr-HR","@id":"https:\/\/secure.gravatar.com\/avatar\/0093c9155a70e3168c9a98e3160c6ad51c60e0c28ef4fb1fb4f6d57d81565bbf?s=96&d=mm&r=g","url":"https:\/\/secure.gravatar.com\/avatar\/0093c9155a70e3168c9a98e3160c6ad51c60e0c28ef4fb1fb4f6d57d81565bbf?s=96&d=mm&r=g","contentUrl":"https:\/\/secure.gravatar.com\/avatar\/0093c9155a70e3168c9a98e3160c6ad51c60e0c28ef4fb1fb4f6d57d81565bbf?s=96&d=mm&r=g","caption":"vzeger"},"sameAs":["myzone"],"url":"https:\/\/citycenterone.hr\/split\/author\/vzeger\/"}]}},"_links":{"self":[{"href":"https:\/\/citycenterone.hr\/split\/wp-json\/wp\/v2\/posts\/56682","targetHints":{"allow":["GET"]}}],"collection":[{"href":"https:\/\/citycenterone.hr\/split\/wp-json\/wp\/v2\/posts"}],"about":[{"href":"https:\/\/citycenterone.hr\/split\/wp-json\/wp\/v2\/types\/post"}],"author":[{"embeddable":true,"href":"https:\/\/citycenterone.hr\/split\/wp-json\/wp\/v2\/users\/29"}],"replies":[{"embeddable":true,"href":"https:\/\/citycenterone.hr\/split\/wp-json\/wp\/v2\/comments?post=56682"}],"version-history":[{"count":4,"href":"https:\/\/citycenterone.hr\/split\/wp-json\/wp\/v2\/posts\/56682\/revisions"}],"predecessor-version":[{"id":56979,"href":"https:\/\/citycenterone.hr\/split\/wp-json\/wp\/v2\/posts\/56682\/revisions\/56979"}],"wp:featuredmedia":[{"embeddable":true,"href":"https:\/\/citycenterone.hr\/split\/wp-json\/wp\/v2\/media\/10666"}],"wp:attachment":[{"href":"https:\/\/citycenterone.hr\/split\/wp-json\/wp\/v2\/media?parent=56682"}],"wp:term":[{"taxonomy":"category","embeddable":true,"href":"https:\/\/citycenterone.hr\/split\/wp-json\/wp\/v2\/categories?post=56682"},{"taxonomy":"post_tag","embeddable":true,"href":"https:\/\/citycenterone.hr\/split\/wp-json\/wp\/v2\/tags?post=56682"}],"curies":[{"name":"wp","href":"https:\/\/api.w.org\/{rel}","templated":true}]}}