{"id":58482,"date":"2023-12-12T15:12:20","date_gmt":"2023-12-12T15:12:20","guid":{"rendered":"https:\/\/citycenterone.hr\/split\/?p=58482"},"modified":"2023-12-18T08:44:05","modified_gmt":"2023-12-18T08:44:05","slug":"zlatna-gimnastika-za-blagdansku-nedjelju","status":"publish","type":"post","link":"https:\/\/citycenterone.hr\/split\/arhiva\/zlatna-gimnastika-za-blagdansku-nedjelju\/","title":{"rendered":"ZLATNA GIMNASTIKA ZA BLAGDANSKU NEDJELJU"},"content":{"rendered":"<p>Gimnastika je sport koji osvaja svojom elegancijom, neovisno o uzrastima. U to \u0107e vas uvjeriti \u010dlanovi <strong>Gimnasti\u010dkog kluba Marjan<\/strong> i <strong>Doma za starije i nemo\u0107ne &#8220;Didin dom&#8221;, Ka\u0161tel Novi<\/strong>, koji \u0107e u <strong>nedjelju<\/strong>, 17. prosinca od 17 sati u prizemlju City Centera one posjetiteljima priu\u0161titi pravi spektakl.<\/p>\n<p>Naime, kroz projekt <strong>Zlatna gimnastika \u2013 osmijehom kroz \u017eivot<\/strong>, Gimnasti\u010dki klub Marjan zajedno s <strong>Rotary klubom Split PLUS <\/strong>i <strong>City Centerom one<\/strong> \u017eeli osvijestiti va\u017enost tjelesne aktivnosti i socijalizacije kod umirovljenika kroz bazi\u010dnu i prilago\u0111enu gimnastiku.<\/p>\n<p>A osim odli\u010dnih performansa velikih i malih gimnasti\u010dara, atmosferu \u0107e dodatno zagrijati glazbeni nastupi <strong>Albine Gr\u010di\u0107<\/strong> i <strong>Damira Ked\u017ee<\/strong>, koji \u0107e izvesti svoje najpoznatije hitove.<\/p>\n<p>I zato, ove se nedjelje vidimo u City Centeru one!<\/p>\n","protected":false},"excerpt":{"rendered":"<p>Zabavite se uz gimnasti\u010dke performanse i nastupe Albine i Damira Ked\u017ee.<\/p>\n","protected":false},"author":28,"featured_media":58483,"comment_status":"open","ping_status":"open","sticky":false,"template":"","format":"standard","meta":{"_acf_changed":false,"footnotes":""},"categories":[10],"tags":[],"class_list":["post-58482","post","type-post","status-publish","format-standard","has-post-thumbnail","hentry","category-arhiva"],"acf":[],"yoast_head":"<!-- This site is optimized with the Yoast SEO plugin v27.4 - https:\/\/yoast.com\/product\/yoast-seo-wordpress\/ -->\n<title>ZLATNA GIMNASTIKA ZA BLAGDANSKU NEDJELJU - Split<\/title>\n<meta name=\"robots\" content=\"index, follow, max-snippet:-1, max-image-preview:large, max-video-preview:-1\" \/>\n<link rel=\"canonical\" href=\"https:\/\/citycenterone.hr\/split\/arhiva\/zlatna-gimnastika-za-blagdansku-nedjelju\/\" \/>\n<meta property=\"og:locale\" content=\"hr_HR\" \/>\n<meta property=\"og:type\" content=\"article\" \/>\n<meta property=\"og:title\" content=\"ZLATNA GIMNASTIKA ZA BLAGDANSKU NEDJELJU - Split\" \/>\n<meta property=\"og:description\" content=\"Zabavite se uz gimnasti\u010dke performanse i nastupe Albine i Damira Ked\u017ee.\" \/>\n<meta property=\"og:url\" content=\"https:\/\/citycenterone.hr\/split\/arhiva\/zlatna-gimnastika-za-blagdansku-nedjelju\/\" \/>\n<meta property=\"og:site_name\" content=\"Split\" \/>\n<meta property=\"article:published_time\" content=\"2023-12-12T15:12:20+00:00\" \/>\n<meta property=\"article:modified_time\" content=\"2023-12-18T08:44:05+00:00\" \/>\n<meta property=\"og:image\" content=\"https:\/\/citycenterone.hr\/split\/wp-content\/uploads\/sites\/4\/2023\/12\/cco-zlatna-gimnastika_1200x700_web.png\" \/>\n\t<meta property=\"og:image:width\" content=\"1200\" \/>\n\t<meta property=\"og:image:height\" content=\"700\" \/>\n\t<meta property=\"og:image:type\" content=\"image\/png\" \/>\n<meta name=\"author\" content=\"buljan\" \/>\n<meta name=\"twitter:card\" content=\"summary_large_image\" \/>\n<meta name=\"twitter:label1\" content=\"Written by\" \/>\n\t<meta name=\"twitter:data1\" content=\"buljan\" \/>\n\t<meta name=\"twitter:label2\" content=\"Est. reading time\" \/>\n\t<meta name=\"twitter:data2\" content=\"1 minute\" \/>\n<script type=\"application\/ld+json\" class=\"yoast-schema-graph\">{\"@context\":\"https:\\\/\\\/schema.org\",\"@graph\":[{\"@type\":\"Article\",\"@id\":\"https:\\\/\\\/citycenterone.hr\\\/split\\\/arhiva\\\/zlatna-gimnastika-za-blagdansku-nedjelju\\\/#article\",\"isPartOf\":{\"@id\":\"https:\\\/\\\/citycenterone.hr\\\/split\\\/arhiva\\\/zlatna-gimnastika-za-blagdansku-nedjelju\\\/\"},\"author\":{\"name\":\"buljan\",\"@id\":\"https:\\\/\\\/citycenterone.hr\\\/split\\\/#\\\/schema\\\/person\\\/57af18176d926108515bf539d3cf142c\"},\"headline\":\"ZLATNA GIMNASTIKA ZA BLAGDANSKU NEDJELJU\",\"datePublished\":\"2023-12-12T15:12:20+00:00\",\"dateModified\":\"2023-12-18T08:44:05+00:00\",\"mainEntityOfPage\":{\"@id\":\"https:\\\/\\\/citycenterone.hr\\\/split\\\/arhiva\\\/zlatna-gimnastika-za-blagdansku-nedjelju\\\/\"},\"wordCount\":132,\"commentCount\":0,\"image\":{\"@id\":\"https:\\\/\\\/citycenterone.hr\\\/split\\\/arhiva\\\/zlatna-gimnastika-za-blagdansku-nedjelju\\\/#primaryimage\"},\"thumbnailUrl\":\"https:\\\/\\\/citycenterone.hr\\\/split\\\/wp-content\\\/uploads\\\/sites\\\/4\\\/2023\\\/12\\\/cco-zlatna-gimnastika_1200x700_web.png\",\"articleSection\":[\"Arhiva\"],\"inLanguage\":\"hr-HR\",\"potentialAction\":[{\"@type\":\"CommentAction\",\"name\":\"Comment\",\"target\":[\"https:\\\/\\\/citycenterone.hr\\\/split\\\/arhiva\\\/zlatna-gimnastika-za-blagdansku-nedjelju\\\/#respond\"]}]},{\"@type\":\"WebPage\",\"@id\":\"https:\\\/\\\/citycenterone.hr\\\/split\\\/arhiva\\\/zlatna-gimnastika-za-blagdansku-nedjelju\\\/\",\"url\":\"https:\\\/\\\/citycenterone.hr\\\/split\\\/arhiva\\\/zlatna-gimnastika-za-blagdansku-nedjelju\\\/\",\"name\":\"ZLATNA GIMNASTIKA ZA BLAGDANSKU NEDJELJU - Split\",\"isPartOf\":{\"@id\":\"https:\\\/\\\/citycenterone.hr\\\/split\\\/#website\"},\"primaryImageOfPage\":{\"@id\":\"https:\\\/\\\/citycenterone.hr\\\/split\\\/arhiva\\\/zlatna-gimnastika-za-blagdansku-nedjelju\\\/#primaryimage\"},\"image\":{\"@id\":\"https:\\\/\\\/citycenterone.hr\\\/split\\\/arhiva\\\/zlatna-gimnastika-za-blagdansku-nedjelju\\\/#primaryimage\"},\"thumbnailUrl\":\"https:\\\/\\\/citycenterone.hr\\\/split\\\/wp-content\\\/uploads\\\/sites\\\/4\\\/2023\\\/12\\\/cco-zlatna-gimnastika_1200x700_web.png\",\"datePublished\":\"2023-12-12T15:12:20+00:00\",\"dateModified\":\"2023-12-18T08:44:05+00:00\",\"author\":{\"@id\":\"https:\\\/\\\/citycenterone.hr\\\/split\\\/#\\\/schema\\\/person\\\/57af18176d926108515bf539d3cf142c\"},\"breadcrumb\":{\"@id\":\"https:\\\/\\\/citycenterone.hr\\\/split\\\/arhiva\\\/zlatna-gimnastika-za-blagdansku-nedjelju\\\/#breadcrumb\"},\"inLanguage\":\"hr-HR\",\"potentialAction\":[{\"@type\":\"ReadAction\",\"target\":[\"https:\\\/\\\/citycenterone.hr\\\/split\\\/arhiva\\\/zlatna-gimnastika-za-blagdansku-nedjelju\\\/\"]}]},{\"@type\":\"ImageObject\",\"inLanguage\":\"hr-HR\",\"@id\":\"https:\\\/\\\/citycenterone.hr\\\/split\\\/arhiva\\\/zlatna-gimnastika-za-blagdansku-nedjelju\\\/#primaryimage\",\"url\":\"https:\\\/\\\/citycenterone.hr\\\/split\\\/wp-content\\\/uploads\\\/sites\\\/4\\\/2023\\\/12\\\/cco-zlatna-gimnastika_1200x700_web.png\",\"contentUrl\":\"https:\\\/\\\/citycenterone.hr\\\/split\\\/wp-content\\\/uploads\\\/sites\\\/4\\\/2023\\\/12\\\/cco-zlatna-gimnastika_1200x700_web.png\",\"width\":1200,\"height\":700},{\"@type\":\"BreadcrumbList\",\"@id\":\"https:\\\/\\\/citycenterone.hr\\\/split\\\/arhiva\\\/zlatna-gimnastika-za-blagdansku-nedjelju\\\/#breadcrumb\",\"itemListElement\":[{\"@type\":\"ListItem\",\"position\":1,\"name\":\"Home\",\"item\":\"https:\\\/\\\/citycenterone.hr\\\/split\\\/\"},{\"@type\":\"ListItem\",\"position\":2,\"name\":\"ZLATNA GIMNASTIKA ZA BLAGDANSKU NEDJELJU\"}]},{\"@type\":\"WebSite\",\"@id\":\"https:\\\/\\\/citycenterone.hr\\\/split\\\/#website\",\"url\":\"https:\\\/\\\/citycenterone.hr\\\/split\\\/\",\"name\":\"Split\",\"description\":\"Just another City Center One site\",\"potentialAction\":[{\"@type\":\"SearchAction\",\"target\":{\"@type\":\"EntryPoint\",\"urlTemplate\":\"https:\\\/\\\/citycenterone.hr\\\/split\\\/?s={search_term_string}\"},\"query-input\":{\"@type\":\"PropertyValueSpecification\",\"valueRequired\":true,\"valueName\":\"search_term_string\"}}],\"inLanguage\":\"hr-HR\"},{\"@type\":\"Person\",\"@id\":\"https:\\\/\\\/citycenterone.hr\\\/split\\\/#\\\/schema\\\/person\\\/57af18176d926108515bf539d3cf142c\",\"name\":\"buljan\",\"image\":{\"@type\":\"ImageObject\",\"inLanguage\":\"hr-HR\",\"@id\":\"https:\\\/\\\/secure.gravatar.com\\\/avatar\\\/3c4aa92635fd07585fc7212c4647f42402b776991423f114c94ea2e4ed6bb5b9?s=96&d=mm&r=g\",\"url\":\"https:\\\/\\\/secure.gravatar.com\\\/avatar\\\/3c4aa92635fd07585fc7212c4647f42402b776991423f114c94ea2e4ed6bb5b9?s=96&d=mm&r=g\",\"contentUrl\":\"https:\\\/\\\/secure.gravatar.com\\\/avatar\\\/3c4aa92635fd07585fc7212c4647f42402b776991423f114c94ea2e4ed6bb5b9?s=96&d=mm&r=g\",\"caption\":\"buljan\"},\"url\":\"https:\\\/\\\/citycenterone.hr\\\/split\\\/author\\\/buljan\\\/\"}]}<\/script>\n<!-- \/ Yoast SEO plugin. -->","yoast_head_json":{"title":"ZLATNA GIMNASTIKA ZA BLAGDANSKU NEDJELJU - Split","robots":{"index":"index","follow":"follow","max-snippet":"max-snippet:-1","max-image-preview":"max-image-preview:large","max-video-preview":"max-video-preview:-1"},"canonical":"https:\/\/citycenterone.hr\/split\/arhiva\/zlatna-gimnastika-za-blagdansku-nedjelju\/","og_locale":"hr_HR","og_type":"article","og_title":"ZLATNA GIMNASTIKA ZA BLAGDANSKU NEDJELJU - Split","og_description":"Zabavite se uz gimnasti\u010dke performanse i nastupe Albine i Damira Ked\u017ee.","og_url":"https:\/\/citycenterone.hr\/split\/arhiva\/zlatna-gimnastika-za-blagdansku-nedjelju\/","og_site_name":"Split","article_published_time":"2023-12-12T15:12:20+00:00","article_modified_time":"2023-12-18T08:44:05+00:00","og_image":[{"width":1200,"height":700,"url":"https:\/\/citycenterone.hr\/split\/wp-content\/uploads\/sites\/4\/2023\/12\/cco-zlatna-gimnastika_1200x700_web.png","type":"image\/png"}],"author":"buljan","twitter_card":"summary_large_image","twitter_misc":{"Written by":"buljan","Est. reading time":"1 minute"},"schema":{"@context":"https:\/\/schema.org","@graph":[{"@type":"Article","@id":"https:\/\/citycenterone.hr\/split\/arhiva\/zlatna-gimnastika-za-blagdansku-nedjelju\/#article","isPartOf":{"@id":"https:\/\/citycenterone.hr\/split\/arhiva\/zlatna-gimnastika-za-blagdansku-nedjelju\/"},"author":{"name":"buljan","@id":"https:\/\/citycenterone.hr\/split\/#\/schema\/person\/57af18176d926108515bf539d3cf142c"},"headline":"ZLATNA GIMNASTIKA ZA BLAGDANSKU NEDJELJU","datePublished":"2023-12-12T15:12:20+00:00","dateModified":"2023-12-18T08:44:05+00:00","mainEntityOfPage":{"@id":"https:\/\/citycenterone.hr\/split\/arhiva\/zlatna-gimnastika-za-blagdansku-nedjelju\/"},"wordCount":132,"commentCount":0,"image":{"@id":"https:\/\/citycenterone.hr\/split\/arhiva\/zlatna-gimnastika-za-blagdansku-nedjelju\/#primaryimage"},"thumbnailUrl":"https:\/\/citycenterone.hr\/split\/wp-content\/uploads\/sites\/4\/2023\/12\/cco-zlatna-gimnastika_1200x700_web.png","articleSection":["Arhiva"],"inLanguage":"hr-HR","potentialAction":[{"@type":"CommentAction","name":"Comment","target":["https:\/\/citycenterone.hr\/split\/arhiva\/zlatna-gimnastika-za-blagdansku-nedjelju\/#respond"]}]},{"@type":"WebPage","@id":"https:\/\/citycenterone.hr\/split\/arhiva\/zlatna-gimnastika-za-blagdansku-nedjelju\/","url":"https:\/\/citycenterone.hr\/split\/arhiva\/zlatna-gimnastika-za-blagdansku-nedjelju\/","name":"ZLATNA GIMNASTIKA ZA BLAGDANSKU NEDJELJU - Split","isPartOf":{"@id":"https:\/\/citycenterone.hr\/split\/#website"},"primaryImageOfPage":{"@id":"https:\/\/citycenterone.hr\/split\/arhiva\/zlatna-gimnastika-za-blagdansku-nedjelju\/#primaryimage"},"image":{"@id":"https:\/\/citycenterone.hr\/split\/arhiva\/zlatna-gimnastika-za-blagdansku-nedjelju\/#primaryimage"},"thumbnailUrl":"https:\/\/citycenterone.hr\/split\/wp-content\/uploads\/sites\/4\/2023\/12\/cco-zlatna-gimnastika_1200x700_web.png","datePublished":"2023-12-12T15:12:20+00:00","dateModified":"2023-12-18T08:44:05+00:00","author":{"@id":"https:\/\/citycenterone.hr\/split\/#\/schema\/person\/57af18176d926108515bf539d3cf142c"},"breadcrumb":{"@id":"https:\/\/citycenterone.hr\/split\/arhiva\/zlatna-gimnastika-za-blagdansku-nedjelju\/#breadcrumb"},"inLanguage":"hr-HR","potentialAction":[{"@type":"ReadAction","target":["https:\/\/citycenterone.hr\/split\/arhiva\/zlatna-gimnastika-za-blagdansku-nedjelju\/"]}]},{"@type":"ImageObject","inLanguage":"hr-HR","@id":"https:\/\/citycenterone.hr\/split\/arhiva\/zlatna-gimnastika-za-blagdansku-nedjelju\/#primaryimage","url":"https:\/\/citycenterone.hr\/split\/wp-content\/uploads\/sites\/4\/2023\/12\/cco-zlatna-gimnastika_1200x700_web.png","contentUrl":"https:\/\/citycenterone.hr\/split\/wp-content\/uploads\/sites\/4\/2023\/12\/cco-zlatna-gimnastika_1200x700_web.png","width":1200,"height":700},{"@type":"BreadcrumbList","@id":"https:\/\/citycenterone.hr\/split\/arhiva\/zlatna-gimnastika-za-blagdansku-nedjelju\/#breadcrumb","itemListElement":[{"@type":"ListItem","position":1,"name":"Home","item":"https:\/\/citycenterone.hr\/split\/"},{"@type":"ListItem","position":2,"name":"ZLATNA GIMNASTIKA ZA BLAGDANSKU NEDJELJU"}]},{"@type":"WebSite","@id":"https:\/\/citycenterone.hr\/split\/#website","url":"https:\/\/citycenterone.hr\/split\/","name":"Split","description":"Just another City Center One site","potentialAction":[{"@type":"SearchAction","target":{"@type":"EntryPoint","urlTemplate":"https:\/\/citycenterone.hr\/split\/?s={search_term_string}"},"query-input":{"@type":"PropertyValueSpecification","valueRequired":true,"valueName":"search_term_string"}}],"inLanguage":"hr-HR"},{"@type":"Person","@id":"https:\/\/citycenterone.hr\/split\/#\/schema\/person\/57af18176d926108515bf539d3cf142c","name":"buljan","image":{"@type":"ImageObject","inLanguage":"hr-HR","@id":"https:\/\/secure.gravatar.com\/avatar\/3c4aa92635fd07585fc7212c4647f42402b776991423f114c94ea2e4ed6bb5b9?s=96&d=mm&r=g","url":"https:\/\/secure.gravatar.com\/avatar\/3c4aa92635fd07585fc7212c4647f42402b776991423f114c94ea2e4ed6bb5b9?s=96&d=mm&r=g","contentUrl":"https:\/\/secure.gravatar.com\/avatar\/3c4aa92635fd07585fc7212c4647f42402b776991423f114c94ea2e4ed6bb5b9?s=96&d=mm&r=g","caption":"buljan"},"url":"https:\/\/citycenterone.hr\/split\/author\/buljan\/"}]}},"_links":{"self":[{"href":"https:\/\/citycenterone.hr\/split\/wp-json\/wp\/v2\/posts\/58482","targetHints":{"allow":["GET"]}}],"collection":[{"href":"https:\/\/citycenterone.hr\/split\/wp-json\/wp\/v2\/posts"}],"about":[{"href":"https:\/\/citycenterone.hr\/split\/wp-json\/wp\/v2\/types\/post"}],"author":[{"embeddable":true,"href":"https:\/\/citycenterone.hr\/split\/wp-json\/wp\/v2\/users\/28"}],"replies":[{"embeddable":true,"href":"https:\/\/citycenterone.hr\/split\/wp-json\/wp\/v2\/comments?post=58482"}],"version-history":[{"count":3,"href":"https:\/\/citycenterone.hr\/split\/wp-json\/wp\/v2\/posts\/58482\/revisions"}],"predecessor-version":[{"id":58489,"href":"https:\/\/citycenterone.hr\/split\/wp-json\/wp\/v2\/posts\/58482\/revisions\/58489"}],"wp:featuredmedia":[{"embeddable":true,"href":"https:\/\/citycenterone.hr\/split\/wp-json\/wp\/v2\/media\/58483"}],"wp:attachment":[{"href":"https:\/\/citycenterone.hr\/split\/wp-json\/wp\/v2\/media?parent=58482"}],"wp:term":[{"taxonomy":"category","embeddable":true,"href":"https:\/\/citycenterone.hr\/split\/wp-json\/wp\/v2\/categories?post=58482"},{"taxonomy":"post_tag","embeddable":true,"href":"https:\/\/citycenterone.hr\/split\/wp-json\/wp\/v2\/tags?post=58482"}],"curies":[{"name":"wp","href":"https:\/\/api.w.org\/{rel}","templated":true}]}}