{"id":58932,"date":"2024-01-31T15:48:13","date_gmt":"2024-01-31T15:48:13","guid":{"rendered":"https:\/\/citycenterone.hr\/split\/?p=58932"},"modified":"2024-02-04T20:25:09","modified_gmt":"2024-02-04T20:25:09","slug":"dan-crvenih-haljina","status":"publish","type":"post","link":"https:\/\/citycenterone.hr\/split\/arhiva\/dan-crvenih-haljina\/","title":{"rendered":"DAN CRVENIH HALJINA"},"content":{"rendered":"<p>Ovog petka, 2. velja\u010de, od 17:30 do 19:30 sati ne propustite javnozdravstvenu kampanju <strong>Dan crvenih haljina<\/strong> na prvom katu Centra te <strong>besplatno izmjerite tlak i \u0161e\u0107er<\/strong>.<\/p>\n<p>Uz mjerenja, za vas su tu i zdravstveni stru\u010dnjaci Nastavnog zavoda za javno zdravstvo Splitsko-dalmatinske \u017eupanije, KBCa Split \u2013 Klinike za neurologiju, Ljekarne Splitsko-dalmatinske \u017eupanije i\u00a0 Zdravstvene \u0161kole Split od kojih mo\u017eete dobiti brojne korisne informacije poput one najva\u017enije: kako prevenirati mo\u017edani udar, prepoznati i lije\u010diti.<\/p>\n<p>Javnozdravstvena kampanja Dan crvenih haljina je pokrenuta kako bi se podigla svijest o obolijevanju \u017eena od mo\u017edanog udara, a obilje\u017eava se prvog petka u velja\u010di. Cilj kampanje je potaknuti \u017eene na brigu o svom zdravlju, posebno srca i krvnih \u017eila.<\/p>\n<p>Pridru\u017eite nam se u City Centeru one!<\/p>\n","protected":false},"excerpt":{"rendered":"<p>Splitsko-dalmatinska \u017eupanija i City Center one ovog petka, 2. velja\u010de, obilje\u017eavaju Dan crvenih haljina.<\/p>\n","protected":false},"author":28,"featured_media":58933,"comment_status":"open","ping_status":"open","sticky":false,"template":"","format":"standard","meta":{"_acf_changed":false,"footnotes":""},"categories":[10],"tags":[],"class_list":["post-58932","post","type-post","status-publish","format-standard","has-post-thumbnail","hentry","category-arhiva"],"acf":[],"yoast_head":"<!-- This site is optimized with the Yoast SEO plugin v27.4 - https:\/\/yoast.com\/product\/yoast-seo-wordpress\/ -->\n<title>DAN CRVENIH HALJINA - Split<\/title>\n<meta name=\"robots\" content=\"index, follow, max-snippet:-1, max-image-preview:large, max-video-preview:-1\" \/>\n<link rel=\"canonical\" href=\"https:\/\/citycenterone.hr\/split\/arhiva\/dan-crvenih-haljina\/\" \/>\n<meta property=\"og:locale\" content=\"hr_HR\" \/>\n<meta property=\"og:type\" content=\"article\" \/>\n<meta property=\"og:title\" content=\"DAN CRVENIH HALJINA - Split\" \/>\n<meta property=\"og:description\" content=\"Splitsko-dalmatinska \u017eupanija i City Center one ovog petka, 2. velja\u010de, obilje\u017eavaju Dan crvenih haljina.\" \/>\n<meta property=\"og:url\" content=\"https:\/\/citycenterone.hr\/split\/arhiva\/dan-crvenih-haljina\/\" \/>\n<meta property=\"og:site_name\" content=\"Split\" \/>\n<meta property=\"article:published_time\" content=\"2024-01-31T15:48:13+00:00\" \/>\n<meta property=\"article:modified_time\" content=\"2024-02-04T20:25:09+00:00\" \/>\n<meta property=\"og:image\" content=\"https:\/\/citycenterone.hr\/split\/wp-content\/uploads\/sites\/4\/2024\/01\/Dan-crvenih-haljina-1024x1024.png\" \/>\n\t<meta property=\"og:image:width\" content=\"1024\" \/>\n\t<meta property=\"og:image:height\" content=\"1024\" \/>\n\t<meta property=\"og:image:type\" content=\"image\/png\" \/>\n<meta name=\"author\" content=\"buljan\" \/>\n<meta name=\"twitter:card\" content=\"summary_large_image\" \/>\n<meta name=\"twitter:label1\" content=\"Written by\" \/>\n\t<meta name=\"twitter:data1\" content=\"buljan\" \/>\n\t<meta name=\"twitter:label2\" content=\"Est. reading time\" \/>\n\t<meta name=\"twitter:data2\" content=\"1 minute\" \/>\n<script type=\"application\/ld+json\" class=\"yoast-schema-graph\">{\"@context\":\"https:\\\/\\\/schema.org\",\"@graph\":[{\"@type\":\"Article\",\"@id\":\"https:\\\/\\\/citycenterone.hr\\\/split\\\/arhiva\\\/dan-crvenih-haljina\\\/#article\",\"isPartOf\":{\"@id\":\"https:\\\/\\\/citycenterone.hr\\\/split\\\/arhiva\\\/dan-crvenih-haljina\\\/\"},\"author\":{\"name\":\"buljan\",\"@id\":\"https:\\\/\\\/citycenterone.hr\\\/split\\\/#\\\/schema\\\/person\\\/57af18176d926108515bf539d3cf142c\"},\"headline\":\"DAN CRVENIH HALJINA\",\"datePublished\":\"2024-01-31T15:48:13+00:00\",\"dateModified\":\"2024-02-04T20:25:09+00:00\",\"mainEntityOfPage\":{\"@id\":\"https:\\\/\\\/citycenterone.hr\\\/split\\\/arhiva\\\/dan-crvenih-haljina\\\/\"},\"wordCount\":129,\"commentCount\":0,\"image\":{\"@id\":\"https:\\\/\\\/citycenterone.hr\\\/split\\\/arhiva\\\/dan-crvenih-haljina\\\/#primaryimage\"},\"thumbnailUrl\":\"https:\\\/\\\/citycenterone.hr\\\/split\\\/wp-content\\\/uploads\\\/sites\\\/4\\\/2024\\\/01\\\/Dan-crvenih-haljina.png\",\"articleSection\":[\"Arhiva\"],\"inLanguage\":\"hr-HR\",\"potentialAction\":[{\"@type\":\"CommentAction\",\"name\":\"Comment\",\"target\":[\"https:\\\/\\\/citycenterone.hr\\\/split\\\/arhiva\\\/dan-crvenih-haljina\\\/#respond\"]}]},{\"@type\":\"WebPage\",\"@id\":\"https:\\\/\\\/citycenterone.hr\\\/split\\\/arhiva\\\/dan-crvenih-haljina\\\/\",\"url\":\"https:\\\/\\\/citycenterone.hr\\\/split\\\/arhiva\\\/dan-crvenih-haljina\\\/\",\"name\":\"DAN CRVENIH HALJINA - Split\",\"isPartOf\":{\"@id\":\"https:\\\/\\\/citycenterone.hr\\\/split\\\/#website\"},\"primaryImageOfPage\":{\"@id\":\"https:\\\/\\\/citycenterone.hr\\\/split\\\/arhiva\\\/dan-crvenih-haljina\\\/#primaryimage\"},\"image\":{\"@id\":\"https:\\\/\\\/citycenterone.hr\\\/split\\\/arhiva\\\/dan-crvenih-haljina\\\/#primaryimage\"},\"thumbnailUrl\":\"https:\\\/\\\/citycenterone.hr\\\/split\\\/wp-content\\\/uploads\\\/sites\\\/4\\\/2024\\\/01\\\/Dan-crvenih-haljina.png\",\"datePublished\":\"2024-01-31T15:48:13+00:00\",\"dateModified\":\"2024-02-04T20:25:09+00:00\",\"author\":{\"@id\":\"https:\\\/\\\/citycenterone.hr\\\/split\\\/#\\\/schema\\\/person\\\/57af18176d926108515bf539d3cf142c\"},\"breadcrumb\":{\"@id\":\"https:\\\/\\\/citycenterone.hr\\\/split\\\/arhiva\\\/dan-crvenih-haljina\\\/#breadcrumb\"},\"inLanguage\":\"hr-HR\",\"potentialAction\":[{\"@type\":\"ReadAction\",\"target\":[\"https:\\\/\\\/citycenterone.hr\\\/split\\\/arhiva\\\/dan-crvenih-haljina\\\/\"]}]},{\"@type\":\"ImageObject\",\"inLanguage\":\"hr-HR\",\"@id\":\"https:\\\/\\\/citycenterone.hr\\\/split\\\/arhiva\\\/dan-crvenih-haljina\\\/#primaryimage\",\"url\":\"https:\\\/\\\/citycenterone.hr\\\/split\\\/wp-content\\\/uploads\\\/sites\\\/4\\\/2024\\\/01\\\/Dan-crvenih-haljina.png\",\"contentUrl\":\"https:\\\/\\\/citycenterone.hr\\\/split\\\/wp-content\\\/uploads\\\/sites\\\/4\\\/2024\\\/01\\\/Dan-crvenih-haljina.png\",\"width\":2048,\"height\":2048},{\"@type\":\"BreadcrumbList\",\"@id\":\"https:\\\/\\\/citycenterone.hr\\\/split\\\/arhiva\\\/dan-crvenih-haljina\\\/#breadcrumb\",\"itemListElement\":[{\"@type\":\"ListItem\",\"position\":1,\"name\":\"Home\",\"item\":\"https:\\\/\\\/citycenterone.hr\\\/split\\\/\"},{\"@type\":\"ListItem\",\"position\":2,\"name\":\"DAN CRVENIH HALJINA\"}]},{\"@type\":\"WebSite\",\"@id\":\"https:\\\/\\\/citycenterone.hr\\\/split\\\/#website\",\"url\":\"https:\\\/\\\/citycenterone.hr\\\/split\\\/\",\"name\":\"Split\",\"description\":\"Just another City Center One site\",\"potentialAction\":[{\"@type\":\"SearchAction\",\"target\":{\"@type\":\"EntryPoint\",\"urlTemplate\":\"https:\\\/\\\/citycenterone.hr\\\/split\\\/?s={search_term_string}\"},\"query-input\":{\"@type\":\"PropertyValueSpecification\",\"valueRequired\":true,\"valueName\":\"search_term_string\"}}],\"inLanguage\":\"hr-HR\"},{\"@type\":\"Person\",\"@id\":\"https:\\\/\\\/citycenterone.hr\\\/split\\\/#\\\/schema\\\/person\\\/57af18176d926108515bf539d3cf142c\",\"name\":\"buljan\",\"image\":{\"@type\":\"ImageObject\",\"inLanguage\":\"hr-HR\",\"@id\":\"https:\\\/\\\/secure.gravatar.com\\\/avatar\\\/3c4aa92635fd07585fc7212c4647f42402b776991423f114c94ea2e4ed6bb5b9?s=96&d=mm&r=g\",\"url\":\"https:\\\/\\\/secure.gravatar.com\\\/avatar\\\/3c4aa92635fd07585fc7212c4647f42402b776991423f114c94ea2e4ed6bb5b9?s=96&d=mm&r=g\",\"contentUrl\":\"https:\\\/\\\/secure.gravatar.com\\\/avatar\\\/3c4aa92635fd07585fc7212c4647f42402b776991423f114c94ea2e4ed6bb5b9?s=96&d=mm&r=g\",\"caption\":\"buljan\"},\"url\":\"https:\\\/\\\/citycenterone.hr\\\/split\\\/author\\\/buljan\\\/\"}]}<\/script>\n<!-- \/ Yoast SEO plugin. -->","yoast_head_json":{"title":"DAN CRVENIH HALJINA - Split","robots":{"index":"index","follow":"follow","max-snippet":"max-snippet:-1","max-image-preview":"max-image-preview:large","max-video-preview":"max-video-preview:-1"},"canonical":"https:\/\/citycenterone.hr\/split\/arhiva\/dan-crvenih-haljina\/","og_locale":"hr_HR","og_type":"article","og_title":"DAN CRVENIH HALJINA - Split","og_description":"Splitsko-dalmatinska \u017eupanija i City Center one ovog petka, 2. velja\u010de, obilje\u017eavaju Dan crvenih haljina.","og_url":"https:\/\/citycenterone.hr\/split\/arhiva\/dan-crvenih-haljina\/","og_site_name":"Split","article_published_time":"2024-01-31T15:48:13+00:00","article_modified_time":"2024-02-04T20:25:09+00:00","og_image":[{"width":1024,"height":1024,"url":"https:\/\/citycenterone.hr\/split\/wp-content\/uploads\/sites\/4\/2024\/01\/Dan-crvenih-haljina-1024x1024.png","type":"image\/png"}],"author":"buljan","twitter_card":"summary_large_image","twitter_misc":{"Written by":"buljan","Est. reading time":"1 minute"},"schema":{"@context":"https:\/\/schema.org","@graph":[{"@type":"Article","@id":"https:\/\/citycenterone.hr\/split\/arhiva\/dan-crvenih-haljina\/#article","isPartOf":{"@id":"https:\/\/citycenterone.hr\/split\/arhiva\/dan-crvenih-haljina\/"},"author":{"name":"buljan","@id":"https:\/\/citycenterone.hr\/split\/#\/schema\/person\/57af18176d926108515bf539d3cf142c"},"headline":"DAN CRVENIH HALJINA","datePublished":"2024-01-31T15:48:13+00:00","dateModified":"2024-02-04T20:25:09+00:00","mainEntityOfPage":{"@id":"https:\/\/citycenterone.hr\/split\/arhiva\/dan-crvenih-haljina\/"},"wordCount":129,"commentCount":0,"image":{"@id":"https:\/\/citycenterone.hr\/split\/arhiva\/dan-crvenih-haljina\/#primaryimage"},"thumbnailUrl":"https:\/\/citycenterone.hr\/split\/wp-content\/uploads\/sites\/4\/2024\/01\/Dan-crvenih-haljina.png","articleSection":["Arhiva"],"inLanguage":"hr-HR","potentialAction":[{"@type":"CommentAction","name":"Comment","target":["https:\/\/citycenterone.hr\/split\/arhiva\/dan-crvenih-haljina\/#respond"]}]},{"@type":"WebPage","@id":"https:\/\/citycenterone.hr\/split\/arhiva\/dan-crvenih-haljina\/","url":"https:\/\/citycenterone.hr\/split\/arhiva\/dan-crvenih-haljina\/","name":"DAN CRVENIH HALJINA - Split","isPartOf":{"@id":"https:\/\/citycenterone.hr\/split\/#website"},"primaryImageOfPage":{"@id":"https:\/\/citycenterone.hr\/split\/arhiva\/dan-crvenih-haljina\/#primaryimage"},"image":{"@id":"https:\/\/citycenterone.hr\/split\/arhiva\/dan-crvenih-haljina\/#primaryimage"},"thumbnailUrl":"https:\/\/citycenterone.hr\/split\/wp-content\/uploads\/sites\/4\/2024\/01\/Dan-crvenih-haljina.png","datePublished":"2024-01-31T15:48:13+00:00","dateModified":"2024-02-04T20:25:09+00:00","author":{"@id":"https:\/\/citycenterone.hr\/split\/#\/schema\/person\/57af18176d926108515bf539d3cf142c"},"breadcrumb":{"@id":"https:\/\/citycenterone.hr\/split\/arhiva\/dan-crvenih-haljina\/#breadcrumb"},"inLanguage":"hr-HR","potentialAction":[{"@type":"ReadAction","target":["https:\/\/citycenterone.hr\/split\/arhiva\/dan-crvenih-haljina\/"]}]},{"@type":"ImageObject","inLanguage":"hr-HR","@id":"https:\/\/citycenterone.hr\/split\/arhiva\/dan-crvenih-haljina\/#primaryimage","url":"https:\/\/citycenterone.hr\/split\/wp-content\/uploads\/sites\/4\/2024\/01\/Dan-crvenih-haljina.png","contentUrl":"https:\/\/citycenterone.hr\/split\/wp-content\/uploads\/sites\/4\/2024\/01\/Dan-crvenih-haljina.png","width":2048,"height":2048},{"@type":"BreadcrumbList","@id":"https:\/\/citycenterone.hr\/split\/arhiva\/dan-crvenih-haljina\/#breadcrumb","itemListElement":[{"@type":"ListItem","position":1,"name":"Home","item":"https:\/\/citycenterone.hr\/split\/"},{"@type":"ListItem","position":2,"name":"DAN CRVENIH HALJINA"}]},{"@type":"WebSite","@id":"https:\/\/citycenterone.hr\/split\/#website","url":"https:\/\/citycenterone.hr\/split\/","name":"Split","description":"Just another City Center One site","potentialAction":[{"@type":"SearchAction","target":{"@type":"EntryPoint","urlTemplate":"https:\/\/citycenterone.hr\/split\/?s={search_term_string}"},"query-input":{"@type":"PropertyValueSpecification","valueRequired":true,"valueName":"search_term_string"}}],"inLanguage":"hr-HR"},{"@type":"Person","@id":"https:\/\/citycenterone.hr\/split\/#\/schema\/person\/57af18176d926108515bf539d3cf142c","name":"buljan","image":{"@type":"ImageObject","inLanguage":"hr-HR","@id":"https:\/\/secure.gravatar.com\/avatar\/3c4aa92635fd07585fc7212c4647f42402b776991423f114c94ea2e4ed6bb5b9?s=96&d=mm&r=g","url":"https:\/\/secure.gravatar.com\/avatar\/3c4aa92635fd07585fc7212c4647f42402b776991423f114c94ea2e4ed6bb5b9?s=96&d=mm&r=g","contentUrl":"https:\/\/secure.gravatar.com\/avatar\/3c4aa92635fd07585fc7212c4647f42402b776991423f114c94ea2e4ed6bb5b9?s=96&d=mm&r=g","caption":"buljan"},"url":"https:\/\/citycenterone.hr\/split\/author\/buljan\/"}]}},"_links":{"self":[{"href":"https:\/\/citycenterone.hr\/split\/wp-json\/wp\/v2\/posts\/58932","targetHints":{"allow":["GET"]}}],"collection":[{"href":"https:\/\/citycenterone.hr\/split\/wp-json\/wp\/v2\/posts"}],"about":[{"href":"https:\/\/citycenterone.hr\/split\/wp-json\/wp\/v2\/types\/post"}],"author":[{"embeddable":true,"href":"https:\/\/citycenterone.hr\/split\/wp-json\/wp\/v2\/users\/28"}],"replies":[{"embeddable":true,"href":"https:\/\/citycenterone.hr\/split\/wp-json\/wp\/v2\/comments?post=58932"}],"version-history":[{"count":3,"href":"https:\/\/citycenterone.hr\/split\/wp-json\/wp\/v2\/posts\/58932\/revisions"}],"predecessor-version":[{"id":58941,"href":"https:\/\/citycenterone.hr\/split\/wp-json\/wp\/v2\/posts\/58932\/revisions\/58941"}],"wp:featuredmedia":[{"embeddable":true,"href":"https:\/\/citycenterone.hr\/split\/wp-json\/wp\/v2\/media\/58933"}],"wp:attachment":[{"href":"https:\/\/citycenterone.hr\/split\/wp-json\/wp\/v2\/media?parent=58932"}],"wp:term":[{"taxonomy":"category","embeddable":true,"href":"https:\/\/citycenterone.hr\/split\/wp-json\/wp\/v2\/categories?post=58932"},{"taxonomy":"post_tag","embeddable":true,"href":"https:\/\/citycenterone.hr\/split\/wp-json\/wp\/v2\/tags?post=58932"}],"curies":[{"name":"wp","href":"https:\/\/api.w.org\/{rel}","templated":true}]}}