{"id":59426,"date":"2024-03-03T16:10:39","date_gmt":"2024-03-03T16:10:39","guid":{"rendered":"https:\/\/citycenterone.hr\/split\/?p=59426"},"modified":"2024-04-02T08:14:18","modified_gmt":"2024-04-02T08:14:18","slug":"pecat-od-vrimena-storija-o-plisnacu","status":"publish","type":"post","link":"https:\/\/citycenterone.hr\/split\/arhiva\/pecat-od-vrimena-storija-o-plisnacu\/","title":{"rendered":"PE\u010cAT OD VRIMENA \u2013 \u0160TORIJA O PLISNACU"},"content":{"rendered":"<p>Povodom proslave svoga 7. ro\u0111endana, portal <strong>Dalmacija Danas<\/strong> predstavio je izlo\u017ebu <strong>\u201ePe\u010dat od vrimena &#8211; \u0160torija o plisnacu\u201c<\/strong>, u kojoj posjetitelji City Centera one imaju priliku u\u017eivati <strong>do 30. o\u017eujka<\/strong> i tako se upoznati s tradicijom dalmatinskog sela.<\/p>\n<p>\u201ePe\u010dat od vrimena &#8211; \u0160torija o plisnacu\u201c projekt je kojim portal Dalmacija Danas predstavlja pri\u010de, obi\u010daje, legende, ljude i lokalitete Dalmacije za koje smatraju da su nepo\u0161teno zapostavljeni. Kroz izlo\u017ebu smje\u0161tenu <strong>u prizemlju City Centera one<\/strong>, predstavljeno je 20 odabranih uradaka talentiranog splitskog fotografskog dvojca Milana \u0160abi\u0107a i Miroslava Lelasa iz agencije \u201eNone Of The Above\u201c. Fotografije kombiniraju visoko profesionalni dokumentaristi\u010dki i umjetni\u010dki stil kako bi se \u0161to vjernije prenijela tradicija dalmatinskog sela.<\/p>\n<p>Do\u0111ite i otkrijte davno zaboravljene pri\u010de i obi\u010daje. Vidimo se!<\/p>\n","protected":false},"excerpt":{"rendered":"<p>Pogledajte izlo\u017ebu fotografija u prizemlju Centra.<\/p>\n","protected":false},"author":28,"featured_media":59427,"comment_status":"open","ping_status":"open","sticky":false,"template":"","format":"standard","meta":{"_acf_changed":false,"footnotes":""},"categories":[10],"tags":[],"class_list":["post-59426","post","type-post","status-publish","format-standard","has-post-thumbnail","hentry","category-arhiva"],"acf":[],"yoast_head":"<!-- This site is optimized with the Yoast SEO plugin v27.4 - https:\/\/yoast.com\/product\/yoast-seo-wordpress\/ -->\n<title>PE\u010cAT OD VRIMENA \u2013 \u0160TORIJA O PLISNACU - Split<\/title>\n<meta name=\"robots\" content=\"index, follow, max-snippet:-1, max-image-preview:large, max-video-preview:-1\" \/>\n<link rel=\"canonical\" href=\"https:\/\/citycenterone.hr\/split\/arhiva\/pecat-od-vrimena-storija-o-plisnacu\/\" \/>\n<meta property=\"og:locale\" content=\"hr_HR\" \/>\n<meta property=\"og:type\" content=\"article\" \/>\n<meta property=\"og:title\" content=\"PE\u010cAT OD VRIMENA \u2013 \u0160TORIJA O PLISNACU - Split\" \/>\n<meta property=\"og:description\" content=\"Pogledajte izlo\u017ebu fotografija u prizemlju Centra.\" \/>\n<meta property=\"og:url\" content=\"https:\/\/citycenterone.hr\/split\/arhiva\/pecat-od-vrimena-storija-o-plisnacu\/\" \/>\n<meta property=\"og:site_name\" content=\"Split\" \/>\n<meta property=\"article:published_time\" content=\"2024-03-03T16:10:39+00:00\" \/>\n<meta property=\"article:modified_time\" content=\"2024-04-02T08:14:18+00:00\" \/>\n<meta property=\"og:image\" content=\"https:\/\/citycenterone.hr\/split\/wp-content\/uploads\/sites\/4\/2024\/03\/CCO-1200x700-1.png\" \/>\n\t<meta property=\"og:image:width\" content=\"1200\" \/>\n\t<meta property=\"og:image:height\" content=\"700\" \/>\n\t<meta property=\"og:image:type\" content=\"image\/png\" \/>\n<meta name=\"author\" content=\"buljan\" \/>\n<meta name=\"twitter:card\" content=\"summary_large_image\" \/>\n<meta name=\"twitter:label1\" content=\"Written by\" \/>\n\t<meta name=\"twitter:data1\" content=\"buljan\" \/>\n\t<meta name=\"twitter:label2\" content=\"Est. reading time\" \/>\n\t<meta name=\"twitter:data2\" content=\"1 minute\" \/>\n<script type=\"application\/ld+json\" class=\"yoast-schema-graph\">{\"@context\":\"https:\\\/\\\/schema.org\",\"@graph\":[{\"@type\":\"Article\",\"@id\":\"https:\\\/\\\/citycenterone.hr\\\/split\\\/arhiva\\\/pecat-od-vrimena-storija-o-plisnacu\\\/#article\",\"isPartOf\":{\"@id\":\"https:\\\/\\\/citycenterone.hr\\\/split\\\/arhiva\\\/pecat-od-vrimena-storija-o-plisnacu\\\/\"},\"author\":{\"name\":\"buljan\",\"@id\":\"https:\\\/\\\/citycenterone.hr\\\/split\\\/#\\\/schema\\\/person\\\/57af18176d926108515bf539d3cf142c\"},\"headline\":\"PE\u010cAT OD VRIMENA \u2013 \u0160TORIJA O PLISNACU\",\"datePublished\":\"2024-03-03T16:10:39+00:00\",\"dateModified\":\"2024-04-02T08:14:18+00:00\",\"mainEntityOfPage\":{\"@id\":\"https:\\\/\\\/citycenterone.hr\\\/split\\\/arhiva\\\/pecat-od-vrimena-storija-o-plisnacu\\\/\"},\"wordCount\":142,\"commentCount\":0,\"image\":{\"@id\":\"https:\\\/\\\/citycenterone.hr\\\/split\\\/arhiva\\\/pecat-od-vrimena-storija-o-plisnacu\\\/#primaryimage\"},\"thumbnailUrl\":\"https:\\\/\\\/citycenterone.hr\\\/split\\\/wp-content\\\/uploads\\\/sites\\\/4\\\/2024\\\/03\\\/CCO-1200x700-1.png\",\"articleSection\":[\"Arhiva\"],\"inLanguage\":\"hr-HR\",\"potentialAction\":[{\"@type\":\"CommentAction\",\"name\":\"Comment\",\"target\":[\"https:\\\/\\\/citycenterone.hr\\\/split\\\/arhiva\\\/pecat-od-vrimena-storija-o-plisnacu\\\/#respond\"]}]},{\"@type\":\"WebPage\",\"@id\":\"https:\\\/\\\/citycenterone.hr\\\/split\\\/arhiva\\\/pecat-od-vrimena-storija-o-plisnacu\\\/\",\"url\":\"https:\\\/\\\/citycenterone.hr\\\/split\\\/arhiva\\\/pecat-od-vrimena-storija-o-plisnacu\\\/\",\"name\":\"PE\u010cAT OD VRIMENA \u2013 \u0160TORIJA O PLISNACU - Split\",\"isPartOf\":{\"@id\":\"https:\\\/\\\/citycenterone.hr\\\/split\\\/#website\"},\"primaryImageOfPage\":{\"@id\":\"https:\\\/\\\/citycenterone.hr\\\/split\\\/arhiva\\\/pecat-od-vrimena-storija-o-plisnacu\\\/#primaryimage\"},\"image\":{\"@id\":\"https:\\\/\\\/citycenterone.hr\\\/split\\\/arhiva\\\/pecat-od-vrimena-storija-o-plisnacu\\\/#primaryimage\"},\"thumbnailUrl\":\"https:\\\/\\\/citycenterone.hr\\\/split\\\/wp-content\\\/uploads\\\/sites\\\/4\\\/2024\\\/03\\\/CCO-1200x700-1.png\",\"datePublished\":\"2024-03-03T16:10:39+00:00\",\"dateModified\":\"2024-04-02T08:14:18+00:00\",\"author\":{\"@id\":\"https:\\\/\\\/citycenterone.hr\\\/split\\\/#\\\/schema\\\/person\\\/57af18176d926108515bf539d3cf142c\"},\"breadcrumb\":{\"@id\":\"https:\\\/\\\/citycenterone.hr\\\/split\\\/arhiva\\\/pecat-od-vrimena-storija-o-plisnacu\\\/#breadcrumb\"},\"inLanguage\":\"hr-HR\",\"potentialAction\":[{\"@type\":\"ReadAction\",\"target\":[\"https:\\\/\\\/citycenterone.hr\\\/split\\\/arhiva\\\/pecat-od-vrimena-storija-o-plisnacu\\\/\"]}]},{\"@type\":\"ImageObject\",\"inLanguage\":\"hr-HR\",\"@id\":\"https:\\\/\\\/citycenterone.hr\\\/split\\\/arhiva\\\/pecat-od-vrimena-storija-o-plisnacu\\\/#primaryimage\",\"url\":\"https:\\\/\\\/citycenterone.hr\\\/split\\\/wp-content\\\/uploads\\\/sites\\\/4\\\/2024\\\/03\\\/CCO-1200x700-1.png\",\"contentUrl\":\"https:\\\/\\\/citycenterone.hr\\\/split\\\/wp-content\\\/uploads\\\/sites\\\/4\\\/2024\\\/03\\\/CCO-1200x700-1.png\",\"width\":1200,\"height\":700},{\"@type\":\"BreadcrumbList\",\"@id\":\"https:\\\/\\\/citycenterone.hr\\\/split\\\/arhiva\\\/pecat-od-vrimena-storija-o-plisnacu\\\/#breadcrumb\",\"itemListElement\":[{\"@type\":\"ListItem\",\"position\":1,\"name\":\"Home\",\"item\":\"https:\\\/\\\/citycenterone.hr\\\/split\\\/\"},{\"@type\":\"ListItem\",\"position\":2,\"name\":\"PE\u010cAT OD VRIMENA \u2013 \u0160TORIJA O PLISNACU\"}]},{\"@type\":\"WebSite\",\"@id\":\"https:\\\/\\\/citycenterone.hr\\\/split\\\/#website\",\"url\":\"https:\\\/\\\/citycenterone.hr\\\/split\\\/\",\"name\":\"Split\",\"description\":\"Just another City Center One site\",\"potentialAction\":[{\"@type\":\"SearchAction\",\"target\":{\"@type\":\"EntryPoint\",\"urlTemplate\":\"https:\\\/\\\/citycenterone.hr\\\/split\\\/?s={search_term_string}\"},\"query-input\":{\"@type\":\"PropertyValueSpecification\",\"valueRequired\":true,\"valueName\":\"search_term_string\"}}],\"inLanguage\":\"hr-HR\"},{\"@type\":\"Person\",\"@id\":\"https:\\\/\\\/citycenterone.hr\\\/split\\\/#\\\/schema\\\/person\\\/57af18176d926108515bf539d3cf142c\",\"name\":\"buljan\",\"image\":{\"@type\":\"ImageObject\",\"inLanguage\":\"hr-HR\",\"@id\":\"https:\\\/\\\/secure.gravatar.com\\\/avatar\\\/3c4aa92635fd07585fc7212c4647f42402b776991423f114c94ea2e4ed6bb5b9?s=96&d=mm&r=g\",\"url\":\"https:\\\/\\\/secure.gravatar.com\\\/avatar\\\/3c4aa92635fd07585fc7212c4647f42402b776991423f114c94ea2e4ed6bb5b9?s=96&d=mm&r=g\",\"contentUrl\":\"https:\\\/\\\/secure.gravatar.com\\\/avatar\\\/3c4aa92635fd07585fc7212c4647f42402b776991423f114c94ea2e4ed6bb5b9?s=96&d=mm&r=g\",\"caption\":\"buljan\"},\"url\":\"https:\\\/\\\/citycenterone.hr\\\/split\\\/author\\\/buljan\\\/\"}]}<\/script>\n<!-- \/ Yoast SEO plugin. -->","yoast_head_json":{"title":"PE\u010cAT OD VRIMENA \u2013 \u0160TORIJA O PLISNACU - Split","robots":{"index":"index","follow":"follow","max-snippet":"max-snippet:-1","max-image-preview":"max-image-preview:large","max-video-preview":"max-video-preview:-1"},"canonical":"https:\/\/citycenterone.hr\/split\/arhiva\/pecat-od-vrimena-storija-o-plisnacu\/","og_locale":"hr_HR","og_type":"article","og_title":"PE\u010cAT OD VRIMENA \u2013 \u0160TORIJA O PLISNACU - Split","og_description":"Pogledajte izlo\u017ebu fotografija u prizemlju Centra.","og_url":"https:\/\/citycenterone.hr\/split\/arhiva\/pecat-od-vrimena-storija-o-plisnacu\/","og_site_name":"Split","article_published_time":"2024-03-03T16:10:39+00:00","article_modified_time":"2024-04-02T08:14:18+00:00","og_image":[{"width":1200,"height":700,"url":"https:\/\/citycenterone.hr\/split\/wp-content\/uploads\/sites\/4\/2024\/03\/CCO-1200x700-1.png","type":"image\/png"}],"author":"buljan","twitter_card":"summary_large_image","twitter_misc":{"Written by":"buljan","Est. reading time":"1 minute"},"schema":{"@context":"https:\/\/schema.org","@graph":[{"@type":"Article","@id":"https:\/\/citycenterone.hr\/split\/arhiva\/pecat-od-vrimena-storija-o-plisnacu\/#article","isPartOf":{"@id":"https:\/\/citycenterone.hr\/split\/arhiva\/pecat-od-vrimena-storija-o-plisnacu\/"},"author":{"name":"buljan","@id":"https:\/\/citycenterone.hr\/split\/#\/schema\/person\/57af18176d926108515bf539d3cf142c"},"headline":"PE\u010cAT OD VRIMENA \u2013 \u0160TORIJA O PLISNACU","datePublished":"2024-03-03T16:10:39+00:00","dateModified":"2024-04-02T08:14:18+00:00","mainEntityOfPage":{"@id":"https:\/\/citycenterone.hr\/split\/arhiva\/pecat-od-vrimena-storija-o-plisnacu\/"},"wordCount":142,"commentCount":0,"image":{"@id":"https:\/\/citycenterone.hr\/split\/arhiva\/pecat-od-vrimena-storija-o-plisnacu\/#primaryimage"},"thumbnailUrl":"https:\/\/citycenterone.hr\/split\/wp-content\/uploads\/sites\/4\/2024\/03\/CCO-1200x700-1.png","articleSection":["Arhiva"],"inLanguage":"hr-HR","potentialAction":[{"@type":"CommentAction","name":"Comment","target":["https:\/\/citycenterone.hr\/split\/arhiva\/pecat-od-vrimena-storija-o-plisnacu\/#respond"]}]},{"@type":"WebPage","@id":"https:\/\/citycenterone.hr\/split\/arhiva\/pecat-od-vrimena-storija-o-plisnacu\/","url":"https:\/\/citycenterone.hr\/split\/arhiva\/pecat-od-vrimena-storija-o-plisnacu\/","name":"PE\u010cAT OD VRIMENA \u2013 \u0160TORIJA O PLISNACU - Split","isPartOf":{"@id":"https:\/\/citycenterone.hr\/split\/#website"},"primaryImageOfPage":{"@id":"https:\/\/citycenterone.hr\/split\/arhiva\/pecat-od-vrimena-storija-o-plisnacu\/#primaryimage"},"image":{"@id":"https:\/\/citycenterone.hr\/split\/arhiva\/pecat-od-vrimena-storija-o-plisnacu\/#primaryimage"},"thumbnailUrl":"https:\/\/citycenterone.hr\/split\/wp-content\/uploads\/sites\/4\/2024\/03\/CCO-1200x700-1.png","datePublished":"2024-03-03T16:10:39+00:00","dateModified":"2024-04-02T08:14:18+00:00","author":{"@id":"https:\/\/citycenterone.hr\/split\/#\/schema\/person\/57af18176d926108515bf539d3cf142c"},"breadcrumb":{"@id":"https:\/\/citycenterone.hr\/split\/arhiva\/pecat-od-vrimena-storija-o-plisnacu\/#breadcrumb"},"inLanguage":"hr-HR","potentialAction":[{"@type":"ReadAction","target":["https:\/\/citycenterone.hr\/split\/arhiva\/pecat-od-vrimena-storija-o-plisnacu\/"]}]},{"@type":"ImageObject","inLanguage":"hr-HR","@id":"https:\/\/citycenterone.hr\/split\/arhiva\/pecat-od-vrimena-storija-o-plisnacu\/#primaryimage","url":"https:\/\/citycenterone.hr\/split\/wp-content\/uploads\/sites\/4\/2024\/03\/CCO-1200x700-1.png","contentUrl":"https:\/\/citycenterone.hr\/split\/wp-content\/uploads\/sites\/4\/2024\/03\/CCO-1200x700-1.png","width":1200,"height":700},{"@type":"BreadcrumbList","@id":"https:\/\/citycenterone.hr\/split\/arhiva\/pecat-od-vrimena-storija-o-plisnacu\/#breadcrumb","itemListElement":[{"@type":"ListItem","position":1,"name":"Home","item":"https:\/\/citycenterone.hr\/split\/"},{"@type":"ListItem","position":2,"name":"PE\u010cAT OD VRIMENA \u2013 \u0160TORIJA O PLISNACU"}]},{"@type":"WebSite","@id":"https:\/\/citycenterone.hr\/split\/#website","url":"https:\/\/citycenterone.hr\/split\/","name":"Split","description":"Just another City Center One site","potentialAction":[{"@type":"SearchAction","target":{"@type":"EntryPoint","urlTemplate":"https:\/\/citycenterone.hr\/split\/?s={search_term_string}"},"query-input":{"@type":"PropertyValueSpecification","valueRequired":true,"valueName":"search_term_string"}}],"inLanguage":"hr-HR"},{"@type":"Person","@id":"https:\/\/citycenterone.hr\/split\/#\/schema\/person\/57af18176d926108515bf539d3cf142c","name":"buljan","image":{"@type":"ImageObject","inLanguage":"hr-HR","@id":"https:\/\/secure.gravatar.com\/avatar\/3c4aa92635fd07585fc7212c4647f42402b776991423f114c94ea2e4ed6bb5b9?s=96&d=mm&r=g","url":"https:\/\/secure.gravatar.com\/avatar\/3c4aa92635fd07585fc7212c4647f42402b776991423f114c94ea2e4ed6bb5b9?s=96&d=mm&r=g","contentUrl":"https:\/\/secure.gravatar.com\/avatar\/3c4aa92635fd07585fc7212c4647f42402b776991423f114c94ea2e4ed6bb5b9?s=96&d=mm&r=g","caption":"buljan"},"url":"https:\/\/citycenterone.hr\/split\/author\/buljan\/"}]}},"_links":{"self":[{"href":"https:\/\/citycenterone.hr\/split\/wp-json\/wp\/v2\/posts\/59426","targetHints":{"allow":["GET"]}}],"collection":[{"href":"https:\/\/citycenterone.hr\/split\/wp-json\/wp\/v2\/posts"}],"about":[{"href":"https:\/\/citycenterone.hr\/split\/wp-json\/wp\/v2\/types\/post"}],"author":[{"embeddable":true,"href":"https:\/\/citycenterone.hr\/split\/wp-json\/wp\/v2\/users\/28"}],"replies":[{"embeddable":true,"href":"https:\/\/citycenterone.hr\/split\/wp-json\/wp\/v2\/comments?post=59426"}],"version-history":[{"count":3,"href":"https:\/\/citycenterone.hr\/split\/wp-json\/wp\/v2\/posts\/59426\/revisions"}],"predecessor-version":[{"id":59520,"href":"https:\/\/citycenterone.hr\/split\/wp-json\/wp\/v2\/posts\/59426\/revisions\/59520"}],"wp:featuredmedia":[{"embeddable":true,"href":"https:\/\/citycenterone.hr\/split\/wp-json\/wp\/v2\/media\/59427"}],"wp:attachment":[{"href":"https:\/\/citycenterone.hr\/split\/wp-json\/wp\/v2\/media?parent=59426"}],"wp:term":[{"taxonomy":"category","embeddable":true,"href":"https:\/\/citycenterone.hr\/split\/wp-json\/wp\/v2\/categories?post=59426"},{"taxonomy":"post_tag","embeddable":true,"href":"https:\/\/citycenterone.hr\/split\/wp-json\/wp\/v2\/tags?post=59426"}],"curies":[{"name":"wp","href":"https:\/\/api.w.org\/{rel}","templated":true}]}}