{"id":67994,"date":"2026-03-20T13:30:07","date_gmt":"2026-03-20T13:30:07","guid":{"rendered":"https:\/\/citycenterone.hr\/split\/?p=67994"},"modified":"2026-04-07T07:20:20","modified_gmt":"2026-04-07T07:20:20","slug":"dani-akcijskih-cijena-rabljenih-vozila","status":"publish","type":"post","link":"https:\/\/citycenterone.hr\/split\/arhiva\/dani-akcijskih-cijena-rabljenih-vozila\/","title":{"rendered":"Dani akcijskih cijena rabljenih vozila"},"content":{"rendered":"<p><strong>Auto Savjetnik <\/strong>donosi prvo izdanje Dana akcijskih cijena rabljenih vozila, trodnevni doga\u0111aj koji <strong>od 27. do 29. o\u017eujka<\/strong> pretvara 3. eta\u017eu City Centera one u veliku izlo\u017ebenu zonu automobila.\u00a0O\u010dekuju vas <strong>akcijske cijene, testne vo\u017enje<\/strong>, <strong>stru\u010dna<\/strong> <strong>pomo\u0107 pri odabiru<\/strong> i <strong>bogata ponuda vozila<\/strong> privatnih prodavatelja, autoku\u0107a i rent a car tvrtki.<\/p>\n<p>Neka vozila ve\u0107 su izlo\u017eena te ih mo\u017eete pogledati i prije po\u010detka doga\u0111aja. Svi zainteresirani za prodaju mogu prijaviti svoje vozilo u prostoru Auto Savjetnika na <strong>2. katu City Centera one<\/strong>, nasuprot Info pulta, putem maila <a href=\"mailto:info@auto-savjetnik.hr\">info@auto-savjetnik.hr<\/a>, mobitela: 095 530 2799 ili na web stranici\u00a0<a href=\"https:\/\/eur02.safelinks.protection.outlook.com\/?url=http%3A%2F%2Fwww.auto-savjetnik.hr%2F&amp;data=05%7C02%7Ct.milkovic%40cc-real.com%7Cac86ccdd6d674475addb08de85cd8776%7C1eb68250e0e6482dae787afed5cf7494%7C0%7C0%7C639095314993566425%7CUnknown%7CTWFpbGZsb3d8eyJFbXB0eU1hcGkiOnRydWUsIlYiOiIwLjAuMDAwMCIsIlAiOiJXaW4zMiIsIkFOIjoiTWFpbCIsIldUIjoyfQ%3D%3D%7C0%7C%7C%7C&amp;sdata=XJdfCl3NHI2mziX6%2BkoLN%2BoimIr4dat%2BuBMu0oQOpc4%3D&amp;reserved=0\">www.auto-savjetnik.hr<\/a>.<\/p>\n<p><strong>Tri dana, stotine mogu\u0107nosti. <\/strong><\/p>\n<p>Vidimo se na Danima akcijskih cijena rabljenih vozila!<\/p>\n","protected":false},"excerpt":{"rendered":"<p>Tri dana odli\u010dnih ponuda i testnih vo\u017enji!<\/p>\n","protected":false},"author":31,"featured_media":67995,"comment_status":"open","ping_status":"open","sticky":false,"template":"","format":"standard","meta":{"_acf_changed":false,"footnotes":""},"categories":[10],"tags":[],"class_list":["post-67994","post","type-post","status-publish","format-standard","has-post-thumbnail","hentry","category-arhiva"],"acf":[],"yoast_head":"<!-- This site is optimized with the Yoast SEO plugin v27.4 - https:\/\/yoast.com\/product\/yoast-seo-wordpress\/ -->\n<title>Dani akcijskih cijena rabljenih vozila - Split<\/title>\n<meta name=\"robots\" content=\"index, follow, max-snippet:-1, max-image-preview:large, max-video-preview:-1\" \/>\n<link rel=\"canonical\" href=\"https:\/\/citycenterone.hr\/split\/arhiva\/dani-akcijskih-cijena-rabljenih-vozila\/\" \/>\n<meta property=\"og:locale\" content=\"hr_HR\" \/>\n<meta property=\"og:type\" content=\"article\" \/>\n<meta property=\"og:title\" content=\"Dani akcijskih cijena rabljenih vozila - Split\" \/>\n<meta property=\"og:description\" content=\"Tri dana odli\u010dnih ponuda i testnih vo\u017enji!\" \/>\n<meta property=\"og:url\" content=\"https:\/\/citycenterone.hr\/split\/arhiva\/dani-akcijskih-cijena-rabljenih-vozila\/\" \/>\n<meta property=\"og:site_name\" content=\"Split\" \/>\n<meta property=\"article:published_time\" content=\"2026-03-20T13:30:07+00:00\" \/>\n<meta property=\"article:modified_time\" content=\"2026-04-07T07:20:20+00:00\" \/>\n<meta property=\"og:image\" content=\"https:\/\/citycenterone.hr\/split\/wp-content\/uploads\/sites\/4\/2026\/03\/Studio-Ali-2-of-19-1200-700.jpg\" \/>\n\t<meta property=\"og:image:width\" content=\"1200\" \/>\n\t<meta property=\"og:image:height\" content=\"700\" \/>\n\t<meta property=\"og:image:type\" content=\"image\/jpeg\" \/>\n<meta name=\"author\" content=\"tmilkovic\" \/>\n<meta name=\"twitter:card\" content=\"summary_large_image\" \/>\n<meta name=\"twitter:label1\" content=\"Written by\" \/>\n\t<meta name=\"twitter:data1\" content=\"tmilkovic\" \/>\n\t<meta name=\"twitter:label2\" content=\"Est. reading time\" \/>\n\t<meta name=\"twitter:data2\" content=\"1 minute\" \/>\n<script type=\"application\/ld+json\" class=\"yoast-schema-graph\">{\"@context\":\"https:\\\/\\\/schema.org\",\"@graph\":[{\"@type\":\"Article\",\"@id\":\"https:\\\/\\\/citycenterone.hr\\\/split\\\/arhiva\\\/dani-akcijskih-cijena-rabljenih-vozila\\\/#article\",\"isPartOf\":{\"@id\":\"https:\\\/\\\/citycenterone.hr\\\/split\\\/arhiva\\\/dani-akcijskih-cijena-rabljenih-vozila\\\/\"},\"author\":{\"name\":\"tmilkovic\",\"@id\":\"https:\\\/\\\/citycenterone.hr\\\/split\\\/#\\\/schema\\\/person\\\/660d29716812b0c08bca7f33f775b857\"},\"headline\":\"Dani akcijskih cijena rabljenih vozila\",\"datePublished\":\"2026-03-20T13:30:07+00:00\",\"dateModified\":\"2026-04-07T07:20:20+00:00\",\"mainEntityOfPage\":{\"@id\":\"https:\\\/\\\/citycenterone.hr\\\/split\\\/arhiva\\\/dani-akcijskih-cijena-rabljenih-vozila\\\/\"},\"wordCount\":124,\"commentCount\":0,\"image\":{\"@id\":\"https:\\\/\\\/citycenterone.hr\\\/split\\\/arhiva\\\/dani-akcijskih-cijena-rabljenih-vozila\\\/#primaryimage\"},\"thumbnailUrl\":\"https:\\\/\\\/citycenterone.hr\\\/split\\\/wp-content\\\/uploads\\\/sites\\\/4\\\/2026\\\/03\\\/Studio-Ali-2-of-19-1200-700.jpg\",\"articleSection\":[\"Arhiva\"],\"inLanguage\":\"hr-HR\",\"potentialAction\":[{\"@type\":\"CommentAction\",\"name\":\"Comment\",\"target\":[\"https:\\\/\\\/citycenterone.hr\\\/split\\\/arhiva\\\/dani-akcijskih-cijena-rabljenih-vozila\\\/#respond\"]}]},{\"@type\":\"WebPage\",\"@id\":\"https:\\\/\\\/citycenterone.hr\\\/split\\\/arhiva\\\/dani-akcijskih-cijena-rabljenih-vozila\\\/\",\"url\":\"https:\\\/\\\/citycenterone.hr\\\/split\\\/arhiva\\\/dani-akcijskih-cijena-rabljenih-vozila\\\/\",\"name\":\"Dani akcijskih cijena rabljenih vozila - Split\",\"isPartOf\":{\"@id\":\"https:\\\/\\\/citycenterone.hr\\\/split\\\/#website\"},\"primaryImageOfPage\":{\"@id\":\"https:\\\/\\\/citycenterone.hr\\\/split\\\/arhiva\\\/dani-akcijskih-cijena-rabljenih-vozila\\\/#primaryimage\"},\"image\":{\"@id\":\"https:\\\/\\\/citycenterone.hr\\\/split\\\/arhiva\\\/dani-akcijskih-cijena-rabljenih-vozila\\\/#primaryimage\"},\"thumbnailUrl\":\"https:\\\/\\\/citycenterone.hr\\\/split\\\/wp-content\\\/uploads\\\/sites\\\/4\\\/2026\\\/03\\\/Studio-Ali-2-of-19-1200-700.jpg\",\"datePublished\":\"2026-03-20T13:30:07+00:00\",\"dateModified\":\"2026-04-07T07:20:20+00:00\",\"author\":{\"@id\":\"https:\\\/\\\/citycenterone.hr\\\/split\\\/#\\\/schema\\\/person\\\/660d29716812b0c08bca7f33f775b857\"},\"breadcrumb\":{\"@id\":\"https:\\\/\\\/citycenterone.hr\\\/split\\\/arhiva\\\/dani-akcijskih-cijena-rabljenih-vozila\\\/#breadcrumb\"},\"inLanguage\":\"hr-HR\",\"potentialAction\":[{\"@type\":\"ReadAction\",\"target\":[\"https:\\\/\\\/citycenterone.hr\\\/split\\\/arhiva\\\/dani-akcijskih-cijena-rabljenih-vozila\\\/\"]}]},{\"@type\":\"ImageObject\",\"inLanguage\":\"hr-HR\",\"@id\":\"https:\\\/\\\/citycenterone.hr\\\/split\\\/arhiva\\\/dani-akcijskih-cijena-rabljenih-vozila\\\/#primaryimage\",\"url\":\"https:\\\/\\\/citycenterone.hr\\\/split\\\/wp-content\\\/uploads\\\/sites\\\/4\\\/2026\\\/03\\\/Studio-Ali-2-of-19-1200-700.jpg\",\"contentUrl\":\"https:\\\/\\\/citycenterone.hr\\\/split\\\/wp-content\\\/uploads\\\/sites\\\/4\\\/2026\\\/03\\\/Studio-Ali-2-of-19-1200-700.jpg\",\"width\":1200,\"height\":700},{\"@type\":\"BreadcrumbList\",\"@id\":\"https:\\\/\\\/citycenterone.hr\\\/split\\\/arhiva\\\/dani-akcijskih-cijena-rabljenih-vozila\\\/#breadcrumb\",\"itemListElement\":[{\"@type\":\"ListItem\",\"position\":1,\"name\":\"Home\",\"item\":\"https:\\\/\\\/citycenterone.hr\\\/split\\\/\"},{\"@type\":\"ListItem\",\"position\":2,\"name\":\"Dani akcijskih cijena rabljenih vozila\"}]},{\"@type\":\"WebSite\",\"@id\":\"https:\\\/\\\/citycenterone.hr\\\/split\\\/#website\",\"url\":\"https:\\\/\\\/citycenterone.hr\\\/split\\\/\",\"name\":\"Split\",\"description\":\"Just another City Center One site\",\"potentialAction\":[{\"@type\":\"SearchAction\",\"target\":{\"@type\":\"EntryPoint\",\"urlTemplate\":\"https:\\\/\\\/citycenterone.hr\\\/split\\\/?s={search_term_string}\"},\"query-input\":{\"@type\":\"PropertyValueSpecification\",\"valueRequired\":true,\"valueName\":\"search_term_string\"}}],\"inLanguage\":\"hr-HR\"},{\"@type\":\"Person\",\"@id\":\"https:\\\/\\\/citycenterone.hr\\\/split\\\/#\\\/schema\\\/person\\\/660d29716812b0c08bca7f33f775b857\",\"name\":\"tmilkovic\",\"image\":{\"@type\":\"ImageObject\",\"inLanguage\":\"hr-HR\",\"@id\":\"https:\\\/\\\/secure.gravatar.com\\\/avatar\\\/aca13b8e41dacf44b47726f11b330eb17a1a8091ec258388a8669909cf6cca45?s=96&d=mm&r=g\",\"url\":\"https:\\\/\\\/secure.gravatar.com\\\/avatar\\\/aca13b8e41dacf44b47726f11b330eb17a1a8091ec258388a8669909cf6cca45?s=96&d=mm&r=g\",\"contentUrl\":\"https:\\\/\\\/secure.gravatar.com\\\/avatar\\\/aca13b8e41dacf44b47726f11b330eb17a1a8091ec258388a8669909cf6cca45?s=96&d=mm&r=g\",\"caption\":\"tmilkovic\"},\"url\":\"https:\\\/\\\/citycenterone.hr\\\/split\\\/author\\\/tmilkovic\\\/\"}]}<\/script>\n<!-- \/ Yoast SEO plugin. -->","yoast_head_json":{"title":"Dani akcijskih cijena rabljenih vozila - Split","robots":{"index":"index","follow":"follow","max-snippet":"max-snippet:-1","max-image-preview":"max-image-preview:large","max-video-preview":"max-video-preview:-1"},"canonical":"https:\/\/citycenterone.hr\/split\/arhiva\/dani-akcijskih-cijena-rabljenih-vozila\/","og_locale":"hr_HR","og_type":"article","og_title":"Dani akcijskih cijena rabljenih vozila - Split","og_description":"Tri dana odli\u010dnih ponuda i testnih vo\u017enji!","og_url":"https:\/\/citycenterone.hr\/split\/arhiva\/dani-akcijskih-cijena-rabljenih-vozila\/","og_site_name":"Split","article_published_time":"2026-03-20T13:30:07+00:00","article_modified_time":"2026-04-07T07:20:20+00:00","og_image":[{"width":1200,"height":700,"url":"https:\/\/citycenterone.hr\/split\/wp-content\/uploads\/sites\/4\/2026\/03\/Studio-Ali-2-of-19-1200-700.jpg","type":"image\/jpeg"}],"author":"tmilkovic","twitter_card":"summary_large_image","twitter_misc":{"Written by":"tmilkovic","Est. reading time":"1 minute"},"schema":{"@context":"https:\/\/schema.org","@graph":[{"@type":"Article","@id":"https:\/\/citycenterone.hr\/split\/arhiva\/dani-akcijskih-cijena-rabljenih-vozila\/#article","isPartOf":{"@id":"https:\/\/citycenterone.hr\/split\/arhiva\/dani-akcijskih-cijena-rabljenih-vozila\/"},"author":{"name":"tmilkovic","@id":"https:\/\/citycenterone.hr\/split\/#\/schema\/person\/660d29716812b0c08bca7f33f775b857"},"headline":"Dani akcijskih cijena rabljenih vozila","datePublished":"2026-03-20T13:30:07+00:00","dateModified":"2026-04-07T07:20:20+00:00","mainEntityOfPage":{"@id":"https:\/\/citycenterone.hr\/split\/arhiva\/dani-akcijskih-cijena-rabljenih-vozila\/"},"wordCount":124,"commentCount":0,"image":{"@id":"https:\/\/citycenterone.hr\/split\/arhiva\/dani-akcijskih-cijena-rabljenih-vozila\/#primaryimage"},"thumbnailUrl":"https:\/\/citycenterone.hr\/split\/wp-content\/uploads\/sites\/4\/2026\/03\/Studio-Ali-2-of-19-1200-700.jpg","articleSection":["Arhiva"],"inLanguage":"hr-HR","potentialAction":[{"@type":"CommentAction","name":"Comment","target":["https:\/\/citycenterone.hr\/split\/arhiva\/dani-akcijskih-cijena-rabljenih-vozila\/#respond"]}]},{"@type":"WebPage","@id":"https:\/\/citycenterone.hr\/split\/arhiva\/dani-akcijskih-cijena-rabljenih-vozila\/","url":"https:\/\/citycenterone.hr\/split\/arhiva\/dani-akcijskih-cijena-rabljenih-vozila\/","name":"Dani akcijskih cijena rabljenih vozila - Split","isPartOf":{"@id":"https:\/\/citycenterone.hr\/split\/#website"},"primaryImageOfPage":{"@id":"https:\/\/citycenterone.hr\/split\/arhiva\/dani-akcijskih-cijena-rabljenih-vozila\/#primaryimage"},"image":{"@id":"https:\/\/citycenterone.hr\/split\/arhiva\/dani-akcijskih-cijena-rabljenih-vozila\/#primaryimage"},"thumbnailUrl":"https:\/\/citycenterone.hr\/split\/wp-content\/uploads\/sites\/4\/2026\/03\/Studio-Ali-2-of-19-1200-700.jpg","datePublished":"2026-03-20T13:30:07+00:00","dateModified":"2026-04-07T07:20:20+00:00","author":{"@id":"https:\/\/citycenterone.hr\/split\/#\/schema\/person\/660d29716812b0c08bca7f33f775b857"},"breadcrumb":{"@id":"https:\/\/citycenterone.hr\/split\/arhiva\/dani-akcijskih-cijena-rabljenih-vozila\/#breadcrumb"},"inLanguage":"hr-HR","potentialAction":[{"@type":"ReadAction","target":["https:\/\/citycenterone.hr\/split\/arhiva\/dani-akcijskih-cijena-rabljenih-vozila\/"]}]},{"@type":"ImageObject","inLanguage":"hr-HR","@id":"https:\/\/citycenterone.hr\/split\/arhiva\/dani-akcijskih-cijena-rabljenih-vozila\/#primaryimage","url":"https:\/\/citycenterone.hr\/split\/wp-content\/uploads\/sites\/4\/2026\/03\/Studio-Ali-2-of-19-1200-700.jpg","contentUrl":"https:\/\/citycenterone.hr\/split\/wp-content\/uploads\/sites\/4\/2026\/03\/Studio-Ali-2-of-19-1200-700.jpg","width":1200,"height":700},{"@type":"BreadcrumbList","@id":"https:\/\/citycenterone.hr\/split\/arhiva\/dani-akcijskih-cijena-rabljenih-vozila\/#breadcrumb","itemListElement":[{"@type":"ListItem","position":1,"name":"Home","item":"https:\/\/citycenterone.hr\/split\/"},{"@type":"ListItem","position":2,"name":"Dani akcijskih cijena rabljenih vozila"}]},{"@type":"WebSite","@id":"https:\/\/citycenterone.hr\/split\/#website","url":"https:\/\/citycenterone.hr\/split\/","name":"Split","description":"Just another City Center One site","potentialAction":[{"@type":"SearchAction","target":{"@type":"EntryPoint","urlTemplate":"https:\/\/citycenterone.hr\/split\/?s={search_term_string}"},"query-input":{"@type":"PropertyValueSpecification","valueRequired":true,"valueName":"search_term_string"}}],"inLanguage":"hr-HR"},{"@type":"Person","@id":"https:\/\/citycenterone.hr\/split\/#\/schema\/person\/660d29716812b0c08bca7f33f775b857","name":"tmilkovic","image":{"@type":"ImageObject","inLanguage":"hr-HR","@id":"https:\/\/secure.gravatar.com\/avatar\/aca13b8e41dacf44b47726f11b330eb17a1a8091ec258388a8669909cf6cca45?s=96&d=mm&r=g","url":"https:\/\/secure.gravatar.com\/avatar\/aca13b8e41dacf44b47726f11b330eb17a1a8091ec258388a8669909cf6cca45?s=96&d=mm&r=g","contentUrl":"https:\/\/secure.gravatar.com\/avatar\/aca13b8e41dacf44b47726f11b330eb17a1a8091ec258388a8669909cf6cca45?s=96&d=mm&r=g","caption":"tmilkovic"},"url":"https:\/\/citycenterone.hr\/split\/author\/tmilkovic\/"}]}},"_links":{"self":[{"href":"https:\/\/citycenterone.hr\/split\/wp-json\/wp\/v2\/posts\/67994","targetHints":{"allow":["GET"]}}],"collection":[{"href":"https:\/\/citycenterone.hr\/split\/wp-json\/wp\/v2\/posts"}],"about":[{"href":"https:\/\/citycenterone.hr\/split\/wp-json\/wp\/v2\/types\/post"}],"author":[{"embeddable":true,"href":"https:\/\/citycenterone.hr\/split\/wp-json\/wp\/v2\/users\/31"}],"replies":[{"embeddable":true,"href":"https:\/\/citycenterone.hr\/split\/wp-json\/wp\/v2\/comments?post=67994"}],"version-history":[{"count":3,"href":"https:\/\/citycenterone.hr\/split\/wp-json\/wp\/v2\/posts\/67994\/revisions"}],"predecessor-version":[{"id":68023,"href":"https:\/\/citycenterone.hr\/split\/wp-json\/wp\/v2\/posts\/67994\/revisions\/68023"}],"wp:featuredmedia":[{"embeddable":true,"href":"https:\/\/citycenterone.hr\/split\/wp-json\/wp\/v2\/media\/67995"}],"wp:attachment":[{"href":"https:\/\/citycenterone.hr\/split\/wp-json\/wp\/v2\/media?parent=67994"}],"wp:term":[{"taxonomy":"category","embeddable":true,"href":"https:\/\/citycenterone.hr\/split\/wp-json\/wp\/v2\/categories?post=67994"},{"taxonomy":"post_tag","embeddable":true,"href":"https:\/\/citycenterone.hr\/split\/wp-json\/wp\/v2\/tags?post=67994"}],"curies":[{"name":"wp","href":"https:\/\/api.w.org\/{rel}","templated":true}]}}