{"id":55691,"date":"2023-09-18T13:30:45","date_gmt":"2023-09-18T13:30:45","guid":{"rendered":"https:\/\/citycenterone.hr\/zagreb-east\/?p=55691"},"modified":"2023-11-13T13:11:51","modified_gmt":"2023-11-13T13:11:51","slug":"modeli-torbica-koje-ce-se-nositi-od-jutra-do-mraka","status":"publish","type":"post","link":"https:\/\/citycenterone.hr\/zagreb-east\/arhiva\/modeli-torbica-koje-ce-se-nositi-od-jutra-do-mraka\/","title":{"rendered":"MODELI TORBICA KOJE \u0106E SE NOSITI OD JUTRA DO MRAKA"},"content":{"rendered":"<p>Torbe su oduvijek bile modni dodatak koji je neizostavan u osmi\u0161ljavanju outfita, a pun pogodak je kada se prona\u0111e model koji je nosiv od jutra do ve\u010deri. Kada je rije\u010d o kupovini nove torbe, postoji nekoliko klju\u010dnih elemenata koje morate uzeti u obzir \u2013 veli\u010dina, boja i namjena. Kanadski brend Aldo u svojoj kolekciji nudi najpo\u017eeljnije torbe sezone koje \u0107ete mo\u0107i nositi u svim izdanjima, od onih casual, poslovnih pa do nekih sve\u010danijih, a inspiraciju i trendi modele pogledajte u nastavku.<\/p>\n<p style=\"text-align: center;\"><strong>Casual kombinacije<\/strong><\/p>\n<p><img loading=\"lazy\" decoding=\"async\" class=\"aligncenter wp-image-55694 size-large\" src=\"https:\/\/citycenterone.hr\/zagreb-east\/wp-content\/uploads\/sites\/3\/2023\/09\/fw23_F1_w_finerthings_hb_eternal_multiombre_6916-819x1024.jpg\" alt=\"\" width=\"819\" height=\"1024\" srcset=\"https:\/\/citycenterone.hr\/zagreb-east\/wp-content\/uploads\/sites\/3\/2023\/09\/fw23_F1_w_finerthings_hb_eternal_multiombre_6916-819x1024.jpg 819w, https:\/\/citycenterone.hr\/zagreb-east\/wp-content\/uploads\/sites\/3\/2023\/09\/fw23_F1_w_finerthings_hb_eternal_multiombre_6916-768x960.jpg 768w, https:\/\/citycenterone.hr\/zagreb-east\/wp-content\/uploads\/sites\/3\/2023\/09\/fw23_F1_w_finerthings_hb_eternal_multiombre_6916-1229x1536.jpg 1229w, https:\/\/citycenterone.hr\/zagreb-east\/wp-content\/uploads\/sites\/3\/2023\/09\/fw23_F1_w_finerthings_hb_eternal_multiombre_6916.jpg 1573w\" sizes=\"auto, (max-width: 819px) 100vw, 819px\" \/><\/p>\n<p>Casual gradske kombinacije upotpunite Aldo mini torbicama u raznim bojama. Sme\u0111a je prava jesenska boja i zato je must have ove sezone, a zlatni detalji i lanci super su dodatak kojim \u0107ete za\u010diniti cijelu kombinaciju. Ovakve torbice su super za kombiniranje na casual, svakodnevne outfite jer pristaju na ba\u0161 sve. S ovim modelom torbe ne\u0107ete pogrije\u0161iti jer je mo\u017eete nositi na dnevne kombinacije, a kasnije i u ve\u010dernjem, party izdanju.<\/p>\n<p><img loading=\"lazy\" decoding=\"async\" class=\"alignnone size-medium wp-image-55696\" src=\"https:\/\/citycenterone.hr\/zagreb-east\/wp-content\/uploads\/sites\/3\/2023\/09\/lush_beige_105e-79112-kn-300x300.jpg\" alt=\"\" width=\"300\" height=\"300\" srcset=\"https:\/\/citycenterone.hr\/zagreb-east\/wp-content\/uploads\/sites\/3\/2023\/09\/lush_beige_105e-79112-kn-300x300.jpg 300w, https:\/\/citycenterone.hr\/zagreb-east\/wp-content\/uploads\/sites\/3\/2023\/09\/lush_beige_105e-79112-kn-1024x1024.jpg 1024w, https:\/\/citycenterone.hr\/zagreb-east\/wp-content\/uploads\/sites\/3\/2023\/09\/lush_beige_105e-79112-kn-150x150.jpg 150w, https:\/\/citycenterone.hr\/zagreb-east\/wp-content\/uploads\/sites\/3\/2023\/09\/lush_beige_105e-79112-kn-768x768.jpg 768w, https:\/\/citycenterone.hr\/zagreb-east\/wp-content\/uploads\/sites\/3\/2023\/09\/lush_beige_105e-79112-kn-1536x1536.jpg 1536w, https:\/\/citycenterone.hr\/zagreb-east\/wp-content\/uploads\/sites\/3\/2023\/09\/lush_beige_105e-79112-kn-2048x2048.jpg 2048w, https:\/\/citycenterone.hr\/zagreb-east\/wp-content\/uploads\/sites\/3\/2023\/09\/lush_beige_105e-79112-kn-732x732.jpg 732w, https:\/\/citycenterone.hr\/zagreb-east\/wp-content\/uploads\/sites\/3\/2023\/09\/lush_beige_105e-79112-kn-412x412.jpg 412w\" sizes=\"auto, (max-width: 300px) 100vw, 300px\" \/> <img loading=\"lazy\" decoding=\"async\" class=\"alignnone size-medium wp-image-55698\" src=\"https:\/\/citycenterone.hr\/zagreb-east\/wp-content\/uploads\/sites\/3\/2023\/09\/ameya_beige_79e-59523-kn-300x300.jpg\" alt=\"\" width=\"300\" height=\"300\" srcset=\"https:\/\/citycenterone.hr\/zagreb-east\/wp-content\/uploads\/sites\/3\/2023\/09\/ameya_beige_79e-59523-kn-300x300.jpg 300w, https:\/\/citycenterone.hr\/zagreb-east\/wp-content\/uploads\/sites\/3\/2023\/09\/ameya_beige_79e-59523-kn-1024x1024.jpg 1024w, https:\/\/citycenterone.hr\/zagreb-east\/wp-content\/uploads\/sites\/3\/2023\/09\/ameya_beige_79e-59523-kn-150x150.jpg 150w, https:\/\/citycenterone.hr\/zagreb-east\/wp-content\/uploads\/sites\/3\/2023\/09\/ameya_beige_79e-59523-kn-768x768.jpg 768w, https:\/\/citycenterone.hr\/zagreb-east\/wp-content\/uploads\/sites\/3\/2023\/09\/ameya_beige_79e-59523-kn-1536x1536.jpg 1536w, https:\/\/citycenterone.hr\/zagreb-east\/wp-content\/uploads\/sites\/3\/2023\/09\/ameya_beige_79e-59523-kn-2048x2048.jpg 2048w, https:\/\/citycenterone.hr\/zagreb-east\/wp-content\/uploads\/sites\/3\/2023\/09\/ameya_beige_79e-59523-kn-732x732.jpg 732w, https:\/\/citycenterone.hr\/zagreb-east\/wp-content\/uploads\/sites\/3\/2023\/09\/ameya_beige_79e-59523-kn-412x412.jpg 412w\" sizes=\"auto, (max-width: 300px) 100vw, 300px\" \/><\/p>\n<p style=\"text-align: center;\"><strong>Poslovne kombinacije<\/strong><\/p>\n<p><img loading=\"lazy\" decoding=\"async\" class=\"aligncenter wp-image-55700 size-large\" src=\"https:\/\/citycenterone.hr\/zagreb-east\/wp-content\/uploads\/sites\/3\/2023\/09\/fw23_F1_w_shadesofnude_hb_ameya_6741-683x1024.jpg\" alt=\"\" width=\"683\" height=\"1024\" srcset=\"https:\/\/citycenterone.hr\/zagreb-east\/wp-content\/uploads\/sites\/3\/2023\/09\/fw23_F1_w_shadesofnude_hb_ameya_6741-683x1024.jpg 683w, https:\/\/citycenterone.hr\/zagreb-east\/wp-content\/uploads\/sites\/3\/2023\/09\/fw23_F1_w_shadesofnude_hb_ameya_6741-768x1152.jpg 768w, https:\/\/citycenterone.hr\/zagreb-east\/wp-content\/uploads\/sites\/3\/2023\/09\/fw23_F1_w_shadesofnude_hb_ameya_6741-1024x1536.jpg 1024w, https:\/\/citycenterone.hr\/zagreb-east\/wp-content\/uploads\/sites\/3\/2023\/09\/fw23_F1_w_shadesofnude_hb_ameya_6741.jpg 1311w\" sizes=\"auto, (max-width: 683px) 100vw, 683px\" \/><\/p>\n<p>Povratak u ured i na posao obilje\u017eite kupovinom nove torbe idealne za poslovne kombinacije. Za po\u010detak treba voditi ra\u010duna da je torba dovoljno prostrana i velika kako bi u nju mogli staviti sve potrebne stvari i dokumente, bilo da je to popularni shopper model ili crossbody. Aldo nudi veliki izbor vje\u010dnih modela koje \u0107ete sigurno mo\u0107i uklopiti u ba\u0161 svaki poslovni look. Za izlazak iz zone komfora birajte torbe s trendi detaljima poput velike marame u obliku ma\u0161ne.<\/p>\n<p><img loading=\"lazy\" decoding=\"async\" class=\"alignnone size-medium wp-image-55702\" src=\"https:\/\/citycenterone.hr\/zagreb-east\/wp-content\/uploads\/sites\/3\/2023\/09\/ferider_black_86e-64797-kn-300x300.jpg\" alt=\"\" width=\"300\" height=\"300\" srcset=\"https:\/\/citycenterone.hr\/zagreb-east\/wp-content\/uploads\/sites\/3\/2023\/09\/ferider_black_86e-64797-kn-300x300.jpg 300w, https:\/\/citycenterone.hr\/zagreb-east\/wp-content\/uploads\/sites\/3\/2023\/09\/ferider_black_86e-64797-kn-1024x1024.jpg 1024w, https:\/\/citycenterone.hr\/zagreb-east\/wp-content\/uploads\/sites\/3\/2023\/09\/ferider_black_86e-64797-kn-150x150.jpg 150w, https:\/\/citycenterone.hr\/zagreb-east\/wp-content\/uploads\/sites\/3\/2023\/09\/ferider_black_86e-64797-kn-768x768.jpg 768w, https:\/\/citycenterone.hr\/zagreb-east\/wp-content\/uploads\/sites\/3\/2023\/09\/ferider_black_86e-64797-kn-1536x1536.jpg 1536w, https:\/\/citycenterone.hr\/zagreb-east\/wp-content\/uploads\/sites\/3\/2023\/09\/ferider_black_86e-64797-kn-2048x2048.jpg 2048w, https:\/\/citycenterone.hr\/zagreb-east\/wp-content\/uploads\/sites\/3\/2023\/09\/ferider_black_86e-64797-kn-732x732.jpg 732w, https:\/\/citycenterone.hr\/zagreb-east\/wp-content\/uploads\/sites\/3\/2023\/09\/ferider_black_86e-64797-kn-412x412.jpg 412w\" sizes=\"auto, (max-width: 300px) 100vw, 300px\" \/> <img loading=\"lazy\" decoding=\"async\" class=\"alignnone size-medium wp-image-55704\" src=\"https:\/\/citycenterone.hr\/zagreb-east\/wp-content\/uploads\/sites\/3\/2023\/09\/tenterden_white_59e-44454-kn-300x300.jpg\" alt=\"\" width=\"300\" height=\"300\" srcset=\"https:\/\/citycenterone.hr\/zagreb-east\/wp-content\/uploads\/sites\/3\/2023\/09\/tenterden_white_59e-44454-kn-300x300.jpg 300w, https:\/\/citycenterone.hr\/zagreb-east\/wp-content\/uploads\/sites\/3\/2023\/09\/tenterden_white_59e-44454-kn-1024x1024.jpg 1024w, https:\/\/citycenterone.hr\/zagreb-east\/wp-content\/uploads\/sites\/3\/2023\/09\/tenterden_white_59e-44454-kn-150x150.jpg 150w, https:\/\/citycenterone.hr\/zagreb-east\/wp-content\/uploads\/sites\/3\/2023\/09\/tenterden_white_59e-44454-kn-768x768.jpg 768w, https:\/\/citycenterone.hr\/zagreb-east\/wp-content\/uploads\/sites\/3\/2023\/09\/tenterden_white_59e-44454-kn-1536x1536.jpg 1536w, https:\/\/citycenterone.hr\/zagreb-east\/wp-content\/uploads\/sites\/3\/2023\/09\/tenterden_white_59e-44454-kn-2048x2048.jpg 2048w, https:\/\/citycenterone.hr\/zagreb-east\/wp-content\/uploads\/sites\/3\/2023\/09\/tenterden_white_59e-44454-kn-732x732.jpg 732w, https:\/\/citycenterone.hr\/zagreb-east\/wp-content\/uploads\/sites\/3\/2023\/09\/tenterden_white_59e-44454-kn-412x412.jpg 412w\" sizes=\"auto, (max-width: 300px) 100vw, 300px\" \/><\/p>\n<p style=\"text-align: center;\"><strong>Sve\u010dane kombinacije<\/strong><\/p>\n<p><img loading=\"lazy\" decoding=\"async\" class=\"aligncenter wp-image-55706 size-large\" src=\"https:\/\/citycenterone.hr\/zagreb-east\/wp-content\/uploads\/sites\/3\/2023\/09\/fw23_F1_w_musthaves_hb_angelie_rihannared_4435-683x1024.jpg\" alt=\"\" width=\"683\" height=\"1024\" srcset=\"https:\/\/citycenterone.hr\/zagreb-east\/wp-content\/uploads\/sites\/3\/2023\/09\/fw23_F1_w_musthaves_hb_angelie_rihannared_4435-683x1024.jpg 683w, https:\/\/citycenterone.hr\/zagreb-east\/wp-content\/uploads\/sites\/3\/2023\/09\/fw23_F1_w_musthaves_hb_angelie_rihannared_4435-768x1152.jpg 768w, https:\/\/citycenterone.hr\/zagreb-east\/wp-content\/uploads\/sites\/3\/2023\/09\/fw23_F1_w_musthaves_hb_angelie_rihannared_4435-1024x1536.jpg 1024w, https:\/\/citycenterone.hr\/zagreb-east\/wp-content\/uploads\/sites\/3\/2023\/09\/fw23_F1_w_musthaves_hb_angelie_rihannared_4435.jpg 1311w\" sizes=\"auto, (max-width: 683px) 100vw, 683px\" \/><\/p>\n<p>U svojoj kolekciji torbica morate imati barem jedan model za sve\u010dane prigode poput vjen\u010danja ili izlaska s prijateljicama. To su naj\u010de\u0161\u0107e manje torbice, ali zanimljivog oblika i boja \u2013 od zlatne, srebrne pa do one s upe\u010datljivim \u0161ljokicama. Mo\u017eete biti sigurni da \u0107e vam ovaj model istaknuti i najjednostavniji outfit, a u Aldu \u0107ete prona\u0107i i verziju u it boji sezone \u2013 crvenoj!<\/p>\n<p><img loading=\"lazy\" decoding=\"async\" class=\"alignnone size-medium wp-image-55708\" src=\"https:\/\/citycenterone.hr\/zagreb-east\/wp-content\/uploads\/sites\/3\/2023\/09\/aurai_gold_92e-69317-kn-300x300.jpg\" alt=\"\" width=\"300\" height=\"300\" srcset=\"https:\/\/citycenterone.hr\/zagreb-east\/wp-content\/uploads\/sites\/3\/2023\/09\/aurai_gold_92e-69317-kn-300x300.jpg 300w, https:\/\/citycenterone.hr\/zagreb-east\/wp-content\/uploads\/sites\/3\/2023\/09\/aurai_gold_92e-69317-kn-1024x1024.jpg 1024w, https:\/\/citycenterone.hr\/zagreb-east\/wp-content\/uploads\/sites\/3\/2023\/09\/aurai_gold_92e-69317-kn-150x150.jpg 150w, https:\/\/citycenterone.hr\/zagreb-east\/wp-content\/uploads\/sites\/3\/2023\/09\/aurai_gold_92e-69317-kn-768x768.jpg 768w, https:\/\/citycenterone.hr\/zagreb-east\/wp-content\/uploads\/sites\/3\/2023\/09\/aurai_gold_92e-69317-kn-1536x1536.jpg 1536w, https:\/\/citycenterone.hr\/zagreb-east\/wp-content\/uploads\/sites\/3\/2023\/09\/aurai_gold_92e-69317-kn-2048x2048.jpg 2048w, https:\/\/citycenterone.hr\/zagreb-east\/wp-content\/uploads\/sites\/3\/2023\/09\/aurai_gold_92e-69317-kn-732x732.jpg 732w, https:\/\/citycenterone.hr\/zagreb-east\/wp-content\/uploads\/sites\/3\/2023\/09\/aurai_gold_92e-69317-kn-412x412.jpg 412w\" sizes=\"auto, (max-width: 300px) 100vw, 300px\" \/> <img loading=\"lazy\" decoding=\"async\" class=\"alignnone size-medium wp-image-55710\" src=\"https:\/\/citycenterone.hr\/zagreb-east\/wp-content\/uploads\/sites\/3\/2023\/09\/cleopatra_white_58e-43700-kn-300x300.jpg\" alt=\"\" width=\"300\" height=\"300\" srcset=\"https:\/\/citycenterone.hr\/zagreb-east\/wp-content\/uploads\/sites\/3\/2023\/09\/cleopatra_white_58e-43700-kn-300x300.jpg 300w, https:\/\/citycenterone.hr\/zagreb-east\/wp-content\/uploads\/sites\/3\/2023\/09\/cleopatra_white_58e-43700-kn-1024x1024.jpg 1024w, https:\/\/citycenterone.hr\/zagreb-east\/wp-content\/uploads\/sites\/3\/2023\/09\/cleopatra_white_58e-43700-kn-150x150.jpg 150w, https:\/\/citycenterone.hr\/zagreb-east\/wp-content\/uploads\/sites\/3\/2023\/09\/cleopatra_white_58e-43700-kn-768x768.jpg 768w, https:\/\/citycenterone.hr\/zagreb-east\/wp-content\/uploads\/sites\/3\/2023\/09\/cleopatra_white_58e-43700-kn-1536x1536.jpg 1536w, https:\/\/citycenterone.hr\/zagreb-east\/wp-content\/uploads\/sites\/3\/2023\/09\/cleopatra_white_58e-43700-kn-2048x2048.jpg 2048w, https:\/\/citycenterone.hr\/zagreb-east\/wp-content\/uploads\/sites\/3\/2023\/09\/cleopatra_white_58e-43700-kn-732x732.jpg 732w, https:\/\/citycenterone.hr\/zagreb-east\/wp-content\/uploads\/sites\/3\/2023\/09\/cleopatra_white_58e-43700-kn-412x412.jpg 412w\" sizes=\"auto, (max-width: 300px) 100vw, 300px\" \/><\/p>\n<p>Upotpunite kolekciju torbi na vrijeme i uvijek imajte najbolje kombinacije! Prona\u0111ite svoje favorite u Aldo trgovini.<\/p>\n","protected":false},"excerpt":{"rendered":"<p>Kreirajte odli\u010dne kombinacije za svaku prigodu uz trendi Aldo torbe.<\/p>\n","protected":false},"author":10,"featured_media":55692,"comment_status":"open","ping_status":"open","sticky":false,"template":"","format":"standard","meta":{"_acf_changed":false,"footnotes":""},"categories":[11],"tags":[],"class_list":["post-55691","post","type-post","status-publish","format-standard","has-post-thumbnail","hentry","category-arhiva"],"acf":[],"yoast_head":"<!-- This site is optimized with the Yoast SEO plugin v27.4 - https:\/\/yoast.com\/product\/yoast-seo-wordpress\/ -->\n<title>MODELI TORBICA KOJE \u0106E SE NOSITI OD JUTRA DO MRAKA - Zagreb East<\/title>\n<meta name=\"robots\" content=\"index, follow, max-snippet:-1, max-image-preview:large, max-video-preview:-1\" \/>\n<link rel=\"canonical\" href=\"https:\/\/citycenterone.hr\/zagreb-east\/arhiva\/modeli-torbica-koje-ce-se-nositi-od-jutra-do-mraka\/\" \/>\n<meta property=\"og:locale\" content=\"hr_HR\" \/>\n<meta property=\"og:type\" content=\"article\" \/>\n<meta property=\"og:title\" content=\"MODELI TORBICA KOJE \u0106E SE NOSITI OD JUTRA DO MRAKA - Zagreb East\" \/>\n<meta property=\"og:description\" content=\"Kreirajte odli\u010dne kombinacije za svaku prigodu uz trendi Aldo torbe.\" \/>\n<meta property=\"og:url\" content=\"https:\/\/citycenterone.hr\/zagreb-east\/arhiva\/modeli-torbica-koje-ce-se-nositi-od-jutra-do-mraka\/\" \/>\n<meta property=\"og:site_name\" content=\"Zagreb East\" \/>\n<meta property=\"article:published_time\" content=\"2023-09-18T13:30:45+00:00\" \/>\n<meta property=\"article:modified_time\" content=\"2023-11-13T13:11:51+00:00\" \/>\n<meta property=\"og:image\" content=\"https:\/\/citycenterone.hr\/zagreb-east\/wp-content\/uploads\/sites\/3\/2023\/09\/Cover-1.jpg\" \/>\n\t<meta property=\"og:image:width\" content=\"1920\" \/>\n\t<meta property=\"og:image:height\" content=\"1080\" \/>\n\t<meta property=\"og:image:type\" content=\"image\/jpeg\" \/>\n<meta name=\"author\" content=\"prisek\" \/>\n<meta name=\"twitter:card\" content=\"summary_large_image\" \/>\n<meta name=\"twitter:label1\" content=\"Written by\" \/>\n\t<meta name=\"twitter:data1\" content=\"prisek\" \/>\n\t<meta name=\"twitter:label2\" content=\"Est. reading time\" \/>\n\t<meta name=\"twitter:data2\" content=\"4 minutes\" \/>\n<script type=\"application\/ld+json\" class=\"yoast-schema-graph\">{\"@context\":\"https:\\\/\\\/schema.org\",\"@graph\":[{\"@type\":\"Article\",\"@id\":\"https:\\\/\\\/citycenterone.hr\\\/zagreb-east\\\/arhiva\\\/modeli-torbica-koje-ce-se-nositi-od-jutra-do-mraka\\\/#article\",\"isPartOf\":{\"@id\":\"https:\\\/\\\/citycenterone.hr\\\/zagreb-east\\\/arhiva\\\/modeli-torbica-koje-ce-se-nositi-od-jutra-do-mraka\\\/\"},\"author\":{\"name\":\"prisek\",\"@id\":\"https:\\\/\\\/citycenterone.hr\\\/zagreb-east\\\/#\\\/schema\\\/person\\\/f61b899bb32db9018318f39778e425db\"},\"headline\":\"MODELI TORBICA KOJE \u0106E SE NOSITI OD JUTRA DO MRAKA\",\"datePublished\":\"2023-09-18T13:30:45+00:00\",\"dateModified\":\"2023-11-13T13:11:51+00:00\",\"mainEntityOfPage\":{\"@id\":\"https:\\\/\\\/citycenterone.hr\\\/zagreb-east\\\/arhiva\\\/modeli-torbica-koje-ce-se-nositi-od-jutra-do-mraka\\\/\"},\"wordCount\":350,\"commentCount\":0,\"image\":{\"@id\":\"https:\\\/\\\/citycenterone.hr\\\/zagreb-east\\\/arhiva\\\/modeli-torbica-koje-ce-se-nositi-od-jutra-do-mraka\\\/#primaryimage\"},\"thumbnailUrl\":\"https:\\\/\\\/citycenterone.hr\\\/zagreb-east\\\/wp-content\\\/uploads\\\/sites\\\/3\\\/2023\\\/09\\\/Cover-1.jpg\",\"articleSection\":[\"Arhiva\"],\"inLanguage\":\"hr-HR\",\"potentialAction\":[{\"@type\":\"CommentAction\",\"name\":\"Comment\",\"target\":[\"https:\\\/\\\/citycenterone.hr\\\/zagreb-east\\\/arhiva\\\/modeli-torbica-koje-ce-se-nositi-od-jutra-do-mraka\\\/#respond\"]}]},{\"@type\":\"WebPage\",\"@id\":\"https:\\\/\\\/citycenterone.hr\\\/zagreb-east\\\/arhiva\\\/modeli-torbica-koje-ce-se-nositi-od-jutra-do-mraka\\\/\",\"url\":\"https:\\\/\\\/citycenterone.hr\\\/zagreb-east\\\/arhiva\\\/modeli-torbica-koje-ce-se-nositi-od-jutra-do-mraka\\\/\",\"name\":\"MODELI TORBICA KOJE \u0106E SE NOSITI OD JUTRA DO MRAKA - Zagreb East\",\"isPartOf\":{\"@id\":\"https:\\\/\\\/citycenterone.hr\\\/zagreb-east\\\/#website\"},\"primaryImageOfPage\":{\"@id\":\"https:\\\/\\\/citycenterone.hr\\\/zagreb-east\\\/arhiva\\\/modeli-torbica-koje-ce-se-nositi-od-jutra-do-mraka\\\/#primaryimage\"},\"image\":{\"@id\":\"https:\\\/\\\/citycenterone.hr\\\/zagreb-east\\\/arhiva\\\/modeli-torbica-koje-ce-se-nositi-od-jutra-do-mraka\\\/#primaryimage\"},\"thumbnailUrl\":\"https:\\\/\\\/citycenterone.hr\\\/zagreb-east\\\/wp-content\\\/uploads\\\/sites\\\/3\\\/2023\\\/09\\\/Cover-1.jpg\",\"datePublished\":\"2023-09-18T13:30:45+00:00\",\"dateModified\":\"2023-11-13T13:11:51+00:00\",\"author\":{\"@id\":\"https:\\\/\\\/citycenterone.hr\\\/zagreb-east\\\/#\\\/schema\\\/person\\\/f61b899bb32db9018318f39778e425db\"},\"breadcrumb\":{\"@id\":\"https:\\\/\\\/citycenterone.hr\\\/zagreb-east\\\/arhiva\\\/modeli-torbica-koje-ce-se-nositi-od-jutra-do-mraka\\\/#breadcrumb\"},\"inLanguage\":\"hr-HR\",\"potentialAction\":[{\"@type\":\"ReadAction\",\"target\":[\"https:\\\/\\\/citycenterone.hr\\\/zagreb-east\\\/arhiva\\\/modeli-torbica-koje-ce-se-nositi-od-jutra-do-mraka\\\/\"]}]},{\"@type\":\"ImageObject\",\"inLanguage\":\"hr-HR\",\"@id\":\"https:\\\/\\\/citycenterone.hr\\\/zagreb-east\\\/arhiva\\\/modeli-torbica-koje-ce-se-nositi-od-jutra-do-mraka\\\/#primaryimage\",\"url\":\"https:\\\/\\\/citycenterone.hr\\\/zagreb-east\\\/wp-content\\\/uploads\\\/sites\\\/3\\\/2023\\\/09\\\/Cover-1.jpg\",\"contentUrl\":\"https:\\\/\\\/citycenterone.hr\\\/zagreb-east\\\/wp-content\\\/uploads\\\/sites\\\/3\\\/2023\\\/09\\\/Cover-1.jpg\",\"width\":1920,\"height\":1080},{\"@type\":\"BreadcrumbList\",\"@id\":\"https:\\\/\\\/citycenterone.hr\\\/zagreb-east\\\/arhiva\\\/modeli-torbica-koje-ce-se-nositi-od-jutra-do-mraka\\\/#breadcrumb\",\"itemListElement\":[{\"@type\":\"ListItem\",\"position\":1,\"name\":\"Home\",\"item\":\"https:\\\/\\\/citycenterone.hr\\\/zagreb-east\\\/\"},{\"@type\":\"ListItem\",\"position\":2,\"name\":\"MODELI TORBICA KOJE \u0106E SE NOSITI OD JUTRA DO MRAKA\"}]},{\"@type\":\"WebSite\",\"@id\":\"https:\\\/\\\/citycenterone.hr\\\/zagreb-east\\\/#website\",\"url\":\"https:\\\/\\\/citycenterone.hr\\\/zagreb-east\\\/\",\"name\":\"Zagreb East\",\"description\":\"Just another City Centar One site\",\"potentialAction\":[{\"@type\":\"SearchAction\",\"target\":{\"@type\":\"EntryPoint\",\"urlTemplate\":\"https:\\\/\\\/citycenterone.hr\\\/zagreb-east\\\/?s={search_term_string}\"},\"query-input\":{\"@type\":\"PropertyValueSpecification\",\"valueRequired\":true,\"valueName\":\"search_term_string\"}}],\"inLanguage\":\"hr-HR\"},{\"@type\":\"Person\",\"@id\":\"https:\\\/\\\/citycenterone.hr\\\/zagreb-east\\\/#\\\/schema\\\/person\\\/f61b899bb32db9018318f39778e425db\",\"name\":\"prisek\",\"image\":{\"@type\":\"ImageObject\",\"inLanguage\":\"hr-HR\",\"@id\":\"https:\\\/\\\/secure.gravatar.com\\\/avatar\\\/ddd1379ca023f63ca67c0f2eb9a4380c9c54c6bdd87c1de15c72f6b8d8b7eed6?s=96&d=mm&r=g\",\"url\":\"https:\\\/\\\/secure.gravatar.com\\\/avatar\\\/ddd1379ca023f63ca67c0f2eb9a4380c9c54c6bdd87c1de15c72f6b8d8b7eed6?s=96&d=mm&r=g\",\"contentUrl\":\"https:\\\/\\\/secure.gravatar.com\\\/avatar\\\/ddd1379ca023f63ca67c0f2eb9a4380c9c54c6bdd87c1de15c72f6b8d8b7eed6?s=96&d=mm&r=g\",\"caption\":\"prisek\"},\"url\":\"https:\\\/\\\/citycenterone.hr\\\/zagreb-east\\\/author\\\/prisek\\\/\"}]}<\/script>\n<!-- \/ Yoast SEO plugin. -->","yoast_head_json":{"title":"MODELI TORBICA KOJE \u0106E SE NOSITI OD JUTRA DO MRAKA - Zagreb East","robots":{"index":"index","follow":"follow","max-snippet":"max-snippet:-1","max-image-preview":"max-image-preview:large","max-video-preview":"max-video-preview:-1"},"canonical":"https:\/\/citycenterone.hr\/zagreb-east\/arhiva\/modeli-torbica-koje-ce-se-nositi-od-jutra-do-mraka\/","og_locale":"hr_HR","og_type":"article","og_title":"MODELI TORBICA KOJE \u0106E SE NOSITI OD JUTRA DO MRAKA - Zagreb East","og_description":"Kreirajte odli\u010dne kombinacije za svaku prigodu uz trendi Aldo torbe.","og_url":"https:\/\/citycenterone.hr\/zagreb-east\/arhiva\/modeli-torbica-koje-ce-se-nositi-od-jutra-do-mraka\/","og_site_name":"Zagreb East","article_published_time":"2023-09-18T13:30:45+00:00","article_modified_time":"2023-11-13T13:11:51+00:00","og_image":[{"width":1920,"height":1080,"url":"https:\/\/citycenterone.hr\/zagreb-east\/wp-content\/uploads\/sites\/3\/2023\/09\/Cover-1.jpg","type":"image\/jpeg"}],"author":"prisek","twitter_card":"summary_large_image","twitter_misc":{"Written by":"prisek","Est. reading time":"4 minutes"},"schema":{"@context":"https:\/\/schema.org","@graph":[{"@type":"Article","@id":"https:\/\/citycenterone.hr\/zagreb-east\/arhiva\/modeli-torbica-koje-ce-se-nositi-od-jutra-do-mraka\/#article","isPartOf":{"@id":"https:\/\/citycenterone.hr\/zagreb-east\/arhiva\/modeli-torbica-koje-ce-se-nositi-od-jutra-do-mraka\/"},"author":{"name":"prisek","@id":"https:\/\/citycenterone.hr\/zagreb-east\/#\/schema\/person\/f61b899bb32db9018318f39778e425db"},"headline":"MODELI TORBICA KOJE \u0106E SE NOSITI OD JUTRA DO MRAKA","datePublished":"2023-09-18T13:30:45+00:00","dateModified":"2023-11-13T13:11:51+00:00","mainEntityOfPage":{"@id":"https:\/\/citycenterone.hr\/zagreb-east\/arhiva\/modeli-torbica-koje-ce-se-nositi-od-jutra-do-mraka\/"},"wordCount":350,"commentCount":0,"image":{"@id":"https:\/\/citycenterone.hr\/zagreb-east\/arhiva\/modeli-torbica-koje-ce-se-nositi-od-jutra-do-mraka\/#primaryimage"},"thumbnailUrl":"https:\/\/citycenterone.hr\/zagreb-east\/wp-content\/uploads\/sites\/3\/2023\/09\/Cover-1.jpg","articleSection":["Arhiva"],"inLanguage":"hr-HR","potentialAction":[{"@type":"CommentAction","name":"Comment","target":["https:\/\/citycenterone.hr\/zagreb-east\/arhiva\/modeli-torbica-koje-ce-se-nositi-od-jutra-do-mraka\/#respond"]}]},{"@type":"WebPage","@id":"https:\/\/citycenterone.hr\/zagreb-east\/arhiva\/modeli-torbica-koje-ce-se-nositi-od-jutra-do-mraka\/","url":"https:\/\/citycenterone.hr\/zagreb-east\/arhiva\/modeli-torbica-koje-ce-se-nositi-od-jutra-do-mraka\/","name":"MODELI TORBICA KOJE \u0106E SE NOSITI OD JUTRA DO MRAKA - Zagreb East","isPartOf":{"@id":"https:\/\/citycenterone.hr\/zagreb-east\/#website"},"primaryImageOfPage":{"@id":"https:\/\/citycenterone.hr\/zagreb-east\/arhiva\/modeli-torbica-koje-ce-se-nositi-od-jutra-do-mraka\/#primaryimage"},"image":{"@id":"https:\/\/citycenterone.hr\/zagreb-east\/arhiva\/modeli-torbica-koje-ce-se-nositi-od-jutra-do-mraka\/#primaryimage"},"thumbnailUrl":"https:\/\/citycenterone.hr\/zagreb-east\/wp-content\/uploads\/sites\/3\/2023\/09\/Cover-1.jpg","datePublished":"2023-09-18T13:30:45+00:00","dateModified":"2023-11-13T13:11:51+00:00","author":{"@id":"https:\/\/citycenterone.hr\/zagreb-east\/#\/schema\/person\/f61b899bb32db9018318f39778e425db"},"breadcrumb":{"@id":"https:\/\/citycenterone.hr\/zagreb-east\/arhiva\/modeli-torbica-koje-ce-se-nositi-od-jutra-do-mraka\/#breadcrumb"},"inLanguage":"hr-HR","potentialAction":[{"@type":"ReadAction","target":["https:\/\/citycenterone.hr\/zagreb-east\/arhiva\/modeli-torbica-koje-ce-se-nositi-od-jutra-do-mraka\/"]}]},{"@type":"ImageObject","inLanguage":"hr-HR","@id":"https:\/\/citycenterone.hr\/zagreb-east\/arhiva\/modeli-torbica-koje-ce-se-nositi-od-jutra-do-mraka\/#primaryimage","url":"https:\/\/citycenterone.hr\/zagreb-east\/wp-content\/uploads\/sites\/3\/2023\/09\/Cover-1.jpg","contentUrl":"https:\/\/citycenterone.hr\/zagreb-east\/wp-content\/uploads\/sites\/3\/2023\/09\/Cover-1.jpg","width":1920,"height":1080},{"@type":"BreadcrumbList","@id":"https:\/\/citycenterone.hr\/zagreb-east\/arhiva\/modeli-torbica-koje-ce-se-nositi-od-jutra-do-mraka\/#breadcrumb","itemListElement":[{"@type":"ListItem","position":1,"name":"Home","item":"https:\/\/citycenterone.hr\/zagreb-east\/"},{"@type":"ListItem","position":2,"name":"MODELI TORBICA KOJE \u0106E SE NOSITI OD JUTRA DO MRAKA"}]},{"@type":"WebSite","@id":"https:\/\/citycenterone.hr\/zagreb-east\/#website","url":"https:\/\/citycenterone.hr\/zagreb-east\/","name":"Zagreb East","description":"Just another City Centar One site","potentialAction":[{"@type":"SearchAction","target":{"@type":"EntryPoint","urlTemplate":"https:\/\/citycenterone.hr\/zagreb-east\/?s={search_term_string}"},"query-input":{"@type":"PropertyValueSpecification","valueRequired":true,"valueName":"search_term_string"}}],"inLanguage":"hr-HR"},{"@type":"Person","@id":"https:\/\/citycenterone.hr\/zagreb-east\/#\/schema\/person\/f61b899bb32db9018318f39778e425db","name":"prisek","image":{"@type":"ImageObject","inLanguage":"hr-HR","@id":"https:\/\/secure.gravatar.com\/avatar\/ddd1379ca023f63ca67c0f2eb9a4380c9c54c6bdd87c1de15c72f6b8d8b7eed6?s=96&d=mm&r=g","url":"https:\/\/secure.gravatar.com\/avatar\/ddd1379ca023f63ca67c0f2eb9a4380c9c54c6bdd87c1de15c72f6b8d8b7eed6?s=96&d=mm&r=g","contentUrl":"https:\/\/secure.gravatar.com\/avatar\/ddd1379ca023f63ca67c0f2eb9a4380c9c54c6bdd87c1de15c72f6b8d8b7eed6?s=96&d=mm&r=g","caption":"prisek"},"url":"https:\/\/citycenterone.hr\/zagreb-east\/author\/prisek\/"}]}},"_links":{"self":[{"href":"https:\/\/citycenterone.hr\/zagreb-east\/wp-json\/wp\/v2\/posts\/55691","targetHints":{"allow":["GET"]}}],"collection":[{"href":"https:\/\/citycenterone.hr\/zagreb-east\/wp-json\/wp\/v2\/posts"}],"about":[{"href":"https:\/\/citycenterone.hr\/zagreb-east\/wp-json\/wp\/v2\/types\/post"}],"author":[{"embeddable":true,"href":"https:\/\/citycenterone.hr\/zagreb-east\/wp-json\/wp\/v2\/users\/10"}],"replies":[{"embeddable":true,"href":"https:\/\/citycenterone.hr\/zagreb-east\/wp-json\/wp\/v2\/comments?post=55691"}],"version-history":[{"count":2,"href":"https:\/\/citycenterone.hr\/zagreb-east\/wp-json\/wp\/v2\/posts\/55691\/revisions"}],"predecessor-version":[{"id":55713,"href":"https:\/\/citycenterone.hr\/zagreb-east\/wp-json\/wp\/v2\/posts\/55691\/revisions\/55713"}],"wp:featuredmedia":[{"embeddable":true,"href":"https:\/\/citycenterone.hr\/zagreb-east\/wp-json\/wp\/v2\/media\/55692"}],"wp:attachment":[{"href":"https:\/\/citycenterone.hr\/zagreb-east\/wp-json\/wp\/v2\/media?parent=55691"}],"wp:term":[{"taxonomy":"category","embeddable":true,"href":"https:\/\/citycenterone.hr\/zagreb-east\/wp-json\/wp\/v2\/categories?post=55691"},{"taxonomy":"post_tag","embeddable":true,"href":"https:\/\/citycenterone.hr\/zagreb-east\/wp-json\/wp\/v2\/tags?post=55691"}],"curies":[{"name":"wp","href":"https:\/\/api.w.org\/{rel}","templated":true}]}}