{"id":65727,"date":"2025-10-02T12:52:18","date_gmt":"2025-10-02T12:52:18","guid":{"rendered":"https:\/\/citycenterone.hr\/zagreb-east\/?p=65727"},"modified":"2026-03-20T14:18:34","modified_gmt":"2026-03-20T14:18:34","slug":"izlozba-35-godina-vatrenih","status":"publish","type":"post","link":"https:\/\/citycenterone.hr\/zagreb-east\/arhiva\/izlozba-35-godina-vatrenih\/","title":{"rendered":"DO\u0110ITE NA IZLO\u017dBU: 35 godina Vatrenih"},"content":{"rendered":"<p>Pro\u0161lo je 35 godina otkako je hrvatska nogometna reprezentacija odigrala svoju prvu utakmicu. U \u010dast Vatrenima i njihovim nezaboravnim trenucima, City Center one East, u suradnji s <strong>Hrvatskim nogometnim savezom<\/strong>, od 6. do 19. listopada\u00a0<strong>donosi pop-up muzej s izlo\u017ebom koja vas vodi kroz najemotivnije trenutke hrvatskog nogometa<\/strong>\u00a0\u2013 od povijesnih golova do pobjeda koje su ujedinile naciju.<\/p>\n<p>Prvu slu\u017ebenu utakmicu Hrvatska je odigrala 1990. s SAD-om. Prisjetite se tog povijesnog trenutka kroz ulaznicu i plakat s te utakmice. Kockice su za\u0161titni znak Vatrenih, ali dres iz 1992. godine izgledao je netipi\u010dno. Kako? Do\u0111ite i pogledajte. 2018. godine dogodila se Rusija i najve\u0107i uspjeh hrvatskog nogometa. Izlo\u017eba sadr\u017ei loptu s finalne utakmice, potpisanu kapetansku traku te Suba\u0161i\u0107eve rukavice i kopa\u010dke.<\/p>\n<p>Sve ovo samo je mali dio nogometne povijesti koji vas \u010deka u City Centeru one East, svaki dan, od 9 do 21 sat, sve do 19. listopada.<\/p>\n<p>Pogledajte <strong>dresove, fotografije i eksponate<\/strong> koji pri\u010daju pri\u010du o strasti, borbenosti i ponosu.<\/p>\n<p>Vidimo se!<\/p>\n","protected":false},"excerpt":{"rendered":"<p>35 godina strasti i ponosa \u2013 izlo\u017eba koja slavi nezaboravne trenutke hrvatskog nogometa.<\/p>\n","protected":false},"author":30,"featured_media":65728,"comment_status":"open","ping_status":"open","sticky":false,"template":"","format":"standard","meta":{"_acf_changed":false,"footnotes":""},"categories":[11],"tags":[],"class_list":["post-65727","post","type-post","status-publish","format-standard","has-post-thumbnail","hentry","category-arhiva"],"acf":[],"yoast_head":"<!-- This site is optimized with the Yoast SEO plugin v27.5 - https:\/\/yoast.com\/product\/yoast-seo-wordpress\/ -->\n<title>DO\u0110ITE NA IZLO\u017dBU: 35 godina Vatrenih - Zagreb East<\/title>\n<meta name=\"robots\" content=\"index, follow, max-snippet:-1, max-image-preview:large, max-video-preview:-1\" \/>\n<link rel=\"canonical\" href=\"https:\/\/citycenterone.hr\/zagreb-east\/arhiva\/izlozba-35-godina-vatrenih\/\" \/>\n<meta property=\"og:locale\" content=\"hr_HR\" \/>\n<meta property=\"og:type\" content=\"article\" \/>\n<meta property=\"og:title\" content=\"DO\u0110ITE NA IZLO\u017dBU: 35 godina Vatrenih - Zagreb East\" \/>\n<meta property=\"og:description\" content=\"35 godina strasti i ponosa \u2013 izlo\u017eba koja slavi nezaboravne trenutke hrvatskog nogometa.\" \/>\n<meta property=\"og:url\" content=\"https:\/\/citycenterone.hr\/zagreb-east\/arhiva\/izlozba-35-godina-vatrenih\/\" \/>\n<meta property=\"og:site_name\" content=\"Zagreb East\" \/>\n<meta property=\"article:published_time\" content=\"2025-10-02T12:52:18+00:00\" \/>\n<meta property=\"article:modified_time\" content=\"2026-03-20T14:18:34+00:00\" \/>\n<meta property=\"og:image\" content=\"https:\/\/citycenterone.hr\/zagreb-east\/wp-content\/uploads\/sites\/3\/2025\/10\/CCo-HNS-web_1200x700.png\" \/>\n\t<meta property=\"og:image:width\" content=\"1200\" \/>\n\t<meta property=\"og:image:height\" content=\"700\" \/>\n\t<meta property=\"og:image:type\" content=\"image\/png\" \/>\n<meta name=\"author\" content=\"andrasevic\" \/>\n<meta name=\"twitter:card\" content=\"summary_large_image\" \/>\n<meta name=\"twitter:label1\" content=\"Written by\" \/>\n\t<meta name=\"twitter:data1\" content=\"andrasevic\" \/>\n\t<meta name=\"twitter:label2\" content=\"Est. reading time\" \/>\n\t<meta name=\"twitter:data2\" content=\"2 minutes\" \/>\n<script type=\"application\/ld+json\" class=\"yoast-schema-graph\">{\"@context\":\"https:\\\/\\\/schema.org\",\"@graph\":[{\"@type\":\"Article\",\"@id\":\"https:\\\/\\\/citycenterone.hr\\\/zagreb-east\\\/arhiva\\\/izlozba-35-godina-vatrenih\\\/#article\",\"isPartOf\":{\"@id\":\"https:\\\/\\\/citycenterone.hr\\\/zagreb-east\\\/arhiva\\\/izlozba-35-godina-vatrenih\\\/\"},\"author\":{\"name\":\"andrasevic\",\"@id\":\"https:\\\/\\\/citycenterone.hr\\\/zagreb-east\\\/#\\\/schema\\\/person\\\/f758096647212c5d641550dd4b98ff85\"},\"headline\":\"DO\u0110ITE NA IZLO\u017dBU: 35 godina Vatrenih\",\"datePublished\":\"2025-10-02T12:52:18+00:00\",\"dateModified\":\"2026-03-20T14:18:34+00:00\",\"mainEntityOfPage\":{\"@id\":\"https:\\\/\\\/citycenterone.hr\\\/zagreb-east\\\/arhiva\\\/izlozba-35-godina-vatrenih\\\/\"},\"wordCount\":173,\"commentCount\":0,\"image\":{\"@id\":\"https:\\\/\\\/citycenterone.hr\\\/zagreb-east\\\/arhiva\\\/izlozba-35-godina-vatrenih\\\/#primaryimage\"},\"thumbnailUrl\":\"https:\\\/\\\/citycenterone.hr\\\/zagreb-east\\\/wp-content\\\/uploads\\\/sites\\\/3\\\/2025\\\/10\\\/CCo-HNS-web_1200x700.png\",\"articleSection\":[\"Arhiva\"],\"inLanguage\":\"hr-HR\",\"potentialAction\":[{\"@type\":\"CommentAction\",\"name\":\"Comment\",\"target\":[\"https:\\\/\\\/citycenterone.hr\\\/zagreb-east\\\/arhiva\\\/izlozba-35-godina-vatrenih\\\/#respond\"]}]},{\"@type\":\"WebPage\",\"@id\":\"https:\\\/\\\/citycenterone.hr\\\/zagreb-east\\\/arhiva\\\/izlozba-35-godina-vatrenih\\\/\",\"url\":\"https:\\\/\\\/citycenterone.hr\\\/zagreb-east\\\/arhiva\\\/izlozba-35-godina-vatrenih\\\/\",\"name\":\"DO\u0110ITE NA IZLO\u017dBU: 35 godina Vatrenih - Zagreb East\",\"isPartOf\":{\"@id\":\"https:\\\/\\\/citycenterone.hr\\\/zagreb-east\\\/#website\"},\"primaryImageOfPage\":{\"@id\":\"https:\\\/\\\/citycenterone.hr\\\/zagreb-east\\\/arhiva\\\/izlozba-35-godina-vatrenih\\\/#primaryimage\"},\"image\":{\"@id\":\"https:\\\/\\\/citycenterone.hr\\\/zagreb-east\\\/arhiva\\\/izlozba-35-godina-vatrenih\\\/#primaryimage\"},\"thumbnailUrl\":\"https:\\\/\\\/citycenterone.hr\\\/zagreb-east\\\/wp-content\\\/uploads\\\/sites\\\/3\\\/2025\\\/10\\\/CCo-HNS-web_1200x700.png\",\"datePublished\":\"2025-10-02T12:52:18+00:00\",\"dateModified\":\"2026-03-20T14:18:34+00:00\",\"author\":{\"@id\":\"https:\\\/\\\/citycenterone.hr\\\/zagreb-east\\\/#\\\/schema\\\/person\\\/f758096647212c5d641550dd4b98ff85\"},\"breadcrumb\":{\"@id\":\"https:\\\/\\\/citycenterone.hr\\\/zagreb-east\\\/arhiva\\\/izlozba-35-godina-vatrenih\\\/#breadcrumb\"},\"inLanguage\":\"hr-HR\",\"potentialAction\":[{\"@type\":\"ReadAction\",\"target\":[\"https:\\\/\\\/citycenterone.hr\\\/zagreb-east\\\/arhiva\\\/izlozba-35-godina-vatrenih\\\/\"]}]},{\"@type\":\"ImageObject\",\"inLanguage\":\"hr-HR\",\"@id\":\"https:\\\/\\\/citycenterone.hr\\\/zagreb-east\\\/arhiva\\\/izlozba-35-godina-vatrenih\\\/#primaryimage\",\"url\":\"https:\\\/\\\/citycenterone.hr\\\/zagreb-east\\\/wp-content\\\/uploads\\\/sites\\\/3\\\/2025\\\/10\\\/CCo-HNS-web_1200x700.png\",\"contentUrl\":\"https:\\\/\\\/citycenterone.hr\\\/zagreb-east\\\/wp-content\\\/uploads\\\/sites\\\/3\\\/2025\\\/10\\\/CCo-HNS-web_1200x700.png\",\"width\":1200,\"height\":700},{\"@type\":\"BreadcrumbList\",\"@id\":\"https:\\\/\\\/citycenterone.hr\\\/zagreb-east\\\/arhiva\\\/izlozba-35-godina-vatrenih\\\/#breadcrumb\",\"itemListElement\":[{\"@type\":\"ListItem\",\"position\":1,\"name\":\"Home\",\"item\":\"https:\\\/\\\/citycenterone.hr\\\/zagreb-east\\\/\"},{\"@type\":\"ListItem\",\"position\":2,\"name\":\"DO\u0110ITE NA IZLO\u017dBU: 35 godina Vatrenih\"}]},{\"@type\":\"WebSite\",\"@id\":\"https:\\\/\\\/citycenterone.hr\\\/zagreb-east\\\/#website\",\"url\":\"https:\\\/\\\/citycenterone.hr\\\/zagreb-east\\\/\",\"name\":\"Zagreb East\",\"description\":\"Just another City Centar One site\",\"potentialAction\":[{\"@type\":\"SearchAction\",\"target\":{\"@type\":\"EntryPoint\",\"urlTemplate\":\"https:\\\/\\\/citycenterone.hr\\\/zagreb-east\\\/?s={search_term_string}\"},\"query-input\":{\"@type\":\"PropertyValueSpecification\",\"valueRequired\":true,\"valueName\":\"search_term_string\"}}],\"inLanguage\":\"hr-HR\"},{\"@type\":\"Person\",\"@id\":\"https:\\\/\\\/citycenterone.hr\\\/zagreb-east\\\/#\\\/schema\\\/person\\\/f758096647212c5d641550dd4b98ff85\",\"name\":\"andrasevic\",\"image\":{\"@type\":\"ImageObject\",\"inLanguage\":\"hr-HR\",\"@id\":\"https:\\\/\\\/secure.gravatar.com\\\/avatar\\\/f114403545ff9e45657afd4ff5fe908b7e50505dc01741894ea182430cc3a206?s=96&d=mm&r=g\",\"url\":\"https:\\\/\\\/secure.gravatar.com\\\/avatar\\\/f114403545ff9e45657afd4ff5fe908b7e50505dc01741894ea182430cc3a206?s=96&d=mm&r=g\",\"contentUrl\":\"https:\\\/\\\/secure.gravatar.com\\\/avatar\\\/f114403545ff9e45657afd4ff5fe908b7e50505dc01741894ea182430cc3a206?s=96&d=mm&r=g\",\"caption\":\"andrasevic\"},\"url\":\"https:\\\/\\\/citycenterone.hr\\\/zagreb-east\\\/author\\\/andrasevic\\\/\"}]}<\/script>\n<!-- \/ Yoast SEO plugin. -->","yoast_head_json":{"title":"DO\u0110ITE NA IZLO\u017dBU: 35 godina Vatrenih - Zagreb East","robots":{"index":"index","follow":"follow","max-snippet":"max-snippet:-1","max-image-preview":"max-image-preview:large","max-video-preview":"max-video-preview:-1"},"canonical":"https:\/\/citycenterone.hr\/zagreb-east\/arhiva\/izlozba-35-godina-vatrenih\/","og_locale":"hr_HR","og_type":"article","og_title":"DO\u0110ITE NA IZLO\u017dBU: 35 godina Vatrenih - Zagreb East","og_description":"35 godina strasti i ponosa \u2013 izlo\u017eba koja slavi nezaboravne trenutke hrvatskog nogometa.","og_url":"https:\/\/citycenterone.hr\/zagreb-east\/arhiva\/izlozba-35-godina-vatrenih\/","og_site_name":"Zagreb East","article_published_time":"2025-10-02T12:52:18+00:00","article_modified_time":"2026-03-20T14:18:34+00:00","og_image":[{"width":1200,"height":700,"url":"https:\/\/citycenterone.hr\/zagreb-east\/wp-content\/uploads\/sites\/3\/2025\/10\/CCo-HNS-web_1200x700.png","type":"image\/png"}],"author":"andrasevic","twitter_card":"summary_large_image","twitter_misc":{"Written by":"andrasevic","Est. reading time":"2 minutes"},"schema":{"@context":"https:\/\/schema.org","@graph":[{"@type":"Article","@id":"https:\/\/citycenterone.hr\/zagreb-east\/arhiva\/izlozba-35-godina-vatrenih\/#article","isPartOf":{"@id":"https:\/\/citycenterone.hr\/zagreb-east\/arhiva\/izlozba-35-godina-vatrenih\/"},"author":{"name":"andrasevic","@id":"https:\/\/citycenterone.hr\/zagreb-east\/#\/schema\/person\/f758096647212c5d641550dd4b98ff85"},"headline":"DO\u0110ITE NA IZLO\u017dBU: 35 godina Vatrenih","datePublished":"2025-10-02T12:52:18+00:00","dateModified":"2026-03-20T14:18:34+00:00","mainEntityOfPage":{"@id":"https:\/\/citycenterone.hr\/zagreb-east\/arhiva\/izlozba-35-godina-vatrenih\/"},"wordCount":173,"commentCount":0,"image":{"@id":"https:\/\/citycenterone.hr\/zagreb-east\/arhiva\/izlozba-35-godina-vatrenih\/#primaryimage"},"thumbnailUrl":"https:\/\/citycenterone.hr\/zagreb-east\/wp-content\/uploads\/sites\/3\/2025\/10\/CCo-HNS-web_1200x700.png","articleSection":["Arhiva"],"inLanguage":"hr-HR","potentialAction":[{"@type":"CommentAction","name":"Comment","target":["https:\/\/citycenterone.hr\/zagreb-east\/arhiva\/izlozba-35-godina-vatrenih\/#respond"]}]},{"@type":"WebPage","@id":"https:\/\/citycenterone.hr\/zagreb-east\/arhiva\/izlozba-35-godina-vatrenih\/","url":"https:\/\/citycenterone.hr\/zagreb-east\/arhiva\/izlozba-35-godina-vatrenih\/","name":"DO\u0110ITE NA IZLO\u017dBU: 35 godina Vatrenih - Zagreb East","isPartOf":{"@id":"https:\/\/citycenterone.hr\/zagreb-east\/#website"},"primaryImageOfPage":{"@id":"https:\/\/citycenterone.hr\/zagreb-east\/arhiva\/izlozba-35-godina-vatrenih\/#primaryimage"},"image":{"@id":"https:\/\/citycenterone.hr\/zagreb-east\/arhiva\/izlozba-35-godina-vatrenih\/#primaryimage"},"thumbnailUrl":"https:\/\/citycenterone.hr\/zagreb-east\/wp-content\/uploads\/sites\/3\/2025\/10\/CCo-HNS-web_1200x700.png","datePublished":"2025-10-02T12:52:18+00:00","dateModified":"2026-03-20T14:18:34+00:00","author":{"@id":"https:\/\/citycenterone.hr\/zagreb-east\/#\/schema\/person\/f758096647212c5d641550dd4b98ff85"},"breadcrumb":{"@id":"https:\/\/citycenterone.hr\/zagreb-east\/arhiva\/izlozba-35-godina-vatrenih\/#breadcrumb"},"inLanguage":"hr-HR","potentialAction":[{"@type":"ReadAction","target":["https:\/\/citycenterone.hr\/zagreb-east\/arhiva\/izlozba-35-godina-vatrenih\/"]}]},{"@type":"ImageObject","inLanguage":"hr-HR","@id":"https:\/\/citycenterone.hr\/zagreb-east\/arhiva\/izlozba-35-godina-vatrenih\/#primaryimage","url":"https:\/\/citycenterone.hr\/zagreb-east\/wp-content\/uploads\/sites\/3\/2025\/10\/CCo-HNS-web_1200x700.png","contentUrl":"https:\/\/citycenterone.hr\/zagreb-east\/wp-content\/uploads\/sites\/3\/2025\/10\/CCo-HNS-web_1200x700.png","width":1200,"height":700},{"@type":"BreadcrumbList","@id":"https:\/\/citycenterone.hr\/zagreb-east\/arhiva\/izlozba-35-godina-vatrenih\/#breadcrumb","itemListElement":[{"@type":"ListItem","position":1,"name":"Home","item":"https:\/\/citycenterone.hr\/zagreb-east\/"},{"@type":"ListItem","position":2,"name":"DO\u0110ITE NA IZLO\u017dBU: 35 godina Vatrenih"}]},{"@type":"WebSite","@id":"https:\/\/citycenterone.hr\/zagreb-east\/#website","url":"https:\/\/citycenterone.hr\/zagreb-east\/","name":"Zagreb East","description":"Just another City Centar One site","potentialAction":[{"@type":"SearchAction","target":{"@type":"EntryPoint","urlTemplate":"https:\/\/citycenterone.hr\/zagreb-east\/?s={search_term_string}"},"query-input":{"@type":"PropertyValueSpecification","valueRequired":true,"valueName":"search_term_string"}}],"inLanguage":"hr-HR"},{"@type":"Person","@id":"https:\/\/citycenterone.hr\/zagreb-east\/#\/schema\/person\/f758096647212c5d641550dd4b98ff85","name":"andrasevic","image":{"@type":"ImageObject","inLanguage":"hr-HR","@id":"https:\/\/secure.gravatar.com\/avatar\/f114403545ff9e45657afd4ff5fe908b7e50505dc01741894ea182430cc3a206?s=96&d=mm&r=g","url":"https:\/\/secure.gravatar.com\/avatar\/f114403545ff9e45657afd4ff5fe908b7e50505dc01741894ea182430cc3a206?s=96&d=mm&r=g","contentUrl":"https:\/\/secure.gravatar.com\/avatar\/f114403545ff9e45657afd4ff5fe908b7e50505dc01741894ea182430cc3a206?s=96&d=mm&r=g","caption":"andrasevic"},"url":"https:\/\/citycenterone.hr\/zagreb-east\/author\/andrasevic\/"}]}},"_links":{"self":[{"href":"https:\/\/citycenterone.hr\/zagreb-east\/wp-json\/wp\/v2\/posts\/65727","targetHints":{"allow":["GET"]}}],"collection":[{"href":"https:\/\/citycenterone.hr\/zagreb-east\/wp-json\/wp\/v2\/posts"}],"about":[{"href":"https:\/\/citycenterone.hr\/zagreb-east\/wp-json\/wp\/v2\/types\/post"}],"author":[{"embeddable":true,"href":"https:\/\/citycenterone.hr\/zagreb-east\/wp-json\/wp\/v2\/users\/30"}],"replies":[{"embeddable":true,"href":"https:\/\/citycenterone.hr\/zagreb-east\/wp-json\/wp\/v2\/comments?post=65727"}],"version-history":[{"count":3,"href":"https:\/\/citycenterone.hr\/zagreb-east\/wp-json\/wp\/v2\/posts\/65727\/revisions"}],"predecessor-version":[{"id":65790,"href":"https:\/\/citycenterone.hr\/zagreb-east\/wp-json\/wp\/v2\/posts\/65727\/revisions\/65790"}],"wp:featuredmedia":[{"embeddable":true,"href":"https:\/\/citycenterone.hr\/zagreb-east\/wp-json\/wp\/v2\/media\/65728"}],"wp:attachment":[{"href":"https:\/\/citycenterone.hr\/zagreb-east\/wp-json\/wp\/v2\/media?parent=65727"}],"wp:term":[{"taxonomy":"category","embeddable":true,"href":"https:\/\/citycenterone.hr\/zagreb-east\/wp-json\/wp\/v2\/categories?post=65727"},{"taxonomy":"post_tag","embeddable":true,"href":"https:\/\/citycenterone.hr\/zagreb-east\/wp-json\/wp\/v2\/tags?post=65727"}],"curies":[{"name":"wp","href":"https:\/\/api.w.org\/{rel}","templated":true}]}}