{"id":62043,"date":"2022-03-23T14:29:27","date_gmt":"2022-03-23T14:29:27","guid":{"rendered":"https:\/\/citycenterone.hr\/zagreb-west\/?p=62043"},"modified":"2023-02-06T14:26:37","modified_gmt":"2023-02-06T14:26:37","slug":"aldo-torbe-apsolutni-su-must-have-ove-sezone","status":"publish","type":"post","link":"https:\/\/citycenterone.hr\/zagreb-west\/arhiva\/aldo-torbe-apsolutni-su-must-have-ove-sezone\/","title":{"rendered":"ALDO TORBE APSOLUTNI SU MUST HAVE OVE SEZONE"},"content":{"rendered":"<p>Napokon smo do\u010dekali tople i sun\u010dane dane, a stigle su i nove kolekcije za prolje\u0107e\/ljeto. Torba je najva\u017eniji dodatak svake odjevne kombinacije, ne samo zbog svog atraktivnog izgleda, nego i izuzetne prakti\u010dnosti. Osim \u0161to u njoj nosimo sve ono \u0161to nam je potrebno, njezin dizajn mo\u017ee u trenu za\u010diniti i najjednostavniji outfit. Naravno, vrlo je va\u017eno u ormaru imati torbu koja \u0107e trajati nekoliko sezona i zato je najbolja investicija ovog prolje\u0107a kvalitetna torba.<\/p>\n<p><img loading=\"lazy\" decoding=\"async\" class=\"wp-image-62532 aligncenter\" src=\"https:\/\/citycenterone.hr\/zagreb-west\/wp-content\/uploads\/sites\/2\/2022\/03\/Aldo_torbe-SS22_1550-kn-Medium-683x1024.jpg\" alt=\"\" width=\"538\" height=\"807\" srcset=\"https:\/\/citycenterone.hr\/zagreb-west\/wp-content\/uploads\/sites\/2\/2022\/03\/Aldo_torbe-SS22_1550-kn-Medium-683x1024.jpg 683w, https:\/\/citycenterone.hr\/zagreb-west\/wp-content\/uploads\/sites\/2\/2022\/03\/Aldo_torbe-SS22_1550-kn-Medium.jpg 768w\" sizes=\"auto, (max-width: 538px) 100vw, 538px\" \/><\/p>\n<p>Nova kolekcija donosi omiljene modele torbica koje \u0107e vam istaknuti svaki outfit, podi\u0107i raspolo\u017eenje i dati dozu zaigranosti. Boje poput \u017eute, svijetlo zelene pa \u010dak i jarko naran\u010daste zavladat \u0107e ulicama ove sezone te vjerujemo da ne\u0107ete pro\u0107i nezamije\u0107eno.<\/p>\n<p><img loading=\"lazy\" decoding=\"async\" class=\"wp-image-62526 size-full aligncenter\" src=\"https:\/\/citycenterone.hr\/zagreb-west\/wp-content\/uploads\/sites\/2\/2022\/03\/1.jpg\" alt=\"\" width=\"773\" height=\"151\" srcset=\"https:\/\/citycenterone.hr\/zagreb-west\/wp-content\/uploads\/sites\/2\/2022\/03\/1.jpg 773w, https:\/\/citycenterone.hr\/zagreb-west\/wp-content\/uploads\/sites\/2\/2022\/03\/1-768x150.jpg 768w\" sizes=\"auto, (max-width: 773px) 100vw, 773px\" \/><\/p>\n<p>Sezonu pred nama obilje\u017eit \u0107e cvjetni detalji pa odabirom torbica s takvim uzorkom ne\u0107ete pogrije\u0161iti. Cirkoni na torbicama bit \u0107e sjajan dodatak romanti\u010dnim i razigranim outfitima koje se veselimo nositi ovog prolje\u0107a. Ukoliko preferirate sigurniji odabir klasi\u010dne crne torbice,\u00a0 ALDO se prilagodio i vama te na ru\u010dku dodao efektnu cvjetnu maramu koja torbi daje poseban \u0161arm.<\/p>\n<p><img loading=\"lazy\" decoding=\"async\" class=\"wp-image-62528 size-full aligncenter\" src=\"https:\/\/citycenterone.hr\/zagreb-west\/wp-content\/uploads\/sites\/2\/2022\/03\/2.jpg\" alt=\"\" width=\"733\" height=\"151\" srcset=\"https:\/\/citycenterone.hr\/zagreb-west\/wp-content\/uploads\/sites\/2\/2022\/03\/2.jpg 733w, https:\/\/citycenterone.hr\/zagreb-west\/wp-content\/uploads\/sites\/2\/2022\/03\/2-732x151.jpg 732w\" sizes=\"auto, (max-width: 733px) 100vw, 733px\" \/><\/p>\n<p>Uz regularan asortiman trendi torbica, ALDO je predstavio mini limitiranu kolekciju premium torbi \u2013 ALDO Collection. U kolekciji se mogu prona\u0107i modeli koji su izuzetno elegantni i sofisticirani, u nje\u017enim i neutralnim nijansama, a na vama je samo da odaberete veli\u010dinu i oblik.<\/p>\n<p><img loading=\"lazy\" decoding=\"async\" class=\"wp-image-62530 size-full aligncenter\" src=\"https:\/\/citycenterone.hr\/zagreb-west\/wp-content\/uploads\/sites\/2\/2022\/03\/3.jpg\" alt=\"\" width=\"785\" height=\"151\" srcset=\"https:\/\/citycenterone.hr\/zagreb-west\/wp-content\/uploads\/sites\/2\/2022\/03\/3.jpg 785w, https:\/\/citycenterone.hr\/zagreb-west\/wp-content\/uploads\/sites\/2\/2022\/03\/3-768x148.jpg 768w, https:\/\/citycenterone.hr\/zagreb-west\/wp-content\/uploads\/sites\/2\/2022\/03\/3-780x151.jpg 780w\" sizes=\"auto, (max-width: 785px) 100vw, 785px\" \/><\/p>\n<p>&nbsp;<\/p>\n","protected":false},"excerpt":{"rendered":"<p>Kolekcija torbi koja \u0107e vas ostaviti bez daha.<\/p>\n","protected":false},"author":10,"featured_media":62524,"comment_status":"closed","ping_status":"open","sticky":false,"template":"","format":"standard","meta":{"_acf_changed":false,"footnotes":""},"categories":[10],"tags":[],"class_list":["post-62043","post","type-post","status-publish","format-standard","has-post-thumbnail","hentry","category-arhiva"],"acf":[],"yoast_head":"<!-- This site is optimized with the Yoast SEO plugin v27.4 - https:\/\/yoast.com\/product\/yoast-seo-wordpress\/ -->\n<title>ALDO TORBE APSOLUTNI SU MUST HAVE OVE SEZONE - Zagreb West<\/title>\n<meta name=\"robots\" content=\"index, follow, max-snippet:-1, max-image-preview:large, max-video-preview:-1\" \/>\n<link rel=\"canonical\" href=\"https:\/\/citycenterone.hr\/zagreb-west\/arhiva\/aldo-torbe-apsolutni-su-must-have-ove-sezone\/\" \/>\n<meta property=\"og:locale\" content=\"hr_HR\" \/>\n<meta property=\"og:type\" content=\"article\" \/>\n<meta property=\"og:title\" content=\"ALDO TORBE APSOLUTNI SU MUST HAVE OVE SEZONE - Zagreb West\" \/>\n<meta property=\"og:description\" content=\"Kolekcija torbi koja \u0107e vas ostaviti bez daha.\" \/>\n<meta property=\"og:url\" content=\"https:\/\/citycenterone.hr\/zagreb-west\/arhiva\/aldo-torbe-apsolutni-su-must-have-ove-sezone\/\" \/>\n<meta property=\"og:site_name\" content=\"Zagreb West\" \/>\n<meta property=\"article:published_time\" content=\"2022-03-23T14:29:27+00:00\" \/>\n<meta property=\"article:modified_time\" content=\"2023-02-06T14:26:37+00:00\" \/>\n<meta property=\"og:image\" content=\"https:\/\/citycenterone.hr\/zagreb-west\/wp-content\/uploads\/sites\/2\/2022\/03\/Aldo_torbe-SS22_390-kn-2-Medium.jpg\" \/>\n\t<meta property=\"og:image:width\" content=\"768\" \/>\n\t<meta property=\"og:image:height\" content=\"1151\" \/>\n\t<meta property=\"og:image:type\" content=\"image\/jpeg\" \/>\n<meta name=\"author\" content=\"prisek\" \/>\n<meta name=\"twitter:card\" content=\"summary_large_image\" \/>\n<meta name=\"twitter:label1\" content=\"Written by\" \/>\n\t<meta name=\"twitter:data1\" content=\"prisek\" \/>\n\t<meta name=\"twitter:label2\" content=\"Est. reading time\" \/>\n\t<meta name=\"twitter:data2\" content=\"1 minute\" \/>\n<script type=\"application\/ld+json\" class=\"yoast-schema-graph\">{\"@context\":\"https:\\\/\\\/schema.org\",\"@graph\":[{\"@type\":\"Article\",\"@id\":\"https:\\\/\\\/citycenterone.hr\\\/zagreb-west\\\/arhiva\\\/aldo-torbe-apsolutni-su-must-have-ove-sezone\\\/#article\",\"isPartOf\":{\"@id\":\"https:\\\/\\\/citycenterone.hr\\\/zagreb-west\\\/arhiva\\\/aldo-torbe-apsolutni-su-must-have-ove-sezone\\\/\"},\"author\":{\"name\":\"prisek\",\"@id\":\"https:\\\/\\\/citycenterone.hr\\\/zagreb-west\\\/#\\\/schema\\\/person\\\/f61b899bb32db9018318f39778e425db\"},\"headline\":\"ALDO TORBE APSOLUTNI SU MUST HAVE OVE SEZONE\",\"datePublished\":\"2022-03-23T14:29:27+00:00\",\"dateModified\":\"2023-02-06T14:26:37+00:00\",\"mainEntityOfPage\":{\"@id\":\"https:\\\/\\\/citycenterone.hr\\\/zagreb-west\\\/arhiva\\\/aldo-torbe-apsolutni-su-must-have-ove-sezone\\\/\"},\"wordCount\":246,\"image\":{\"@id\":\"https:\\\/\\\/citycenterone.hr\\\/zagreb-west\\\/arhiva\\\/aldo-torbe-apsolutni-su-must-have-ove-sezone\\\/#primaryimage\"},\"thumbnailUrl\":\"https:\\\/\\\/citycenterone.hr\\\/zagreb-west\\\/wp-content\\\/uploads\\\/sites\\\/2\\\/2022\\\/03\\\/Aldo_torbe-SS22_390-kn-2-Medium.jpg\",\"articleSection\":[\"Arhiva\"],\"inLanguage\":\"hr-HR\"},{\"@type\":\"WebPage\",\"@id\":\"https:\\\/\\\/citycenterone.hr\\\/zagreb-west\\\/arhiva\\\/aldo-torbe-apsolutni-su-must-have-ove-sezone\\\/\",\"url\":\"https:\\\/\\\/citycenterone.hr\\\/zagreb-west\\\/arhiva\\\/aldo-torbe-apsolutni-su-must-have-ove-sezone\\\/\",\"name\":\"ALDO TORBE APSOLUTNI SU MUST HAVE OVE SEZONE - Zagreb West\",\"isPartOf\":{\"@id\":\"https:\\\/\\\/citycenterone.hr\\\/zagreb-west\\\/#website\"},\"primaryImageOfPage\":{\"@id\":\"https:\\\/\\\/citycenterone.hr\\\/zagreb-west\\\/arhiva\\\/aldo-torbe-apsolutni-su-must-have-ove-sezone\\\/#primaryimage\"},\"image\":{\"@id\":\"https:\\\/\\\/citycenterone.hr\\\/zagreb-west\\\/arhiva\\\/aldo-torbe-apsolutni-su-must-have-ove-sezone\\\/#primaryimage\"},\"thumbnailUrl\":\"https:\\\/\\\/citycenterone.hr\\\/zagreb-west\\\/wp-content\\\/uploads\\\/sites\\\/2\\\/2022\\\/03\\\/Aldo_torbe-SS22_390-kn-2-Medium.jpg\",\"datePublished\":\"2022-03-23T14:29:27+00:00\",\"dateModified\":\"2023-02-06T14:26:37+00:00\",\"author\":{\"@id\":\"https:\\\/\\\/citycenterone.hr\\\/zagreb-west\\\/#\\\/schema\\\/person\\\/f61b899bb32db9018318f39778e425db\"},\"breadcrumb\":{\"@id\":\"https:\\\/\\\/citycenterone.hr\\\/zagreb-west\\\/arhiva\\\/aldo-torbe-apsolutni-su-must-have-ove-sezone\\\/#breadcrumb\"},\"inLanguage\":\"hr-HR\",\"potentialAction\":[{\"@type\":\"ReadAction\",\"target\":[\"https:\\\/\\\/citycenterone.hr\\\/zagreb-west\\\/arhiva\\\/aldo-torbe-apsolutni-su-must-have-ove-sezone\\\/\"]}]},{\"@type\":\"ImageObject\",\"inLanguage\":\"hr-HR\",\"@id\":\"https:\\\/\\\/citycenterone.hr\\\/zagreb-west\\\/arhiva\\\/aldo-torbe-apsolutni-su-must-have-ove-sezone\\\/#primaryimage\",\"url\":\"https:\\\/\\\/citycenterone.hr\\\/zagreb-west\\\/wp-content\\\/uploads\\\/sites\\\/2\\\/2022\\\/03\\\/Aldo_torbe-SS22_390-kn-2-Medium.jpg\",\"contentUrl\":\"https:\\\/\\\/citycenterone.hr\\\/zagreb-west\\\/wp-content\\\/uploads\\\/sites\\\/2\\\/2022\\\/03\\\/Aldo_torbe-SS22_390-kn-2-Medium.jpg\",\"width\":768,\"height\":1151},{\"@type\":\"BreadcrumbList\",\"@id\":\"https:\\\/\\\/citycenterone.hr\\\/zagreb-west\\\/arhiva\\\/aldo-torbe-apsolutni-su-must-have-ove-sezone\\\/#breadcrumb\",\"itemListElement\":[{\"@type\":\"ListItem\",\"position\":1,\"name\":\"Home\",\"item\":\"https:\\\/\\\/citycenterone.hr\\\/zagreb-west\\\/\"},{\"@type\":\"ListItem\",\"position\":2,\"name\":\"ALDO TORBE APSOLUTNI SU MUST HAVE OVE SEZONE\"}]},{\"@type\":\"WebSite\",\"@id\":\"https:\\\/\\\/citycenterone.hr\\\/zagreb-west\\\/#website\",\"url\":\"https:\\\/\\\/citycenterone.hr\\\/zagreb-west\\\/\",\"name\":\"Zagreb West\",\"description\":\"Just another City Centar One site\",\"potentialAction\":[{\"@type\":\"SearchAction\",\"target\":{\"@type\":\"EntryPoint\",\"urlTemplate\":\"https:\\\/\\\/citycenterone.hr\\\/zagreb-west\\\/?s={search_term_string}\"},\"query-input\":{\"@type\":\"PropertyValueSpecification\",\"valueRequired\":true,\"valueName\":\"search_term_string\"}}],\"inLanguage\":\"hr-HR\"},{\"@type\":\"Person\",\"@id\":\"https:\\\/\\\/citycenterone.hr\\\/zagreb-west\\\/#\\\/schema\\\/person\\\/f61b899bb32db9018318f39778e425db\",\"name\":\"prisek\",\"image\":{\"@type\":\"ImageObject\",\"inLanguage\":\"hr-HR\",\"@id\":\"https:\\\/\\\/secure.gravatar.com\\\/avatar\\\/ddd1379ca023f63ca67c0f2eb9a4380c9c54c6bdd87c1de15c72f6b8d8b7eed6?s=96&d=mm&r=g\",\"url\":\"https:\\\/\\\/secure.gravatar.com\\\/avatar\\\/ddd1379ca023f63ca67c0f2eb9a4380c9c54c6bdd87c1de15c72f6b8d8b7eed6?s=96&d=mm&r=g\",\"contentUrl\":\"https:\\\/\\\/secure.gravatar.com\\\/avatar\\\/ddd1379ca023f63ca67c0f2eb9a4380c9c54c6bdd87c1de15c72f6b8d8b7eed6?s=96&d=mm&r=g\",\"caption\":\"prisek\"},\"url\":\"https:\\\/\\\/citycenterone.hr\\\/zagreb-west\\\/author\\\/prisek\\\/\"}]}<\/script>\n<!-- \/ Yoast SEO plugin. -->","yoast_head_json":{"title":"ALDO TORBE APSOLUTNI SU MUST HAVE OVE SEZONE - Zagreb West","robots":{"index":"index","follow":"follow","max-snippet":"max-snippet:-1","max-image-preview":"max-image-preview:large","max-video-preview":"max-video-preview:-1"},"canonical":"https:\/\/citycenterone.hr\/zagreb-west\/arhiva\/aldo-torbe-apsolutni-su-must-have-ove-sezone\/","og_locale":"hr_HR","og_type":"article","og_title":"ALDO TORBE APSOLUTNI SU MUST HAVE OVE SEZONE - Zagreb West","og_description":"Kolekcija torbi koja \u0107e vas ostaviti bez daha.","og_url":"https:\/\/citycenterone.hr\/zagreb-west\/arhiva\/aldo-torbe-apsolutni-su-must-have-ove-sezone\/","og_site_name":"Zagreb West","article_published_time":"2022-03-23T14:29:27+00:00","article_modified_time":"2023-02-06T14:26:37+00:00","og_image":[{"width":768,"height":1151,"url":"https:\/\/citycenterone.hr\/zagreb-west\/wp-content\/uploads\/sites\/2\/2022\/03\/Aldo_torbe-SS22_390-kn-2-Medium.jpg","type":"image\/jpeg"}],"author":"prisek","twitter_card":"summary_large_image","twitter_misc":{"Written by":"prisek","Est. reading time":"1 minute"},"schema":{"@context":"https:\/\/schema.org","@graph":[{"@type":"Article","@id":"https:\/\/citycenterone.hr\/zagreb-west\/arhiva\/aldo-torbe-apsolutni-su-must-have-ove-sezone\/#article","isPartOf":{"@id":"https:\/\/citycenterone.hr\/zagreb-west\/arhiva\/aldo-torbe-apsolutni-su-must-have-ove-sezone\/"},"author":{"name":"prisek","@id":"https:\/\/citycenterone.hr\/zagreb-west\/#\/schema\/person\/f61b899bb32db9018318f39778e425db"},"headline":"ALDO TORBE APSOLUTNI SU MUST HAVE OVE SEZONE","datePublished":"2022-03-23T14:29:27+00:00","dateModified":"2023-02-06T14:26:37+00:00","mainEntityOfPage":{"@id":"https:\/\/citycenterone.hr\/zagreb-west\/arhiva\/aldo-torbe-apsolutni-su-must-have-ove-sezone\/"},"wordCount":246,"image":{"@id":"https:\/\/citycenterone.hr\/zagreb-west\/arhiva\/aldo-torbe-apsolutni-su-must-have-ove-sezone\/#primaryimage"},"thumbnailUrl":"https:\/\/citycenterone.hr\/zagreb-west\/wp-content\/uploads\/sites\/2\/2022\/03\/Aldo_torbe-SS22_390-kn-2-Medium.jpg","articleSection":["Arhiva"],"inLanguage":"hr-HR"},{"@type":"WebPage","@id":"https:\/\/citycenterone.hr\/zagreb-west\/arhiva\/aldo-torbe-apsolutni-su-must-have-ove-sezone\/","url":"https:\/\/citycenterone.hr\/zagreb-west\/arhiva\/aldo-torbe-apsolutni-su-must-have-ove-sezone\/","name":"ALDO TORBE APSOLUTNI SU MUST HAVE OVE SEZONE - Zagreb West","isPartOf":{"@id":"https:\/\/citycenterone.hr\/zagreb-west\/#website"},"primaryImageOfPage":{"@id":"https:\/\/citycenterone.hr\/zagreb-west\/arhiva\/aldo-torbe-apsolutni-su-must-have-ove-sezone\/#primaryimage"},"image":{"@id":"https:\/\/citycenterone.hr\/zagreb-west\/arhiva\/aldo-torbe-apsolutni-su-must-have-ove-sezone\/#primaryimage"},"thumbnailUrl":"https:\/\/citycenterone.hr\/zagreb-west\/wp-content\/uploads\/sites\/2\/2022\/03\/Aldo_torbe-SS22_390-kn-2-Medium.jpg","datePublished":"2022-03-23T14:29:27+00:00","dateModified":"2023-02-06T14:26:37+00:00","author":{"@id":"https:\/\/citycenterone.hr\/zagreb-west\/#\/schema\/person\/f61b899bb32db9018318f39778e425db"},"breadcrumb":{"@id":"https:\/\/citycenterone.hr\/zagreb-west\/arhiva\/aldo-torbe-apsolutni-su-must-have-ove-sezone\/#breadcrumb"},"inLanguage":"hr-HR","potentialAction":[{"@type":"ReadAction","target":["https:\/\/citycenterone.hr\/zagreb-west\/arhiva\/aldo-torbe-apsolutni-su-must-have-ove-sezone\/"]}]},{"@type":"ImageObject","inLanguage":"hr-HR","@id":"https:\/\/citycenterone.hr\/zagreb-west\/arhiva\/aldo-torbe-apsolutni-su-must-have-ove-sezone\/#primaryimage","url":"https:\/\/citycenterone.hr\/zagreb-west\/wp-content\/uploads\/sites\/2\/2022\/03\/Aldo_torbe-SS22_390-kn-2-Medium.jpg","contentUrl":"https:\/\/citycenterone.hr\/zagreb-west\/wp-content\/uploads\/sites\/2\/2022\/03\/Aldo_torbe-SS22_390-kn-2-Medium.jpg","width":768,"height":1151},{"@type":"BreadcrumbList","@id":"https:\/\/citycenterone.hr\/zagreb-west\/arhiva\/aldo-torbe-apsolutni-su-must-have-ove-sezone\/#breadcrumb","itemListElement":[{"@type":"ListItem","position":1,"name":"Home","item":"https:\/\/citycenterone.hr\/zagreb-west\/"},{"@type":"ListItem","position":2,"name":"ALDO TORBE APSOLUTNI SU MUST HAVE OVE SEZONE"}]},{"@type":"WebSite","@id":"https:\/\/citycenterone.hr\/zagreb-west\/#website","url":"https:\/\/citycenterone.hr\/zagreb-west\/","name":"Zagreb West","description":"Just another City Centar One site","potentialAction":[{"@type":"SearchAction","target":{"@type":"EntryPoint","urlTemplate":"https:\/\/citycenterone.hr\/zagreb-west\/?s={search_term_string}"},"query-input":{"@type":"PropertyValueSpecification","valueRequired":true,"valueName":"search_term_string"}}],"inLanguage":"hr-HR"},{"@type":"Person","@id":"https:\/\/citycenterone.hr\/zagreb-west\/#\/schema\/person\/f61b899bb32db9018318f39778e425db","name":"prisek","image":{"@type":"ImageObject","inLanguage":"hr-HR","@id":"https:\/\/secure.gravatar.com\/avatar\/ddd1379ca023f63ca67c0f2eb9a4380c9c54c6bdd87c1de15c72f6b8d8b7eed6?s=96&d=mm&r=g","url":"https:\/\/secure.gravatar.com\/avatar\/ddd1379ca023f63ca67c0f2eb9a4380c9c54c6bdd87c1de15c72f6b8d8b7eed6?s=96&d=mm&r=g","contentUrl":"https:\/\/secure.gravatar.com\/avatar\/ddd1379ca023f63ca67c0f2eb9a4380c9c54c6bdd87c1de15c72f6b8d8b7eed6?s=96&d=mm&r=g","caption":"prisek"},"url":"https:\/\/citycenterone.hr\/zagreb-west\/author\/prisek\/"}]}},"_links":{"self":[{"href":"https:\/\/citycenterone.hr\/zagreb-west\/wp-json\/wp\/v2\/posts\/62043","targetHints":{"allow":["GET"]}}],"collection":[{"href":"https:\/\/citycenterone.hr\/zagreb-west\/wp-json\/wp\/v2\/posts"}],"about":[{"href":"https:\/\/citycenterone.hr\/zagreb-west\/wp-json\/wp\/v2\/types\/post"}],"author":[{"embeddable":true,"href":"https:\/\/citycenterone.hr\/zagreb-west\/wp-json\/wp\/v2\/users\/10"}],"replies":[{"embeddable":true,"href":"https:\/\/citycenterone.hr\/zagreb-west\/wp-json\/wp\/v2\/comments?post=62043"}],"version-history":[{"count":3,"href":"https:\/\/citycenterone.hr\/zagreb-west\/wp-json\/wp\/v2\/posts\/62043\/revisions"}],"predecessor-version":[{"id":62535,"href":"https:\/\/citycenterone.hr\/zagreb-west\/wp-json\/wp\/v2\/posts\/62043\/revisions\/62535"}],"wp:featuredmedia":[{"embeddable":true,"href":"https:\/\/citycenterone.hr\/zagreb-west\/wp-json\/wp\/v2\/media\/62524"}],"wp:attachment":[{"href":"https:\/\/citycenterone.hr\/zagreb-west\/wp-json\/wp\/v2\/media?parent=62043"}],"wp:term":[{"taxonomy":"category","embeddable":true,"href":"https:\/\/citycenterone.hr\/zagreb-west\/wp-json\/wp\/v2\/categories?post=62043"},{"taxonomy":"post_tag","embeddable":true,"href":"https:\/\/citycenterone.hr\/zagreb-west\/wp-json\/wp\/v2\/tags?post=62043"}],"curies":[{"name":"wp","href":"https:\/\/api.w.org\/{rel}","templated":true}]}}