{"id":62100,"date":"2022-03-24T14:38:49","date_gmt":"2022-03-24T14:38:49","guid":{"rendered":"https:\/\/citycenterone.hr\/zagreb-west\/?p=62100"},"modified":"2023-02-06T14:26:37","modified_gmt":"2023-02-06T14:26:37","slug":"zavirite-u-proljetnu-kolekciju-optike-anda","status":"publish","type":"post","link":"https:\/\/citycenterone.hr\/zagreb-west\/arhiva\/zavirite-u-proljetnu-kolekciju-optike-anda\/","title":{"rendered":"ZAVIRITE U PROLJETNU KOLEKCIJU OPTIKE ANDA"},"content":{"rendered":"<p>Ba\u0161 poput ptica selica, i sun\u010dane nao\u010dale pojavljuju se nakon hladne zime i jedva do\u010dekaju prve proljetne zrake sunca.<\/p>\n<p><img loading=\"lazy\" decoding=\"async\" class=\"wp-image-62111 aligncenter\" src=\"https:\/\/citycenterone.hr\/zagreb-west\/wp-content\/uploads\/sites\/2\/2022\/03\/Optika-Anda-Gucci-GG1081S-1024x614.jpg\" alt=\"\" width=\"564\" height=\"338\" srcset=\"https:\/\/citycenterone.hr\/zagreb-west\/wp-content\/uploads\/sites\/2\/2022\/03\/Optika-Anda-Gucci-GG1081S-1024x614.jpg 1024w, https:\/\/citycenterone.hr\/zagreb-west\/wp-content\/uploads\/sites\/2\/2022\/03\/Optika-Anda-Gucci-GG1081S-768x461.jpg 768w, https:\/\/citycenterone.hr\/zagreb-west\/wp-content\/uploads\/sites\/2\/2022\/03\/Optika-Anda-Gucci-GG1081S.jpg 1500w\" sizes=\"auto, (max-width: 564px) 100vw, 564px\" \/><\/p>\n<p>Prolje\u0107e je pravo vrijeme za pokret i nove izazove, a uz novu kolekciju nao\u010dala za prolje\u0107e\/ljeto 2022. osvojite pogledom na svakom koraku.<\/p>\n<p><img loading=\"lazy\" decoding=\"async\" class=\"wp-image-62109 aligncenter\" src=\"https:\/\/citycenterone.hr\/zagreb-west\/wp-content\/uploads\/sites\/2\/2022\/03\/Optika-Anda-DolceGabbana-DG3354-1024x614.jpg\" alt=\"\" width=\"564\" height=\"338\" srcset=\"https:\/\/citycenterone.hr\/zagreb-west\/wp-content\/uploads\/sites\/2\/2022\/03\/Optika-Anda-DolceGabbana-DG3354-1024x614.jpg 1024w, https:\/\/citycenterone.hr\/zagreb-west\/wp-content\/uploads\/sites\/2\/2022\/03\/Optika-Anda-DolceGabbana-DG3354-768x461.jpg 768w, https:\/\/citycenterone.hr\/zagreb-west\/wp-content\/uploads\/sites\/2\/2022\/03\/Optika-Anda-DolceGabbana-DG3354.jpg 1500w\" sizes=\"auto, (max-width: 564px) 100vw, 564px\" \/><\/p>\n<p>Fluorescentno zelena je boja sezona koja se sla\u017ee uz ba\u0161 sve modne modne stilove pa i grunge, glam, rock \u2013 u Optici Anda sve je mogu\u0107e! Brendovi kao \u0161to su Alexander McQueen, Balenciaga, Philipp Plein odva\u017eno se poigravaju s futuristi\u010dkim i avangardnim elementima, a me\u0111u klju\u010dnim modnim detaljima isti\u010du se lan\u010di\u0107i za nao\u010dale koje s lako\u0107om mo\u017eete kombinirati prema svom stilu.<\/p>\n<p><img loading=\"lazy\" decoding=\"async\" class=\"wp-image-62105 aligncenter\" src=\"https:\/\/citycenterone.hr\/zagreb-west\/wp-content\/uploads\/sites\/2\/2022\/03\/Optika-Anda-Balenciaga-BB0170O-1024x614.jpg\" alt=\"\" width=\"564\" height=\"338\" srcset=\"https:\/\/citycenterone.hr\/zagreb-west\/wp-content\/uploads\/sites\/2\/2022\/03\/Optika-Anda-Balenciaga-BB0170O-1024x614.jpg 1024w, https:\/\/citycenterone.hr\/zagreb-west\/wp-content\/uploads\/sites\/2\/2022\/03\/Optika-Anda-Balenciaga-BB0170O-768x461.jpg 768w, https:\/\/citycenterone.hr\/zagreb-west\/wp-content\/uploads\/sites\/2\/2022\/03\/Optika-Anda-Balenciaga-BB0170O.jpg 1500w\" sizes=\"auto, (max-width: 564px) 100vw, 564px\" \/><\/p>\n<p>Uz klju\u010dne modne kombinacije koje \u0107e obilje\u017eiti po\u010detak sun\u010dane sezone, nao\u010dale su i dalje No1 modni dodatak koji osim \u0161to podi\u017ee svaki look \u2013 \u0161titi va\u0161e o\u010di! Koje god sun\u010dane nao\u010dale ili dioptrijske okvire odaberete, nosite ih sa stilom i neka va\u0161 pogled govori umjesto vas.<\/p>\n<p><img loading=\"lazy\" decoding=\"async\" class=\"wp-image-62101 aligncenter\" src=\"https:\/\/citycenterone.hr\/zagreb-west\/wp-content\/uploads\/sites\/2\/2022\/03\/Optika-Anda-Philipp-Plein-1024x614.jpg\" alt=\"\" width=\"564\" height=\"338\" srcset=\"https:\/\/citycenterone.hr\/zagreb-west\/wp-content\/uploads\/sites\/2\/2022\/03\/Optika-Anda-Philipp-Plein-1024x614.jpg 1024w, https:\/\/citycenterone.hr\/zagreb-west\/wp-content\/uploads\/sites\/2\/2022\/03\/Optika-Anda-Philipp-Plein-768x461.jpg 768w, https:\/\/citycenterone.hr\/zagreb-west\/wp-content\/uploads\/sites\/2\/2022\/03\/Optika-Anda-Philipp-Plein.jpg 1500w\" sizes=\"auto, (max-width: 564px) 100vw, 564px\" \/><\/p>\n<p>Jeste li spremni prihvatiti nove trendove nao\u010dala i u\u010diniti ih svojima? #LoveYourEyes i pogledajte novu kolekciju Optike Anda te izaberite savr\u0161ene sun\u010dane nao\u010dale!<\/p>\n","protected":false},"excerpt":{"rendered":"<p>Svako godi\u0161nje dobe ima svoje \u010dari, ali prolje\u0107e zauzima posebno mjesto u srcima svih ljubitelja nao\u010dala!<\/p>\n","protected":false},"author":10,"featured_media":62113,"comment_status":"closed","ping_status":"open","sticky":false,"template":"","format":"standard","meta":{"_acf_changed":false,"footnotes":""},"categories":[10],"tags":[],"class_list":["post-62100","post","type-post","status-publish","format-standard","has-post-thumbnail","hentry","category-arhiva"],"acf":[],"yoast_head":"<!-- This site is optimized with the Yoast SEO plugin v27.4 - https:\/\/yoast.com\/product\/yoast-seo-wordpress\/ -->\n<title>ZAVIRITE U PROLJETNU KOLEKCIJU OPTIKE ANDA - Zagreb West<\/title>\n<meta name=\"robots\" content=\"index, follow, max-snippet:-1, max-image-preview:large, max-video-preview:-1\" \/>\n<link rel=\"canonical\" href=\"https:\/\/citycenterone.hr\/zagreb-west\/arhiva\/zavirite-u-proljetnu-kolekciju-optike-anda\/\" \/>\n<meta property=\"og:locale\" content=\"hr_HR\" \/>\n<meta property=\"og:type\" content=\"article\" \/>\n<meta property=\"og:title\" content=\"ZAVIRITE U PROLJETNU KOLEKCIJU OPTIKE ANDA - Zagreb West\" \/>\n<meta property=\"og:description\" content=\"Svako godi\u0161nje dobe ima svoje \u010dari, ali prolje\u0107e zauzima posebno mjesto u srcima svih ljubitelja nao\u010dala!\" \/>\n<meta property=\"og:url\" content=\"https:\/\/citycenterone.hr\/zagreb-west\/arhiva\/zavirite-u-proljetnu-kolekciju-optike-anda\/\" \/>\n<meta property=\"og:site_name\" content=\"Zagreb West\" \/>\n<meta property=\"article:published_time\" content=\"2022-03-24T14:38:49+00:00\" \/>\n<meta property=\"article:modified_time\" content=\"2023-02-06T14:26:37+00:00\" \/>\n<meta property=\"og:image\" content=\"https:\/\/citycenterone.hr\/zagreb-west\/wp-content\/uploads\/sites\/2\/2022\/03\/1600x1200-px.jpg\" \/>\n\t<meta property=\"og:image:width\" content=\"1600\" \/>\n\t<meta property=\"og:image:height\" content=\"1200\" \/>\n\t<meta property=\"og:image:type\" content=\"image\/jpeg\" \/>\n<meta name=\"author\" content=\"prisek\" \/>\n<meta name=\"twitter:card\" content=\"summary_large_image\" \/>\n<meta name=\"twitter:label1\" content=\"Written by\" \/>\n\t<meta name=\"twitter:data1\" content=\"prisek\" \/>\n\t<meta name=\"twitter:label2\" content=\"Est. reading time\" \/>\n\t<meta name=\"twitter:data2\" content=\"1 minute\" \/>\n<script type=\"application\/ld+json\" class=\"yoast-schema-graph\">{\"@context\":\"https:\\\/\\\/schema.org\",\"@graph\":[{\"@type\":\"Article\",\"@id\":\"https:\\\/\\\/citycenterone.hr\\\/zagreb-west\\\/arhiva\\\/zavirite-u-proljetnu-kolekciju-optike-anda\\\/#article\",\"isPartOf\":{\"@id\":\"https:\\\/\\\/citycenterone.hr\\\/zagreb-west\\\/arhiva\\\/zavirite-u-proljetnu-kolekciju-optike-anda\\\/\"},\"author\":{\"name\":\"prisek\",\"@id\":\"https:\\\/\\\/citycenterone.hr\\\/zagreb-west\\\/#\\\/schema\\\/person\\\/f61b899bb32db9018318f39778e425db\"},\"headline\":\"ZAVIRITE U PROLJETNU KOLEKCIJU OPTIKE ANDA\",\"datePublished\":\"2022-03-24T14:38:49+00:00\",\"dateModified\":\"2023-02-06T14:26:37+00:00\",\"mainEntityOfPage\":{\"@id\":\"https:\\\/\\\/citycenterone.hr\\\/zagreb-west\\\/arhiva\\\/zavirite-u-proljetnu-kolekciju-optike-anda\\\/\"},\"wordCount\":208,\"image\":{\"@id\":\"https:\\\/\\\/citycenterone.hr\\\/zagreb-west\\\/arhiva\\\/zavirite-u-proljetnu-kolekciju-optike-anda\\\/#primaryimage\"},\"thumbnailUrl\":\"https:\\\/\\\/citycenterone.hr\\\/zagreb-west\\\/wp-content\\\/uploads\\\/sites\\\/2\\\/2022\\\/03\\\/1600x1200-px.jpg\",\"articleSection\":[\"Arhiva\"],\"inLanguage\":\"hr-HR\"},{\"@type\":\"WebPage\",\"@id\":\"https:\\\/\\\/citycenterone.hr\\\/zagreb-west\\\/arhiva\\\/zavirite-u-proljetnu-kolekciju-optike-anda\\\/\",\"url\":\"https:\\\/\\\/citycenterone.hr\\\/zagreb-west\\\/arhiva\\\/zavirite-u-proljetnu-kolekciju-optike-anda\\\/\",\"name\":\"ZAVIRITE U PROLJETNU KOLEKCIJU OPTIKE ANDA - Zagreb West\",\"isPartOf\":{\"@id\":\"https:\\\/\\\/citycenterone.hr\\\/zagreb-west\\\/#website\"},\"primaryImageOfPage\":{\"@id\":\"https:\\\/\\\/citycenterone.hr\\\/zagreb-west\\\/arhiva\\\/zavirite-u-proljetnu-kolekciju-optike-anda\\\/#primaryimage\"},\"image\":{\"@id\":\"https:\\\/\\\/citycenterone.hr\\\/zagreb-west\\\/arhiva\\\/zavirite-u-proljetnu-kolekciju-optike-anda\\\/#primaryimage\"},\"thumbnailUrl\":\"https:\\\/\\\/citycenterone.hr\\\/zagreb-west\\\/wp-content\\\/uploads\\\/sites\\\/2\\\/2022\\\/03\\\/1600x1200-px.jpg\",\"datePublished\":\"2022-03-24T14:38:49+00:00\",\"dateModified\":\"2023-02-06T14:26:37+00:00\",\"author\":{\"@id\":\"https:\\\/\\\/citycenterone.hr\\\/zagreb-west\\\/#\\\/schema\\\/person\\\/f61b899bb32db9018318f39778e425db\"},\"breadcrumb\":{\"@id\":\"https:\\\/\\\/citycenterone.hr\\\/zagreb-west\\\/arhiva\\\/zavirite-u-proljetnu-kolekciju-optike-anda\\\/#breadcrumb\"},\"inLanguage\":\"hr-HR\",\"potentialAction\":[{\"@type\":\"ReadAction\",\"target\":[\"https:\\\/\\\/citycenterone.hr\\\/zagreb-west\\\/arhiva\\\/zavirite-u-proljetnu-kolekciju-optike-anda\\\/\"]}]},{\"@type\":\"ImageObject\",\"inLanguage\":\"hr-HR\",\"@id\":\"https:\\\/\\\/citycenterone.hr\\\/zagreb-west\\\/arhiva\\\/zavirite-u-proljetnu-kolekciju-optike-anda\\\/#primaryimage\",\"url\":\"https:\\\/\\\/citycenterone.hr\\\/zagreb-west\\\/wp-content\\\/uploads\\\/sites\\\/2\\\/2022\\\/03\\\/1600x1200-px.jpg\",\"contentUrl\":\"https:\\\/\\\/citycenterone.hr\\\/zagreb-west\\\/wp-content\\\/uploads\\\/sites\\\/2\\\/2022\\\/03\\\/1600x1200-px.jpg\",\"width\":1600,\"height\":1200},{\"@type\":\"BreadcrumbList\",\"@id\":\"https:\\\/\\\/citycenterone.hr\\\/zagreb-west\\\/arhiva\\\/zavirite-u-proljetnu-kolekciju-optike-anda\\\/#breadcrumb\",\"itemListElement\":[{\"@type\":\"ListItem\",\"position\":1,\"name\":\"Home\",\"item\":\"https:\\\/\\\/citycenterone.hr\\\/zagreb-west\\\/\"},{\"@type\":\"ListItem\",\"position\":2,\"name\":\"ZAVIRITE U PROLJETNU KOLEKCIJU OPTIKE ANDA\"}]},{\"@type\":\"WebSite\",\"@id\":\"https:\\\/\\\/citycenterone.hr\\\/zagreb-west\\\/#website\",\"url\":\"https:\\\/\\\/citycenterone.hr\\\/zagreb-west\\\/\",\"name\":\"Zagreb West\",\"description\":\"Just another City Centar One site\",\"potentialAction\":[{\"@type\":\"SearchAction\",\"target\":{\"@type\":\"EntryPoint\",\"urlTemplate\":\"https:\\\/\\\/citycenterone.hr\\\/zagreb-west\\\/?s={search_term_string}\"},\"query-input\":{\"@type\":\"PropertyValueSpecification\",\"valueRequired\":true,\"valueName\":\"search_term_string\"}}],\"inLanguage\":\"hr-HR\"},{\"@type\":\"Person\",\"@id\":\"https:\\\/\\\/citycenterone.hr\\\/zagreb-west\\\/#\\\/schema\\\/person\\\/f61b899bb32db9018318f39778e425db\",\"name\":\"prisek\",\"image\":{\"@type\":\"ImageObject\",\"inLanguage\":\"hr-HR\",\"@id\":\"https:\\\/\\\/secure.gravatar.com\\\/avatar\\\/ddd1379ca023f63ca67c0f2eb9a4380c9c54c6bdd87c1de15c72f6b8d8b7eed6?s=96&d=mm&r=g\",\"url\":\"https:\\\/\\\/secure.gravatar.com\\\/avatar\\\/ddd1379ca023f63ca67c0f2eb9a4380c9c54c6bdd87c1de15c72f6b8d8b7eed6?s=96&d=mm&r=g\",\"contentUrl\":\"https:\\\/\\\/secure.gravatar.com\\\/avatar\\\/ddd1379ca023f63ca67c0f2eb9a4380c9c54c6bdd87c1de15c72f6b8d8b7eed6?s=96&d=mm&r=g\",\"caption\":\"prisek\"},\"url\":\"https:\\\/\\\/citycenterone.hr\\\/zagreb-west\\\/author\\\/prisek\\\/\"}]}<\/script>\n<!-- \/ Yoast SEO plugin. -->","yoast_head_json":{"title":"ZAVIRITE U PROLJETNU KOLEKCIJU OPTIKE ANDA - Zagreb West","robots":{"index":"index","follow":"follow","max-snippet":"max-snippet:-1","max-image-preview":"max-image-preview:large","max-video-preview":"max-video-preview:-1"},"canonical":"https:\/\/citycenterone.hr\/zagreb-west\/arhiva\/zavirite-u-proljetnu-kolekciju-optike-anda\/","og_locale":"hr_HR","og_type":"article","og_title":"ZAVIRITE U PROLJETNU KOLEKCIJU OPTIKE ANDA - Zagreb West","og_description":"Svako godi\u0161nje dobe ima svoje \u010dari, ali prolje\u0107e zauzima posebno mjesto u srcima svih ljubitelja nao\u010dala!","og_url":"https:\/\/citycenterone.hr\/zagreb-west\/arhiva\/zavirite-u-proljetnu-kolekciju-optike-anda\/","og_site_name":"Zagreb West","article_published_time":"2022-03-24T14:38:49+00:00","article_modified_time":"2023-02-06T14:26:37+00:00","og_image":[{"width":1600,"height":1200,"url":"https:\/\/citycenterone.hr\/zagreb-west\/wp-content\/uploads\/sites\/2\/2022\/03\/1600x1200-px.jpg","type":"image\/jpeg"}],"author":"prisek","twitter_card":"summary_large_image","twitter_misc":{"Written by":"prisek","Est. reading time":"1 minute"},"schema":{"@context":"https:\/\/schema.org","@graph":[{"@type":"Article","@id":"https:\/\/citycenterone.hr\/zagreb-west\/arhiva\/zavirite-u-proljetnu-kolekciju-optike-anda\/#article","isPartOf":{"@id":"https:\/\/citycenterone.hr\/zagreb-west\/arhiva\/zavirite-u-proljetnu-kolekciju-optike-anda\/"},"author":{"name":"prisek","@id":"https:\/\/citycenterone.hr\/zagreb-west\/#\/schema\/person\/f61b899bb32db9018318f39778e425db"},"headline":"ZAVIRITE U PROLJETNU KOLEKCIJU OPTIKE ANDA","datePublished":"2022-03-24T14:38:49+00:00","dateModified":"2023-02-06T14:26:37+00:00","mainEntityOfPage":{"@id":"https:\/\/citycenterone.hr\/zagreb-west\/arhiva\/zavirite-u-proljetnu-kolekciju-optike-anda\/"},"wordCount":208,"image":{"@id":"https:\/\/citycenterone.hr\/zagreb-west\/arhiva\/zavirite-u-proljetnu-kolekciju-optike-anda\/#primaryimage"},"thumbnailUrl":"https:\/\/citycenterone.hr\/zagreb-west\/wp-content\/uploads\/sites\/2\/2022\/03\/1600x1200-px.jpg","articleSection":["Arhiva"],"inLanguage":"hr-HR"},{"@type":"WebPage","@id":"https:\/\/citycenterone.hr\/zagreb-west\/arhiva\/zavirite-u-proljetnu-kolekciju-optike-anda\/","url":"https:\/\/citycenterone.hr\/zagreb-west\/arhiva\/zavirite-u-proljetnu-kolekciju-optike-anda\/","name":"ZAVIRITE U PROLJETNU KOLEKCIJU OPTIKE ANDA - Zagreb West","isPartOf":{"@id":"https:\/\/citycenterone.hr\/zagreb-west\/#website"},"primaryImageOfPage":{"@id":"https:\/\/citycenterone.hr\/zagreb-west\/arhiva\/zavirite-u-proljetnu-kolekciju-optike-anda\/#primaryimage"},"image":{"@id":"https:\/\/citycenterone.hr\/zagreb-west\/arhiva\/zavirite-u-proljetnu-kolekciju-optike-anda\/#primaryimage"},"thumbnailUrl":"https:\/\/citycenterone.hr\/zagreb-west\/wp-content\/uploads\/sites\/2\/2022\/03\/1600x1200-px.jpg","datePublished":"2022-03-24T14:38:49+00:00","dateModified":"2023-02-06T14:26:37+00:00","author":{"@id":"https:\/\/citycenterone.hr\/zagreb-west\/#\/schema\/person\/f61b899bb32db9018318f39778e425db"},"breadcrumb":{"@id":"https:\/\/citycenterone.hr\/zagreb-west\/arhiva\/zavirite-u-proljetnu-kolekciju-optike-anda\/#breadcrumb"},"inLanguage":"hr-HR","potentialAction":[{"@type":"ReadAction","target":["https:\/\/citycenterone.hr\/zagreb-west\/arhiva\/zavirite-u-proljetnu-kolekciju-optike-anda\/"]}]},{"@type":"ImageObject","inLanguage":"hr-HR","@id":"https:\/\/citycenterone.hr\/zagreb-west\/arhiva\/zavirite-u-proljetnu-kolekciju-optike-anda\/#primaryimage","url":"https:\/\/citycenterone.hr\/zagreb-west\/wp-content\/uploads\/sites\/2\/2022\/03\/1600x1200-px.jpg","contentUrl":"https:\/\/citycenterone.hr\/zagreb-west\/wp-content\/uploads\/sites\/2\/2022\/03\/1600x1200-px.jpg","width":1600,"height":1200},{"@type":"BreadcrumbList","@id":"https:\/\/citycenterone.hr\/zagreb-west\/arhiva\/zavirite-u-proljetnu-kolekciju-optike-anda\/#breadcrumb","itemListElement":[{"@type":"ListItem","position":1,"name":"Home","item":"https:\/\/citycenterone.hr\/zagreb-west\/"},{"@type":"ListItem","position":2,"name":"ZAVIRITE U PROLJETNU KOLEKCIJU OPTIKE ANDA"}]},{"@type":"WebSite","@id":"https:\/\/citycenterone.hr\/zagreb-west\/#website","url":"https:\/\/citycenterone.hr\/zagreb-west\/","name":"Zagreb West","description":"Just another City Centar One site","potentialAction":[{"@type":"SearchAction","target":{"@type":"EntryPoint","urlTemplate":"https:\/\/citycenterone.hr\/zagreb-west\/?s={search_term_string}"},"query-input":{"@type":"PropertyValueSpecification","valueRequired":true,"valueName":"search_term_string"}}],"inLanguage":"hr-HR"},{"@type":"Person","@id":"https:\/\/citycenterone.hr\/zagreb-west\/#\/schema\/person\/f61b899bb32db9018318f39778e425db","name":"prisek","image":{"@type":"ImageObject","inLanguage":"hr-HR","@id":"https:\/\/secure.gravatar.com\/avatar\/ddd1379ca023f63ca67c0f2eb9a4380c9c54c6bdd87c1de15c72f6b8d8b7eed6?s=96&d=mm&r=g","url":"https:\/\/secure.gravatar.com\/avatar\/ddd1379ca023f63ca67c0f2eb9a4380c9c54c6bdd87c1de15c72f6b8d8b7eed6?s=96&d=mm&r=g","contentUrl":"https:\/\/secure.gravatar.com\/avatar\/ddd1379ca023f63ca67c0f2eb9a4380c9c54c6bdd87c1de15c72f6b8d8b7eed6?s=96&d=mm&r=g","caption":"prisek"},"url":"https:\/\/citycenterone.hr\/zagreb-west\/author\/prisek\/"}]}},"_links":{"self":[{"href":"https:\/\/citycenterone.hr\/zagreb-west\/wp-json\/wp\/v2\/posts\/62100","targetHints":{"allow":["GET"]}}],"collection":[{"href":"https:\/\/citycenterone.hr\/zagreb-west\/wp-json\/wp\/v2\/posts"}],"about":[{"href":"https:\/\/citycenterone.hr\/zagreb-west\/wp-json\/wp\/v2\/types\/post"}],"author":[{"embeddable":true,"href":"https:\/\/citycenterone.hr\/zagreb-west\/wp-json\/wp\/v2\/users\/10"}],"replies":[{"embeddable":true,"href":"https:\/\/citycenterone.hr\/zagreb-west\/wp-json\/wp\/v2\/comments?post=62100"}],"version-history":[{"count":3,"href":"https:\/\/citycenterone.hr\/zagreb-west\/wp-json\/wp\/v2\/posts\/62100\/revisions"}],"predecessor-version":[{"id":62118,"href":"https:\/\/citycenterone.hr\/zagreb-west\/wp-json\/wp\/v2\/posts\/62100\/revisions\/62118"}],"wp:featuredmedia":[{"embeddable":true,"href":"https:\/\/citycenterone.hr\/zagreb-west\/wp-json\/wp\/v2\/media\/62113"}],"wp:attachment":[{"href":"https:\/\/citycenterone.hr\/zagreb-west\/wp-json\/wp\/v2\/media?parent=62100"}],"wp:term":[{"taxonomy":"category","embeddable":true,"href":"https:\/\/citycenterone.hr\/zagreb-west\/wp-json\/wp\/v2\/categories?post=62100"},{"taxonomy":"post_tag","embeddable":true,"href":"https:\/\/citycenterone.hr\/zagreb-west\/wp-json\/wp\/v2\/tags?post=62100"}],"curies":[{"name":"wp","href":"https:\/\/api.w.org\/{rel}","templated":true}]}}