{"id":65616,"date":"2022-08-04T13:46:53","date_gmt":"2022-08-04T13:46:53","guid":{"rendered":"https:\/\/citycenterone.hr\/zagreb-west\/?p=65616"},"modified":"2023-02-06T14:30:53","modified_gmt":"2023-02-06T14:30:53","slug":"pokrenite-se-s-jane-fondom-uz-hm","status":"publish","type":"post","link":"https:\/\/citycenterone.hr\/zagreb-west\/arhiva\/pokrenite-se-s-jane-fondom-uz-hm\/","title":{"rendered":"POKRENITE SE S JANE FONDOM  UZ H&#038;M"},"content":{"rendered":"<p>H&amp;M Move u svijet sporta donosi elegantnu i funkcionalnu odje\u0107u koja je savr\u0161ena za svaki vid sportskih aktivnosti, a garantira udobno i samouvjereno kretanje, slave\u0107i \u010dinjenicu da su svi na planeti ve\u0107 pokreta\u010di pozitivnih promjena.<\/p>\n<p>H&amp;M Move globalnu kampanju treninga vodit \u0107e fitnes ikona Jane Fonda koja 40 godina nakon objavljivanja svog prvog videa o vje\u017ebanju, nastavlja motivirati ljude da budu aktivni.<\/p>\n<p><img loading=\"lazy\" decoding=\"async\" class=\"wp-image-65618 aligncenter\" src=\"https:\/\/citycenterone.hr\/zagreb-west\/wp-content\/uploads\/sites\/2\/2022\/08\/HM-MOVE-1024x684.jpg\" alt=\"\" width=\"621\" height=\"415\" srcset=\"https:\/\/citycenterone.hr\/zagreb-west\/wp-content\/uploads\/sites\/2\/2022\/08\/HM-MOVE-1024x684.jpg 1024w, https:\/\/citycenterone.hr\/zagreb-west\/wp-content\/uploads\/sites\/2\/2022\/08\/HM-MOVE-768x513.jpg 768w, https:\/\/citycenterone.hr\/zagreb-west\/wp-content\/uploads\/sites\/2\/2022\/08\/HM-MOVE.jpg 1280w\" sizes=\"auto, (max-width: 621px) 100vw, 621px\" \/><\/p>\n<p>H&amp;M Move kolekcija savr\u0161ena je za svaki vid fizi\u010dke aktivnosti. Move Essentials dio je kolekcije koji obiluje funkcionalnim topovima, laganim jaknama i tajicama i grudnjacima, kao i posebno dizajniranim komadima za treniranje i tr\u010danje.<\/p>\n<p>H&amp;M Move kolekcija izra\u0111ena je od \u010detiri ekskluzivna materijala, vrhunske kvalitete. DryMove\u2122 upija svu vlagu s ko\u017ee, odr\u017eavaju\u0107i je suhom dok se kre\u0107ete. ShapeMove\u2122\u00a0 osim \u0161to savr\u0161eno prati liniju tijela, omogu\u0107ava \u201eno show\u201c prilikom podizanja i istezanja. SoftMove\u2122\u00a0 je super mekan i pru\u017ea dodatnu udobnost prilikom pokreta. StormMove\u2122\u00a0 je prozra\u010dan te \u0161titi od vjetra i ki\u0161e.<\/p>\n<p>Materijali nemaju \u0161tetan utjecaj na na\u0161 okoli\u0161 \u2013 od procesa proizvodnje, pa do odlaganja. H&amp;M Grupa ima za cilj da do 2030. godine, 100% materijala koje koristi u proizvodnji bude reciklirano ili iz odr\u017eivih izvora. Kolekcija\u00a0 H&amp;M Move je 85% izra\u0111ena na taj na\u010din po\u010dev\u0161i od 99% recikliranog poliestera i pamuka &#8211; bilo da je organski, recikliran ili iz BCI izvora. H&amp;M Move kolekcija, \u0107e kroz saradnju s Fairbrics i LanzaTech, od 2023. godine, poja\u010dati pozitivan utjecaj na okoli\u0161 kori\u0161tenjem inovativnih materijala i cirkularnosti.<\/p>\n<p>&nbsp;<\/p>\n","protected":false},"excerpt":{"rendered":"<p>H&#038;M Move, novi brend sportske odje\u0107e za \u017eene, mu\u0161karce i djecu, dostupan je u trgovini H&#038;M.<\/p>\n","protected":false},"author":29,"featured_media":65620,"comment_status":"closed","ping_status":"open","sticky":false,"template":"","format":"standard","meta":{"_acf_changed":false,"footnotes":""},"categories":[10],"tags":[],"class_list":["post-65616","post","type-post","status-publish","format-standard","has-post-thumbnail","hentry","category-arhiva"],"acf":[],"yoast_head":"<!-- This site is optimized with the Yoast SEO plugin v27.4 - https:\/\/yoast.com\/product\/yoast-seo-wordpress\/ -->\n<title>POKRENITE SE S JANE FONDOM UZ H&amp;M - Zagreb West<\/title>\n<meta name=\"robots\" content=\"index, follow, max-snippet:-1, max-image-preview:large, max-video-preview:-1\" \/>\n<link rel=\"canonical\" href=\"https:\/\/citycenterone.hr\/zagreb-west\/arhiva\/pokrenite-se-s-jane-fondom-uz-hm\/\" \/>\n<meta property=\"og:locale\" content=\"hr_HR\" \/>\n<meta property=\"og:type\" content=\"article\" \/>\n<meta property=\"og:title\" content=\"POKRENITE SE S JANE FONDOM UZ H&amp;M - Zagreb West\" \/>\n<meta property=\"og:description\" content=\"H&amp;M Move, novi brend sportske odje\u0107e za \u017eene, mu\u0161karce i djecu, dostupan je u trgovini H&amp;M.\" \/>\n<meta property=\"og:url\" content=\"https:\/\/citycenterone.hr\/zagreb-west\/arhiva\/pokrenite-se-s-jane-fondom-uz-hm\/\" \/>\n<meta property=\"og:site_name\" content=\"Zagreb West\" \/>\n<meta property=\"article:published_time\" content=\"2022-08-04T13:46:53+00:00\" \/>\n<meta property=\"article:modified_time\" content=\"2023-02-06T14:30:53+00:00\" \/>\n<meta property=\"og:image\" content=\"https:\/\/citycenterone.hr\/zagreb-west\/wp-content\/uploads\/sites\/2\/2022\/08\/HM-MOVE-1.jpg\" \/>\n\t<meta property=\"og:image:width\" content=\"1280\" \/>\n\t<meta property=\"og:image:height\" content=\"853\" \/>\n\t<meta property=\"og:image:type\" content=\"image\/jpeg\" \/>\n<meta name=\"author\" content=\"vzeger\" \/>\n<meta name=\"twitter:card\" content=\"summary_large_image\" \/>\n<meta name=\"twitter:label1\" content=\"Written by\" \/>\n\t<meta name=\"twitter:data1\" content=\"vzeger\" \/>\n\t<meta name=\"twitter:label2\" content=\"Est. reading time\" \/>\n\t<meta name=\"twitter:data2\" content=\"1 minute\" \/>\n<script type=\"application\/ld+json\" class=\"yoast-schema-graph\">{\"@context\":\"https:\\\/\\\/schema.org\",\"@graph\":[{\"@type\":\"Article\",\"@id\":\"https:\\\/\\\/citycenterone.hr\\\/zagreb-west\\\/arhiva\\\/pokrenite-se-s-jane-fondom-uz-hm\\\/#article\",\"isPartOf\":{\"@id\":\"https:\\\/\\\/citycenterone.hr\\\/zagreb-west\\\/arhiva\\\/pokrenite-se-s-jane-fondom-uz-hm\\\/\"},\"author\":{\"name\":\"vzeger\",\"@id\":\"https:\\\/\\\/citycenterone.hr\\\/zagreb-west\\\/#\\\/schema\\\/person\\\/c4eafe63018f2e2d8c3e6a04a6deeae5\"},\"headline\":\"POKRENITE SE S JANE FONDOM UZ H&#038;M\",\"datePublished\":\"2022-08-04T13:46:53+00:00\",\"dateModified\":\"2023-02-06T14:30:53+00:00\",\"mainEntityOfPage\":{\"@id\":\"https:\\\/\\\/citycenterone.hr\\\/zagreb-west\\\/arhiva\\\/pokrenite-se-s-jane-fondom-uz-hm\\\/\"},\"wordCount\":277,\"image\":{\"@id\":\"https:\\\/\\\/citycenterone.hr\\\/zagreb-west\\\/arhiva\\\/pokrenite-se-s-jane-fondom-uz-hm\\\/#primaryimage\"},\"thumbnailUrl\":\"https:\\\/\\\/citycenterone.hr\\\/zagreb-west\\\/wp-content\\\/uploads\\\/sites\\\/2\\\/2022\\\/08\\\/HM-MOVE-1.jpg\",\"articleSection\":[\"Arhiva\"],\"inLanguage\":\"hr-HR\"},{\"@type\":\"WebPage\",\"@id\":\"https:\\\/\\\/citycenterone.hr\\\/zagreb-west\\\/arhiva\\\/pokrenite-se-s-jane-fondom-uz-hm\\\/\",\"url\":\"https:\\\/\\\/citycenterone.hr\\\/zagreb-west\\\/arhiva\\\/pokrenite-se-s-jane-fondom-uz-hm\\\/\",\"name\":\"POKRENITE SE S JANE FONDOM UZ H&M - Zagreb West\",\"isPartOf\":{\"@id\":\"https:\\\/\\\/citycenterone.hr\\\/zagreb-west\\\/#website\"},\"primaryImageOfPage\":{\"@id\":\"https:\\\/\\\/citycenterone.hr\\\/zagreb-west\\\/arhiva\\\/pokrenite-se-s-jane-fondom-uz-hm\\\/#primaryimage\"},\"image\":{\"@id\":\"https:\\\/\\\/citycenterone.hr\\\/zagreb-west\\\/arhiva\\\/pokrenite-se-s-jane-fondom-uz-hm\\\/#primaryimage\"},\"thumbnailUrl\":\"https:\\\/\\\/citycenterone.hr\\\/zagreb-west\\\/wp-content\\\/uploads\\\/sites\\\/2\\\/2022\\\/08\\\/HM-MOVE-1.jpg\",\"datePublished\":\"2022-08-04T13:46:53+00:00\",\"dateModified\":\"2023-02-06T14:30:53+00:00\",\"author\":{\"@id\":\"https:\\\/\\\/citycenterone.hr\\\/zagreb-west\\\/#\\\/schema\\\/person\\\/c4eafe63018f2e2d8c3e6a04a6deeae5\"},\"breadcrumb\":{\"@id\":\"https:\\\/\\\/citycenterone.hr\\\/zagreb-west\\\/arhiva\\\/pokrenite-se-s-jane-fondom-uz-hm\\\/#breadcrumb\"},\"inLanguage\":\"hr-HR\",\"potentialAction\":[{\"@type\":\"ReadAction\",\"target\":[\"https:\\\/\\\/citycenterone.hr\\\/zagreb-west\\\/arhiva\\\/pokrenite-se-s-jane-fondom-uz-hm\\\/\"]}]},{\"@type\":\"ImageObject\",\"inLanguage\":\"hr-HR\",\"@id\":\"https:\\\/\\\/citycenterone.hr\\\/zagreb-west\\\/arhiva\\\/pokrenite-se-s-jane-fondom-uz-hm\\\/#primaryimage\",\"url\":\"https:\\\/\\\/citycenterone.hr\\\/zagreb-west\\\/wp-content\\\/uploads\\\/sites\\\/2\\\/2022\\\/08\\\/HM-MOVE-1.jpg\",\"contentUrl\":\"https:\\\/\\\/citycenterone.hr\\\/zagreb-west\\\/wp-content\\\/uploads\\\/sites\\\/2\\\/2022\\\/08\\\/HM-MOVE-1.jpg\",\"width\":1280,\"height\":853},{\"@type\":\"BreadcrumbList\",\"@id\":\"https:\\\/\\\/citycenterone.hr\\\/zagreb-west\\\/arhiva\\\/pokrenite-se-s-jane-fondom-uz-hm\\\/#breadcrumb\",\"itemListElement\":[{\"@type\":\"ListItem\",\"position\":1,\"name\":\"Home\",\"item\":\"https:\\\/\\\/citycenterone.hr\\\/zagreb-west\\\/\"},{\"@type\":\"ListItem\",\"position\":2,\"name\":\"POKRENITE SE S JANE FONDOM UZ H&#038;M\"}]},{\"@type\":\"WebSite\",\"@id\":\"https:\\\/\\\/citycenterone.hr\\\/zagreb-west\\\/#website\",\"url\":\"https:\\\/\\\/citycenterone.hr\\\/zagreb-west\\\/\",\"name\":\"Zagreb West\",\"description\":\"Just another City Centar One site\",\"potentialAction\":[{\"@type\":\"SearchAction\",\"target\":{\"@type\":\"EntryPoint\",\"urlTemplate\":\"https:\\\/\\\/citycenterone.hr\\\/zagreb-west\\\/?s={search_term_string}\"},\"query-input\":{\"@type\":\"PropertyValueSpecification\",\"valueRequired\":true,\"valueName\":\"search_term_string\"}}],\"inLanguage\":\"hr-HR\"},{\"@type\":\"Person\",\"@id\":\"https:\\\/\\\/citycenterone.hr\\\/zagreb-west\\\/#\\\/schema\\\/person\\\/c4eafe63018f2e2d8c3e6a04a6deeae5\",\"name\":\"vzeger\",\"image\":{\"@type\":\"ImageObject\",\"inLanguage\":\"hr-HR\",\"@id\":\"https:\\\/\\\/secure.gravatar.com\\\/avatar\\\/0093c9155a70e3168c9a98e3160c6ad51c60e0c28ef4fb1fb4f6d57d81565bbf?s=96&d=mm&r=g\",\"url\":\"https:\\\/\\\/secure.gravatar.com\\\/avatar\\\/0093c9155a70e3168c9a98e3160c6ad51c60e0c28ef4fb1fb4f6d57d81565bbf?s=96&d=mm&r=g\",\"contentUrl\":\"https:\\\/\\\/secure.gravatar.com\\\/avatar\\\/0093c9155a70e3168c9a98e3160c6ad51c60e0c28ef4fb1fb4f6d57d81565bbf?s=96&d=mm&r=g\",\"caption\":\"vzeger\"},\"sameAs\":[\"myzone\"],\"url\":\"https:\\\/\\\/citycenterone.hr\\\/zagreb-west\\\/author\\\/vzeger\\\/\"}]}<\/script>\n<!-- \/ Yoast SEO plugin. -->","yoast_head_json":{"title":"POKRENITE SE S JANE FONDOM UZ H&M - Zagreb West","robots":{"index":"index","follow":"follow","max-snippet":"max-snippet:-1","max-image-preview":"max-image-preview:large","max-video-preview":"max-video-preview:-1"},"canonical":"https:\/\/citycenterone.hr\/zagreb-west\/arhiva\/pokrenite-se-s-jane-fondom-uz-hm\/","og_locale":"hr_HR","og_type":"article","og_title":"POKRENITE SE S JANE FONDOM UZ H&M - Zagreb West","og_description":"H&M Move, novi brend sportske odje\u0107e za \u017eene, mu\u0161karce i djecu, dostupan je u trgovini H&M.","og_url":"https:\/\/citycenterone.hr\/zagreb-west\/arhiva\/pokrenite-se-s-jane-fondom-uz-hm\/","og_site_name":"Zagreb West","article_published_time":"2022-08-04T13:46:53+00:00","article_modified_time":"2023-02-06T14:30:53+00:00","og_image":[{"width":1280,"height":853,"url":"https:\/\/citycenterone.hr\/zagreb-west\/wp-content\/uploads\/sites\/2\/2022\/08\/HM-MOVE-1.jpg","type":"image\/jpeg"}],"author":"vzeger","twitter_card":"summary_large_image","twitter_misc":{"Written by":"vzeger","Est. reading time":"1 minute"},"schema":{"@context":"https:\/\/schema.org","@graph":[{"@type":"Article","@id":"https:\/\/citycenterone.hr\/zagreb-west\/arhiva\/pokrenite-se-s-jane-fondom-uz-hm\/#article","isPartOf":{"@id":"https:\/\/citycenterone.hr\/zagreb-west\/arhiva\/pokrenite-se-s-jane-fondom-uz-hm\/"},"author":{"name":"vzeger","@id":"https:\/\/citycenterone.hr\/zagreb-west\/#\/schema\/person\/c4eafe63018f2e2d8c3e6a04a6deeae5"},"headline":"POKRENITE SE S JANE FONDOM UZ H&#038;M","datePublished":"2022-08-04T13:46:53+00:00","dateModified":"2023-02-06T14:30:53+00:00","mainEntityOfPage":{"@id":"https:\/\/citycenterone.hr\/zagreb-west\/arhiva\/pokrenite-se-s-jane-fondom-uz-hm\/"},"wordCount":277,"image":{"@id":"https:\/\/citycenterone.hr\/zagreb-west\/arhiva\/pokrenite-se-s-jane-fondom-uz-hm\/#primaryimage"},"thumbnailUrl":"https:\/\/citycenterone.hr\/zagreb-west\/wp-content\/uploads\/sites\/2\/2022\/08\/HM-MOVE-1.jpg","articleSection":["Arhiva"],"inLanguage":"hr-HR"},{"@type":"WebPage","@id":"https:\/\/citycenterone.hr\/zagreb-west\/arhiva\/pokrenite-se-s-jane-fondom-uz-hm\/","url":"https:\/\/citycenterone.hr\/zagreb-west\/arhiva\/pokrenite-se-s-jane-fondom-uz-hm\/","name":"POKRENITE SE S JANE FONDOM UZ H&M - Zagreb West","isPartOf":{"@id":"https:\/\/citycenterone.hr\/zagreb-west\/#website"},"primaryImageOfPage":{"@id":"https:\/\/citycenterone.hr\/zagreb-west\/arhiva\/pokrenite-se-s-jane-fondom-uz-hm\/#primaryimage"},"image":{"@id":"https:\/\/citycenterone.hr\/zagreb-west\/arhiva\/pokrenite-se-s-jane-fondom-uz-hm\/#primaryimage"},"thumbnailUrl":"https:\/\/citycenterone.hr\/zagreb-west\/wp-content\/uploads\/sites\/2\/2022\/08\/HM-MOVE-1.jpg","datePublished":"2022-08-04T13:46:53+00:00","dateModified":"2023-02-06T14:30:53+00:00","author":{"@id":"https:\/\/citycenterone.hr\/zagreb-west\/#\/schema\/person\/c4eafe63018f2e2d8c3e6a04a6deeae5"},"breadcrumb":{"@id":"https:\/\/citycenterone.hr\/zagreb-west\/arhiva\/pokrenite-se-s-jane-fondom-uz-hm\/#breadcrumb"},"inLanguage":"hr-HR","potentialAction":[{"@type":"ReadAction","target":["https:\/\/citycenterone.hr\/zagreb-west\/arhiva\/pokrenite-se-s-jane-fondom-uz-hm\/"]}]},{"@type":"ImageObject","inLanguage":"hr-HR","@id":"https:\/\/citycenterone.hr\/zagreb-west\/arhiva\/pokrenite-se-s-jane-fondom-uz-hm\/#primaryimage","url":"https:\/\/citycenterone.hr\/zagreb-west\/wp-content\/uploads\/sites\/2\/2022\/08\/HM-MOVE-1.jpg","contentUrl":"https:\/\/citycenterone.hr\/zagreb-west\/wp-content\/uploads\/sites\/2\/2022\/08\/HM-MOVE-1.jpg","width":1280,"height":853},{"@type":"BreadcrumbList","@id":"https:\/\/citycenterone.hr\/zagreb-west\/arhiva\/pokrenite-se-s-jane-fondom-uz-hm\/#breadcrumb","itemListElement":[{"@type":"ListItem","position":1,"name":"Home","item":"https:\/\/citycenterone.hr\/zagreb-west\/"},{"@type":"ListItem","position":2,"name":"POKRENITE SE S JANE FONDOM UZ H&#038;M"}]},{"@type":"WebSite","@id":"https:\/\/citycenterone.hr\/zagreb-west\/#website","url":"https:\/\/citycenterone.hr\/zagreb-west\/","name":"Zagreb West","description":"Just another City Centar One site","potentialAction":[{"@type":"SearchAction","target":{"@type":"EntryPoint","urlTemplate":"https:\/\/citycenterone.hr\/zagreb-west\/?s={search_term_string}"},"query-input":{"@type":"PropertyValueSpecification","valueRequired":true,"valueName":"search_term_string"}}],"inLanguage":"hr-HR"},{"@type":"Person","@id":"https:\/\/citycenterone.hr\/zagreb-west\/#\/schema\/person\/c4eafe63018f2e2d8c3e6a04a6deeae5","name":"vzeger","image":{"@type":"ImageObject","inLanguage":"hr-HR","@id":"https:\/\/secure.gravatar.com\/avatar\/0093c9155a70e3168c9a98e3160c6ad51c60e0c28ef4fb1fb4f6d57d81565bbf?s=96&d=mm&r=g","url":"https:\/\/secure.gravatar.com\/avatar\/0093c9155a70e3168c9a98e3160c6ad51c60e0c28ef4fb1fb4f6d57d81565bbf?s=96&d=mm&r=g","contentUrl":"https:\/\/secure.gravatar.com\/avatar\/0093c9155a70e3168c9a98e3160c6ad51c60e0c28ef4fb1fb4f6d57d81565bbf?s=96&d=mm&r=g","caption":"vzeger"},"sameAs":["myzone"],"url":"https:\/\/citycenterone.hr\/zagreb-west\/author\/vzeger\/"}]}},"_links":{"self":[{"href":"https:\/\/citycenterone.hr\/zagreb-west\/wp-json\/wp\/v2\/posts\/65616","targetHints":{"allow":["GET"]}}],"collection":[{"href":"https:\/\/citycenterone.hr\/zagreb-west\/wp-json\/wp\/v2\/posts"}],"about":[{"href":"https:\/\/citycenterone.hr\/zagreb-west\/wp-json\/wp\/v2\/types\/post"}],"author":[{"embeddable":true,"href":"https:\/\/citycenterone.hr\/zagreb-west\/wp-json\/wp\/v2\/users\/29"}],"replies":[{"embeddable":true,"href":"https:\/\/citycenterone.hr\/zagreb-west\/wp-json\/wp\/v2\/comments?post=65616"}],"version-history":[{"count":3,"href":"https:\/\/citycenterone.hr\/zagreb-west\/wp-json\/wp\/v2\/posts\/65616\/revisions"}],"predecessor-version":[{"id":65623,"href":"https:\/\/citycenterone.hr\/zagreb-west\/wp-json\/wp\/v2\/posts\/65616\/revisions\/65623"}],"wp:featuredmedia":[{"embeddable":true,"href":"https:\/\/citycenterone.hr\/zagreb-west\/wp-json\/wp\/v2\/media\/65620"}],"wp:attachment":[{"href":"https:\/\/citycenterone.hr\/zagreb-west\/wp-json\/wp\/v2\/media?parent=65616"}],"wp:term":[{"taxonomy":"category","embeddable":true,"href":"https:\/\/citycenterone.hr\/zagreb-west\/wp-json\/wp\/v2\/categories?post=65616"},{"taxonomy":"post_tag","embeddable":true,"href":"https:\/\/citycenterone.hr\/zagreb-west\/wp-json\/wp\/v2\/tags?post=65616"}],"curies":[{"name":"wp","href":"https:\/\/api.w.org\/{rel}","templated":true}]}}