{"id":65897,"date":"2022-08-26T07:41:26","date_gmt":"2022-08-26T07:41:26","guid":{"rendered":"https:\/\/citycenterone.hr\/zagreb-west\/?p=65897"},"modified":"2023-02-06T14:30:53","modified_gmt":"2023-02-06T14:30:53","slug":"povratak-u-vrtic-i-skolu-s-cicibanom-2","status":"publish","type":"post","link":"https:\/\/citycenterone.hr\/zagreb-west\/arhiva\/povratak-u-vrtic-i-skolu-s-cicibanom-2\/","title":{"rendered":"POVRATAK U VRTI\u0106 I \u0160KOLU S CICIBANOM"},"content":{"rendered":"<p>Ove jeseni sa sjajnih materijala prelazimo na zakrpe i minimalisti\u010dke dodatke te zanimljive printeve na modelima za dje\u010dake i djevoj\u010dice.<\/p>\n<p><img loading=\"lazy\" decoding=\"async\" class=\"wp-image-65898 aligncenter\" src=\"https:\/\/citycenterone.hr\/zagreb-west\/wp-content\/uploads\/sites\/2\/2022\/08\/Copati_back2school22-15-1024x684.jpg\" alt=\"\" width=\"743\" height=\"496\" srcset=\"https:\/\/citycenterone.hr\/zagreb-west\/wp-content\/uploads\/sites\/2\/2022\/08\/Copati_back2school22-15-1024x684.jpg 1024w, https:\/\/citycenterone.hr\/zagreb-west\/wp-content\/uploads\/sites\/2\/2022\/08\/Copati_back2school22-15-768x513.jpg 768w, https:\/\/citycenterone.hr\/zagreb-west\/wp-content\/uploads\/sites\/2\/2022\/08\/Copati_back2school22-15.jpg 1504w\" sizes=\"auto, (max-width: 743px) 100vw, 743px\" \/><\/p>\n<p>Linije namijenjene najmla\u0111ima pobrinut \u0107e se da koraci u vrti\u0107u budu sigurni i zdravi. Linije Mini, Over i Buggy razvijene su za anatomiju stopala koja se jo\u0161 uvijek razvija. \u0160iroki prednji dio cipelice omogu\u0107uje malom stopalu sav potreban prostor za razvoj i kretanje, a duga\u010dko vezivanje olak\u0161ava i ubrzava obuvanje.<\/p>\n<p><img loading=\"lazy\" decoding=\"async\" class=\"wp-image-65900  aligncenter\" src=\"https:\/\/citycenterone.hr\/zagreb-west\/wp-content\/uploads\/sites\/2\/2022\/08\/Copati_back2school22-20-1024x684.jpg\" alt=\"\" width=\"743\" height=\"496\" srcset=\"https:\/\/citycenterone.hr\/zagreb-west\/wp-content\/uploads\/sites\/2\/2022\/08\/Copati_back2school22-20-1024x684.jpg 1024w, https:\/\/citycenterone.hr\/zagreb-west\/wp-content\/uploads\/sites\/2\/2022\/08\/Copati_back2school22-20-768x513.jpg 768w, https:\/\/citycenterone.hr\/zagreb-west\/wp-content\/uploads\/sites\/2\/2022\/08\/Copati_back2school22-20.jpg 1504w\" sizes=\"auto, (max-width: 743px) 100vw, 743px\" \/><\/p>\n<p>\u0160to je sa \u0161kolarcima?<\/p>\n<p>Za njih su iz Cicibana pripremili i top modele koji \u0107e ulazak u \u0161kolu u\u010diniti modernim i trendi. Urbani modeli pokrivaju uvijek aktualni dje\u010da\u010dki uli\u010dni stil \u2013 jednostavne, \u010diste linije i jedinstvene kombinacije boja upotpunit \u0107e svaki \u0161kolski outfit. Djevoj\u010dice \u0107e odu\u0161eviti blje\u0161tavilo, zakovice i modni dodaci iz linija Strada, Moira i Ryan. Modni trend &#8220;Mini-me&#8221; primjetan je i u industriji obu\u0107e jer su cipele za djevoj\u010dice sve bli\u017ee modi za odrasle pa mame sa svojim djevoj\u010dicama mogu kreirati komplete koji se sla\u017eu.<\/p>\n<p><img loading=\"lazy\" decoding=\"async\" class=\"wp-image-65902  aligncenter\" src=\"https:\/\/citycenterone.hr\/zagreb-west\/wp-content\/uploads\/sites\/2\/2022\/08\/Ciciban_back2school_22-156-681x1024.jpg\" alt=\"\" width=\"612\" height=\"920\" srcset=\"https:\/\/citycenterone.hr\/zagreb-west\/wp-content\/uploads\/sites\/2\/2022\/08\/Ciciban_back2school_22-156-681x1024.jpg 681w, https:\/\/citycenterone.hr\/zagreb-west\/wp-content\/uploads\/sites\/2\/2022\/08\/Ciciban_back2school_22-156-768x1154.jpg 768w, https:\/\/citycenterone.hr\/zagreb-west\/wp-content\/uploads\/sites\/2\/2022\/08\/Ciciban_back2school_22-156.jpg 1006w\" sizes=\"auto, (max-width: 612px) 100vw, 612px\" \/><\/p>\n<p>Mnogi modeli i uzorci papu\u010da iz Ciciban Home linije dostupni su za dobrobit djece u \u0161koli, vrti\u0107u ili kod ku\u0107e. Izra\u0111ene su od 100% pamuka koji je ekolo\u0161ki prihvatljiv i obnovljiv resurs. Jesensku kolekciju oboga\u0107ena je novim printevima i zakrpama u boji.<\/p>\n<p>&nbsp;<\/p>\n","protected":false},"excerpt":{"rendered":"<p>Cicibanova kolekcija jesen zima 2022\/23 ve\u0107 \u010deka na policama trgovina sa \u0161arolikom paletom jesenskih tonova koji \u0107e o\u017eivjeti urbani stil mladih \u0161kolaraca.<\/p>\n","protected":false},"author":10,"featured_media":65904,"comment_status":"closed","ping_status":"open","sticky":false,"template":"","format":"standard","meta":{"_acf_changed":false,"footnotes":""},"categories":[10],"tags":[],"class_list":["post-65897","post","type-post","status-publish","format-standard","has-post-thumbnail","hentry","category-arhiva"],"acf":[],"yoast_head":"<!-- This site is optimized with the Yoast SEO plugin v27.4 - https:\/\/yoast.com\/product\/yoast-seo-wordpress\/ -->\n<title>POVRATAK U VRTI\u0106 I \u0160KOLU S CICIBANOM - Zagreb West<\/title>\n<meta name=\"robots\" content=\"index, follow, max-snippet:-1, max-image-preview:large, max-video-preview:-1\" \/>\n<link rel=\"canonical\" href=\"https:\/\/citycenterone.hr\/zagreb-west\/arhiva\/povratak-u-vrtic-i-skolu-s-cicibanom-2\/\" \/>\n<meta property=\"og:locale\" content=\"hr_HR\" \/>\n<meta property=\"og:type\" content=\"article\" \/>\n<meta property=\"og:title\" content=\"POVRATAK U VRTI\u0106 I \u0160KOLU S CICIBANOM - Zagreb West\" \/>\n<meta property=\"og:description\" content=\"Cicibanova kolekcija jesen zima 2022\/23 ve\u0107 \u010deka na policama trgovina sa \u0161arolikom paletom jesenskih tonova koji \u0107e o\u017eivjeti urbani stil mladih \u0161kolaraca.\" \/>\n<meta property=\"og:url\" content=\"https:\/\/citycenterone.hr\/zagreb-west\/arhiva\/povratak-u-vrtic-i-skolu-s-cicibanom-2\/\" \/>\n<meta property=\"og:site_name\" content=\"Zagreb West\" \/>\n<meta property=\"article:published_time\" content=\"2022-08-26T07:41:26+00:00\" \/>\n<meta property=\"article:modified_time\" content=\"2023-02-06T14:30:53+00:00\" \/>\n<meta property=\"og:image\" content=\"https:\/\/citycenterone.hr\/zagreb-west\/wp-content\/uploads\/sites\/2\/2022\/08\/Copati_back2school22-2.jpg\" \/>\n\t<meta property=\"og:image:width\" content=\"1504\" \/>\n\t<meta property=\"og:image:height\" content=\"1004\" \/>\n\t<meta property=\"og:image:type\" content=\"image\/jpeg\" \/>\n<meta name=\"author\" content=\"prisek\" \/>\n<meta name=\"twitter:card\" content=\"summary_large_image\" \/>\n<meta name=\"twitter:label1\" content=\"Written by\" \/>\n\t<meta name=\"twitter:data1\" content=\"prisek\" \/>\n\t<meta name=\"twitter:label2\" content=\"Est. reading time\" \/>\n\t<meta name=\"twitter:data2\" content=\"1 minute\" \/>\n<script type=\"application\/ld+json\" class=\"yoast-schema-graph\">{\"@context\":\"https:\\\/\\\/schema.org\",\"@graph\":[{\"@type\":\"Article\",\"@id\":\"https:\\\/\\\/citycenterone.hr\\\/zagreb-west\\\/arhiva\\\/povratak-u-vrtic-i-skolu-s-cicibanom-2\\\/#article\",\"isPartOf\":{\"@id\":\"https:\\\/\\\/citycenterone.hr\\\/zagreb-west\\\/arhiva\\\/povratak-u-vrtic-i-skolu-s-cicibanom-2\\\/\"},\"author\":{\"name\":\"prisek\",\"@id\":\"https:\\\/\\\/citycenterone.hr\\\/zagreb-west\\\/#\\\/schema\\\/person\\\/f61b899bb32db9018318f39778e425db\"},\"headline\":\"POVRATAK U VRTI\u0106 I \u0160KOLU S CICIBANOM\",\"datePublished\":\"2022-08-26T07:41:26+00:00\",\"dateModified\":\"2023-02-06T14:30:53+00:00\",\"mainEntityOfPage\":{\"@id\":\"https:\\\/\\\/citycenterone.hr\\\/zagreb-west\\\/arhiva\\\/povratak-u-vrtic-i-skolu-s-cicibanom-2\\\/\"},\"wordCount\":231,\"image\":{\"@id\":\"https:\\\/\\\/citycenterone.hr\\\/zagreb-west\\\/arhiva\\\/povratak-u-vrtic-i-skolu-s-cicibanom-2\\\/#primaryimage\"},\"thumbnailUrl\":\"https:\\\/\\\/citycenterone.hr\\\/zagreb-west\\\/wp-content\\\/uploads\\\/sites\\\/2\\\/2022\\\/08\\\/Copati_back2school22-2.jpg\",\"articleSection\":[\"Arhiva\"],\"inLanguage\":\"hr-HR\"},{\"@type\":\"WebPage\",\"@id\":\"https:\\\/\\\/citycenterone.hr\\\/zagreb-west\\\/arhiva\\\/povratak-u-vrtic-i-skolu-s-cicibanom-2\\\/\",\"url\":\"https:\\\/\\\/citycenterone.hr\\\/zagreb-west\\\/arhiva\\\/povratak-u-vrtic-i-skolu-s-cicibanom-2\\\/\",\"name\":\"POVRATAK U VRTI\u0106 I \u0160KOLU S CICIBANOM - Zagreb West\",\"isPartOf\":{\"@id\":\"https:\\\/\\\/citycenterone.hr\\\/zagreb-west\\\/#website\"},\"primaryImageOfPage\":{\"@id\":\"https:\\\/\\\/citycenterone.hr\\\/zagreb-west\\\/arhiva\\\/povratak-u-vrtic-i-skolu-s-cicibanom-2\\\/#primaryimage\"},\"image\":{\"@id\":\"https:\\\/\\\/citycenterone.hr\\\/zagreb-west\\\/arhiva\\\/povratak-u-vrtic-i-skolu-s-cicibanom-2\\\/#primaryimage\"},\"thumbnailUrl\":\"https:\\\/\\\/citycenterone.hr\\\/zagreb-west\\\/wp-content\\\/uploads\\\/sites\\\/2\\\/2022\\\/08\\\/Copati_back2school22-2.jpg\",\"datePublished\":\"2022-08-26T07:41:26+00:00\",\"dateModified\":\"2023-02-06T14:30:53+00:00\",\"author\":{\"@id\":\"https:\\\/\\\/citycenterone.hr\\\/zagreb-west\\\/#\\\/schema\\\/person\\\/f61b899bb32db9018318f39778e425db\"},\"breadcrumb\":{\"@id\":\"https:\\\/\\\/citycenterone.hr\\\/zagreb-west\\\/arhiva\\\/povratak-u-vrtic-i-skolu-s-cicibanom-2\\\/#breadcrumb\"},\"inLanguage\":\"hr-HR\",\"potentialAction\":[{\"@type\":\"ReadAction\",\"target\":[\"https:\\\/\\\/citycenterone.hr\\\/zagreb-west\\\/arhiva\\\/povratak-u-vrtic-i-skolu-s-cicibanom-2\\\/\"]}]},{\"@type\":\"ImageObject\",\"inLanguage\":\"hr-HR\",\"@id\":\"https:\\\/\\\/citycenterone.hr\\\/zagreb-west\\\/arhiva\\\/povratak-u-vrtic-i-skolu-s-cicibanom-2\\\/#primaryimage\",\"url\":\"https:\\\/\\\/citycenterone.hr\\\/zagreb-west\\\/wp-content\\\/uploads\\\/sites\\\/2\\\/2022\\\/08\\\/Copati_back2school22-2.jpg\",\"contentUrl\":\"https:\\\/\\\/citycenterone.hr\\\/zagreb-west\\\/wp-content\\\/uploads\\\/sites\\\/2\\\/2022\\\/08\\\/Copati_back2school22-2.jpg\",\"width\":1504,\"height\":1004},{\"@type\":\"BreadcrumbList\",\"@id\":\"https:\\\/\\\/citycenterone.hr\\\/zagreb-west\\\/arhiva\\\/povratak-u-vrtic-i-skolu-s-cicibanom-2\\\/#breadcrumb\",\"itemListElement\":[{\"@type\":\"ListItem\",\"position\":1,\"name\":\"Home\",\"item\":\"https:\\\/\\\/citycenterone.hr\\\/zagreb-west\\\/\"},{\"@type\":\"ListItem\",\"position\":2,\"name\":\"POVRATAK U VRTI\u0106 I \u0160KOLU S CICIBANOM\"}]},{\"@type\":\"WebSite\",\"@id\":\"https:\\\/\\\/citycenterone.hr\\\/zagreb-west\\\/#website\",\"url\":\"https:\\\/\\\/citycenterone.hr\\\/zagreb-west\\\/\",\"name\":\"Zagreb West\",\"description\":\"Just another City Centar One site\",\"potentialAction\":[{\"@type\":\"SearchAction\",\"target\":{\"@type\":\"EntryPoint\",\"urlTemplate\":\"https:\\\/\\\/citycenterone.hr\\\/zagreb-west\\\/?s={search_term_string}\"},\"query-input\":{\"@type\":\"PropertyValueSpecification\",\"valueRequired\":true,\"valueName\":\"search_term_string\"}}],\"inLanguage\":\"hr-HR\"},{\"@type\":\"Person\",\"@id\":\"https:\\\/\\\/citycenterone.hr\\\/zagreb-west\\\/#\\\/schema\\\/person\\\/f61b899bb32db9018318f39778e425db\",\"name\":\"prisek\",\"image\":{\"@type\":\"ImageObject\",\"inLanguage\":\"hr-HR\",\"@id\":\"https:\\\/\\\/secure.gravatar.com\\\/avatar\\\/ddd1379ca023f63ca67c0f2eb9a4380c9c54c6bdd87c1de15c72f6b8d8b7eed6?s=96&d=mm&r=g\",\"url\":\"https:\\\/\\\/secure.gravatar.com\\\/avatar\\\/ddd1379ca023f63ca67c0f2eb9a4380c9c54c6bdd87c1de15c72f6b8d8b7eed6?s=96&d=mm&r=g\",\"contentUrl\":\"https:\\\/\\\/secure.gravatar.com\\\/avatar\\\/ddd1379ca023f63ca67c0f2eb9a4380c9c54c6bdd87c1de15c72f6b8d8b7eed6?s=96&d=mm&r=g\",\"caption\":\"prisek\"},\"url\":\"https:\\\/\\\/citycenterone.hr\\\/zagreb-west\\\/author\\\/prisek\\\/\"}]}<\/script>\n<!-- \/ Yoast SEO plugin. -->","yoast_head_json":{"title":"POVRATAK U VRTI\u0106 I \u0160KOLU S CICIBANOM - Zagreb West","robots":{"index":"index","follow":"follow","max-snippet":"max-snippet:-1","max-image-preview":"max-image-preview:large","max-video-preview":"max-video-preview:-1"},"canonical":"https:\/\/citycenterone.hr\/zagreb-west\/arhiva\/povratak-u-vrtic-i-skolu-s-cicibanom-2\/","og_locale":"hr_HR","og_type":"article","og_title":"POVRATAK U VRTI\u0106 I \u0160KOLU S CICIBANOM - Zagreb West","og_description":"Cicibanova kolekcija jesen zima 2022\/23 ve\u0107 \u010deka na policama trgovina sa \u0161arolikom paletom jesenskih tonova koji \u0107e o\u017eivjeti urbani stil mladih \u0161kolaraca.","og_url":"https:\/\/citycenterone.hr\/zagreb-west\/arhiva\/povratak-u-vrtic-i-skolu-s-cicibanom-2\/","og_site_name":"Zagreb West","article_published_time":"2022-08-26T07:41:26+00:00","article_modified_time":"2023-02-06T14:30:53+00:00","og_image":[{"width":1504,"height":1004,"url":"https:\/\/citycenterone.hr\/zagreb-west\/wp-content\/uploads\/sites\/2\/2022\/08\/Copati_back2school22-2.jpg","type":"image\/jpeg"}],"author":"prisek","twitter_card":"summary_large_image","twitter_misc":{"Written by":"prisek","Est. reading time":"1 minute"},"schema":{"@context":"https:\/\/schema.org","@graph":[{"@type":"Article","@id":"https:\/\/citycenterone.hr\/zagreb-west\/arhiva\/povratak-u-vrtic-i-skolu-s-cicibanom-2\/#article","isPartOf":{"@id":"https:\/\/citycenterone.hr\/zagreb-west\/arhiva\/povratak-u-vrtic-i-skolu-s-cicibanom-2\/"},"author":{"name":"prisek","@id":"https:\/\/citycenterone.hr\/zagreb-west\/#\/schema\/person\/f61b899bb32db9018318f39778e425db"},"headline":"POVRATAK U VRTI\u0106 I \u0160KOLU S CICIBANOM","datePublished":"2022-08-26T07:41:26+00:00","dateModified":"2023-02-06T14:30:53+00:00","mainEntityOfPage":{"@id":"https:\/\/citycenterone.hr\/zagreb-west\/arhiva\/povratak-u-vrtic-i-skolu-s-cicibanom-2\/"},"wordCount":231,"image":{"@id":"https:\/\/citycenterone.hr\/zagreb-west\/arhiva\/povratak-u-vrtic-i-skolu-s-cicibanom-2\/#primaryimage"},"thumbnailUrl":"https:\/\/citycenterone.hr\/zagreb-west\/wp-content\/uploads\/sites\/2\/2022\/08\/Copati_back2school22-2.jpg","articleSection":["Arhiva"],"inLanguage":"hr-HR"},{"@type":"WebPage","@id":"https:\/\/citycenterone.hr\/zagreb-west\/arhiva\/povratak-u-vrtic-i-skolu-s-cicibanom-2\/","url":"https:\/\/citycenterone.hr\/zagreb-west\/arhiva\/povratak-u-vrtic-i-skolu-s-cicibanom-2\/","name":"POVRATAK U VRTI\u0106 I \u0160KOLU S CICIBANOM - Zagreb West","isPartOf":{"@id":"https:\/\/citycenterone.hr\/zagreb-west\/#website"},"primaryImageOfPage":{"@id":"https:\/\/citycenterone.hr\/zagreb-west\/arhiva\/povratak-u-vrtic-i-skolu-s-cicibanom-2\/#primaryimage"},"image":{"@id":"https:\/\/citycenterone.hr\/zagreb-west\/arhiva\/povratak-u-vrtic-i-skolu-s-cicibanom-2\/#primaryimage"},"thumbnailUrl":"https:\/\/citycenterone.hr\/zagreb-west\/wp-content\/uploads\/sites\/2\/2022\/08\/Copati_back2school22-2.jpg","datePublished":"2022-08-26T07:41:26+00:00","dateModified":"2023-02-06T14:30:53+00:00","author":{"@id":"https:\/\/citycenterone.hr\/zagreb-west\/#\/schema\/person\/f61b899bb32db9018318f39778e425db"},"breadcrumb":{"@id":"https:\/\/citycenterone.hr\/zagreb-west\/arhiva\/povratak-u-vrtic-i-skolu-s-cicibanom-2\/#breadcrumb"},"inLanguage":"hr-HR","potentialAction":[{"@type":"ReadAction","target":["https:\/\/citycenterone.hr\/zagreb-west\/arhiva\/povratak-u-vrtic-i-skolu-s-cicibanom-2\/"]}]},{"@type":"ImageObject","inLanguage":"hr-HR","@id":"https:\/\/citycenterone.hr\/zagreb-west\/arhiva\/povratak-u-vrtic-i-skolu-s-cicibanom-2\/#primaryimage","url":"https:\/\/citycenterone.hr\/zagreb-west\/wp-content\/uploads\/sites\/2\/2022\/08\/Copati_back2school22-2.jpg","contentUrl":"https:\/\/citycenterone.hr\/zagreb-west\/wp-content\/uploads\/sites\/2\/2022\/08\/Copati_back2school22-2.jpg","width":1504,"height":1004},{"@type":"BreadcrumbList","@id":"https:\/\/citycenterone.hr\/zagreb-west\/arhiva\/povratak-u-vrtic-i-skolu-s-cicibanom-2\/#breadcrumb","itemListElement":[{"@type":"ListItem","position":1,"name":"Home","item":"https:\/\/citycenterone.hr\/zagreb-west\/"},{"@type":"ListItem","position":2,"name":"POVRATAK U VRTI\u0106 I \u0160KOLU S CICIBANOM"}]},{"@type":"WebSite","@id":"https:\/\/citycenterone.hr\/zagreb-west\/#website","url":"https:\/\/citycenterone.hr\/zagreb-west\/","name":"Zagreb West","description":"Just another City Centar One site","potentialAction":[{"@type":"SearchAction","target":{"@type":"EntryPoint","urlTemplate":"https:\/\/citycenterone.hr\/zagreb-west\/?s={search_term_string}"},"query-input":{"@type":"PropertyValueSpecification","valueRequired":true,"valueName":"search_term_string"}}],"inLanguage":"hr-HR"},{"@type":"Person","@id":"https:\/\/citycenterone.hr\/zagreb-west\/#\/schema\/person\/f61b899bb32db9018318f39778e425db","name":"prisek","image":{"@type":"ImageObject","inLanguage":"hr-HR","@id":"https:\/\/secure.gravatar.com\/avatar\/ddd1379ca023f63ca67c0f2eb9a4380c9c54c6bdd87c1de15c72f6b8d8b7eed6?s=96&d=mm&r=g","url":"https:\/\/secure.gravatar.com\/avatar\/ddd1379ca023f63ca67c0f2eb9a4380c9c54c6bdd87c1de15c72f6b8d8b7eed6?s=96&d=mm&r=g","contentUrl":"https:\/\/secure.gravatar.com\/avatar\/ddd1379ca023f63ca67c0f2eb9a4380c9c54c6bdd87c1de15c72f6b8d8b7eed6?s=96&d=mm&r=g","caption":"prisek"},"url":"https:\/\/citycenterone.hr\/zagreb-west\/author\/prisek\/"}]}},"_links":{"self":[{"href":"https:\/\/citycenterone.hr\/zagreb-west\/wp-json\/wp\/v2\/posts\/65897","targetHints":{"allow":["GET"]}}],"collection":[{"href":"https:\/\/citycenterone.hr\/zagreb-west\/wp-json\/wp\/v2\/posts"}],"about":[{"href":"https:\/\/citycenterone.hr\/zagreb-west\/wp-json\/wp\/v2\/types\/post"}],"author":[{"embeddable":true,"href":"https:\/\/citycenterone.hr\/zagreb-west\/wp-json\/wp\/v2\/users\/10"}],"replies":[{"embeddable":true,"href":"https:\/\/citycenterone.hr\/zagreb-west\/wp-json\/wp\/v2\/comments?post=65897"}],"version-history":[{"count":1,"href":"https:\/\/citycenterone.hr\/zagreb-west\/wp-json\/wp\/v2\/posts\/65897\/revisions"}],"predecessor-version":[{"id":65906,"href":"https:\/\/citycenterone.hr\/zagreb-west\/wp-json\/wp\/v2\/posts\/65897\/revisions\/65906"}],"wp:featuredmedia":[{"embeddable":true,"href":"https:\/\/citycenterone.hr\/zagreb-west\/wp-json\/wp\/v2\/media\/65904"}],"wp:attachment":[{"href":"https:\/\/citycenterone.hr\/zagreb-west\/wp-json\/wp\/v2\/media?parent=65897"}],"wp:term":[{"taxonomy":"category","embeddable":true,"href":"https:\/\/citycenterone.hr\/zagreb-west\/wp-json\/wp\/v2\/categories?post=65897"},{"taxonomy":"post_tag","embeddable":true,"href":"https:\/\/citycenterone.hr\/zagreb-west\/wp-json\/wp\/v2\/tags?post=65897"}],"curies":[{"name":"wp","href":"https:\/\/api.w.org\/{rel}","templated":true}]}}