{"id":68609,"date":"2023-01-26T10:59:34","date_gmt":"2023-01-26T10:59:34","guid":{"rendered":"https:\/\/citycenterone.hr\/zagreb-west\/?p=68609"},"modified":"2023-02-13T14:16:23","modified_gmt":"2023-02-13T14:16:23","slug":"drzat-cu-oci-sirom-otvorene","status":"publish","type":"post","link":"https:\/\/citycenterone.hr\/zagreb-west\/arhiva\/drzat-cu-oci-sirom-otvorene\/","title":{"rendered":"DR\u017dAT \u0106U O\u010cI \u0160IROM OTVORENE"},"content":{"rendered":"<p>Kako bi se javnost potaknula da pru\u017ei podr\u0161ku \u017ertvama kaznenih djela, osobito djeci \u017ertvama nasilja, \u017ertvama rodno uvjetovanog nasilja te fobije od LGBTIQ osoba i ksenofobije, a posebno kako bi pomogla da se kaznena djela prijave, a \u017ertve zbrinu <strong>u subotu<\/strong><strong>, 28. sije\u010dnja u prizemlju City Centera one West od 11 do 13 sati<\/strong> odr\u017eat \u0107e se dru\u0161tveni izazov pod nazivom \u201eDr\u017eat \u0107u o\u010di \u0161irom otvorene\u201c.<\/p>\n<p>Na centralnoj poziciji, u neposrednoj blizini trgovine Zara, bit \u0107e postavljeni stol i dvije stolice na kojima \u0107e se izmjenjivati sudionici gledaju\u0107i se bez treptanja, a njihova \u0107e lica biti projicirana na video zidu uz poruku podr\u0161ke \u017ertvama nasilja. Cilj je doga\u0111aja osvijestiti da svjedoci nasilja ne smiju zatvarati o\u010di, ve\u0107 pomo\u0107i \u017ertvama da zatra\u017ee stru\u010dnu podr\u0161ku i prijave nasilje. Svojim dolaskom i sudjelovanjem u izazovu pru\u017eite podr\u0161ku \u017ertvama nasilja i informirajte se o njihovm pravima.<\/p>\n<p>Na doga\u0111anju \u0107e sudjelovati partneri kampanje (predstavnici <strong>Ministarstva pravosu\u0111a<\/strong>, <strong>Europske komisije u Hrvatskoj<\/strong> i <strong>Udruge za podr\u0161ku \u017ertvama i svjedocima<\/strong>), podupiratelji kampanje (P<strong>ravobraniteljica za ravnopravnost spolova<\/strong>, <strong>Grad Zagreb<\/strong>, <strong>Poliklinika za za\u0161titu djece i mladih Grada Zagreba<\/strong>, <strong>Hrabri telefon<\/strong>, <strong>\u017denska soba<\/strong> i <strong>Centar za mirovne studije<\/strong>) te poznate osobe i influenceri (<strong>Maja \u0160uput, Marco Cuccurin i Dario Mar\u010dac<\/strong>).<\/p>\n<p><img loading=\"lazy\" decoding=\"async\" class=\"wp-image-68613 aligncenter\" src=\"https:\/\/citycenterone.hr\/zagreb-west\/wp-content\/uploads\/sites\/2\/2023\/01\/EU-kampanja-o-pravima-zrtava_2-819x1024.jpg\" alt=\"\" width=\"495\" height=\"619\" srcset=\"https:\/\/citycenterone.hr\/zagreb-west\/wp-content\/uploads\/sites\/2\/2023\/01\/EU-kampanja-o-pravima-zrtava_2-819x1024.jpg 819w, https:\/\/citycenterone.hr\/zagreb-west\/wp-content\/uploads\/sites\/2\/2023\/01\/EU-kampanja-o-pravima-zrtava_2-768x960.jpg 768w, https:\/\/citycenterone.hr\/zagreb-west\/wp-content\/uploads\/sites\/2\/2023\/01\/EU-kampanja-o-pravima-zrtava_2.jpg 1080w\" sizes=\"auto, (max-width: 495px) 100vw, 495px\" \/><\/p>\n<p>Izazov \u201eDr\u017eat \u0107u o\u010di \u0161irom otvorene\u201c ozna\u010dit \u0107e po\u010detak istoimene informativne kampanje Europske komisije o pravima \u017ertava nasilja, koja \u0107e se provoditi u deset zemalja \u010dlanica EU-a. Izazov, inspiriran svojevremenim performansom umjetnice Marine Abramovi\u0107, ve\u0107 je odr\u017ean u Belgiji, Ma\u0111arskoj, Estoniji, Latviji, Bugarskoj i Poljskoj, a Hrvatska \u0107e nakon Slova\u010dke biti osma zemlja koja se pridru\u017euje kampanji s ciljem osvje\u0161tavanja o pravima koje \u017ertve nasilja imaju u svim zemljama EU-a te dostupnim slu\u017ebama za pomo\u0107.<\/p>\n","protected":false},"excerpt":{"rendered":"<p>Podr\u017eite akciju protiv svih vrsta nasilja u dru\u0161tvenom izazovu koji \u0107e se odr\u017eati 28. sije\u010dnja u prizemlju City Centera one West. <\/p>\n","protected":false},"author":10,"featured_media":68611,"comment_status":"closed","ping_status":"open","sticky":false,"template":"","format":"standard","meta":{"_acf_changed":false,"footnotes":""},"categories":[10],"tags":[],"class_list":["post-68609","post","type-post","status-publish","format-standard","has-post-thumbnail","hentry","category-arhiva"],"acf":[],"yoast_head":"<!-- This site is optimized with the Yoast SEO plugin v27.4 - https:\/\/yoast.com\/product\/yoast-seo-wordpress\/ -->\n<title>DR\u017dAT \u0106U O\u010cI \u0160IROM OTVORENE - Zagreb West<\/title>\n<meta name=\"robots\" content=\"index, follow, max-snippet:-1, max-image-preview:large, max-video-preview:-1\" \/>\n<link rel=\"canonical\" href=\"https:\/\/citycenterone.hr\/zagreb-west\/arhiva\/drzat-cu-oci-sirom-otvorene\/\" \/>\n<meta property=\"og:locale\" content=\"hr_HR\" \/>\n<meta property=\"og:type\" content=\"article\" \/>\n<meta property=\"og:title\" content=\"DR\u017dAT \u0106U O\u010cI \u0160IROM OTVORENE - Zagreb West\" \/>\n<meta property=\"og:description\" content=\"Podr\u017eite akciju protiv svih vrsta nasilja u dru\u0161tvenom izazovu koji \u0107e se odr\u017eati 28. sije\u010dnja u prizemlju City Centera one West.\" \/>\n<meta property=\"og:url\" content=\"https:\/\/citycenterone.hr\/zagreb-west\/arhiva\/drzat-cu-oci-sirom-otvorene\/\" \/>\n<meta property=\"og:site_name\" content=\"Zagreb West\" \/>\n<meta property=\"article:published_time\" content=\"2023-01-26T10:59:34+00:00\" \/>\n<meta property=\"article:modified_time\" content=\"2023-02-13T14:16:23+00:00\" \/>\n<meta property=\"og:image\" content=\"https:\/\/citycenterone.hr\/zagreb-west\/wp-content\/uploads\/sites\/2\/2023\/01\/EU-kampanja-o-pravima-zrtava_1.jpg\" \/>\n\t<meta property=\"og:image:width\" content=\"1080\" \/>\n\t<meta property=\"og:image:height\" content=\"1350\" \/>\n\t<meta property=\"og:image:type\" content=\"image\/jpeg\" \/>\n<meta name=\"author\" content=\"prisek\" \/>\n<meta name=\"twitter:card\" content=\"summary_large_image\" \/>\n<meta name=\"twitter:label1\" content=\"Written by\" \/>\n\t<meta name=\"twitter:data1\" content=\"prisek\" \/>\n\t<meta name=\"twitter:label2\" content=\"Est. reading time\" \/>\n\t<meta name=\"twitter:data2\" content=\"2 minutes\" \/>\n<script type=\"application\/ld+json\" class=\"yoast-schema-graph\">{\"@context\":\"https:\\\/\\\/schema.org\",\"@graph\":[{\"@type\":\"Article\",\"@id\":\"https:\\\/\\\/citycenterone.hr\\\/zagreb-west\\\/arhiva\\\/drzat-cu-oci-sirom-otvorene\\\/#article\",\"isPartOf\":{\"@id\":\"https:\\\/\\\/citycenterone.hr\\\/zagreb-west\\\/arhiva\\\/drzat-cu-oci-sirom-otvorene\\\/\"},\"author\":{\"name\":\"prisek\",\"@id\":\"https:\\\/\\\/citycenterone.hr\\\/zagreb-west\\\/#\\\/schema\\\/person\\\/f61b899bb32db9018318f39778e425db\"},\"headline\":\"DR\u017dAT \u0106U O\u010cI \u0160IROM OTVORENE\",\"datePublished\":\"2023-01-26T10:59:34+00:00\",\"dateModified\":\"2023-02-13T14:16:23+00:00\",\"mainEntityOfPage\":{\"@id\":\"https:\\\/\\\/citycenterone.hr\\\/zagreb-west\\\/arhiva\\\/drzat-cu-oci-sirom-otvorene\\\/\"},\"wordCount\":310,\"image\":{\"@id\":\"https:\\\/\\\/citycenterone.hr\\\/zagreb-west\\\/arhiva\\\/drzat-cu-oci-sirom-otvorene\\\/#primaryimage\"},\"thumbnailUrl\":\"https:\\\/\\\/citycenterone.hr\\\/zagreb-west\\\/wp-content\\\/uploads\\\/sites\\\/2\\\/2023\\\/01\\\/EU-kampanja-o-pravima-zrtava_1.jpg\",\"articleSection\":[\"Arhiva\"],\"inLanguage\":\"hr-HR\"},{\"@type\":\"WebPage\",\"@id\":\"https:\\\/\\\/citycenterone.hr\\\/zagreb-west\\\/arhiva\\\/drzat-cu-oci-sirom-otvorene\\\/\",\"url\":\"https:\\\/\\\/citycenterone.hr\\\/zagreb-west\\\/arhiva\\\/drzat-cu-oci-sirom-otvorene\\\/\",\"name\":\"DR\u017dAT \u0106U O\u010cI \u0160IROM OTVORENE - Zagreb West\",\"isPartOf\":{\"@id\":\"https:\\\/\\\/citycenterone.hr\\\/zagreb-west\\\/#website\"},\"primaryImageOfPage\":{\"@id\":\"https:\\\/\\\/citycenterone.hr\\\/zagreb-west\\\/arhiva\\\/drzat-cu-oci-sirom-otvorene\\\/#primaryimage\"},\"image\":{\"@id\":\"https:\\\/\\\/citycenterone.hr\\\/zagreb-west\\\/arhiva\\\/drzat-cu-oci-sirom-otvorene\\\/#primaryimage\"},\"thumbnailUrl\":\"https:\\\/\\\/citycenterone.hr\\\/zagreb-west\\\/wp-content\\\/uploads\\\/sites\\\/2\\\/2023\\\/01\\\/EU-kampanja-o-pravima-zrtava_1.jpg\",\"datePublished\":\"2023-01-26T10:59:34+00:00\",\"dateModified\":\"2023-02-13T14:16:23+00:00\",\"author\":{\"@id\":\"https:\\\/\\\/citycenterone.hr\\\/zagreb-west\\\/#\\\/schema\\\/person\\\/f61b899bb32db9018318f39778e425db\"},\"breadcrumb\":{\"@id\":\"https:\\\/\\\/citycenterone.hr\\\/zagreb-west\\\/arhiva\\\/drzat-cu-oci-sirom-otvorene\\\/#breadcrumb\"},\"inLanguage\":\"hr-HR\",\"potentialAction\":[{\"@type\":\"ReadAction\",\"target\":[\"https:\\\/\\\/citycenterone.hr\\\/zagreb-west\\\/arhiva\\\/drzat-cu-oci-sirom-otvorene\\\/\"]}]},{\"@type\":\"ImageObject\",\"inLanguage\":\"hr-HR\",\"@id\":\"https:\\\/\\\/citycenterone.hr\\\/zagreb-west\\\/arhiva\\\/drzat-cu-oci-sirom-otvorene\\\/#primaryimage\",\"url\":\"https:\\\/\\\/citycenterone.hr\\\/zagreb-west\\\/wp-content\\\/uploads\\\/sites\\\/2\\\/2023\\\/01\\\/EU-kampanja-o-pravima-zrtava_1.jpg\",\"contentUrl\":\"https:\\\/\\\/citycenterone.hr\\\/zagreb-west\\\/wp-content\\\/uploads\\\/sites\\\/2\\\/2023\\\/01\\\/EU-kampanja-o-pravima-zrtava_1.jpg\",\"width\":1080,\"height\":1350},{\"@type\":\"BreadcrumbList\",\"@id\":\"https:\\\/\\\/citycenterone.hr\\\/zagreb-west\\\/arhiva\\\/drzat-cu-oci-sirom-otvorene\\\/#breadcrumb\",\"itemListElement\":[{\"@type\":\"ListItem\",\"position\":1,\"name\":\"Home\",\"item\":\"https:\\\/\\\/citycenterone.hr\\\/zagreb-west\\\/\"},{\"@type\":\"ListItem\",\"position\":2,\"name\":\"DR\u017dAT \u0106U O\u010cI \u0160IROM OTVORENE\"}]},{\"@type\":\"WebSite\",\"@id\":\"https:\\\/\\\/citycenterone.hr\\\/zagreb-west\\\/#website\",\"url\":\"https:\\\/\\\/citycenterone.hr\\\/zagreb-west\\\/\",\"name\":\"Zagreb West\",\"description\":\"Just another City Centar One site\",\"potentialAction\":[{\"@type\":\"SearchAction\",\"target\":{\"@type\":\"EntryPoint\",\"urlTemplate\":\"https:\\\/\\\/citycenterone.hr\\\/zagreb-west\\\/?s={search_term_string}\"},\"query-input\":{\"@type\":\"PropertyValueSpecification\",\"valueRequired\":true,\"valueName\":\"search_term_string\"}}],\"inLanguage\":\"hr-HR\"},{\"@type\":\"Person\",\"@id\":\"https:\\\/\\\/citycenterone.hr\\\/zagreb-west\\\/#\\\/schema\\\/person\\\/f61b899bb32db9018318f39778e425db\",\"name\":\"prisek\",\"image\":{\"@type\":\"ImageObject\",\"inLanguage\":\"hr-HR\",\"@id\":\"https:\\\/\\\/secure.gravatar.com\\\/avatar\\\/ddd1379ca023f63ca67c0f2eb9a4380c9c54c6bdd87c1de15c72f6b8d8b7eed6?s=96&d=mm&r=g\",\"url\":\"https:\\\/\\\/secure.gravatar.com\\\/avatar\\\/ddd1379ca023f63ca67c0f2eb9a4380c9c54c6bdd87c1de15c72f6b8d8b7eed6?s=96&d=mm&r=g\",\"contentUrl\":\"https:\\\/\\\/secure.gravatar.com\\\/avatar\\\/ddd1379ca023f63ca67c0f2eb9a4380c9c54c6bdd87c1de15c72f6b8d8b7eed6?s=96&d=mm&r=g\",\"caption\":\"prisek\"},\"url\":\"https:\\\/\\\/citycenterone.hr\\\/zagreb-west\\\/author\\\/prisek\\\/\"}]}<\/script>\n<!-- \/ Yoast SEO plugin. -->","yoast_head_json":{"title":"DR\u017dAT \u0106U O\u010cI \u0160IROM OTVORENE - Zagreb West","robots":{"index":"index","follow":"follow","max-snippet":"max-snippet:-1","max-image-preview":"max-image-preview:large","max-video-preview":"max-video-preview:-1"},"canonical":"https:\/\/citycenterone.hr\/zagreb-west\/arhiva\/drzat-cu-oci-sirom-otvorene\/","og_locale":"hr_HR","og_type":"article","og_title":"DR\u017dAT \u0106U O\u010cI \u0160IROM OTVORENE - Zagreb West","og_description":"Podr\u017eite akciju protiv svih vrsta nasilja u dru\u0161tvenom izazovu koji \u0107e se odr\u017eati 28. sije\u010dnja u prizemlju City Centera one West.","og_url":"https:\/\/citycenterone.hr\/zagreb-west\/arhiva\/drzat-cu-oci-sirom-otvorene\/","og_site_name":"Zagreb West","article_published_time":"2023-01-26T10:59:34+00:00","article_modified_time":"2023-02-13T14:16:23+00:00","og_image":[{"width":1080,"height":1350,"url":"https:\/\/citycenterone.hr\/zagreb-west\/wp-content\/uploads\/sites\/2\/2023\/01\/EU-kampanja-o-pravima-zrtava_1.jpg","type":"image\/jpeg"}],"author":"prisek","twitter_card":"summary_large_image","twitter_misc":{"Written by":"prisek","Est. reading time":"2 minutes"},"schema":{"@context":"https:\/\/schema.org","@graph":[{"@type":"Article","@id":"https:\/\/citycenterone.hr\/zagreb-west\/arhiva\/drzat-cu-oci-sirom-otvorene\/#article","isPartOf":{"@id":"https:\/\/citycenterone.hr\/zagreb-west\/arhiva\/drzat-cu-oci-sirom-otvorene\/"},"author":{"name":"prisek","@id":"https:\/\/citycenterone.hr\/zagreb-west\/#\/schema\/person\/f61b899bb32db9018318f39778e425db"},"headline":"DR\u017dAT \u0106U O\u010cI \u0160IROM OTVORENE","datePublished":"2023-01-26T10:59:34+00:00","dateModified":"2023-02-13T14:16:23+00:00","mainEntityOfPage":{"@id":"https:\/\/citycenterone.hr\/zagreb-west\/arhiva\/drzat-cu-oci-sirom-otvorene\/"},"wordCount":310,"image":{"@id":"https:\/\/citycenterone.hr\/zagreb-west\/arhiva\/drzat-cu-oci-sirom-otvorene\/#primaryimage"},"thumbnailUrl":"https:\/\/citycenterone.hr\/zagreb-west\/wp-content\/uploads\/sites\/2\/2023\/01\/EU-kampanja-o-pravima-zrtava_1.jpg","articleSection":["Arhiva"],"inLanguage":"hr-HR"},{"@type":"WebPage","@id":"https:\/\/citycenterone.hr\/zagreb-west\/arhiva\/drzat-cu-oci-sirom-otvorene\/","url":"https:\/\/citycenterone.hr\/zagreb-west\/arhiva\/drzat-cu-oci-sirom-otvorene\/","name":"DR\u017dAT \u0106U O\u010cI \u0160IROM OTVORENE - Zagreb West","isPartOf":{"@id":"https:\/\/citycenterone.hr\/zagreb-west\/#website"},"primaryImageOfPage":{"@id":"https:\/\/citycenterone.hr\/zagreb-west\/arhiva\/drzat-cu-oci-sirom-otvorene\/#primaryimage"},"image":{"@id":"https:\/\/citycenterone.hr\/zagreb-west\/arhiva\/drzat-cu-oci-sirom-otvorene\/#primaryimage"},"thumbnailUrl":"https:\/\/citycenterone.hr\/zagreb-west\/wp-content\/uploads\/sites\/2\/2023\/01\/EU-kampanja-o-pravima-zrtava_1.jpg","datePublished":"2023-01-26T10:59:34+00:00","dateModified":"2023-02-13T14:16:23+00:00","author":{"@id":"https:\/\/citycenterone.hr\/zagreb-west\/#\/schema\/person\/f61b899bb32db9018318f39778e425db"},"breadcrumb":{"@id":"https:\/\/citycenterone.hr\/zagreb-west\/arhiva\/drzat-cu-oci-sirom-otvorene\/#breadcrumb"},"inLanguage":"hr-HR","potentialAction":[{"@type":"ReadAction","target":["https:\/\/citycenterone.hr\/zagreb-west\/arhiva\/drzat-cu-oci-sirom-otvorene\/"]}]},{"@type":"ImageObject","inLanguage":"hr-HR","@id":"https:\/\/citycenterone.hr\/zagreb-west\/arhiva\/drzat-cu-oci-sirom-otvorene\/#primaryimage","url":"https:\/\/citycenterone.hr\/zagreb-west\/wp-content\/uploads\/sites\/2\/2023\/01\/EU-kampanja-o-pravima-zrtava_1.jpg","contentUrl":"https:\/\/citycenterone.hr\/zagreb-west\/wp-content\/uploads\/sites\/2\/2023\/01\/EU-kampanja-o-pravima-zrtava_1.jpg","width":1080,"height":1350},{"@type":"BreadcrumbList","@id":"https:\/\/citycenterone.hr\/zagreb-west\/arhiva\/drzat-cu-oci-sirom-otvorene\/#breadcrumb","itemListElement":[{"@type":"ListItem","position":1,"name":"Home","item":"https:\/\/citycenterone.hr\/zagreb-west\/"},{"@type":"ListItem","position":2,"name":"DR\u017dAT \u0106U O\u010cI \u0160IROM OTVORENE"}]},{"@type":"WebSite","@id":"https:\/\/citycenterone.hr\/zagreb-west\/#website","url":"https:\/\/citycenterone.hr\/zagreb-west\/","name":"Zagreb West","description":"Just another City Centar One site","potentialAction":[{"@type":"SearchAction","target":{"@type":"EntryPoint","urlTemplate":"https:\/\/citycenterone.hr\/zagreb-west\/?s={search_term_string}"},"query-input":{"@type":"PropertyValueSpecification","valueRequired":true,"valueName":"search_term_string"}}],"inLanguage":"hr-HR"},{"@type":"Person","@id":"https:\/\/citycenterone.hr\/zagreb-west\/#\/schema\/person\/f61b899bb32db9018318f39778e425db","name":"prisek","image":{"@type":"ImageObject","inLanguage":"hr-HR","@id":"https:\/\/secure.gravatar.com\/avatar\/ddd1379ca023f63ca67c0f2eb9a4380c9c54c6bdd87c1de15c72f6b8d8b7eed6?s=96&d=mm&r=g","url":"https:\/\/secure.gravatar.com\/avatar\/ddd1379ca023f63ca67c0f2eb9a4380c9c54c6bdd87c1de15c72f6b8d8b7eed6?s=96&d=mm&r=g","contentUrl":"https:\/\/secure.gravatar.com\/avatar\/ddd1379ca023f63ca67c0f2eb9a4380c9c54c6bdd87c1de15c72f6b8d8b7eed6?s=96&d=mm&r=g","caption":"prisek"},"url":"https:\/\/citycenterone.hr\/zagreb-west\/author\/prisek\/"}]}},"_links":{"self":[{"href":"https:\/\/citycenterone.hr\/zagreb-west\/wp-json\/wp\/v2\/posts\/68609","targetHints":{"allow":["GET"]}}],"collection":[{"href":"https:\/\/citycenterone.hr\/zagreb-west\/wp-json\/wp\/v2\/posts"}],"about":[{"href":"https:\/\/citycenterone.hr\/zagreb-west\/wp-json\/wp\/v2\/types\/post"}],"author":[{"embeddable":true,"href":"https:\/\/citycenterone.hr\/zagreb-west\/wp-json\/wp\/v2\/users\/10"}],"replies":[{"embeddable":true,"href":"https:\/\/citycenterone.hr\/zagreb-west\/wp-json\/wp\/v2\/comments?post=68609"}],"version-history":[{"count":4,"href":"https:\/\/citycenterone.hr\/zagreb-west\/wp-json\/wp\/v2\/posts\/68609\/revisions"}],"predecessor-version":[{"id":68622,"href":"https:\/\/citycenterone.hr\/zagreb-west\/wp-json\/wp\/v2\/posts\/68609\/revisions\/68622"}],"wp:featuredmedia":[{"embeddable":true,"href":"https:\/\/citycenterone.hr\/zagreb-west\/wp-json\/wp\/v2\/media\/68611"}],"wp:attachment":[{"href":"https:\/\/citycenterone.hr\/zagreb-west\/wp-json\/wp\/v2\/media?parent=68609"}],"wp:term":[{"taxonomy":"category","embeddable":true,"href":"https:\/\/citycenterone.hr\/zagreb-west\/wp-json\/wp\/v2\/categories?post=68609"},{"taxonomy":"post_tag","embeddable":true,"href":"https:\/\/citycenterone.hr\/zagreb-west\/wp-json\/wp\/v2\/tags?post=68609"}],"curies":[{"name":"wp","href":"https:\/\/api.w.org\/{rel}","templated":true}]}}