{"id":70027,"date":"2023-03-29T11:49:03","date_gmt":"2023-03-29T11:49:03","guid":{"rendered":"https:\/\/citycenterone.hr\/zagreb-west\/?p=70027"},"modified":"2023-05-03T07:12:27","modified_gmt":"2023-05-03T07:12:27","slug":"ovog-proljeca-nose-se-modni-dodaci-u-neutralnim-bojama","status":"publish","type":"post","link":"https:\/\/citycenterone.hr\/zagreb-west\/arhiva\/ovog-proljeca-nose-se-modni-dodaci-u-neutralnim-bojama\/","title":{"rendered":"OVOG PROLJE\u0106A NOSE SE MODNI DODACI U NEUTRALNIM BOJAMA"},"content":{"rendered":"<p>Dolazak prolje\u0107a nas je vratio jarkim, energi\u010dnim bojama, raznim uzorcima i pastelnim nijansama. Iako smo jedva do\u010dekali sun\u010dane dane i vedre boje pri smi\u0161ljanju kombinacija, ne smijemo zanemariti neutralne i nje\u017ene tonove koji su uvijek in i ujedno jedan od trendova ove sezone. Rije\u010d je o nijansama kojima se uvijek vra\u0107amo kada ne znamo \u0161to obu\u0107i jer zbog svojeg minimalizma i jednostavnosti u na\u0161 ormar unose veliki broj odli\u010dnih modnih kombinacija. Me\u0111u trendsetericama smatraju se klju\u010dnim izborom u capsule garderobi, bilo da je rije\u010d o odjevnim komadima ili modnim dodacima. Da se ove boje odli\u010dno kombiniraju vidi se na torbama i cipelama koje \u0107e se uklopiti u svaki outfit, \u0161to je prepoznao i kultni brend Aldo. U svojoj kolekciji nudi veliki izbor modnih dodataka u neutralnim bojama, a u nastavku donosimo najbolje modele za pravi statement outfit.<\/p>\n<p><strong>DNEVNE KOMBINACIJE<\/strong><\/p>\n<p><img loading=\"lazy\" decoding=\"async\" class=\"wp-image-70033 alignleft\" src=\"https:\/\/citycenterone.hr\/zagreb-west\/wp-content\/uploads\/sites\/2\/2023\/03\/ss23_preq1_iconicsport_w_iconispec_blushbonemonogram_3840.jpg\" alt=\"\" width=\"319\" height=\"479\" srcset=\"https:\/\/citycenterone.hr\/zagreb-west\/wp-content\/uploads\/sites\/2\/2023\/03\/ss23_preq1_iconicsport_w_iconispec_blushbonemonogram_3840.jpg 1116w, https:\/\/citycenterone.hr\/zagreb-west\/wp-content\/uploads\/sites\/2\/2023\/03\/ss23_preq1_iconicsport_w_iconispec_blushbonemonogram_3840-683x1024.jpg 683w, https:\/\/citycenterone.hr\/zagreb-west\/wp-content\/uploads\/sites\/2\/2023\/03\/ss23_preq1_iconicsport_w_iconispec_blushbonemonogram_3840-768x1151.jpg 768w, https:\/\/citycenterone.hr\/zagreb-west\/wp-content\/uploads\/sites\/2\/2023\/03\/ss23_preq1_iconicsport_w_iconispec_blushbonemonogram_3840-1025x1536.jpg 1025w\" sizes=\"auto, (max-width: 319px) 100vw, 319px\" \/>\u00a0 \u00a0 \u00a0 \u00a0 \u00a0 \u00a0 \u00a0 \u00a0 \u00a0 \u00a0 \u00a0 <img loading=\"lazy\" decoding=\"async\" class=\"wp-image-70035 alignright\" src=\"https:\/\/citycenterone.hr\/zagreb-west\/wp-content\/uploads\/sites\/2\/2023\/03\/ss23_preq1_musthave_w_miska_angelwing_5168.jpg\" alt=\"\" width=\"318\" height=\"477\" srcset=\"https:\/\/citycenterone.hr\/zagreb-west\/wp-content\/uploads\/sites\/2\/2023\/03\/ss23_preq1_musthave_w_miska_angelwing_5168.jpg 1127w, https:\/\/citycenterone.hr\/zagreb-west\/wp-content\/uploads\/sites\/2\/2023\/03\/ss23_preq1_musthave_w_miska_angelwing_5168-683x1024.jpg 683w, https:\/\/citycenterone.hr\/zagreb-west\/wp-content\/uploads\/sites\/2\/2023\/03\/ss23_preq1_musthave_w_miska_angelwing_5168-768x1152.jpg 768w, https:\/\/citycenterone.hr\/zagreb-west\/wp-content\/uploads\/sites\/2\/2023\/03\/ss23_preq1_musthave_w_miska_angelwing_5168-1024x1536.jpg 1024w\" sizes=\"auto, (max-width: 318px) 100vw, 318px\" \/><\/p>\n<p>&nbsp;<\/p>\n<p>&nbsp;<\/p>\n<p>&nbsp;<\/p>\n<p>&nbsp;<\/p>\n<p>&nbsp;<\/p>\n<p>&nbsp;<\/p>\n<p>&nbsp;<\/p>\n<p>&nbsp;<\/p>\n<p>&nbsp;<\/p>\n<p>&nbsp;<\/p>\n<p>Svakodnevne outfite upotpunite kvalitetnim tenisicama ili popularnim mokasinama koje su jedan od must have komada ovog prolje\u0107a. Obu\u0107a s Aldo potpisom dolazi u neodoljivim nijansama be\u017e boje koje \u0107ete mo\u0107i nositi na posao, kavu ili subotnju \u0161picu. Odli\u010dno pristaju na svaku kombinaciju, od bezvremenskih traperica u svim bojama pa do haljina koje volimo nositi u prolje\u0107e. Osim ravne obu\u0107e mo\u017eete odabrati cipele s blok petom i zlatnim detaljima zbog kojih \u0107e se zasigurno svi okrenuti za vama.\u00a0 \u0160ira peta je odli\u010dan odabir jer je zbog nje obu\u0107a stabilnija, a mo\u017eete ih kombinirati za neki poslovni sastanak ili \u010dak izlazak. Kad je rije\u010d o torbama, u ponudi su razli\u010diti modeli za sve prilike \u2013 od velikih torbi u koje \u0107e vam stati sve potrebne stvari, pa do manjih torbica koje mo\u017eete nositi u ruci ili preko ramena. Veliki hit su torbe s efektnom zlatnom ru\u010dkom ili dodatkom kao \u0161to je lanac i marama, savr\u0161en odabir koji \u0107e podi\u0107i i najjednostavnije kombinacije.<\/p>\n<p><img loading=\"lazy\" decoding=\"async\" class=\"wp-image-70040 alignnone\" src=\"https:\/\/citycenterone.hr\/zagreb-west\/wp-content\/uploads\/sites\/2\/2023\/03\/woolly_pink_85e-64043-kn.jpg\" alt=\"\" width=\"273\" height=\"273\" srcset=\"https:\/\/citycenterone.hr\/zagreb-west\/wp-content\/uploads\/sites\/2\/2023\/03\/woolly_pink_85e-64043-kn.jpg 4800w, https:\/\/citycenterone.hr\/zagreb-west\/wp-content\/uploads\/sites\/2\/2023\/03\/woolly_pink_85e-64043-kn-300x300.jpg 300w, https:\/\/citycenterone.hr\/zagreb-west\/wp-content\/uploads\/sites\/2\/2023\/03\/woolly_pink_85e-64043-kn-1024x1024.jpg 1024w, https:\/\/citycenterone.hr\/zagreb-west\/wp-content\/uploads\/sites\/2\/2023\/03\/woolly_pink_85e-64043-kn-150x150.jpg 150w, https:\/\/citycenterone.hr\/zagreb-west\/wp-content\/uploads\/sites\/2\/2023\/03\/woolly_pink_85e-64043-kn-768x768.jpg 768w, https:\/\/citycenterone.hr\/zagreb-west\/wp-content\/uploads\/sites\/2\/2023\/03\/woolly_pink_85e-64043-kn-1536x1536.jpg 1536w, https:\/\/citycenterone.hr\/zagreb-west\/wp-content\/uploads\/sites\/2\/2023\/03\/woolly_pink_85e-64043-kn-2048x2048.jpg 2048w, https:\/\/citycenterone.hr\/zagreb-west\/wp-content\/uploads\/sites\/2\/2023\/03\/woolly_pink_85e-64043-kn-732x732.jpg 732w, https:\/\/citycenterone.hr\/zagreb-west\/wp-content\/uploads\/sites\/2\/2023\/03\/woolly_pink_85e-64043-kn-412x412.jpg 412w\" sizes=\"auto, (max-width: 273px) 100vw, 273px\" \/><img loading=\"lazy\" decoding=\"async\" class=\"alignnone wp-image-70042 \" src=\"https:\/\/citycenterone.hr\/zagreb-west\/wp-content\/uploads\/sites\/2\/2023\/03\/luly_pink_66e-49728-kn.jpg\" alt=\"\" width=\"249\" height=\"249\" srcset=\"https:\/\/citycenterone.hr\/zagreb-west\/wp-content\/uploads\/sites\/2\/2023\/03\/luly_pink_66e-49728-kn.jpg 4800w, https:\/\/citycenterone.hr\/zagreb-west\/wp-content\/uploads\/sites\/2\/2023\/03\/luly_pink_66e-49728-kn-300x300.jpg 300w, https:\/\/citycenterone.hr\/zagreb-west\/wp-content\/uploads\/sites\/2\/2023\/03\/luly_pink_66e-49728-kn-1024x1024.jpg 1024w, https:\/\/citycenterone.hr\/zagreb-west\/wp-content\/uploads\/sites\/2\/2023\/03\/luly_pink_66e-49728-kn-150x150.jpg 150w, https:\/\/citycenterone.hr\/zagreb-west\/wp-content\/uploads\/sites\/2\/2023\/03\/luly_pink_66e-49728-kn-768x768.jpg 768w, https:\/\/citycenterone.hr\/zagreb-west\/wp-content\/uploads\/sites\/2\/2023\/03\/luly_pink_66e-49728-kn-1536x1536.jpg 1536w, https:\/\/citycenterone.hr\/zagreb-west\/wp-content\/uploads\/sites\/2\/2023\/03\/luly_pink_66e-49728-kn-2048x2048.jpg 2048w, https:\/\/citycenterone.hr\/zagreb-west\/wp-content\/uploads\/sites\/2\/2023\/03\/luly_pink_66e-49728-kn-732x732.jpg 732w, https:\/\/citycenterone.hr\/zagreb-west\/wp-content\/uploads\/sites\/2\/2023\/03\/luly_pink_66e-49728-kn-412x412.jpg 412w\" sizes=\"auto, (max-width: 249px) 100vw, 249px\" \/><img loading=\"lazy\" decoding=\"async\" class=\"alignnone wp-image-70052 \" src=\"https:\/\/citycenterone.hr\/zagreb-west\/wp-content\/uploads\/sites\/2\/2023\/03\/sevilla_beige_99e-74592-kn.jpg\" alt=\"\" width=\"278\" height=\"278\" srcset=\"https:\/\/citycenterone.hr\/zagreb-west\/wp-content\/uploads\/sites\/2\/2023\/03\/sevilla_beige_99e-74592-kn.jpg 4800w, https:\/\/citycenterone.hr\/zagreb-west\/wp-content\/uploads\/sites\/2\/2023\/03\/sevilla_beige_99e-74592-kn-300x300.jpg 300w, https:\/\/citycenterone.hr\/zagreb-west\/wp-content\/uploads\/sites\/2\/2023\/03\/sevilla_beige_99e-74592-kn-1024x1024.jpg 1024w, https:\/\/citycenterone.hr\/zagreb-west\/wp-content\/uploads\/sites\/2\/2023\/03\/sevilla_beige_99e-74592-kn-150x150.jpg 150w, https:\/\/citycenterone.hr\/zagreb-west\/wp-content\/uploads\/sites\/2\/2023\/03\/sevilla_beige_99e-74592-kn-768x768.jpg 768w, https:\/\/citycenterone.hr\/zagreb-west\/wp-content\/uploads\/sites\/2\/2023\/03\/sevilla_beige_99e-74592-kn-1536x1536.jpg 1536w, https:\/\/citycenterone.hr\/zagreb-west\/wp-content\/uploads\/sites\/2\/2023\/03\/sevilla_beige_99e-74592-kn-2048x2048.jpg 2048w, https:\/\/citycenterone.hr\/zagreb-west\/wp-content\/uploads\/sites\/2\/2023\/03\/sevilla_beige_99e-74592-kn-732x732.jpg 732w, https:\/\/citycenterone.hr\/zagreb-west\/wp-content\/uploads\/sites\/2\/2023\/03\/sevilla_beige_99e-74592-kn-412x412.jpg 412w\" sizes=\"auto, (max-width: 278px) 100vw, 278px\" \/><\/p>\n<p><img loading=\"lazy\" decoding=\"async\" class=\"alignnone wp-image-70057 \" src=\"https:\/\/citycenterone.hr\/zagreb-west\/wp-content\/uploads\/sites\/2\/2023\/03\/eevie_beige_65e-48974-kn.jpg\" alt=\"\" width=\"246\" height=\"246\" srcset=\"https:\/\/citycenterone.hr\/zagreb-west\/wp-content\/uploads\/sites\/2\/2023\/03\/eevie_beige_65e-48974-kn.jpg 4800w, https:\/\/citycenterone.hr\/zagreb-west\/wp-content\/uploads\/sites\/2\/2023\/03\/eevie_beige_65e-48974-kn-300x300.jpg 300w, https:\/\/citycenterone.hr\/zagreb-west\/wp-content\/uploads\/sites\/2\/2023\/03\/eevie_beige_65e-48974-kn-1024x1024.jpg 1024w, https:\/\/citycenterone.hr\/zagreb-west\/wp-content\/uploads\/sites\/2\/2023\/03\/eevie_beige_65e-48974-kn-150x150.jpg 150w, https:\/\/citycenterone.hr\/zagreb-west\/wp-content\/uploads\/sites\/2\/2023\/03\/eevie_beige_65e-48974-kn-768x768.jpg 768w, https:\/\/citycenterone.hr\/zagreb-west\/wp-content\/uploads\/sites\/2\/2023\/03\/eevie_beige_65e-48974-kn-1536x1536.jpg 1536w, https:\/\/citycenterone.hr\/zagreb-west\/wp-content\/uploads\/sites\/2\/2023\/03\/eevie_beige_65e-48974-kn-2048x2048.jpg 2048w, https:\/\/citycenterone.hr\/zagreb-west\/wp-content\/uploads\/sites\/2\/2023\/03\/eevie_beige_65e-48974-kn-732x732.jpg 732w, https:\/\/citycenterone.hr\/zagreb-west\/wp-content\/uploads\/sites\/2\/2023\/03\/eevie_beige_65e-48974-kn-412x412.jpg 412w\" sizes=\"auto, (max-width: 246px) 100vw, 246px\" \/> <img loading=\"lazy\" decoding=\"async\" class=\"alignnone wp-image-70059 \" src=\"https:\/\/citycenterone.hr\/zagreb-west\/wp-content\/uploads\/sites\/2\/2023\/03\/miska_pink_85e-64043-kn.jpg\" alt=\"\" width=\"251\" height=\"251\" srcset=\"https:\/\/citycenterone.hr\/zagreb-west\/wp-content\/uploads\/sites\/2\/2023\/03\/miska_pink_85e-64043-kn.jpg 4800w, https:\/\/citycenterone.hr\/zagreb-west\/wp-content\/uploads\/sites\/2\/2023\/03\/miska_pink_85e-64043-kn-300x300.jpg 300w, https:\/\/citycenterone.hr\/zagreb-west\/wp-content\/uploads\/sites\/2\/2023\/03\/miska_pink_85e-64043-kn-1024x1024.jpg 1024w, https:\/\/citycenterone.hr\/zagreb-west\/wp-content\/uploads\/sites\/2\/2023\/03\/miska_pink_85e-64043-kn-150x150.jpg 150w, https:\/\/citycenterone.hr\/zagreb-west\/wp-content\/uploads\/sites\/2\/2023\/03\/miska_pink_85e-64043-kn-768x768.jpg 768w, https:\/\/citycenterone.hr\/zagreb-west\/wp-content\/uploads\/sites\/2\/2023\/03\/miska_pink_85e-64043-kn-1536x1536.jpg 1536w, https:\/\/citycenterone.hr\/zagreb-west\/wp-content\/uploads\/sites\/2\/2023\/03\/miska_pink_85e-64043-kn-2048x2048.jpg 2048w, https:\/\/citycenterone.hr\/zagreb-west\/wp-content\/uploads\/sites\/2\/2023\/03\/miska_pink_85e-64043-kn-732x732.jpg 732w, https:\/\/citycenterone.hr\/zagreb-west\/wp-content\/uploads\/sites\/2\/2023\/03\/miska_pink_85e-64043-kn-412x412.jpg 412w\" sizes=\"auto, (max-width: 251px) 100vw, 251px\" \/> <img loading=\"lazy\" decoding=\"async\" class=\"alignnone wp-image-70061 \" src=\"https:\/\/citycenterone.hr\/zagreb-west\/wp-content\/uploads\/sites\/2\/2023\/03\/arrayan_pink_74e-55755-kn.jpg\" alt=\"\" width=\"254\" height=\"254\" srcset=\"https:\/\/citycenterone.hr\/zagreb-west\/wp-content\/uploads\/sites\/2\/2023\/03\/arrayan_pink_74e-55755-kn.jpg 4800w, https:\/\/citycenterone.hr\/zagreb-west\/wp-content\/uploads\/sites\/2\/2023\/03\/arrayan_pink_74e-55755-kn-300x300.jpg 300w, https:\/\/citycenterone.hr\/zagreb-west\/wp-content\/uploads\/sites\/2\/2023\/03\/arrayan_pink_74e-55755-kn-1024x1024.jpg 1024w, https:\/\/citycenterone.hr\/zagreb-west\/wp-content\/uploads\/sites\/2\/2023\/03\/arrayan_pink_74e-55755-kn-150x150.jpg 150w, https:\/\/citycenterone.hr\/zagreb-west\/wp-content\/uploads\/sites\/2\/2023\/03\/arrayan_pink_74e-55755-kn-768x768.jpg 768w, https:\/\/citycenterone.hr\/zagreb-west\/wp-content\/uploads\/sites\/2\/2023\/03\/arrayan_pink_74e-55755-kn-1536x1536.jpg 1536w, https:\/\/citycenterone.hr\/zagreb-west\/wp-content\/uploads\/sites\/2\/2023\/03\/arrayan_pink_74e-55755-kn-2048x2048.jpg 2048w, https:\/\/citycenterone.hr\/zagreb-west\/wp-content\/uploads\/sites\/2\/2023\/03\/arrayan_pink_74e-55755-kn-732x732.jpg 732w, https:\/\/citycenterone.hr\/zagreb-west\/wp-content\/uploads\/sites\/2\/2023\/03\/arrayan_pink_74e-55755-kn-412x412.jpg 412w\" sizes=\"auto, (max-width: 254px) 100vw, 254px\" \/><\/p>\n<p><img loading=\"lazy\" decoding=\"async\" class=\"alignnone wp-image-70064 \" src=\"https:\/\/citycenterone.hr\/zagreb-west\/wp-content\/uploads\/sites\/2\/2023\/03\/renza_beige_95e-71578-kn.jpg\" alt=\"\" width=\"233\" height=\"233\" srcset=\"https:\/\/citycenterone.hr\/zagreb-west\/wp-content\/uploads\/sites\/2\/2023\/03\/renza_beige_95e-71578-kn.jpg 4800w, https:\/\/citycenterone.hr\/zagreb-west\/wp-content\/uploads\/sites\/2\/2023\/03\/renza_beige_95e-71578-kn-300x300.jpg 300w, https:\/\/citycenterone.hr\/zagreb-west\/wp-content\/uploads\/sites\/2\/2023\/03\/renza_beige_95e-71578-kn-1024x1024.jpg 1024w, https:\/\/citycenterone.hr\/zagreb-west\/wp-content\/uploads\/sites\/2\/2023\/03\/renza_beige_95e-71578-kn-150x150.jpg 150w, https:\/\/citycenterone.hr\/zagreb-west\/wp-content\/uploads\/sites\/2\/2023\/03\/renza_beige_95e-71578-kn-768x768.jpg 768w, https:\/\/citycenterone.hr\/zagreb-west\/wp-content\/uploads\/sites\/2\/2023\/03\/renza_beige_95e-71578-kn-1536x1536.jpg 1536w, https:\/\/citycenterone.hr\/zagreb-west\/wp-content\/uploads\/sites\/2\/2023\/03\/renza_beige_95e-71578-kn-2048x2048.jpg 2048w, https:\/\/citycenterone.hr\/zagreb-west\/wp-content\/uploads\/sites\/2\/2023\/03\/renza_beige_95e-71578-kn-732x732.jpg 732w, https:\/\/citycenterone.hr\/zagreb-west\/wp-content\/uploads\/sites\/2\/2023\/03\/renza_beige_95e-71578-kn-412x412.jpg 412w\" sizes=\"auto, (max-width: 233px) 100vw, 233px\" \/> <img loading=\"lazy\" decoding=\"async\" class=\"alignnone wp-image-70066 \" src=\"https:\/\/citycenterone.hr\/zagreb-west\/wp-content\/uploads\/sites\/2\/2023\/03\/remmington_pink_89e-67057-kn.jpg\" alt=\"\" width=\"247\" height=\"247\" srcset=\"https:\/\/citycenterone.hr\/zagreb-west\/wp-content\/uploads\/sites\/2\/2023\/03\/remmington_pink_89e-67057-kn.jpg 4800w, https:\/\/citycenterone.hr\/zagreb-west\/wp-content\/uploads\/sites\/2\/2023\/03\/remmington_pink_89e-67057-kn-300x300.jpg 300w, https:\/\/citycenterone.hr\/zagreb-west\/wp-content\/uploads\/sites\/2\/2023\/03\/remmington_pink_89e-67057-kn-1024x1024.jpg 1024w, https:\/\/citycenterone.hr\/zagreb-west\/wp-content\/uploads\/sites\/2\/2023\/03\/remmington_pink_89e-67057-kn-150x150.jpg 150w, https:\/\/citycenterone.hr\/zagreb-west\/wp-content\/uploads\/sites\/2\/2023\/03\/remmington_pink_89e-67057-kn-768x768.jpg 768w, https:\/\/citycenterone.hr\/zagreb-west\/wp-content\/uploads\/sites\/2\/2023\/03\/remmington_pink_89e-67057-kn-1536x1536.jpg 1536w, https:\/\/citycenterone.hr\/zagreb-west\/wp-content\/uploads\/sites\/2\/2023\/03\/remmington_pink_89e-67057-kn-2048x2048.jpg 2048w, https:\/\/citycenterone.hr\/zagreb-west\/wp-content\/uploads\/sites\/2\/2023\/03\/remmington_pink_89e-67057-kn-732x732.jpg 732w, https:\/\/citycenterone.hr\/zagreb-west\/wp-content\/uploads\/sites\/2\/2023\/03\/remmington_pink_89e-67057-kn-412x412.jpg 412w\" sizes=\"auto, (max-width: 247px) 100vw, 247px\" \/> <img loading=\"lazy\" decoding=\"async\" class=\"alignnone wp-image-70068 \" src=\"https:\/\/citycenterone.hr\/zagreb-west\/wp-content\/uploads\/sites\/2\/2023\/03\/iconistep_pink_90e-67811-kn.jpg\" alt=\"\" width=\"239\" height=\"239\" srcset=\"https:\/\/citycenterone.hr\/zagreb-west\/wp-content\/uploads\/sites\/2\/2023\/03\/iconistep_pink_90e-67811-kn.jpg 4800w, https:\/\/citycenterone.hr\/zagreb-west\/wp-content\/uploads\/sites\/2\/2023\/03\/iconistep_pink_90e-67811-kn-300x300.jpg 300w, https:\/\/citycenterone.hr\/zagreb-west\/wp-content\/uploads\/sites\/2\/2023\/03\/iconistep_pink_90e-67811-kn-1024x1024.jpg 1024w, https:\/\/citycenterone.hr\/zagreb-west\/wp-content\/uploads\/sites\/2\/2023\/03\/iconistep_pink_90e-67811-kn-150x150.jpg 150w, https:\/\/citycenterone.hr\/zagreb-west\/wp-content\/uploads\/sites\/2\/2023\/03\/iconistep_pink_90e-67811-kn-768x768.jpg 768w, https:\/\/citycenterone.hr\/zagreb-west\/wp-content\/uploads\/sites\/2\/2023\/03\/iconistep_pink_90e-67811-kn-1536x1536.jpg 1536w, https:\/\/citycenterone.hr\/zagreb-west\/wp-content\/uploads\/sites\/2\/2023\/03\/iconistep_pink_90e-67811-kn-2048x2048.jpg 2048w, https:\/\/citycenterone.hr\/zagreb-west\/wp-content\/uploads\/sites\/2\/2023\/03\/iconistep_pink_90e-67811-kn-732x732.jpg 732w, https:\/\/citycenterone.hr\/zagreb-west\/wp-content\/uploads\/sites\/2\/2023\/03\/iconistep_pink_90e-67811-kn-412x412.jpg 412w\" sizes=\"auto, (max-width: 239px) 100vw, 239px\" \/><\/p>\n<p><strong>VE\u010cERNJE KOMBINACIJE<\/strong><\/p>\n<p><img loading=\"lazy\" decoding=\"async\" class=\"wp-image-70071  alignleft\" src=\"https:\/\/citycenterone.hr\/zagreb-west\/wp-content\/uploads\/sites\/2\/2023\/03\/ss23_preq1_ghillieparty_w_elektra_rosegoldiridescent_1617.jpg\" alt=\"\" width=\"372\" height=\"558\" srcset=\"https:\/\/citycenterone.hr\/zagreb-west\/wp-content\/uploads\/sites\/2\/2023\/03\/ss23_preq1_ghillieparty_w_elektra_rosegoldiridescent_1617.jpg 1311w, https:\/\/citycenterone.hr\/zagreb-west\/wp-content\/uploads\/sites\/2\/2023\/03\/ss23_preq1_ghillieparty_w_elektra_rosegoldiridescent_1617-683x1024.jpg 683w, https:\/\/citycenterone.hr\/zagreb-west\/wp-content\/uploads\/sites\/2\/2023\/03\/ss23_preq1_ghillieparty_w_elektra_rosegoldiridescent_1617-768x1152.jpg 768w, https:\/\/citycenterone.hr\/zagreb-west\/wp-content\/uploads\/sites\/2\/2023\/03\/ss23_preq1_ghillieparty_w_elektra_rosegoldiridescent_1617-1024x1536.jpg 1024w\" sizes=\"auto, (max-width: 372px) 100vw, 372px\" \/> <img loading=\"lazy\" decoding=\"async\" class=\"alignright wp-image-70073 \" src=\"https:\/\/citycenterone.hr\/zagreb-west\/wp-content\/uploads\/sites\/2\/2023\/03\/ss23_q1_finerthings_w_laleh_hbblush_hb_amabella_blushfloral_4379.jpg\" alt=\"\" width=\"441\" height=\"551\" srcset=\"https:\/\/citycenterone.hr\/zagreb-west\/wp-content\/uploads\/sites\/2\/2023\/03\/ss23_q1_finerthings_w_laleh_hbblush_hb_amabella_blushfloral_4379.jpg 1311w, https:\/\/citycenterone.hr\/zagreb-west\/wp-content\/uploads\/sites\/2\/2023\/03\/ss23_q1_finerthings_w_laleh_hbblush_hb_amabella_blushfloral_4379-819x1024.jpg 819w, https:\/\/citycenterone.hr\/zagreb-west\/wp-content\/uploads\/sites\/2\/2023\/03\/ss23_q1_finerthings_w_laleh_hbblush_hb_amabella_blushfloral_4379-768x960.jpg 768w, https:\/\/citycenterone.hr\/zagreb-west\/wp-content\/uploads\/sites\/2\/2023\/03\/ss23_q1_finerthings_w_laleh_hbblush_hb_amabella_blushfloral_4379-1229x1536.jpg 1229w\" sizes=\"auto, (max-width: 441px) 100vw, 441px\" \/><\/p>\n<p>&nbsp;<\/p>\n<p>&nbsp;<\/p>\n<p>&nbsp;<\/p>\n<p>&nbsp;<\/p>\n<p>&nbsp;<\/p>\n<p>&nbsp;<\/p>\n<p>&nbsp;<\/p>\n<p>&nbsp;<\/p>\n<p>&nbsp;<\/p>\n<p>&nbsp;<\/p>\n<p>&nbsp;<\/p>\n<p>&nbsp;<\/p>\n<p>&nbsp;<\/p>\n<p>Otvorene sandale s visokom petom jedan su od omiljenih trendova za izlaske \u010dim ve\u010deri postanu malo toplije. Ovakav tip cipele izdu\u017eit \u0107e va\u0161u figuru pa \u0107e se super uklopiti na midi ili mini haljinu u svim bojama. Male torbice su jedan od favorita za ve\u010dernja dru\u017eenja jer su dovoljno efektne i atraktivne. Aldo u svojoj kolekciji isti\u010de nje\u017ene be\u017e tonove i toplije nijanse sme\u0111e, kao \u0161to su konjak i karamela. Salonke u ovim nijansama su jedan od it komada koji morate imati u svom ormaru jer ih mo\u017eete nositi u svim prilikama \u2013 od vjen\u010danja, romanti\u010dnih ve\u010dera, izlazaka pa sve do poslovnih sastanaka.<\/p>\n<p><img loading=\"lazy\" decoding=\"async\" class=\"alignnone wp-image-70077 \" src=\"https:\/\/citycenterone.hr\/zagreb-west\/wp-content\/uploads\/sites\/2\/2023\/03\/stessy2.0_beige_99e-74592-kn.jpg\" alt=\"\" width=\"338\" height=\"338\" srcset=\"https:\/\/citycenterone.hr\/zagreb-west\/wp-content\/uploads\/sites\/2\/2023\/03\/stessy2.0_beige_99e-74592-kn.jpg 4800w, https:\/\/citycenterone.hr\/zagreb-west\/wp-content\/uploads\/sites\/2\/2023\/03\/stessy2.0_beige_99e-74592-kn-300x300.jpg 300w, https:\/\/citycenterone.hr\/zagreb-west\/wp-content\/uploads\/sites\/2\/2023\/03\/stessy2.0_beige_99e-74592-kn-1024x1024.jpg 1024w, https:\/\/citycenterone.hr\/zagreb-west\/wp-content\/uploads\/sites\/2\/2023\/03\/stessy2.0_beige_99e-74592-kn-150x150.jpg 150w, https:\/\/citycenterone.hr\/zagreb-west\/wp-content\/uploads\/sites\/2\/2023\/03\/stessy2.0_beige_99e-74592-kn-768x768.jpg 768w, https:\/\/citycenterone.hr\/zagreb-west\/wp-content\/uploads\/sites\/2\/2023\/03\/stessy2.0_beige_99e-74592-kn-1536x1536.jpg 1536w, https:\/\/citycenterone.hr\/zagreb-west\/wp-content\/uploads\/sites\/2\/2023\/03\/stessy2.0_beige_99e-74592-kn-2048x2048.jpg 2048w, https:\/\/citycenterone.hr\/zagreb-west\/wp-content\/uploads\/sites\/2\/2023\/03\/stessy2.0_beige_99e-74592-kn-732x732.jpg 732w, https:\/\/citycenterone.hr\/zagreb-west\/wp-content\/uploads\/sites\/2\/2023\/03\/stessy2.0_beige_99e-74592-kn-412x412.jpg 412w\" sizes=\"auto, (max-width: 338px) 100vw, 338px\" \/> <img loading=\"lazy\" decoding=\"async\" class=\"alignnone wp-image-70079 \" src=\"https:\/\/citycenterone.hr\/zagreb-west\/wp-content\/uploads\/sites\/2\/2023\/03\/zoi_beige_78e-58769-kn.jpg\" alt=\"\" width=\"333\" height=\"333\" srcset=\"https:\/\/citycenterone.hr\/zagreb-west\/wp-content\/uploads\/sites\/2\/2023\/03\/zoi_beige_78e-58769-kn.jpg 4800w, https:\/\/citycenterone.hr\/zagreb-west\/wp-content\/uploads\/sites\/2\/2023\/03\/zoi_beige_78e-58769-kn-300x300.jpg 300w, https:\/\/citycenterone.hr\/zagreb-west\/wp-content\/uploads\/sites\/2\/2023\/03\/zoi_beige_78e-58769-kn-1024x1024.jpg 1024w, https:\/\/citycenterone.hr\/zagreb-west\/wp-content\/uploads\/sites\/2\/2023\/03\/zoi_beige_78e-58769-kn-150x150.jpg 150w, https:\/\/citycenterone.hr\/zagreb-west\/wp-content\/uploads\/sites\/2\/2023\/03\/zoi_beige_78e-58769-kn-768x768.jpg 768w, https:\/\/citycenterone.hr\/zagreb-west\/wp-content\/uploads\/sites\/2\/2023\/03\/zoi_beige_78e-58769-kn-1536x1536.jpg 1536w, https:\/\/citycenterone.hr\/zagreb-west\/wp-content\/uploads\/sites\/2\/2023\/03\/zoi_beige_78e-58769-kn-2048x2048.jpg 2048w, https:\/\/citycenterone.hr\/zagreb-west\/wp-content\/uploads\/sites\/2\/2023\/03\/zoi_beige_78e-58769-kn-732x732.jpg 732w, https:\/\/citycenterone.hr\/zagreb-west\/wp-content\/uploads\/sites\/2\/2023\/03\/zoi_beige_78e-58769-kn-412x412.jpg 412w\" sizes=\"auto, (max-width: 333px) 100vw, 333px\" \/><\/p>\n<p><img loading=\"lazy\" decoding=\"async\" class=\"alignnone wp-image-70081 \" src=\"https:\/\/citycenterone.hr\/zagreb-west\/wp-content\/uploads\/sites\/2\/2023\/03\/tintin_beige_105e-79112-kn.jpg\" alt=\"\" width=\"367\" height=\"367\" srcset=\"https:\/\/citycenterone.hr\/zagreb-west\/wp-content\/uploads\/sites\/2\/2023\/03\/tintin_beige_105e-79112-kn.jpg 4800w, https:\/\/citycenterone.hr\/zagreb-west\/wp-content\/uploads\/sites\/2\/2023\/03\/tintin_beige_105e-79112-kn-300x300.jpg 300w, https:\/\/citycenterone.hr\/zagreb-west\/wp-content\/uploads\/sites\/2\/2023\/03\/tintin_beige_105e-79112-kn-1024x1024.jpg 1024w, https:\/\/citycenterone.hr\/zagreb-west\/wp-content\/uploads\/sites\/2\/2023\/03\/tintin_beige_105e-79112-kn-150x150.jpg 150w, https:\/\/citycenterone.hr\/zagreb-west\/wp-content\/uploads\/sites\/2\/2023\/03\/tintin_beige_105e-79112-kn-768x768.jpg 768w, https:\/\/citycenterone.hr\/zagreb-west\/wp-content\/uploads\/sites\/2\/2023\/03\/tintin_beige_105e-79112-kn-1536x1536.jpg 1536w, https:\/\/citycenterone.hr\/zagreb-west\/wp-content\/uploads\/sites\/2\/2023\/03\/tintin_beige_105e-79112-kn-2048x2048.jpg 2048w, https:\/\/citycenterone.hr\/zagreb-west\/wp-content\/uploads\/sites\/2\/2023\/03\/tintin_beige_105e-79112-kn-732x732.jpg 732w, https:\/\/citycenterone.hr\/zagreb-west\/wp-content\/uploads\/sites\/2\/2023\/03\/tintin_beige_105e-79112-kn-412x412.jpg 412w\" sizes=\"auto, (max-width: 367px) 100vw, 367px\" \/> <img loading=\"lazy\" decoding=\"async\" class=\"alignnone wp-image-70083 \" src=\"https:\/\/citycenterone.hr\/zagreb-west\/wp-content\/uploads\/sites\/2\/2023\/03\/amabella_pink_92e-69317-kn.jpg\" alt=\"\" width=\"360\" height=\"360\" srcset=\"https:\/\/citycenterone.hr\/zagreb-west\/wp-content\/uploads\/sites\/2\/2023\/03\/amabella_pink_92e-69317-kn.jpg 4800w, https:\/\/citycenterone.hr\/zagreb-west\/wp-content\/uploads\/sites\/2\/2023\/03\/amabella_pink_92e-69317-kn-300x300.jpg 300w, https:\/\/citycenterone.hr\/zagreb-west\/wp-content\/uploads\/sites\/2\/2023\/03\/amabella_pink_92e-69317-kn-1024x1024.jpg 1024w, https:\/\/citycenterone.hr\/zagreb-west\/wp-content\/uploads\/sites\/2\/2023\/03\/amabella_pink_92e-69317-kn-150x150.jpg 150w, https:\/\/citycenterone.hr\/zagreb-west\/wp-content\/uploads\/sites\/2\/2023\/03\/amabella_pink_92e-69317-kn-768x768.jpg 768w, https:\/\/citycenterone.hr\/zagreb-west\/wp-content\/uploads\/sites\/2\/2023\/03\/amabella_pink_92e-69317-kn-1536x1536.jpg 1536w, https:\/\/citycenterone.hr\/zagreb-west\/wp-content\/uploads\/sites\/2\/2023\/03\/amabella_pink_92e-69317-kn-2048x2048.jpg 2048w, https:\/\/citycenterone.hr\/zagreb-west\/wp-content\/uploads\/sites\/2\/2023\/03\/amabella_pink_92e-69317-kn-732x732.jpg 732w, https:\/\/citycenterone.hr\/zagreb-west\/wp-content\/uploads\/sites\/2\/2023\/03\/amabella_pink_92e-69317-kn-412x412.jpg 412w\" sizes=\"auto, (max-width: 360px) 100vw, 360px\" \/><\/p>\n<p>&nbsp;<\/p>\n","protected":false},"excerpt":{"rendered":"<p>Neka vam ovog prolje\u0107a modna inspiracija budu minimalizam i neutralne boje. <\/p>\n","protected":false},"author":29,"featured_media":70030,"comment_status":"closed","ping_status":"open","sticky":false,"template":"","format":"standard","meta":{"_acf_changed":false,"footnotes":""},"categories":[10],"tags":[],"class_list":["post-70027","post","type-post","status-publish","format-standard","has-post-thumbnail","hentry","category-arhiva"],"acf":[],"yoast_head":"<!-- This site is optimized with the Yoast SEO plugin v27.4 - https:\/\/yoast.com\/product\/yoast-seo-wordpress\/ -->\n<title>OVOG PROLJE\u0106A NOSE SE MODNI DODACI U NEUTRALNIM BOJAMA - Zagreb West<\/title>\n<meta name=\"robots\" content=\"index, follow, max-snippet:-1, max-image-preview:large, max-video-preview:-1\" \/>\n<link rel=\"canonical\" href=\"https:\/\/citycenterone.hr\/zagreb-west\/arhiva\/ovog-proljeca-nose-se-modni-dodaci-u-neutralnim-bojama\/\" \/>\n<meta property=\"og:locale\" content=\"hr_HR\" \/>\n<meta property=\"og:type\" content=\"article\" \/>\n<meta property=\"og:title\" content=\"OVOG PROLJE\u0106A NOSE SE MODNI DODACI U NEUTRALNIM BOJAMA - Zagreb West\" \/>\n<meta property=\"og:description\" content=\"Neka vam ovog prolje\u0107a modna inspiracija budu minimalizam i neutralne boje.\" \/>\n<meta property=\"og:url\" content=\"https:\/\/citycenterone.hr\/zagreb-west\/arhiva\/ovog-proljeca-nose-se-modni-dodaci-u-neutralnim-bojama\/\" \/>\n<meta property=\"og:site_name\" content=\"Zagreb West\" \/>\n<meta property=\"article:published_time\" content=\"2023-03-29T11:49:03+00:00\" \/>\n<meta property=\"article:modified_time\" content=\"2023-05-03T07:12:27+00:00\" \/>\n<meta property=\"og:image\" content=\"https:\/\/citycenterone.hr\/zagreb-west\/wp-content\/uploads\/sites\/2\/2023\/03\/Naslovna-fotografija-1.jpg\" \/>\n\t<meta property=\"og:image:width\" content=\"1200\" \/>\n\t<meta property=\"og:image:height\" content=\"700\" \/>\n\t<meta property=\"og:image:type\" content=\"image\/jpeg\" \/>\n<meta name=\"author\" content=\"vzeger\" \/>\n<meta name=\"twitter:card\" content=\"summary_large_image\" \/>\n<meta name=\"twitter:label1\" content=\"Written by\" \/>\n\t<meta name=\"twitter:data1\" content=\"vzeger\" \/>\n\t<meta name=\"twitter:label2\" content=\"Est. reading time\" \/>\n\t<meta name=\"twitter:data2\" content=\"6 minutes\" \/>\n<script type=\"application\/ld+json\" class=\"yoast-schema-graph\">{\"@context\":\"https:\\\/\\\/schema.org\",\"@graph\":[{\"@type\":\"Article\",\"@id\":\"https:\\\/\\\/citycenterone.hr\\\/zagreb-west\\\/arhiva\\\/ovog-proljeca-nose-se-modni-dodaci-u-neutralnim-bojama\\\/#article\",\"isPartOf\":{\"@id\":\"https:\\\/\\\/citycenterone.hr\\\/zagreb-west\\\/arhiva\\\/ovog-proljeca-nose-se-modni-dodaci-u-neutralnim-bojama\\\/\"},\"author\":{\"name\":\"vzeger\",\"@id\":\"https:\\\/\\\/citycenterone.hr\\\/zagreb-west\\\/#\\\/schema\\\/person\\\/c4eafe63018f2e2d8c3e6a04a6deeae5\"},\"headline\":\"OVOG PROLJE\u0106A NOSE SE MODNI DODACI U NEUTRALNIM BOJAMA\",\"datePublished\":\"2023-03-29T11:49:03+00:00\",\"dateModified\":\"2023-05-03T07:12:27+00:00\",\"mainEntityOfPage\":{\"@id\":\"https:\\\/\\\/citycenterone.hr\\\/zagreb-west\\\/arhiva\\\/ovog-proljeca-nose-se-modni-dodaci-u-neutralnim-bojama\\\/\"},\"wordCount\":476,\"image\":{\"@id\":\"https:\\\/\\\/citycenterone.hr\\\/zagreb-west\\\/arhiva\\\/ovog-proljeca-nose-se-modni-dodaci-u-neutralnim-bojama\\\/#primaryimage\"},\"thumbnailUrl\":\"https:\\\/\\\/citycenterone.hr\\\/zagreb-west\\\/wp-content\\\/uploads\\\/sites\\\/2\\\/2023\\\/03\\\/Naslovna-fotografija-1.jpg\",\"articleSection\":[\"Arhiva\"],\"inLanguage\":\"hr-HR\"},{\"@type\":\"WebPage\",\"@id\":\"https:\\\/\\\/citycenterone.hr\\\/zagreb-west\\\/arhiva\\\/ovog-proljeca-nose-se-modni-dodaci-u-neutralnim-bojama\\\/\",\"url\":\"https:\\\/\\\/citycenterone.hr\\\/zagreb-west\\\/arhiva\\\/ovog-proljeca-nose-se-modni-dodaci-u-neutralnim-bojama\\\/\",\"name\":\"OVOG PROLJE\u0106A NOSE SE MODNI DODACI U NEUTRALNIM BOJAMA - Zagreb West\",\"isPartOf\":{\"@id\":\"https:\\\/\\\/citycenterone.hr\\\/zagreb-west\\\/#website\"},\"primaryImageOfPage\":{\"@id\":\"https:\\\/\\\/citycenterone.hr\\\/zagreb-west\\\/arhiva\\\/ovog-proljeca-nose-se-modni-dodaci-u-neutralnim-bojama\\\/#primaryimage\"},\"image\":{\"@id\":\"https:\\\/\\\/citycenterone.hr\\\/zagreb-west\\\/arhiva\\\/ovog-proljeca-nose-se-modni-dodaci-u-neutralnim-bojama\\\/#primaryimage\"},\"thumbnailUrl\":\"https:\\\/\\\/citycenterone.hr\\\/zagreb-west\\\/wp-content\\\/uploads\\\/sites\\\/2\\\/2023\\\/03\\\/Naslovna-fotografija-1.jpg\",\"datePublished\":\"2023-03-29T11:49:03+00:00\",\"dateModified\":\"2023-05-03T07:12:27+00:00\",\"author\":{\"@id\":\"https:\\\/\\\/citycenterone.hr\\\/zagreb-west\\\/#\\\/schema\\\/person\\\/c4eafe63018f2e2d8c3e6a04a6deeae5\"},\"breadcrumb\":{\"@id\":\"https:\\\/\\\/citycenterone.hr\\\/zagreb-west\\\/arhiva\\\/ovog-proljeca-nose-se-modni-dodaci-u-neutralnim-bojama\\\/#breadcrumb\"},\"inLanguage\":\"hr-HR\",\"potentialAction\":[{\"@type\":\"ReadAction\",\"target\":[\"https:\\\/\\\/citycenterone.hr\\\/zagreb-west\\\/arhiva\\\/ovog-proljeca-nose-se-modni-dodaci-u-neutralnim-bojama\\\/\"]}]},{\"@type\":\"ImageObject\",\"inLanguage\":\"hr-HR\",\"@id\":\"https:\\\/\\\/citycenterone.hr\\\/zagreb-west\\\/arhiva\\\/ovog-proljeca-nose-se-modni-dodaci-u-neutralnim-bojama\\\/#primaryimage\",\"url\":\"https:\\\/\\\/citycenterone.hr\\\/zagreb-west\\\/wp-content\\\/uploads\\\/sites\\\/2\\\/2023\\\/03\\\/Naslovna-fotografija-1.jpg\",\"contentUrl\":\"https:\\\/\\\/citycenterone.hr\\\/zagreb-west\\\/wp-content\\\/uploads\\\/sites\\\/2\\\/2023\\\/03\\\/Naslovna-fotografija-1.jpg\",\"width\":1200,\"height\":700},{\"@type\":\"BreadcrumbList\",\"@id\":\"https:\\\/\\\/citycenterone.hr\\\/zagreb-west\\\/arhiva\\\/ovog-proljeca-nose-se-modni-dodaci-u-neutralnim-bojama\\\/#breadcrumb\",\"itemListElement\":[{\"@type\":\"ListItem\",\"position\":1,\"name\":\"Home\",\"item\":\"https:\\\/\\\/citycenterone.hr\\\/zagreb-west\\\/\"},{\"@type\":\"ListItem\",\"position\":2,\"name\":\"OVOG PROLJE\u0106A NOSE SE MODNI DODACI U NEUTRALNIM BOJAMA\"}]},{\"@type\":\"WebSite\",\"@id\":\"https:\\\/\\\/citycenterone.hr\\\/zagreb-west\\\/#website\",\"url\":\"https:\\\/\\\/citycenterone.hr\\\/zagreb-west\\\/\",\"name\":\"Zagreb West\",\"description\":\"Just another City Centar One site\",\"potentialAction\":[{\"@type\":\"SearchAction\",\"target\":{\"@type\":\"EntryPoint\",\"urlTemplate\":\"https:\\\/\\\/citycenterone.hr\\\/zagreb-west\\\/?s={search_term_string}\"},\"query-input\":{\"@type\":\"PropertyValueSpecification\",\"valueRequired\":true,\"valueName\":\"search_term_string\"}}],\"inLanguage\":\"hr-HR\"},{\"@type\":\"Person\",\"@id\":\"https:\\\/\\\/citycenterone.hr\\\/zagreb-west\\\/#\\\/schema\\\/person\\\/c4eafe63018f2e2d8c3e6a04a6deeae5\",\"name\":\"vzeger\",\"image\":{\"@type\":\"ImageObject\",\"inLanguage\":\"hr-HR\",\"@id\":\"https:\\\/\\\/secure.gravatar.com\\\/avatar\\\/0093c9155a70e3168c9a98e3160c6ad51c60e0c28ef4fb1fb4f6d57d81565bbf?s=96&d=mm&r=g\",\"url\":\"https:\\\/\\\/secure.gravatar.com\\\/avatar\\\/0093c9155a70e3168c9a98e3160c6ad51c60e0c28ef4fb1fb4f6d57d81565bbf?s=96&d=mm&r=g\",\"contentUrl\":\"https:\\\/\\\/secure.gravatar.com\\\/avatar\\\/0093c9155a70e3168c9a98e3160c6ad51c60e0c28ef4fb1fb4f6d57d81565bbf?s=96&d=mm&r=g\",\"caption\":\"vzeger\"},\"sameAs\":[\"myzone\"],\"url\":\"https:\\\/\\\/citycenterone.hr\\\/zagreb-west\\\/author\\\/vzeger\\\/\"}]}<\/script>\n<!-- \/ Yoast SEO plugin. -->","yoast_head_json":{"title":"OVOG PROLJE\u0106A NOSE SE MODNI DODACI U NEUTRALNIM BOJAMA - Zagreb West","robots":{"index":"index","follow":"follow","max-snippet":"max-snippet:-1","max-image-preview":"max-image-preview:large","max-video-preview":"max-video-preview:-1"},"canonical":"https:\/\/citycenterone.hr\/zagreb-west\/arhiva\/ovog-proljeca-nose-se-modni-dodaci-u-neutralnim-bojama\/","og_locale":"hr_HR","og_type":"article","og_title":"OVOG PROLJE\u0106A NOSE SE MODNI DODACI U NEUTRALNIM BOJAMA - Zagreb West","og_description":"Neka vam ovog prolje\u0107a modna inspiracija budu minimalizam i neutralne boje.","og_url":"https:\/\/citycenterone.hr\/zagreb-west\/arhiva\/ovog-proljeca-nose-se-modni-dodaci-u-neutralnim-bojama\/","og_site_name":"Zagreb West","article_published_time":"2023-03-29T11:49:03+00:00","article_modified_time":"2023-05-03T07:12:27+00:00","og_image":[{"width":1200,"height":700,"url":"https:\/\/citycenterone.hr\/zagreb-west\/wp-content\/uploads\/sites\/2\/2023\/03\/Naslovna-fotografija-1.jpg","type":"image\/jpeg"}],"author":"vzeger","twitter_card":"summary_large_image","twitter_misc":{"Written by":"vzeger","Est. reading time":"6 minutes"},"schema":{"@context":"https:\/\/schema.org","@graph":[{"@type":"Article","@id":"https:\/\/citycenterone.hr\/zagreb-west\/arhiva\/ovog-proljeca-nose-se-modni-dodaci-u-neutralnim-bojama\/#article","isPartOf":{"@id":"https:\/\/citycenterone.hr\/zagreb-west\/arhiva\/ovog-proljeca-nose-se-modni-dodaci-u-neutralnim-bojama\/"},"author":{"name":"vzeger","@id":"https:\/\/citycenterone.hr\/zagreb-west\/#\/schema\/person\/c4eafe63018f2e2d8c3e6a04a6deeae5"},"headline":"OVOG PROLJE\u0106A NOSE SE MODNI DODACI U NEUTRALNIM BOJAMA","datePublished":"2023-03-29T11:49:03+00:00","dateModified":"2023-05-03T07:12:27+00:00","mainEntityOfPage":{"@id":"https:\/\/citycenterone.hr\/zagreb-west\/arhiva\/ovog-proljeca-nose-se-modni-dodaci-u-neutralnim-bojama\/"},"wordCount":476,"image":{"@id":"https:\/\/citycenterone.hr\/zagreb-west\/arhiva\/ovog-proljeca-nose-se-modni-dodaci-u-neutralnim-bojama\/#primaryimage"},"thumbnailUrl":"https:\/\/citycenterone.hr\/zagreb-west\/wp-content\/uploads\/sites\/2\/2023\/03\/Naslovna-fotografija-1.jpg","articleSection":["Arhiva"],"inLanguage":"hr-HR"},{"@type":"WebPage","@id":"https:\/\/citycenterone.hr\/zagreb-west\/arhiva\/ovog-proljeca-nose-se-modni-dodaci-u-neutralnim-bojama\/","url":"https:\/\/citycenterone.hr\/zagreb-west\/arhiva\/ovog-proljeca-nose-se-modni-dodaci-u-neutralnim-bojama\/","name":"OVOG PROLJE\u0106A NOSE SE MODNI DODACI U NEUTRALNIM BOJAMA - Zagreb West","isPartOf":{"@id":"https:\/\/citycenterone.hr\/zagreb-west\/#website"},"primaryImageOfPage":{"@id":"https:\/\/citycenterone.hr\/zagreb-west\/arhiva\/ovog-proljeca-nose-se-modni-dodaci-u-neutralnim-bojama\/#primaryimage"},"image":{"@id":"https:\/\/citycenterone.hr\/zagreb-west\/arhiva\/ovog-proljeca-nose-se-modni-dodaci-u-neutralnim-bojama\/#primaryimage"},"thumbnailUrl":"https:\/\/citycenterone.hr\/zagreb-west\/wp-content\/uploads\/sites\/2\/2023\/03\/Naslovna-fotografija-1.jpg","datePublished":"2023-03-29T11:49:03+00:00","dateModified":"2023-05-03T07:12:27+00:00","author":{"@id":"https:\/\/citycenterone.hr\/zagreb-west\/#\/schema\/person\/c4eafe63018f2e2d8c3e6a04a6deeae5"},"breadcrumb":{"@id":"https:\/\/citycenterone.hr\/zagreb-west\/arhiva\/ovog-proljeca-nose-se-modni-dodaci-u-neutralnim-bojama\/#breadcrumb"},"inLanguage":"hr-HR","potentialAction":[{"@type":"ReadAction","target":["https:\/\/citycenterone.hr\/zagreb-west\/arhiva\/ovog-proljeca-nose-se-modni-dodaci-u-neutralnim-bojama\/"]}]},{"@type":"ImageObject","inLanguage":"hr-HR","@id":"https:\/\/citycenterone.hr\/zagreb-west\/arhiva\/ovog-proljeca-nose-se-modni-dodaci-u-neutralnim-bojama\/#primaryimage","url":"https:\/\/citycenterone.hr\/zagreb-west\/wp-content\/uploads\/sites\/2\/2023\/03\/Naslovna-fotografija-1.jpg","contentUrl":"https:\/\/citycenterone.hr\/zagreb-west\/wp-content\/uploads\/sites\/2\/2023\/03\/Naslovna-fotografija-1.jpg","width":1200,"height":700},{"@type":"BreadcrumbList","@id":"https:\/\/citycenterone.hr\/zagreb-west\/arhiva\/ovog-proljeca-nose-se-modni-dodaci-u-neutralnim-bojama\/#breadcrumb","itemListElement":[{"@type":"ListItem","position":1,"name":"Home","item":"https:\/\/citycenterone.hr\/zagreb-west\/"},{"@type":"ListItem","position":2,"name":"OVOG PROLJE\u0106A NOSE SE MODNI DODACI U NEUTRALNIM BOJAMA"}]},{"@type":"WebSite","@id":"https:\/\/citycenterone.hr\/zagreb-west\/#website","url":"https:\/\/citycenterone.hr\/zagreb-west\/","name":"Zagreb West","description":"Just another City Centar One site","potentialAction":[{"@type":"SearchAction","target":{"@type":"EntryPoint","urlTemplate":"https:\/\/citycenterone.hr\/zagreb-west\/?s={search_term_string}"},"query-input":{"@type":"PropertyValueSpecification","valueRequired":true,"valueName":"search_term_string"}}],"inLanguage":"hr-HR"},{"@type":"Person","@id":"https:\/\/citycenterone.hr\/zagreb-west\/#\/schema\/person\/c4eafe63018f2e2d8c3e6a04a6deeae5","name":"vzeger","image":{"@type":"ImageObject","inLanguage":"hr-HR","@id":"https:\/\/secure.gravatar.com\/avatar\/0093c9155a70e3168c9a98e3160c6ad51c60e0c28ef4fb1fb4f6d57d81565bbf?s=96&d=mm&r=g","url":"https:\/\/secure.gravatar.com\/avatar\/0093c9155a70e3168c9a98e3160c6ad51c60e0c28ef4fb1fb4f6d57d81565bbf?s=96&d=mm&r=g","contentUrl":"https:\/\/secure.gravatar.com\/avatar\/0093c9155a70e3168c9a98e3160c6ad51c60e0c28ef4fb1fb4f6d57d81565bbf?s=96&d=mm&r=g","caption":"vzeger"},"sameAs":["myzone"],"url":"https:\/\/citycenterone.hr\/zagreb-west\/author\/vzeger\/"}]}},"_links":{"self":[{"href":"https:\/\/citycenterone.hr\/zagreb-west\/wp-json\/wp\/v2\/posts\/70027","targetHints":{"allow":["GET"]}}],"collection":[{"href":"https:\/\/citycenterone.hr\/zagreb-west\/wp-json\/wp\/v2\/posts"}],"about":[{"href":"https:\/\/citycenterone.hr\/zagreb-west\/wp-json\/wp\/v2\/types\/post"}],"author":[{"embeddable":true,"href":"https:\/\/citycenterone.hr\/zagreb-west\/wp-json\/wp\/v2\/users\/29"}],"replies":[{"embeddable":true,"href":"https:\/\/citycenterone.hr\/zagreb-west\/wp-json\/wp\/v2\/comments?post=70027"}],"version-history":[{"count":3,"href":"https:\/\/citycenterone.hr\/zagreb-west\/wp-json\/wp\/v2\/posts\/70027\/revisions"}],"predecessor-version":[{"id":70086,"href":"https:\/\/citycenterone.hr\/zagreb-west\/wp-json\/wp\/v2\/posts\/70027\/revisions\/70086"}],"wp:featuredmedia":[{"embeddable":true,"href":"https:\/\/citycenterone.hr\/zagreb-west\/wp-json\/wp\/v2\/media\/70030"}],"wp:attachment":[{"href":"https:\/\/citycenterone.hr\/zagreb-west\/wp-json\/wp\/v2\/media?parent=70027"}],"wp:term":[{"taxonomy":"category","embeddable":true,"href":"https:\/\/citycenterone.hr\/zagreb-west\/wp-json\/wp\/v2\/categories?post=70027"},{"taxonomy":"post_tag","embeddable":true,"href":"https:\/\/citycenterone.hr\/zagreb-west\/wp-json\/wp\/v2\/tags?post=70027"}],"curies":[{"name":"wp","href":"https:\/\/api.w.org\/{rel}","templated":true}]}}