{"id":81719,"date":"2025-04-23T08:53:24","date_gmt":"2025-04-23T08:53:24","guid":{"rendered":"https:\/\/citycenterone.hr\/zagreb-west\/?p=81719"},"modified":"2025-06-30T08:35:04","modified_gmt":"2025-06-30T08:35:04","slug":"aldo-svecana-kolekcija","status":"publish","type":"post","link":"https:\/\/citycenterone.hr\/zagreb-west\/arhiva\/aldo-svecana-kolekcija\/","title":{"rendered":"ALDO SVE\u010cANA KOLEKCIJA"},"content":{"rendered":"<p>Proljetno razdoblje pra\u0107eno ljep\u0161im vremenom i ne\u0161to vi\u0161im temperaturama otvara vrata raznim prigodama koje se idili\u010dno uklapaju u period aktivnosti na otvorenom, zabava, sve\u010danih prigoda, maturalnih ve\u010deri i raznih evenata. Kako biste zablistali na nadolaze\u0107im posebnim doga\u0111ajima za vas smo prona\u0161li nekoliko atraktivnih modela cipela i torbi koji se skladno isprepli\u0107u sa sve\u010danom garderobom koju krase \u017eenstvene slip haljine, voluminozni lepr\u0161avi krojevi i fluidne teksture koje naj\u010de\u0161\u0107e vi\u0111amo na trendy oversized modelima odijela. Kako bismo vam olak\u0161ali potragu, zavirili smo u ponudu brenda ALDO koji na na\u0161em tr\u017ei\u0161tu nudi najbogatiji i najatraktivniji izbor obu\u0107e i modnih dodataka koji vri\u0161te: \u201cVrijeme je za party!\u201c U Aldo asortimanu na jednom mjestu prona\u0107i \u0107ete sve dodatke koji su vam potrebni za sve\u010dane kombinacije \u2013 \u017eenske i mu\u0161ke modele koji su elegantni, atraktivnog dizajna i maksimalno udobni.<\/p>\n<p><img loading=\"lazy\" decoding=\"async\" class=\"aligncenter wp-image-63952 size-full\" src=\"https:\/\/citycenterone.hr\/zagreb-east\/wp-content\/uploads\/sites\/3\/2025\/04\/Picture2.jpg\" alt=\"\" width=\"367\" height=\"458\" data-cmp-info=\"10\" \/><\/p>\n<p><img loading=\"lazy\" decoding=\"async\" class=\"aligncenter wp-image-63954 size-full\" src=\"https:\/\/citycenterone.hr\/zagreb-east\/wp-content\/uploads\/sites\/3\/2025\/04\/Picture3.jpg\" alt=\"\" width=\"370\" height=\"462\" data-cmp-info=\"10\" \/><\/p>\n<p>\u017denski dio sve\u010danog asortimana naglasak stavlja na zlatne i srebrne tonove kao i \u0161ljokice, svjetlucave cirkone te 3D efekte cvije\u0107a, a u centru pa\u017enje su cipele na petu i sandale te malene torbice s kojima \u0107ete ostaviti dojam bilo da idete na vjen\u010danje, sve\u010danu ve\u010deru ili glamurozni izlazak s prijateljicama. Spoj elegancije, sjajnih detalja i kvalitete ne izostaje, a ako vam je udobnost prioritet tu su Pillow Walk modeli s mekanim jastu\u010di\u0107ima koji pru\u017eaju dodatnu potporu i komfor. Upravo takvi modeli idealni su ako ste pratnja na vjen\u010danju, kuma ili mladenka. Za savr\u0161en\u00a0<em>bridal\u00a0<\/em>look na\u0161 favorit su srebrne cipele sa \u0161ljokicama i ma\u0161nom koje \u0107e se suptilno isticati na nozi, a ako volite \u201eigrati na sigurno\u201c bijele potpetice sa sitnim perlicama bit \u0107e pun pogodak! Oni koji se ovog prolje\u0107a \u017eele istaknuti na koktel zabavama i drugim raznim sve\u010danostima zaljubit \u0107e se u trendy modele sandala koje dolaze u zavodljivim pastelnim tonovima, a prava poslastica su sandale na vezanje i torbe ukra\u0161ene 3D efektima cvije\u0107a koje su nezaobilazan proljetni detalj.<\/p>\n<p><img loading=\"lazy\" decoding=\"async\" class=\"aligncenter wp-image-63956 size-full\" src=\"https:\/\/citycenterone.hr\/zagreb-east\/wp-content\/uploads\/sites\/3\/2025\/04\/Picture5.jpg\" alt=\"\" width=\"407\" height=\"509\" data-cmp-info=\"10\" \/><\/p>\n<p>Uz elegantnu \u017eensku obu\u0107u, za potpuni wow efekt neizostavna je i sve\u010dana torbica. U Aldo kolekciji za \u017eene prona\u0161li smo nekoliko rasko\u0161nih modela koji su nam zapeli za oko, a must have komadi dolaze u besprijekornoj zlatnoj i srebrnoj. Odgovaraju\u0107a torba pravi je statement dodatak svakom outfitu, a moderni dizajn spojen s klasi\u010dnom elegancijom i upe\u010datljivim detaljima o\u010dituje se u popularnim bucket i hobo modelima torbi koje odi\u0161u \u017eenstveno\u0161\u0107u. Za ve\u010dernje izlaske, domjenke i vjen\u010danja fantasti\u010dan izbor su i malene pismo torbe koje se vrlo lako uklapaju u svaki stil.<\/p>\n<p><img loading=\"lazy\" decoding=\"async\" class=\"aligncenter wp-image-63958 size-full\" src=\"https:\/\/citycenterone.hr\/zagreb-east\/wp-content\/uploads\/sites\/3\/2025\/04\/Picture9.jpg\" alt=\"\" width=\"367\" height=\"459\" data-cmp-info=\"10\" \/><\/p>\n<p>Posebnu pa\u017enju Aldo je posvetio i mu\u0161kom dijelu kolekcije, a kvalitetna izrada, udobnost i profinjen dizajn omogu\u0107uju no\u0161enje u svim prilikama. Za sve\u010dane trenutke pravi zgoditak su cipele na vezanje izra\u0111ene od kvalitetne ko\u017ee koje dolaze u crnoj i sme\u0111oj varijanti, a za mu\u0161karce koji vole ne\u0161to le\u017eerniju obu\u0107u mokasinke su\u00a0<em>go-to\u00a0<\/em>odabir. Lagane, udobne i lako nosive odli\u010dno \u0107e se uklopiti u proljetno ljetne kombinacije, a birati mo\u017eete izme\u0111u klasi\u010dnih ko\u017enih ili onih od bru\u0161ene ko\u017ee.<\/p>\n<p><img loading=\"lazy\" decoding=\"async\" class=\"aligncenter wp-image-63960 size-full\" src=\"https:\/\/citycenterone.hr\/zagreb-east\/wp-content\/uploads\/sites\/3\/2025\/04\/Picture6.jpg\" alt=\"\" width=\"363\" height=\"454\" data-cmp-info=\"10\" \/><\/p>\n<p><img loading=\"lazy\" decoding=\"async\" class=\"aligncenter wp-image-63962 \" src=\"https:\/\/citycenterone.hr\/zagreb-east\/wp-content\/uploads\/sites\/3\/2025\/04\/Picture7.jpg\" alt=\"\" width=\"360\" height=\"538\" data-cmp-info=\"10\" \/><\/p>\n<p>Najposebniju obu\u0107u i torbe za nadolaze\u0107e sve\u010dane prigode prona\u0111ite u Aldo trgovini.<\/p>\n","protected":false},"excerpt":{"rendered":"<p>Spremate se za sve\u010dani doga\u0111aj? <\/p>\n","protected":false},"author":10,"featured_media":81721,"comment_status":"closed","ping_status":"open","sticky":false,"template":"","format":"standard","meta":{"_acf_changed":false,"footnotes":""},"categories":[10],"tags":[],"class_list":["post-81719","post","type-post","status-publish","format-standard","has-post-thumbnail","hentry","category-arhiva"],"acf":[],"yoast_head":"<!-- This site is optimized with the Yoast SEO plugin v27.5 - https:\/\/yoast.com\/product\/yoast-seo-wordpress\/ -->\n<title>ALDO SVE\u010cANA KOLEKCIJA - Zagreb West<\/title>\n<meta name=\"robots\" content=\"index, follow, max-snippet:-1, max-image-preview:large, max-video-preview:-1\" \/>\n<link rel=\"canonical\" href=\"https:\/\/citycenterone.hr\/zagreb-west\/arhiva\/aldo-svecana-kolekcija\/\" \/>\n<meta property=\"og:locale\" content=\"hr_HR\" \/>\n<meta property=\"og:type\" content=\"article\" \/>\n<meta property=\"og:title\" content=\"ALDO SVE\u010cANA KOLEKCIJA - Zagreb West\" \/>\n<meta property=\"og:description\" content=\"Spremate se za sve\u010dani doga\u0111aj?\" \/>\n<meta property=\"og:url\" content=\"https:\/\/citycenterone.hr\/zagreb-west\/arhiva\/aldo-svecana-kolekcija\/\" \/>\n<meta property=\"og:site_name\" content=\"Zagreb West\" \/>\n<meta property=\"article:published_time\" content=\"2025-04-23T08:53:24+00:00\" \/>\n<meta property=\"article:modified_time\" content=\"2025-06-30T08:35:04+00:00\" \/>\n<meta property=\"og:image\" content=\"https:\/\/citycenterone.hr\/zagreb-west\/wp-content\/uploads\/sites\/2\/2025\/04\/aldo_s25_occasion_duo_daisylily_speakeasy_1259-1024x683.jpg\" \/>\n\t<meta property=\"og:image:width\" content=\"1024\" \/>\n\t<meta property=\"og:image:height\" content=\"683\" \/>\n\t<meta property=\"og:image:type\" content=\"image\/jpeg\" \/>\n<meta name=\"author\" content=\"prisek\" \/>\n<meta name=\"twitter:card\" content=\"summary_large_image\" \/>\n<meta name=\"twitter:label1\" content=\"Written by\" \/>\n\t<meta name=\"twitter:data1\" content=\"prisek\" \/>\n\t<meta name=\"twitter:label2\" content=\"Est. reading time\" \/>\n\t<meta name=\"twitter:data2\" content=\"5 minutes\" \/>\n<script type=\"application\/ld+json\" class=\"yoast-schema-graph\">{\"@context\":\"https:\\\/\\\/schema.org\",\"@graph\":[{\"@type\":\"Article\",\"@id\":\"https:\\\/\\\/citycenterone.hr\\\/zagreb-west\\\/arhiva\\\/aldo-svecana-kolekcija\\\/#article\",\"isPartOf\":{\"@id\":\"https:\\\/\\\/citycenterone.hr\\\/zagreb-west\\\/arhiva\\\/aldo-svecana-kolekcija\\\/\"},\"author\":{\"name\":\"prisek\",\"@id\":\"https:\\\/\\\/citycenterone.hr\\\/zagreb-west\\\/#\\\/schema\\\/person\\\/f61b899bb32db9018318f39778e425db\"},\"headline\":\"ALDO SVE\u010cANA KOLEKCIJA\",\"datePublished\":\"2025-04-23T08:53:24+00:00\",\"dateModified\":\"2025-06-30T08:35:04+00:00\",\"mainEntityOfPage\":{\"@id\":\"https:\\\/\\\/citycenterone.hr\\\/zagreb-west\\\/arhiva\\\/aldo-svecana-kolekcija\\\/\"},\"wordCount\":563,\"image\":{\"@id\":\"https:\\\/\\\/citycenterone.hr\\\/zagreb-west\\\/arhiva\\\/aldo-svecana-kolekcija\\\/#primaryimage\"},\"thumbnailUrl\":\"https:\\\/\\\/citycenterone.hr\\\/zagreb-west\\\/wp-content\\\/uploads\\\/sites\\\/2\\\/2025\\\/04\\\/aldo_s25_occasion_duo_daisylily_speakeasy_1259.jpg\",\"articleSection\":[\"Arhiva\"],\"inLanguage\":\"hr-HR\"},{\"@type\":\"WebPage\",\"@id\":\"https:\\\/\\\/citycenterone.hr\\\/zagreb-west\\\/arhiva\\\/aldo-svecana-kolekcija\\\/\",\"url\":\"https:\\\/\\\/citycenterone.hr\\\/zagreb-west\\\/arhiva\\\/aldo-svecana-kolekcija\\\/\",\"name\":\"ALDO SVE\u010cANA KOLEKCIJA - Zagreb West\",\"isPartOf\":{\"@id\":\"https:\\\/\\\/citycenterone.hr\\\/zagreb-west\\\/#website\"},\"primaryImageOfPage\":{\"@id\":\"https:\\\/\\\/citycenterone.hr\\\/zagreb-west\\\/arhiva\\\/aldo-svecana-kolekcija\\\/#primaryimage\"},\"image\":{\"@id\":\"https:\\\/\\\/citycenterone.hr\\\/zagreb-west\\\/arhiva\\\/aldo-svecana-kolekcija\\\/#primaryimage\"},\"thumbnailUrl\":\"https:\\\/\\\/citycenterone.hr\\\/zagreb-west\\\/wp-content\\\/uploads\\\/sites\\\/2\\\/2025\\\/04\\\/aldo_s25_occasion_duo_daisylily_speakeasy_1259.jpg\",\"datePublished\":\"2025-04-23T08:53:24+00:00\",\"dateModified\":\"2025-06-30T08:35:04+00:00\",\"author\":{\"@id\":\"https:\\\/\\\/citycenterone.hr\\\/zagreb-west\\\/#\\\/schema\\\/person\\\/f61b899bb32db9018318f39778e425db\"},\"breadcrumb\":{\"@id\":\"https:\\\/\\\/citycenterone.hr\\\/zagreb-west\\\/arhiva\\\/aldo-svecana-kolekcija\\\/#breadcrumb\"},\"inLanguage\":\"hr-HR\",\"potentialAction\":[{\"@type\":\"ReadAction\",\"target\":[\"https:\\\/\\\/citycenterone.hr\\\/zagreb-west\\\/arhiva\\\/aldo-svecana-kolekcija\\\/\"]}]},{\"@type\":\"ImageObject\",\"inLanguage\":\"hr-HR\",\"@id\":\"https:\\\/\\\/citycenterone.hr\\\/zagreb-west\\\/arhiva\\\/aldo-svecana-kolekcija\\\/#primaryimage\",\"url\":\"https:\\\/\\\/citycenterone.hr\\\/zagreb-west\\\/wp-content\\\/uploads\\\/sites\\\/2\\\/2025\\\/04\\\/aldo_s25_occasion_duo_daisylily_speakeasy_1259.jpg\",\"contentUrl\":\"https:\\\/\\\/citycenterone.hr\\\/zagreb-west\\\/wp-content\\\/uploads\\\/sites\\\/2\\\/2025\\\/04\\\/aldo_s25_occasion_duo_daisylily_speakeasy_1259.jpg\",\"width\":1920,\"height\":1281},{\"@type\":\"BreadcrumbList\",\"@id\":\"https:\\\/\\\/citycenterone.hr\\\/zagreb-west\\\/arhiva\\\/aldo-svecana-kolekcija\\\/#breadcrumb\",\"itemListElement\":[{\"@type\":\"ListItem\",\"position\":1,\"name\":\"Home\",\"item\":\"https:\\\/\\\/citycenterone.hr\\\/zagreb-west\\\/\"},{\"@type\":\"ListItem\",\"position\":2,\"name\":\"ALDO SVE\u010cANA KOLEKCIJA\"}]},{\"@type\":\"WebSite\",\"@id\":\"https:\\\/\\\/citycenterone.hr\\\/zagreb-west\\\/#website\",\"url\":\"https:\\\/\\\/citycenterone.hr\\\/zagreb-west\\\/\",\"name\":\"Zagreb West\",\"description\":\"Just another City Centar One site\",\"potentialAction\":[{\"@type\":\"SearchAction\",\"target\":{\"@type\":\"EntryPoint\",\"urlTemplate\":\"https:\\\/\\\/citycenterone.hr\\\/zagreb-west\\\/?s={search_term_string}\"},\"query-input\":{\"@type\":\"PropertyValueSpecification\",\"valueRequired\":true,\"valueName\":\"search_term_string\"}}],\"inLanguage\":\"hr-HR\"},{\"@type\":\"Person\",\"@id\":\"https:\\\/\\\/citycenterone.hr\\\/zagreb-west\\\/#\\\/schema\\\/person\\\/f61b899bb32db9018318f39778e425db\",\"name\":\"prisek\",\"image\":{\"@type\":\"ImageObject\",\"inLanguage\":\"hr-HR\",\"@id\":\"https:\\\/\\\/secure.gravatar.com\\\/avatar\\\/ddd1379ca023f63ca67c0f2eb9a4380c9c54c6bdd87c1de15c72f6b8d8b7eed6?s=96&d=mm&r=g\",\"url\":\"https:\\\/\\\/secure.gravatar.com\\\/avatar\\\/ddd1379ca023f63ca67c0f2eb9a4380c9c54c6bdd87c1de15c72f6b8d8b7eed6?s=96&d=mm&r=g\",\"contentUrl\":\"https:\\\/\\\/secure.gravatar.com\\\/avatar\\\/ddd1379ca023f63ca67c0f2eb9a4380c9c54c6bdd87c1de15c72f6b8d8b7eed6?s=96&d=mm&r=g\",\"caption\":\"prisek\"},\"url\":\"https:\\\/\\\/citycenterone.hr\\\/zagreb-west\\\/author\\\/prisek\\\/\"}]}<\/script>\n<!-- \/ Yoast SEO plugin. -->","yoast_head_json":{"title":"ALDO SVE\u010cANA KOLEKCIJA - Zagreb West","robots":{"index":"index","follow":"follow","max-snippet":"max-snippet:-1","max-image-preview":"max-image-preview:large","max-video-preview":"max-video-preview:-1"},"canonical":"https:\/\/citycenterone.hr\/zagreb-west\/arhiva\/aldo-svecana-kolekcija\/","og_locale":"hr_HR","og_type":"article","og_title":"ALDO SVE\u010cANA KOLEKCIJA - Zagreb West","og_description":"Spremate se za sve\u010dani doga\u0111aj?","og_url":"https:\/\/citycenterone.hr\/zagreb-west\/arhiva\/aldo-svecana-kolekcija\/","og_site_name":"Zagreb West","article_published_time":"2025-04-23T08:53:24+00:00","article_modified_time":"2025-06-30T08:35:04+00:00","og_image":[{"width":1024,"height":683,"url":"https:\/\/citycenterone.hr\/zagreb-west\/wp-content\/uploads\/sites\/2\/2025\/04\/aldo_s25_occasion_duo_daisylily_speakeasy_1259-1024x683.jpg","type":"image\/jpeg"}],"author":"prisek","twitter_card":"summary_large_image","twitter_misc":{"Written by":"prisek","Est. reading time":"5 minutes"},"schema":{"@context":"https:\/\/schema.org","@graph":[{"@type":"Article","@id":"https:\/\/citycenterone.hr\/zagreb-west\/arhiva\/aldo-svecana-kolekcija\/#article","isPartOf":{"@id":"https:\/\/citycenterone.hr\/zagreb-west\/arhiva\/aldo-svecana-kolekcija\/"},"author":{"name":"prisek","@id":"https:\/\/citycenterone.hr\/zagreb-west\/#\/schema\/person\/f61b899bb32db9018318f39778e425db"},"headline":"ALDO SVE\u010cANA KOLEKCIJA","datePublished":"2025-04-23T08:53:24+00:00","dateModified":"2025-06-30T08:35:04+00:00","mainEntityOfPage":{"@id":"https:\/\/citycenterone.hr\/zagreb-west\/arhiva\/aldo-svecana-kolekcija\/"},"wordCount":563,"image":{"@id":"https:\/\/citycenterone.hr\/zagreb-west\/arhiva\/aldo-svecana-kolekcija\/#primaryimage"},"thumbnailUrl":"https:\/\/citycenterone.hr\/zagreb-west\/wp-content\/uploads\/sites\/2\/2025\/04\/aldo_s25_occasion_duo_daisylily_speakeasy_1259.jpg","articleSection":["Arhiva"],"inLanguage":"hr-HR"},{"@type":"WebPage","@id":"https:\/\/citycenterone.hr\/zagreb-west\/arhiva\/aldo-svecana-kolekcija\/","url":"https:\/\/citycenterone.hr\/zagreb-west\/arhiva\/aldo-svecana-kolekcija\/","name":"ALDO SVE\u010cANA KOLEKCIJA - Zagreb West","isPartOf":{"@id":"https:\/\/citycenterone.hr\/zagreb-west\/#website"},"primaryImageOfPage":{"@id":"https:\/\/citycenterone.hr\/zagreb-west\/arhiva\/aldo-svecana-kolekcija\/#primaryimage"},"image":{"@id":"https:\/\/citycenterone.hr\/zagreb-west\/arhiva\/aldo-svecana-kolekcija\/#primaryimage"},"thumbnailUrl":"https:\/\/citycenterone.hr\/zagreb-west\/wp-content\/uploads\/sites\/2\/2025\/04\/aldo_s25_occasion_duo_daisylily_speakeasy_1259.jpg","datePublished":"2025-04-23T08:53:24+00:00","dateModified":"2025-06-30T08:35:04+00:00","author":{"@id":"https:\/\/citycenterone.hr\/zagreb-west\/#\/schema\/person\/f61b899bb32db9018318f39778e425db"},"breadcrumb":{"@id":"https:\/\/citycenterone.hr\/zagreb-west\/arhiva\/aldo-svecana-kolekcija\/#breadcrumb"},"inLanguage":"hr-HR","potentialAction":[{"@type":"ReadAction","target":["https:\/\/citycenterone.hr\/zagreb-west\/arhiva\/aldo-svecana-kolekcija\/"]}]},{"@type":"ImageObject","inLanguage":"hr-HR","@id":"https:\/\/citycenterone.hr\/zagreb-west\/arhiva\/aldo-svecana-kolekcija\/#primaryimage","url":"https:\/\/citycenterone.hr\/zagreb-west\/wp-content\/uploads\/sites\/2\/2025\/04\/aldo_s25_occasion_duo_daisylily_speakeasy_1259.jpg","contentUrl":"https:\/\/citycenterone.hr\/zagreb-west\/wp-content\/uploads\/sites\/2\/2025\/04\/aldo_s25_occasion_duo_daisylily_speakeasy_1259.jpg","width":1920,"height":1281},{"@type":"BreadcrumbList","@id":"https:\/\/citycenterone.hr\/zagreb-west\/arhiva\/aldo-svecana-kolekcija\/#breadcrumb","itemListElement":[{"@type":"ListItem","position":1,"name":"Home","item":"https:\/\/citycenterone.hr\/zagreb-west\/"},{"@type":"ListItem","position":2,"name":"ALDO SVE\u010cANA KOLEKCIJA"}]},{"@type":"WebSite","@id":"https:\/\/citycenterone.hr\/zagreb-west\/#website","url":"https:\/\/citycenterone.hr\/zagreb-west\/","name":"Zagreb West","description":"Just another City Centar One site","potentialAction":[{"@type":"SearchAction","target":{"@type":"EntryPoint","urlTemplate":"https:\/\/citycenterone.hr\/zagreb-west\/?s={search_term_string}"},"query-input":{"@type":"PropertyValueSpecification","valueRequired":true,"valueName":"search_term_string"}}],"inLanguage":"hr-HR"},{"@type":"Person","@id":"https:\/\/citycenterone.hr\/zagreb-west\/#\/schema\/person\/f61b899bb32db9018318f39778e425db","name":"prisek","image":{"@type":"ImageObject","inLanguage":"hr-HR","@id":"https:\/\/secure.gravatar.com\/avatar\/ddd1379ca023f63ca67c0f2eb9a4380c9c54c6bdd87c1de15c72f6b8d8b7eed6?s=96&d=mm&r=g","url":"https:\/\/secure.gravatar.com\/avatar\/ddd1379ca023f63ca67c0f2eb9a4380c9c54c6bdd87c1de15c72f6b8d8b7eed6?s=96&d=mm&r=g","contentUrl":"https:\/\/secure.gravatar.com\/avatar\/ddd1379ca023f63ca67c0f2eb9a4380c9c54c6bdd87c1de15c72f6b8d8b7eed6?s=96&d=mm&r=g","caption":"prisek"},"url":"https:\/\/citycenterone.hr\/zagreb-west\/author\/prisek\/"}]}},"_links":{"self":[{"href":"https:\/\/citycenterone.hr\/zagreb-west\/wp-json\/wp\/v2\/posts\/81719","targetHints":{"allow":["GET"]}}],"collection":[{"href":"https:\/\/citycenterone.hr\/zagreb-west\/wp-json\/wp\/v2\/posts"}],"about":[{"href":"https:\/\/citycenterone.hr\/zagreb-west\/wp-json\/wp\/v2\/types\/post"}],"author":[{"embeddable":true,"href":"https:\/\/citycenterone.hr\/zagreb-west\/wp-json\/wp\/v2\/users\/10"}],"replies":[{"embeddable":true,"href":"https:\/\/citycenterone.hr\/zagreb-west\/wp-json\/wp\/v2\/comments?post=81719"}],"version-history":[{"count":1,"href":"https:\/\/citycenterone.hr\/zagreb-west\/wp-json\/wp\/v2\/posts\/81719\/revisions"}],"predecessor-version":[{"id":81720,"href":"https:\/\/citycenterone.hr\/zagreb-west\/wp-json\/wp\/v2\/posts\/81719\/revisions\/81720"}],"wp:featuredmedia":[{"embeddable":true,"href":"https:\/\/citycenterone.hr\/zagreb-west\/wp-json\/wp\/v2\/media\/81721"}],"wp:attachment":[{"href":"https:\/\/citycenterone.hr\/zagreb-west\/wp-json\/wp\/v2\/media?parent=81719"}],"wp:term":[{"taxonomy":"category","embeddable":true,"href":"https:\/\/citycenterone.hr\/zagreb-west\/wp-json\/wp\/v2\/categories?post=81719"},{"taxonomy":"post_tag","embeddable":true,"href":"https:\/\/citycenterone.hr\/zagreb-west\/wp-json\/wp\/v2\/tags?post=81719"}],"curies":[{"name":"wp","href":"https:\/\/api.w.org\/{rel}","templated":true}]}}